{"id":6794,"date":"2012-12-06T15:03:15","date_gmt":"2012-12-06T14:03:15","guid":{"rendered":"http:\/\/blog.zeit.de\/netzfilmblog\/?p=6794"},"modified":"2012-12-06T15:12:46","modified_gmt":"2012-12-06T14:12:46","slug":"one-second-day-app","status":"publish","type":"post","link":"https:\/\/blog.zeit.de\/netzfilmblog\/2012\/12\/06\/one-second-day-app\/","title":{"rendered":"Eine Sekunde pro Tag"},"content":{"rendered":"<p>Wie viel Informationen braucht es, um sich an einen bestimmten Tag oder ein Erlebnis zu erinnern? Geht es nach <a href=\"http:\/\/www.cesarkuriyama.com\/\" target=\"_blank\">Cesar Kuriyama<\/a>, reicht eine Sekunde Video aus. Zu seinem 30. Geburtstag entschloss sich Kuriyama, eine einj\u00e4hrige Auszeit von seiner Arbeit zu nehmen. Um seine Reisen zu dokumentieren, wollte er an jedem Tag ein kurzes Video aufnehmen und alle Schnipsel am Ende zu einem kleinen Film zusammenschneiden. Das Ergebnis seines 30. Lebensjahres stellte Kuriyama im M\u00e4rz auf YouTube.<\/p>\n\n<div class=\"embed-wrapper embed-wrapper--blocked js-embed-consent\" data-method=\"iframe\">\n<script class=\"raw__source\" type=\"text\/template\"><iframe loading=\"lazy\" width=\"540\" height=\"304\" src=\"http:\/\/www.youtube.com\/embed\/lyx6O_WFJhU\" frameborder=\"0\" allowfullscreen><\/iframe><\/script>\n<div class=\"embed-wrapper__inner\">\n<div class=\"embed-wrapper__text\">\n<h3>Empfohlener redaktioneller Inhalt<\/h3>\n<p data-replace=\"no\">An dieser Stelle finden Sie externen Inhalt, der den Artikel erg\u00e4nzt. Sie k\u00f6nnen sich externe Inhalte mit einem Klick anzeigen lassen und wieder ausblenden.<noscript>Bitte aktivieren Sie JavaScript damit Sie diesen Inhalt anzeigen k\u00f6nnen.<\/noscript><\/p>\n<\/div>\n<div class=\"embed-consent\">\n<label class=\"embed-consent__toggle\">\n<input class=\"js-embed-consent__toggle\" type=\"checkbox\" autocomplete=\"off\">\n<span><\/span>\nExterner Inhalt\n<\/label>\n<a href=\"https:\/\/www.zeit.de\/hilfe\/datenschutz\" target=\"_blank\" class=\"embed-consent__datalink-when-active\">Datenschutzerkl\u00e4rung<\/a>\n<\/div>\n<div class=\"embed-wrapper__footer\">\n<p data-replace=\"no\">\nIch bin damit einverstanden, dass mir externe Inhalte angezeigt werden. Damit k\u00f6nnen personenbezogene Daten an Drittplattformen \u00fcbermittelt werden. <a href=\"https:\/\/www.zeit.de\/hilfe\/datenschutz\" target=\"_blank\">Mehr dazu in unserer Datenschutzerkl\u00e4rung.<\/a>\n<\/p>\n<\/div>\n<\/div>\n<\/div>\n<p>Kuriyama gefiel die Sache so gut, dass er auch weiterhin jeden Tag eine Sekunde aufnimmt. Und er dachte, dass auch anderen Menschen diese etwas andere Form des digitalen Fotoalbums gefallen k\u00f6nnte. Im Fr\u00fchjahr sprach er in einem <a href=\"http:\/\/blog.ted.com\/2012\/03\/02\/filming-one-second-every-day-cesar-kuriyama-at-ted2012\/\">TED-Talk<\/a> \u00fcber das Projekt, das er nun mit einer App f\u00fcr Smartphones f\u00fcr jedermann m\u00f6glich machen m\u00f6chte. Die App wurde dieser Tage erfolgreich \u00fcber <a href=\"http:\/\/www.kickstarter.com\/projects\/cesarkuriyama\/1-second-everyday-app?ref=city\">Kickstarter finanziert<\/a>, schaut schick aus, und soll bald erscheinen.<\/p>\n","protected":false},"excerpt":{"rendered":"<p>Wie viel Informationen braucht es, um sich an einen bestimmten Tag oder ein Erlebnis zu erinnern? Geht es nach Cesar Kuriyama, reicht eine Sekunde Video aus. Zu seinem 30. Geburtstag entschloss sich Kuriyama, eine einj\u00e4hrige Auszeit von seiner Arbeit zu nehmen. Um seine Reisen zu dokumentieren, wollte er an jedem Tag ein kurzes Video aufnehmen [&hellip;]<\/p>\n","protected":false},"author":304,"featured_media":0,"comment_status":"open","ping_status":"open","sticky":false,"template":"","format":"standard","meta":{"_jetpack_memberships_contains_paid_content":false,"footnotes":""},"categories":[12653],"tags":[228,28],"class_list":["post-6794","post","type-post","status-publish","format-standard","hentry","category-technik","tag-app","tag-video"],"yoast_head":"<!-- This site is optimized with the Yoast SEO plugin v21.0 - https:\/\/yoast.com\/wordpress\/plugins\/seo\/ -->\n<title>Eine Sekunde pro Tag - Netzfilmblog<\/title>\n<meta name=\"robots\" content=\"index, follow, max-snippet:-1, max-image-preview:large, max-video-preview:-1\" \/>\n<link rel=\"canonical\" href=\"https:\/\/blog.zeit.de\/netzfilmblog\/2012\/12\/06\/one-second-day-app\/\" \/>\n<meta property=\"og:locale\" content=\"de_DE\" \/>\n<meta property=\"og:type\" content=\"article\" \/>\n<meta property=\"og:title\" content=\"Eine Sekunde pro Tag - Netzfilmblog\" \/>\n<meta property=\"og:description\" content=\"Wie viel Informationen braucht es, um sich an einen bestimmten Tag oder ein Erlebnis zu erinnern? Geht es nach Cesar Kuriyama, reicht eine Sekunde Video aus. Zu seinem 30. Geburtstag entschloss sich Kuriyama, eine einj\u00e4hrige Auszeit von seiner Arbeit zu nehmen. Um seine Reisen zu dokumentieren, wollte er an jedem Tag ein kurzes Video aufnehmen [&hellip;]\" \/>\n<meta property=\"og:url\" content=\"https:\/\/blog.zeit.de\/netzfilmblog\/2012\/12\/06\/one-second-day-app\/\" \/>\n<meta property=\"og:site_name\" content=\"Netzfilmblog\" \/>\n<meta property=\"article:published_time\" content=\"2012-12-06T14:03:15+00:00\" \/>\n<meta property=\"article:modified_time\" content=\"2012-12-06T14:12:46+00:00\" \/>\n<meta name=\"author\" content=\"Eike K\u00fchl\" \/>\n<meta name=\"twitter:label1\" content=\"Geschrieben von\" \/>\n\t<meta name=\"twitter:data1\" content=\"Eike K\u00fchl\" \/>\n\t<meta name=\"twitter:label2\" content=\"Gesch\u00e4tzte Lesezeit\" \/>\n\t<meta name=\"twitter:data2\" content=\"1\u00a0Minute\" \/>\n<script type=\"application\/ld+json\" class=\"yoast-schema-graph\">{\"@context\":\"https:\/\/schema.org\",\"@graph\":[{\"@type\":\"WebPage\",\"@id\":\"https:\/\/blog.zeit.de\/netzfilmblog\/2012\/12\/06\/one-second-day-app\/\",\"url\":\"https:\/\/blog.zeit.de\/netzfilmblog\/2012\/12\/06\/one-second-day-app\/\",\"name\":\"Eine Sekunde pro Tag - Netzfilmblog\",\"isPartOf\":{\"@id\":\"https:\/\/blog.zeit.de\/netzfilmblog\/#website\"},\"datePublished\":\"2012-12-06T14:03:15+00:00\",\"dateModified\":\"2012-12-06T14:12:46+00:00\",\"author\":{\"@id\":\"https:\/\/blog.zeit.de\/netzfilmblog\/#\/schema\/person\/d0be432685b68611fdcb91d565e60cc8\"},\"breadcrumb\":{\"@id\":\"https:\/\/blog.zeit.de\/netzfilmblog\/2012\/12\/06\/one-second-day-app\/#breadcrumb\"},\"inLanguage\":\"de\",\"potentialAction\":[{\"@type\":\"ReadAction\",\"target\":[\"https:\/\/blog.zeit.de\/netzfilmblog\/2012\/12\/06\/one-second-day-app\/\"]}]},{\"@type\":\"BreadcrumbList\",\"@id\":\"https:\/\/blog.zeit.de\/netzfilmblog\/2012\/12\/06\/one-second-day-app\/#breadcrumb\",\"itemListElement\":[{\"@type\":\"ListItem\",\"position\":1,\"name\":\"Startseite\",\"item\":\"https:\/\/blog.zeit.de\/netzfilmblog\/\"},{\"@type\":\"ListItem\",\"position\":2,\"name\":\"Eine Sekunde pro Tag\"}]},{\"@type\":\"WebSite\",\"@id\":\"https:\/\/blog.zeit.de\/netzfilmblog\/#website\",\"url\":\"https:\/\/blog.zeit.de\/netzfilmblog\/\",\"name\":\"Netzfilmblog\",\"description\":\"Es geht auch ohne Fernsehen\",\"potentialAction\":[{\"@type\":\"SearchAction\",\"target\":{\"@type\":\"EntryPoint\",\"urlTemplate\":\"https:\/\/blog.zeit.de\/netzfilmblog\/?s={search_term_string}\"},\"query-input\":\"required name=search_term_string\"}],\"inLanguage\":\"de\"},{\"@type\":\"Person\",\"@id\":\"https:\/\/blog.zeit.de\/netzfilmblog\/#\/schema\/person\/d0be432685b68611fdcb91d565e60cc8\",\"name\":\"Eike K\u00fchl\",\"image\":{\"@type\":\"ImageObject\",\"inLanguage\":\"de\",\"@id\":\"https:\/\/blog.zeit.de\/netzfilmblog\/#\/schema\/person\/image\/\",\"url\":\"https:\/\/secure.gravatar.com\/avatar\/bdcf29e1806bbd217f5281d7b91e9f13c368e8f0141afdf3d1e016f921ab21be?s=96&d=mm&r=g\",\"contentUrl\":\"https:\/\/secure.gravatar.com\/avatar\/bdcf29e1806bbd217f5281d7b91e9f13c368e8f0141afdf3d1e016f921ab21be?s=96&d=mm&r=g\",\"caption\":\"Eike K\u00fchl\"},\"description\":\"ist Digital-Redakteur bei ZEIT ONLINE und besch\u00e4ftigt sich vor allem mit Games, Gadgets und Netzkultur.\",\"url\":\"https:\/\/blog.zeit.de\/netzfilmblog\/author\/eike-kuehl\/\"}]}<\/script>\n<!-- \/ Yoast SEO plugin. -->","yoast_head_json":{"title":"Eine Sekunde pro Tag - Netzfilmblog","robots":{"index":"index","follow":"follow","max-snippet":"max-snippet:-1","max-image-preview":"max-image-preview:large","max-video-preview":"max-video-preview:-1"},"canonical":"https:\/\/blog.zeit.de\/netzfilmblog\/2012\/12\/06\/one-second-day-app\/","og_locale":"de_DE","og_type":"article","og_title":"Eine Sekunde pro Tag - Netzfilmblog","og_description":"Wie viel Informationen braucht es, um sich an einen bestimmten Tag oder ein Erlebnis zu erinnern? Geht es nach Cesar Kuriyama, reicht eine Sekunde Video aus. Zu seinem 30. Geburtstag entschloss sich Kuriyama, eine einj\u00e4hrige Auszeit von seiner Arbeit zu nehmen. Um seine Reisen zu dokumentieren, wollte er an jedem Tag ein kurzes Video aufnehmen [&hellip;]","og_url":"https:\/\/blog.zeit.de\/netzfilmblog\/2012\/12\/06\/one-second-day-app\/","og_site_name":"Netzfilmblog","article_published_time":"2012-12-06T14:03:15+00:00","article_modified_time":"2012-12-06T14:12:46+00:00","author":"Eike K\u00fchl","twitter_misc":{"Geschrieben von":"Eike K\u00fchl","Gesch\u00e4tzte Lesezeit":"1\u00a0Minute"},"schema":{"@context":"https:\/\/schema.org","@graph":[{"@type":"WebPage","@id":"https:\/\/blog.zeit.de\/netzfilmblog\/2012\/12\/06\/one-second-day-app\/","url":"https:\/\/blog.zeit.de\/netzfilmblog\/2012\/12\/06\/one-second-day-app\/","name":"Eine Sekunde pro Tag - Netzfilmblog","isPartOf":{"@id":"https:\/\/blog.zeit.de\/netzfilmblog\/#website"},"datePublished":"2012-12-06T14:03:15+00:00","dateModified":"2012-12-06T14:12:46+00:00","author":{"@id":"https:\/\/blog.zeit.de\/netzfilmblog\/#\/schema\/person\/d0be432685b68611fdcb91d565e60cc8"},"breadcrumb":{"@id":"https:\/\/blog.zeit.de\/netzfilmblog\/2012\/12\/06\/one-second-day-app\/#breadcrumb"},"inLanguage":"de","potentialAction":[{"@type":"ReadAction","target":["https:\/\/blog.zeit.de\/netzfilmblog\/2012\/12\/06\/one-second-day-app\/"]}]},{"@type":"BreadcrumbList","@id":"https:\/\/blog.zeit.de\/netzfilmblog\/2012\/12\/06\/one-second-day-app\/#breadcrumb","itemListElement":[{"@type":"ListItem","position":1,"name":"Startseite","item":"https:\/\/blog.zeit.de\/netzfilmblog\/"},{"@type":"ListItem","position":2,"name":"Eine Sekunde pro Tag"}]},{"@type":"WebSite","@id":"https:\/\/blog.zeit.de\/netzfilmblog\/#website","url":"https:\/\/blog.zeit.de\/netzfilmblog\/","name":"Netzfilmblog","description":"Es geht auch ohne Fernsehen","potentialAction":[{"@type":"SearchAction","target":{"@type":"EntryPoint","urlTemplate":"https:\/\/blog.zeit.de\/netzfilmblog\/?s={search_term_string}"},"query-input":"required name=search_term_string"}],"inLanguage":"de"},{"@type":"Person","@id":"https:\/\/blog.zeit.de\/netzfilmblog\/#\/schema\/person\/d0be432685b68611fdcb91d565e60cc8","name":"Eike K\u00fchl","image":{"@type":"ImageObject","inLanguage":"de","@id":"https:\/\/blog.zeit.de\/netzfilmblog\/#\/schema\/person\/image\/","url":"https:\/\/secure.gravatar.com\/avatar\/bdcf29e1806bbd217f5281d7b91e9f13c368e8f0141afdf3d1e016f921ab21be?s=96&d=mm&r=g","contentUrl":"https:\/\/secure.gravatar.com\/avatar\/bdcf29e1806bbd217f5281d7b91e9f13c368e8f0141afdf3d1e016f921ab21be?s=96&d=mm&r=g","caption":"Eike K\u00fchl"},"description":"ist Digital-Redakteur bei ZEIT ONLINE und besch\u00e4ftigt sich vor allem mit Games, Gadgets und Netzkultur.","url":"https:\/\/blog.zeit.de\/netzfilmblog\/author\/eike-kuehl\/"}]}},"jetpack_featured_media_url":"","jetpack_sharing_enabled":true,"_links":{"self":[{"href":"https:\/\/blog.zeit.de\/netzfilmblog\/wp-json\/wp\/v2\/posts\/6794","targetHints":{"allow":["GET"]}}],"collection":[{"href":"https:\/\/blog.zeit.de\/netzfilmblog\/wp-json\/wp\/v2\/posts"}],"about":[{"href":"https:\/\/blog.zeit.de\/netzfilmblog\/wp-json\/wp\/v2\/types\/post"}],"author":[{"embeddable":true,"href":"https:\/\/blog.zeit.de\/netzfilmblog\/wp-json\/wp\/v2\/users\/304"}],"replies":[{"embeddable":true,"href":"https:\/\/blog.zeit.de\/netzfilmblog\/wp-json\/wp\/v2\/comments?post=6794"}],"version-history":[{"count":7,"href":"https:\/\/blog.zeit.de\/netzfilmblog\/wp-json\/wp\/v2\/posts\/6794\/revisions"}],"predecessor-version":[{"id":6802,"href":"https:\/\/blog.zeit.de\/netzfilmblog\/wp-json\/wp\/v2\/posts\/6794\/revisions\/6802"}],"wp:attachment":[{"href":"https:\/\/blog.zeit.de\/netzfilmblog\/wp-json\/wp\/v2\/media?parent=6794"}],"wp:term":[{"taxonomy":"category","embeddable":true,"href":"https:\/\/blog.zeit.de\/netzfilmblog\/wp-json\/wp\/v2\/categories?post=6794"},{"taxonomy":"post_tag","embeddable":true,"href":"https:\/\/blog.zeit.de\/netzfilmblog\/wp-json\/wp\/v2\/tags?post=6794"}],"curies":[{"name":"wp","href":"https:\/\/api.w.org\/{rel}","templated":true}]}}