{"id":7596,"date":"2013-02-04T14:45:59","date_gmt":"2013-02-04T13:45:59","guid":{"rendered":"http:\/\/blog.zeit.de\/netzfilmblog\/?p=7596"},"modified":"2013-02-04T14:50:25","modified_gmt":"2013-02-04T13:50:25","slug":"new-york-times-op-docs","status":"publish","type":"post","link":"https:\/\/blog.zeit.de\/netzfilmblog\/2013\/02\/04\/new-york-times-op-docs\/","title":{"rendered":"&#8222;The Long Wait&#8220;, eine Op-Doc"},"content":{"rendered":"<p><a href=\"http:\/\/www.wheniwalk.com\/about.html\" target=\"_blank\">Jason DaSilva<\/a> war 25 Jahre alt, als ihn seine Beine w\u00e4hrend eines Familienurlaubs im Jahr 2006 nicht mehr tragen wollten. Die Diagnose lautete Multiple Sklerosis und seitdem verbringt DaSilva einen Gro\u00dfteil seines Lebens im Rollstuhl. Mit <em>When I Walk<\/em> arbeitet er zur Zeit an einem autobiografischen Film \u00fcber seine Krankheit. Eine Episode aus seinem Alltag schildert er in der folgenen Kurzdokumentation <em>The Long Wait<\/em>. <\/p>\n<p>In einem Selbstexperiment versucht er, mit seinem Rollstuhl von seiner Wohnung in Brooklyn nach Manhattan zu kommen. Was fr\u00fcher ein f\u00fcnfzehnmin\u00fctiger Trip \u00fcber den East River war, ist f\u00fcr DaSilva inzwischen eine halbe Weltreise &#8211; 1:43 Stunden ben\u00f6tigt er heute zu seinem fr\u00fcheren Lieblingscaf\u00e9. DaSilvas Film zeigt: Barrierefreiheit ist zwar ein gern benutztes Schlagwort von Stadt- und Verkehrsplanern, in der Praxis aber noch immer kaum verbreitet. Und ich frage mich, wie so ein Experiment wohl in Berlin aussehen w\u00fcrde. Die S-Bahn-Station in meiner N\u00e4he etwa hat ebenfalls (noch) keinen Fahrstuhl.<\/p>\n\n<div class=\"embed-wrapper embed-wrapper--blocked js-embed-consent\" data-method=\"iframe\">\n<script class=\"raw__source\" type=\"text\/template\"><iframe loading=\"lazy\" width=\"540\" height=\"304\" src=\"http:\/\/www.youtube.com\/embed\/AdXUZJJv3yY\" frameborder=\"0\" allowfullscreen><\/iframe><\/script>\n<div class=\"embed-wrapper__inner\">\n<div class=\"embed-wrapper__text\">\n<h3>Empfohlener redaktioneller Inhalt<\/h3>\n<p data-replace=\"no\">An dieser Stelle finden Sie externen Inhalt, der den Artikel erg\u00e4nzt. Sie k\u00f6nnen sich externe Inhalte mit einem Klick anzeigen lassen und wieder ausblenden.<noscript>Bitte aktivieren Sie JavaScript damit Sie diesen Inhalt anzeigen k\u00f6nnen.<\/noscript><\/p>\n<\/div>\n<div class=\"embed-consent\">\n<label class=\"embed-consent__toggle\">\n<input class=\"js-embed-consent__toggle\" type=\"checkbox\" autocomplete=\"off\">\n<span><\/span>\nExterner Inhalt\n<\/label>\n<a href=\"https:\/\/www.zeit.de\/hilfe\/datenschutz\" target=\"_blank\" class=\"embed-consent__datalink-when-active\">Datenschutzerkl\u00e4rung<\/a>\n<\/div>\n<div class=\"embed-wrapper__footer\">\n<p data-replace=\"no\">\nIch bin damit einverstanden, dass mir externe Inhalte angezeigt werden. Damit k\u00f6nnen personenbezogene Daten an Drittplattformen \u00fcbermittelt werden. <a href=\"https:\/\/www.zeit.de\/hilfe\/datenschutz\" target=\"_blank\">Mehr dazu in unserer Datenschutzerkl\u00e4rung.<\/a>\n<\/p>\n<\/div>\n<\/div>\n<\/div>\n<p>Der kurze Film ist eine Ausgabe der <a href=\"http:\/\/www.nytimes.com\/ref\/opinion\/about-op-docs.html\" target=\"_blank\">Op-Docs der <em>New York Times<\/em><\/a>, einem Format, das ich sehr spannend finde. Op-Docs sind kurze Dokumentarfilme, die eine bestimmte Meinung vertreten und deshalb in der Regel sehr subjektiv sind, jedenfalls st\u00e4rker als traditionelle Dokus. Das Besondere ist, dass die Filme kaum Einschr\u00e4nkungen haben, was die Umsetzung und Gestaltung angeht. Daraus entstehen Geschichten, die auf einfachste Weise funktionieren. Etwa, wenn ein Fotograf nichts anderes tut, als den Verfall eines heimatlosen Klaviers auf dem Gehweg zu dokumentieren.<\/p>\n\n<div class=\"embed-wrapper embed-wrapper--blocked js-embed-consent\" data-method=\"iframe\">\n<script class=\"raw__source\" type=\"text\/template\"><iframe loading=\"lazy\" width=\"540\" height=\"304\" src=\"http:\/\/www.youtube.com\/embed\/YuOcqjtHTeI?list=PL4CGYNsoW2iCb4uQUNgWK6TJJgNVp-MpP\" frameborder=\"0\" allowfullscreen><\/iframe><\/script>\n<div class=\"embed-wrapper__inner\">\n<div class=\"embed-wrapper__text\">\n<h3>Empfohlener redaktioneller Inhalt<\/h3>\n<p data-replace=\"no\">An dieser Stelle finden Sie externen Inhalt, der den Artikel erg\u00e4nzt. Sie k\u00f6nnen sich externe Inhalte mit einem Klick anzeigen lassen und wieder ausblenden.<noscript>Bitte aktivieren Sie JavaScript damit Sie diesen Inhalt anzeigen k\u00f6nnen.<\/noscript><\/p>\n<\/div>\n<div class=\"embed-consent\">\n<label class=\"embed-consent__toggle\">\n<input class=\"js-embed-consent__toggle\" type=\"checkbox\" autocomplete=\"off\">\n<span><\/span>\nExterner Inhalt\n<\/label>\n<a href=\"https:\/\/www.zeit.de\/hilfe\/datenschutz\" target=\"_blank\" class=\"embed-consent__datalink-when-active\">Datenschutzerkl\u00e4rung<\/a>\n<\/div>\n<div class=\"embed-wrapper__footer\">\n<p data-replace=\"no\">\nIch bin damit einverstanden, dass mir externe Inhalte angezeigt werden. Damit k\u00f6nnen personenbezogene Daten an Drittplattformen \u00fcbermittelt werden. <a href=\"https:\/\/www.zeit.de\/hilfe\/datenschutz\" target=\"_blank\">Mehr dazu in unserer Datenschutzerkl\u00e4rung.<\/a>\n<\/p>\n<\/div>\n<\/div>\n<\/div>\n<p>Alle Ausgaben der Op-Docs <a href=\"http:\/\/www.youtube.com\/playlist?list=PL4CGYNsoW2iCb4uQUNgWK6TJJgNVp-MpP\" target=\"_blank\">gibt es hier<\/a>.<\/p>\n","protected":false},"excerpt":{"rendered":"<p>Jason DaSilva war 25 Jahre alt, als ihn seine Beine w\u00e4hrend eines Familienurlaubs im Jahr 2006 nicht mehr tragen wollten. Die Diagnose lautete Multiple Sklerosis und seitdem verbringt DaSilva einen Gro\u00dfteil seines Lebens im Rollstuhl. Mit When I Walk arbeitet er zur Zeit an einem autobiografischen Film \u00fcber seine Krankheit. Eine Episode aus seinem Alltag [&hellip;]<\/p>\n","protected":false},"author":304,"featured_media":0,"comment_status":"open","ping_status":"open","sticky":false,"template":"","format":"standard","meta":{"_jetpack_memberships_contains_paid_content":false,"footnotes":""},"categories":[288],"tags":[15405,1092,440],"class_list":["post-7596","post","type-post","status-publish","format-standard","hentry","category-dokumentation","tag-dokumentation-2","tag-journalismus","tag-new-york"],"yoast_head":"<!-- This site is optimized with the Yoast SEO plugin v21.0 - https:\/\/yoast.com\/wordpress\/plugins\/seo\/ -->\n<title>&quot;The Long Wait&quot;, eine Op-Doc - Netzfilmblog<\/title>\n<meta name=\"robots\" content=\"index, follow, max-snippet:-1, max-image-preview:large, max-video-preview:-1\" \/>\n<link rel=\"canonical\" href=\"https:\/\/blog.zeit.de\/netzfilmblog\/2013\/02\/04\/new-york-times-op-docs\/\" \/>\n<meta property=\"og:locale\" content=\"de_DE\" \/>\n<meta property=\"og:type\" content=\"article\" \/>\n<meta property=\"og:title\" content=\"&quot;The Long Wait&quot;, eine Op-Doc - Netzfilmblog\" \/>\n<meta property=\"og:description\" content=\"Jason DaSilva war 25 Jahre alt, als ihn seine Beine w\u00e4hrend eines Familienurlaubs im Jahr 2006 nicht mehr tragen wollten. Die Diagnose lautete Multiple Sklerosis und seitdem verbringt DaSilva einen Gro\u00dfteil seines Lebens im Rollstuhl. Mit When I Walk arbeitet er zur Zeit an einem autobiografischen Film \u00fcber seine Krankheit. Eine Episode aus seinem Alltag [&hellip;]\" \/>\n<meta property=\"og:url\" content=\"https:\/\/blog.zeit.de\/netzfilmblog\/2013\/02\/04\/new-york-times-op-docs\/\" \/>\n<meta property=\"og:site_name\" content=\"Netzfilmblog\" \/>\n<meta property=\"article:published_time\" content=\"2013-02-04T13:45:59+00:00\" \/>\n<meta property=\"article:modified_time\" content=\"2013-02-04T13:50:25+00:00\" \/>\n<meta name=\"author\" content=\"Eike K\u00fchl\" \/>\n<meta name=\"twitter:label1\" content=\"Geschrieben von\" \/>\n\t<meta name=\"twitter:data1\" content=\"Eike K\u00fchl\" \/>\n\t<meta name=\"twitter:label2\" content=\"Gesch\u00e4tzte Lesezeit\" \/>\n\t<meta name=\"twitter:data2\" content=\"1\u00a0Minute\" \/>\n<script type=\"application\/ld+json\" class=\"yoast-schema-graph\">{\"@context\":\"https:\/\/schema.org\",\"@graph\":[{\"@type\":\"WebPage\",\"@id\":\"https:\/\/blog.zeit.de\/netzfilmblog\/2013\/02\/04\/new-york-times-op-docs\/\",\"url\":\"https:\/\/blog.zeit.de\/netzfilmblog\/2013\/02\/04\/new-york-times-op-docs\/\",\"name\":\"\\\"The Long Wait\\\", eine Op-Doc - Netzfilmblog\",\"isPartOf\":{\"@id\":\"https:\/\/blog.zeit.de\/netzfilmblog\/#website\"},\"datePublished\":\"2013-02-04T13:45:59+00:00\",\"dateModified\":\"2013-02-04T13:50:25+00:00\",\"author\":{\"@id\":\"https:\/\/blog.zeit.de\/netzfilmblog\/#\/schema\/person\/d0be432685b68611fdcb91d565e60cc8\"},\"breadcrumb\":{\"@id\":\"https:\/\/blog.zeit.de\/netzfilmblog\/2013\/02\/04\/new-york-times-op-docs\/#breadcrumb\"},\"inLanguage\":\"de\",\"potentialAction\":[{\"@type\":\"ReadAction\",\"target\":[\"https:\/\/blog.zeit.de\/netzfilmblog\/2013\/02\/04\/new-york-times-op-docs\/\"]}]},{\"@type\":\"BreadcrumbList\",\"@id\":\"https:\/\/blog.zeit.de\/netzfilmblog\/2013\/02\/04\/new-york-times-op-docs\/#breadcrumb\",\"itemListElement\":[{\"@type\":\"ListItem\",\"position\":1,\"name\":\"Startseite\",\"item\":\"https:\/\/blog.zeit.de\/netzfilmblog\/\"},{\"@type\":\"ListItem\",\"position\":2,\"name\":\"&#8222;The Long Wait&#8220;, eine Op-Doc\"}]},{\"@type\":\"WebSite\",\"@id\":\"https:\/\/blog.zeit.de\/netzfilmblog\/#website\",\"url\":\"https:\/\/blog.zeit.de\/netzfilmblog\/\",\"name\":\"Netzfilmblog\",\"description\":\"Es geht auch ohne Fernsehen\",\"potentialAction\":[{\"@type\":\"SearchAction\",\"target\":{\"@type\":\"EntryPoint\",\"urlTemplate\":\"https:\/\/blog.zeit.de\/netzfilmblog\/?s={search_term_string}\"},\"query-input\":\"required name=search_term_string\"}],\"inLanguage\":\"de\"},{\"@type\":\"Person\",\"@id\":\"https:\/\/blog.zeit.de\/netzfilmblog\/#\/schema\/person\/d0be432685b68611fdcb91d565e60cc8\",\"name\":\"Eike K\u00fchl\",\"image\":{\"@type\":\"ImageObject\",\"inLanguage\":\"de\",\"@id\":\"https:\/\/blog.zeit.de\/netzfilmblog\/#\/schema\/person\/image\/\",\"url\":\"https:\/\/secure.gravatar.com\/avatar\/bdcf29e1806bbd217f5281d7b91e9f13c368e8f0141afdf3d1e016f921ab21be?s=96&d=mm&r=g\",\"contentUrl\":\"https:\/\/secure.gravatar.com\/avatar\/bdcf29e1806bbd217f5281d7b91e9f13c368e8f0141afdf3d1e016f921ab21be?s=96&d=mm&r=g\",\"caption\":\"Eike K\u00fchl\"},\"description\":\"ist Digital-Redakteur bei ZEIT ONLINE und besch\u00e4ftigt sich vor allem mit Games, Gadgets und Netzkultur.\",\"url\":\"https:\/\/blog.zeit.de\/netzfilmblog\/author\/eike-kuehl\/\"}]}<\/script>\n<!-- \/ Yoast SEO plugin. -->","yoast_head_json":{"title":"\"The Long Wait\", eine Op-Doc - Netzfilmblog","robots":{"index":"index","follow":"follow","max-snippet":"max-snippet:-1","max-image-preview":"max-image-preview:large","max-video-preview":"max-video-preview:-1"},"canonical":"https:\/\/blog.zeit.de\/netzfilmblog\/2013\/02\/04\/new-york-times-op-docs\/","og_locale":"de_DE","og_type":"article","og_title":"\"The Long Wait\", eine Op-Doc - Netzfilmblog","og_description":"Jason DaSilva war 25 Jahre alt, als ihn seine Beine w\u00e4hrend eines Familienurlaubs im Jahr 2006 nicht mehr tragen wollten. Die Diagnose lautete Multiple Sklerosis und seitdem verbringt DaSilva einen Gro\u00dfteil seines Lebens im Rollstuhl. Mit When I Walk arbeitet er zur Zeit an einem autobiografischen Film \u00fcber seine Krankheit. Eine Episode aus seinem Alltag [&hellip;]","og_url":"https:\/\/blog.zeit.de\/netzfilmblog\/2013\/02\/04\/new-york-times-op-docs\/","og_site_name":"Netzfilmblog","article_published_time":"2013-02-04T13:45:59+00:00","article_modified_time":"2013-02-04T13:50:25+00:00","author":"Eike K\u00fchl","twitter_misc":{"Geschrieben von":"Eike K\u00fchl","Gesch\u00e4tzte Lesezeit":"1\u00a0Minute"},"schema":{"@context":"https:\/\/schema.org","@graph":[{"@type":"WebPage","@id":"https:\/\/blog.zeit.de\/netzfilmblog\/2013\/02\/04\/new-york-times-op-docs\/","url":"https:\/\/blog.zeit.de\/netzfilmblog\/2013\/02\/04\/new-york-times-op-docs\/","name":"\"The Long Wait\", eine Op-Doc - Netzfilmblog","isPartOf":{"@id":"https:\/\/blog.zeit.de\/netzfilmblog\/#website"},"datePublished":"2013-02-04T13:45:59+00:00","dateModified":"2013-02-04T13:50:25+00:00","author":{"@id":"https:\/\/blog.zeit.de\/netzfilmblog\/#\/schema\/person\/d0be432685b68611fdcb91d565e60cc8"},"breadcrumb":{"@id":"https:\/\/blog.zeit.de\/netzfilmblog\/2013\/02\/04\/new-york-times-op-docs\/#breadcrumb"},"inLanguage":"de","potentialAction":[{"@type":"ReadAction","target":["https:\/\/blog.zeit.de\/netzfilmblog\/2013\/02\/04\/new-york-times-op-docs\/"]}]},{"@type":"BreadcrumbList","@id":"https:\/\/blog.zeit.de\/netzfilmblog\/2013\/02\/04\/new-york-times-op-docs\/#breadcrumb","itemListElement":[{"@type":"ListItem","position":1,"name":"Startseite","item":"https:\/\/blog.zeit.de\/netzfilmblog\/"},{"@type":"ListItem","position":2,"name":"&#8222;The Long Wait&#8220;, eine Op-Doc"}]},{"@type":"WebSite","@id":"https:\/\/blog.zeit.de\/netzfilmblog\/#website","url":"https:\/\/blog.zeit.de\/netzfilmblog\/","name":"Netzfilmblog","description":"Es geht auch ohne Fernsehen","potentialAction":[{"@type":"SearchAction","target":{"@type":"EntryPoint","urlTemplate":"https:\/\/blog.zeit.de\/netzfilmblog\/?s={search_term_string}"},"query-input":"required name=search_term_string"}],"inLanguage":"de"},{"@type":"Person","@id":"https:\/\/blog.zeit.de\/netzfilmblog\/#\/schema\/person\/d0be432685b68611fdcb91d565e60cc8","name":"Eike K\u00fchl","image":{"@type":"ImageObject","inLanguage":"de","@id":"https:\/\/blog.zeit.de\/netzfilmblog\/#\/schema\/person\/image\/","url":"https:\/\/secure.gravatar.com\/avatar\/bdcf29e1806bbd217f5281d7b91e9f13c368e8f0141afdf3d1e016f921ab21be?s=96&d=mm&r=g","contentUrl":"https:\/\/secure.gravatar.com\/avatar\/bdcf29e1806bbd217f5281d7b91e9f13c368e8f0141afdf3d1e016f921ab21be?s=96&d=mm&r=g","caption":"Eike K\u00fchl"},"description":"ist Digital-Redakteur bei ZEIT ONLINE und besch\u00e4ftigt sich vor allem mit Games, Gadgets und Netzkultur.","url":"https:\/\/blog.zeit.de\/netzfilmblog\/author\/eike-kuehl\/"}]}},"jetpack_featured_media_url":"","jetpack_sharing_enabled":true,"_links":{"self":[{"href":"https:\/\/blog.zeit.de\/netzfilmblog\/wp-json\/wp\/v2\/posts\/7596","targetHints":{"allow":["GET"]}}],"collection":[{"href":"https:\/\/blog.zeit.de\/netzfilmblog\/wp-json\/wp\/v2\/posts"}],"about":[{"href":"https:\/\/blog.zeit.de\/netzfilmblog\/wp-json\/wp\/v2\/types\/post"}],"author":[{"embeddable":true,"href":"https:\/\/blog.zeit.de\/netzfilmblog\/wp-json\/wp\/v2\/users\/304"}],"replies":[{"embeddable":true,"href":"https:\/\/blog.zeit.de\/netzfilmblog\/wp-json\/wp\/v2\/comments?post=7596"}],"version-history":[{"count":15,"href":"https:\/\/blog.zeit.de\/netzfilmblog\/wp-json\/wp\/v2\/posts\/7596\/revisions"}],"predecessor-version":[{"id":7611,"href":"https:\/\/blog.zeit.de\/netzfilmblog\/wp-json\/wp\/v2\/posts\/7596\/revisions\/7611"}],"wp:attachment":[{"href":"https:\/\/blog.zeit.de\/netzfilmblog\/wp-json\/wp\/v2\/media?parent=7596"}],"wp:term":[{"taxonomy":"category","embeddable":true,"href":"https:\/\/blog.zeit.de\/netzfilmblog\/wp-json\/wp\/v2\/categories?post=7596"},{"taxonomy":"post_tag","embeddable":true,"href":"https:\/\/blog.zeit.de\/netzfilmblog\/wp-json\/wp\/v2\/tags?post=7596"}],"curies":[{"name":"wp","href":"https:\/\/api.w.org\/{rel}","templated":true}]}}