{"id":8032,"date":"2013-03-03T12:00:35","date_gmt":"2013-03-03T11:00:35","guid":{"rendered":"http:\/\/blog.zeit.de\/netzfilmblog\/?p=8032"},"modified":"2013-03-03T12:00:35","modified_gmt":"2013-03-03T11:00:35","slug":"to-this-day-animation-mobbing","status":"publish","type":"post","link":"https:\/\/blog.zeit.de\/netzfilmblog\/2013\/03\/03\/to-this-day-animation-mobbing\/","title":{"rendered":"Netzfilm der Woche: &#8222;To This Day&#8220;"},"content":{"rendered":"<p>Die meisten von uns erinnern sich noch an sie, an die Mitsch\u00fcler\/innen, die es immer besonders h\u00e4ufig abbekamen, sei es durch ihr Aussehen, ihre Leistungen oder auch ihre Herkunft. Wir neigen dazu, diese Erlebnisse r\u00fcckblickend als alterstypische Rangeleien abzustempeln. Doch in vielen F\u00e4llen folgen auf fiese Worte auch k\u00f6rperliche \u00dcbergriffe, aus scheinbar harmlosen H\u00e4nseleien wird <a href=\"http:\/\/www.zeit.de\/gesellschaft\/schule\/zeit-schulfuehrer\/2010\/Schulwechsel\" target=\"_blank\">Schikane und Mobbing<\/a>, unter dem die Betroffenen oft noch viele Jahre sp\u00e4ter leiden.<\/p>\n<p>Auch der kanadische Lyriker <a href=\"http:\/\/www.shanekoyczan.com\" target=\"_blank\">Shane Koyczan<\/a> kennt dieses Gef\u00fchl. In <a href=\"http:\/\/tothisdayproject.com\/listen\" target=\"_blank\">seinem Spoken-Word-Gedicht <em>To This Day<\/em><\/a> verarbeitet er die <a href=\"http:\/\/www.theglobeandmail.com\/arts\/theatre-and-performance\/shane-koyczan-from-bullied-boy-to-olympic-poet\/article4264046\/\" target=\"_blank\">Erfahrungen aus seiner eigenen Kindheit<\/a>. Koyczan erz\u00e4hlt, wie er zu seinem ersten Spitznamen &#8211; Schweinekotelett &#8211; kam. Er erz\u00e4hlt von einer Freundin mit einem gro\u00dfen Muttermal auf der Wange, die sich auch heute noch immer nicht wohl in ihrem K\u00f6rper f\u00fchlt. Von einem adoptierten Freund, der mit Selbstmordversuchen und Psychopharmaka aufwuchs.<\/p>\n<p>Zu Beginn des Jahres rief Koyczan gemeinsam mit dem Designstudio <a href=\"http:\/\/www.giantant.ca\/works\/to-this-day-project\/\" target=\"_blank\">Giant Ant<\/a> dazu auf, <a href=\"tothisdayproject.com\" target=\"_blank\">das Gedicht zu animieren<\/a>. Sie fragten Dutzende Grafikdesigner und Animationsfilmer, ob sie innerhalb von 20 Tagen je ein 20-sek\u00fcndiges Segment produzieren k\u00f6nnen. Am Ende haben sich 86 K\u00fcnstler an dem Projekt beteiligt, die alle ihren einzigartigen Stil und verschiedenste Animationstechniken mitbrachten, von klassisch bis experimentell. Umso \u00fcberraschender ist es, wie fl\u00fcssig <em>To This Day<\/em> am Ende doch ist, wie sich die Segmente trotz ihrer schnellen Abfolge erg\u00e4nzen, stets zusammengehalten von der emotionalen Darbietung des Gedichts.<\/p>\n<p>Letztlich ist <em>To This Day<\/em> zwei Dinge: Ein gelungenes und ambitioniertes Crowdsourcing-Projekt und ein gesellschaftlicher Aufruf. Der Film war Bestandteil des kanadischen <a href=\"http:\/\/www.pinkshirtday.ca\" target=\"_blank\">Pink Shirt Day<\/a>, einem landesweiten Anti-Mobbing-Aktionstag, der vor wenigen Tagen stattfand. Und auch dar\u00fcber hinaus sollen der Film und das Gedicht auf die wichtige Thematik des Mobbings hinweisen und damit vor allem Sch\u00fcler und Lehrer sensibilisieren.<\/p>\n<p style=\"font-size: 13px\">\n\n<div class=\"embed-wrapper embed-wrapper--blocked js-embed-consent\" data-method=\"iframe\">\n<script class=\"raw__source\" type=\"text\/template\"><iframe loading=\"lazy\" frameborder=\"0\" height=\"304\" src=\"http:\/\/www.youtube.com\/embed\/ltun92DfnPY\" width=\"540\"><\/iframe><\/script>\n<div class=\"embed-wrapper__inner\">\n<div class=\"embed-wrapper__text\">\n<h3>Empfohlener redaktioneller Inhalt<\/h3>\n<p data-replace=\"no\">An dieser Stelle finden Sie externen Inhalt, der den Artikel erg\u00e4nzt. Sie k\u00f6nnen sich externe Inhalte mit einem Klick anzeigen lassen und wieder ausblenden.<noscript>Bitte aktivieren Sie JavaScript damit Sie diesen Inhalt anzeigen k\u00f6nnen.<\/noscript><\/p>\n<\/div>\n<div class=\"embed-consent\">\n<label class=\"embed-consent__toggle\">\n<input class=\"js-embed-consent__toggle\" type=\"checkbox\" autocomplete=\"off\">\n<span><\/span>\nExterner Inhalt\n<\/label>\n<a href=\"https:\/\/www.zeit.de\/hilfe\/datenschutz\" target=\"_blank\" class=\"embed-consent__datalink-when-active\">Datenschutzerkl\u00e4rung<\/a>\n<\/div>\n<div class=\"embed-wrapper__footer\">\n<p data-replace=\"no\">\nIch bin damit einverstanden, dass mir externe Inhalte angezeigt werden. Damit k\u00f6nnen personenbezogene Daten an Drittplattformen \u00fcbermittelt werden. <a href=\"https:\/\/www.zeit.de\/hilfe\/datenschutz\" target=\"_blank\">Mehr dazu in unserer Datenschutzerkl\u00e4rung.<\/a>\n<\/p>\n<\/div>\n<\/div>\n<\/div>\n<p>Hinweis: Per Klick auf die Sprechblase im Player lassen sich Untertitel einblenden.<\/p>\n","protected":false},"excerpt":{"rendered":"<p>Die meisten von uns erinnern sich noch an sie, an die Mitsch\u00fcler\/innen, die es immer besonders h\u00e4ufig abbekamen, sei es durch ihr Aussehen, ihre Leistungen oder auch ihre Herkunft. Wir neigen dazu, diese Erlebnisse r\u00fcckblickend als alterstypische Rangeleien abzustempeln. Doch in vielen F\u00e4llen folgen auf fiese Worte auch k\u00f6rperliche \u00dcbergriffe, aus scheinbar harmlosen H\u00e4nseleien wird [&hellip;]<\/p>\n","protected":false},"author":304,"featured_media":0,"comment_status":"open","ping_status":"open","sticky":false,"template":"","format":"standard","meta":{"_jetpack_memberships_contains_paid_content":false,"footnotes":""},"categories":[13302,22747],"tags":[15395,22767,1898],"class_list":["post-8032","post","type-post","status-publish","format-standard","hentry","category-animation","category-netzfilm-der-woche","tag-animation-2","tag-bullying","tag-kollaboration"],"yoast_head":"<!-- This site is optimized with the Yoast SEO plugin v21.0 - https:\/\/yoast.com\/wordpress\/plugins\/seo\/ -->\n<title>Netzfilm der Woche: &quot;To This Day&quot; - Netzfilmblog<\/title>\n<meta name=\"robots\" content=\"index, follow, max-snippet:-1, max-image-preview:large, max-video-preview:-1\" \/>\n<link rel=\"canonical\" href=\"https:\/\/blog.zeit.de\/netzfilmblog\/2013\/03\/03\/to-this-day-animation-mobbing\/\" \/>\n<meta property=\"og:locale\" content=\"de_DE\" \/>\n<meta property=\"og:type\" content=\"article\" \/>\n<meta property=\"og:title\" content=\"Netzfilm der Woche: &quot;To This Day&quot; - Netzfilmblog\" \/>\n<meta property=\"og:description\" content=\"Die meisten von uns erinnern sich noch an sie, an die Mitsch\u00fcler\/innen, die es immer besonders h\u00e4ufig abbekamen, sei es durch ihr Aussehen, ihre Leistungen oder auch ihre Herkunft. Wir neigen dazu, diese Erlebnisse r\u00fcckblickend als alterstypische Rangeleien abzustempeln. Doch in vielen F\u00e4llen folgen auf fiese Worte auch k\u00f6rperliche \u00dcbergriffe, aus scheinbar harmlosen H\u00e4nseleien wird [&hellip;]\" \/>\n<meta property=\"og:url\" content=\"https:\/\/blog.zeit.de\/netzfilmblog\/2013\/03\/03\/to-this-day-animation-mobbing\/\" \/>\n<meta property=\"og:site_name\" content=\"Netzfilmblog\" \/>\n<meta property=\"article:published_time\" content=\"2013-03-03T11:00:35+00:00\" \/>\n<meta name=\"author\" content=\"Eike K\u00fchl\" \/>\n<meta name=\"twitter:label1\" content=\"Geschrieben von\" \/>\n\t<meta name=\"twitter:data1\" content=\"Eike K\u00fchl\" \/>\n\t<meta name=\"twitter:label2\" content=\"Gesch\u00e4tzte Lesezeit\" \/>\n\t<meta name=\"twitter:data2\" content=\"2\u00a0Minuten\" \/>\n<script type=\"application\/ld+json\" class=\"yoast-schema-graph\">{\"@context\":\"https:\/\/schema.org\",\"@graph\":[{\"@type\":\"WebPage\",\"@id\":\"https:\/\/blog.zeit.de\/netzfilmblog\/2013\/03\/03\/to-this-day-animation-mobbing\/\",\"url\":\"https:\/\/blog.zeit.de\/netzfilmblog\/2013\/03\/03\/to-this-day-animation-mobbing\/\",\"name\":\"Netzfilm der Woche: \\\"To This Day\\\" - Netzfilmblog\",\"isPartOf\":{\"@id\":\"https:\/\/blog.zeit.de\/netzfilmblog\/#website\"},\"datePublished\":\"2013-03-03T11:00:35+00:00\",\"dateModified\":\"2013-03-03T11:00:35+00:00\",\"author\":{\"@id\":\"https:\/\/blog.zeit.de\/netzfilmblog\/#\/schema\/person\/d0be432685b68611fdcb91d565e60cc8\"},\"breadcrumb\":{\"@id\":\"https:\/\/blog.zeit.de\/netzfilmblog\/2013\/03\/03\/to-this-day-animation-mobbing\/#breadcrumb\"},\"inLanguage\":\"de\",\"potentialAction\":[{\"@type\":\"ReadAction\",\"target\":[\"https:\/\/blog.zeit.de\/netzfilmblog\/2013\/03\/03\/to-this-day-animation-mobbing\/\"]}]},{\"@type\":\"BreadcrumbList\",\"@id\":\"https:\/\/blog.zeit.de\/netzfilmblog\/2013\/03\/03\/to-this-day-animation-mobbing\/#breadcrumb\",\"itemListElement\":[{\"@type\":\"ListItem\",\"position\":1,\"name\":\"Startseite\",\"item\":\"https:\/\/blog.zeit.de\/netzfilmblog\/\"},{\"@type\":\"ListItem\",\"position\":2,\"name\":\"Netzfilm der Woche: &#8222;To This Day&#8220;\"}]},{\"@type\":\"WebSite\",\"@id\":\"https:\/\/blog.zeit.de\/netzfilmblog\/#website\",\"url\":\"https:\/\/blog.zeit.de\/netzfilmblog\/\",\"name\":\"Netzfilmblog\",\"description\":\"Es geht auch ohne Fernsehen\",\"potentialAction\":[{\"@type\":\"SearchAction\",\"target\":{\"@type\":\"EntryPoint\",\"urlTemplate\":\"https:\/\/blog.zeit.de\/netzfilmblog\/?s={search_term_string}\"},\"query-input\":\"required name=search_term_string\"}],\"inLanguage\":\"de\"},{\"@type\":\"Person\",\"@id\":\"https:\/\/blog.zeit.de\/netzfilmblog\/#\/schema\/person\/d0be432685b68611fdcb91d565e60cc8\",\"name\":\"Eike K\u00fchl\",\"image\":{\"@type\":\"ImageObject\",\"inLanguage\":\"de\",\"@id\":\"https:\/\/blog.zeit.de\/netzfilmblog\/#\/schema\/person\/image\/\",\"url\":\"https:\/\/secure.gravatar.com\/avatar\/bdcf29e1806bbd217f5281d7b91e9f13c368e8f0141afdf3d1e016f921ab21be?s=96&d=mm&r=g\",\"contentUrl\":\"https:\/\/secure.gravatar.com\/avatar\/bdcf29e1806bbd217f5281d7b91e9f13c368e8f0141afdf3d1e016f921ab21be?s=96&d=mm&r=g\",\"caption\":\"Eike K\u00fchl\"},\"description\":\"ist Digital-Redakteur bei ZEIT ONLINE und besch\u00e4ftigt sich vor allem mit Games, Gadgets und Netzkultur.\",\"url\":\"https:\/\/blog.zeit.de\/netzfilmblog\/author\/eike-kuehl\/\"}]}<\/script>\n<!-- \/ Yoast SEO plugin. -->","yoast_head_json":{"title":"Netzfilm der Woche: \"To This Day\" - Netzfilmblog","robots":{"index":"index","follow":"follow","max-snippet":"max-snippet:-1","max-image-preview":"max-image-preview:large","max-video-preview":"max-video-preview:-1"},"canonical":"https:\/\/blog.zeit.de\/netzfilmblog\/2013\/03\/03\/to-this-day-animation-mobbing\/","og_locale":"de_DE","og_type":"article","og_title":"Netzfilm der Woche: \"To This Day\" - Netzfilmblog","og_description":"Die meisten von uns erinnern sich noch an sie, an die Mitsch\u00fcler\/innen, die es immer besonders h\u00e4ufig abbekamen, sei es durch ihr Aussehen, ihre Leistungen oder auch ihre Herkunft. Wir neigen dazu, diese Erlebnisse r\u00fcckblickend als alterstypische Rangeleien abzustempeln. Doch in vielen F\u00e4llen folgen auf fiese Worte auch k\u00f6rperliche \u00dcbergriffe, aus scheinbar harmlosen H\u00e4nseleien wird [&hellip;]","og_url":"https:\/\/blog.zeit.de\/netzfilmblog\/2013\/03\/03\/to-this-day-animation-mobbing\/","og_site_name":"Netzfilmblog","article_published_time":"2013-03-03T11:00:35+00:00","author":"Eike K\u00fchl","twitter_misc":{"Geschrieben von":"Eike K\u00fchl","Gesch\u00e4tzte Lesezeit":"2\u00a0Minuten"},"schema":{"@context":"https:\/\/schema.org","@graph":[{"@type":"WebPage","@id":"https:\/\/blog.zeit.de\/netzfilmblog\/2013\/03\/03\/to-this-day-animation-mobbing\/","url":"https:\/\/blog.zeit.de\/netzfilmblog\/2013\/03\/03\/to-this-day-animation-mobbing\/","name":"Netzfilm der Woche: \"To This Day\" - Netzfilmblog","isPartOf":{"@id":"https:\/\/blog.zeit.de\/netzfilmblog\/#website"},"datePublished":"2013-03-03T11:00:35+00:00","dateModified":"2013-03-03T11:00:35+00:00","author":{"@id":"https:\/\/blog.zeit.de\/netzfilmblog\/#\/schema\/person\/d0be432685b68611fdcb91d565e60cc8"},"breadcrumb":{"@id":"https:\/\/blog.zeit.de\/netzfilmblog\/2013\/03\/03\/to-this-day-animation-mobbing\/#breadcrumb"},"inLanguage":"de","potentialAction":[{"@type":"ReadAction","target":["https:\/\/blog.zeit.de\/netzfilmblog\/2013\/03\/03\/to-this-day-animation-mobbing\/"]}]},{"@type":"BreadcrumbList","@id":"https:\/\/blog.zeit.de\/netzfilmblog\/2013\/03\/03\/to-this-day-animation-mobbing\/#breadcrumb","itemListElement":[{"@type":"ListItem","position":1,"name":"Startseite","item":"https:\/\/blog.zeit.de\/netzfilmblog\/"},{"@type":"ListItem","position":2,"name":"Netzfilm der Woche: &#8222;To This Day&#8220;"}]},{"@type":"WebSite","@id":"https:\/\/blog.zeit.de\/netzfilmblog\/#website","url":"https:\/\/blog.zeit.de\/netzfilmblog\/","name":"Netzfilmblog","description":"Es geht auch ohne Fernsehen","potentialAction":[{"@type":"SearchAction","target":{"@type":"EntryPoint","urlTemplate":"https:\/\/blog.zeit.de\/netzfilmblog\/?s={search_term_string}"},"query-input":"required name=search_term_string"}],"inLanguage":"de"},{"@type":"Person","@id":"https:\/\/blog.zeit.de\/netzfilmblog\/#\/schema\/person\/d0be432685b68611fdcb91d565e60cc8","name":"Eike K\u00fchl","image":{"@type":"ImageObject","inLanguage":"de","@id":"https:\/\/blog.zeit.de\/netzfilmblog\/#\/schema\/person\/image\/","url":"https:\/\/secure.gravatar.com\/avatar\/bdcf29e1806bbd217f5281d7b91e9f13c368e8f0141afdf3d1e016f921ab21be?s=96&d=mm&r=g","contentUrl":"https:\/\/secure.gravatar.com\/avatar\/bdcf29e1806bbd217f5281d7b91e9f13c368e8f0141afdf3d1e016f921ab21be?s=96&d=mm&r=g","caption":"Eike K\u00fchl"},"description":"ist Digital-Redakteur bei ZEIT ONLINE und besch\u00e4ftigt sich vor allem mit Games, Gadgets und Netzkultur.","url":"https:\/\/blog.zeit.de\/netzfilmblog\/author\/eike-kuehl\/"}]}},"jetpack_featured_media_url":"","jetpack_sharing_enabled":true,"_links":{"self":[{"href":"https:\/\/blog.zeit.de\/netzfilmblog\/wp-json\/wp\/v2\/posts\/8032","targetHints":{"allow":["GET"]}}],"collection":[{"href":"https:\/\/blog.zeit.de\/netzfilmblog\/wp-json\/wp\/v2\/posts"}],"about":[{"href":"https:\/\/blog.zeit.de\/netzfilmblog\/wp-json\/wp\/v2\/types\/post"}],"author":[{"embeddable":true,"href":"https:\/\/blog.zeit.de\/netzfilmblog\/wp-json\/wp\/v2\/users\/304"}],"replies":[{"embeddable":true,"href":"https:\/\/blog.zeit.de\/netzfilmblog\/wp-json\/wp\/v2\/comments?post=8032"}],"version-history":[{"count":28,"href":"https:\/\/blog.zeit.de\/netzfilmblog\/wp-json\/wp\/v2\/posts\/8032\/revisions"}],"predecessor-version":[{"id":8080,"href":"https:\/\/blog.zeit.de\/netzfilmblog\/wp-json\/wp\/v2\/posts\/8032\/revisions\/8080"}],"wp:attachment":[{"href":"https:\/\/blog.zeit.de\/netzfilmblog\/wp-json\/wp\/v2\/media?parent=8032"}],"wp:term":[{"taxonomy":"category","embeddable":true,"href":"https:\/\/blog.zeit.de\/netzfilmblog\/wp-json\/wp\/v2\/categories?post=8032"},{"taxonomy":"post_tag","embeddable":true,"href":"https:\/\/blog.zeit.de\/netzfilmblog\/wp-json\/wp\/v2\/tags?post=8032"}],"curies":[{"name":"wp","href":"https:\/\/api.w.org\/{rel}","templated":true}]}}