{"id":8293,"date":"2013-03-14T16:10:58","date_gmt":"2013-03-14T15:10:58","guid":{"rendered":"http:\/\/blog.zeit.de\/netzfilmblog\/?p=8293"},"modified":"2013-03-14T16:14:13","modified_gmt":"2013-03-14T15:14:13","slug":"danja-atari-soundcultures-rumaenien","status":"publish","type":"post","link":"https:\/\/blog.zeit.de\/netzfilmblog\/2013\/03\/14\/danja-atari-soundcultures-rumaenien\/","title":{"rendered":"Danja Atari pr\u00e4sentiert Soundcultures"},"content":{"rendered":"<p>Die Berliner Musikerin <a href=\"http:\/\/www.danja-atari.com\/\" target=\"_blank\">Danja Atari<\/a> hatte vor drei Jahren f\u00fcr ihr <em><a href=\"http:\/\/www.soundcultures.de\/\" target=\"_blank\">Soundcultures<\/a><\/em>-Projekt Polen, Tunesien und Portugal bereist, um auf eigene Faust und ohne gro\u00dfes Budget einen Einblick in die dortige Musikszene zu geben, mit Beteiligten zu sprechen und Eindr\u00fccke einzufangen. <\/p>\n<p>Die Idee von <em>Soundcultures<\/em> geht nun weiter und Danja war daf\u00fcr in Rum\u00e4nien, genauer gesagt in Bukarest unterwegs. Dort spricht sie mit Musikern aus der <a href=\"http:\/\/de.wikipedia.org\/wiki\/Manele\" target=\"_blank\">Manele<\/a>-Szene, einem Musikgenre, das zwar modern, aber gleichzeitig in der traditionellen, rum\u00e4nischen Folk-Musik verwurzelt ist. Sch\u00f6ne Sache. Danjas n\u00e4chster Stopp wird Island sein.<\/p>\n\n<div class=\"embed-wrapper embed-wrapper--blocked js-embed-consent\" data-method=\"iframe\">\n<script class=\"raw__source\" type=\"text\/template\"><iframe loading=\"lazy\" src=\"http:\/\/player.vimeo.com\/video\/61708202?title=0&amp;byline=0&amp;portrait=0&amp;color=31b7cc\" width=\"580\" height=\"326\" frameborder=\"0\" webkitAllowFullScreen mozallowfullscreen allowFullScreen><\/iframe><\/script>\n<div class=\"embed-wrapper__inner\">\n<div class=\"embed-wrapper__text\">\n<h3>Empfohlener redaktioneller Inhalt<\/h3>\n<p data-replace=\"no\">An dieser Stelle finden Sie externen Inhalt, der den Artikel erg\u00e4nzt. Sie k\u00f6nnen sich externe Inhalte mit einem Klick anzeigen lassen und wieder ausblenden.<noscript>Bitte aktivieren Sie JavaScript damit Sie diesen Inhalt anzeigen k\u00f6nnen.<\/noscript><\/p>\n<\/div>\n<div class=\"embed-consent\">\n<label class=\"embed-consent__toggle\">\n<input class=\"js-embed-consent__toggle\" type=\"checkbox\" autocomplete=\"off\">\n<span><\/span>\nExterner Inhalt\n<\/label>\n<a href=\"https:\/\/www.zeit.de\/hilfe\/datenschutz\" target=\"_blank\" class=\"embed-consent__datalink-when-active\">Datenschutzerkl\u00e4rung<\/a>\n<\/div>\n<div class=\"embed-wrapper__footer\">\n<p data-replace=\"no\">\nIch bin damit einverstanden, dass mir externe Inhalte angezeigt werden. Damit k\u00f6nnen personenbezogene Daten an Drittplattformen \u00fcbermittelt werden. <a href=\"https:\/\/www.zeit.de\/hilfe\/datenschutz\" target=\"_blank\">Mehr dazu in unserer Datenschutzerkl\u00e4rung.<\/a>\n<\/p>\n<\/div>\n<\/div>\n<\/div>\n<p style=\"font-size:13px\">(via <a href=\"https:\/\/twitter.com\/sixtus\/status\/312203862603886594\" target=\"_blank\">Sixtus auf Twitter<\/a>)<\/p>\n","protected":false},"excerpt":{"rendered":"<p>Die Berliner Musikerin Danja Atari hatte vor drei Jahren f\u00fcr ihr Soundcultures-Projekt Polen, Tunesien und Portugal bereist, um auf eigene Faust und ohne gro\u00dfes Budget einen Einblick in die dortige Musikszene zu geben, mit Beteiligten zu sprechen und Eindr\u00fccke einzufangen. Die Idee von Soundcultures geht nun weiter und Danja war daf\u00fcr in Rum\u00e4nien, genauer gesagt [&hellip;]<\/p>\n","protected":false},"author":304,"featured_media":0,"comment_status":"open","ping_status":"open","sticky":false,"template":"","format":"standard","meta":{"_jetpack_memberships_contains_paid_content":false,"footnotes":""},"categories":[288,15487],"tags":[15405,1695,9442],"class_list":["post-8293","post","type-post","status-publish","format-standard","hentry","category-dokumentation","category-musik-2","tag-dokumentation-2","tag-musik","tag-rumanien"],"yoast_head":"<!-- This site is optimized with the Yoast SEO plugin v21.0 - https:\/\/yoast.com\/wordpress\/plugins\/seo\/ -->\n<title>Danja Atari pr\u00e4sentiert Soundcultures - Netzfilmblog<\/title>\n<meta name=\"robots\" content=\"index, follow, max-snippet:-1, max-image-preview:large, max-video-preview:-1\" \/>\n<link rel=\"canonical\" href=\"https:\/\/blog.zeit.de\/netzfilmblog\/2013\/03\/14\/danja-atari-soundcultures-rumaenien\/\" \/>\n<meta property=\"og:locale\" content=\"de_DE\" \/>\n<meta property=\"og:type\" content=\"article\" \/>\n<meta property=\"og:title\" content=\"Danja Atari pr\u00e4sentiert Soundcultures - Netzfilmblog\" \/>\n<meta property=\"og:description\" content=\"Die Berliner Musikerin Danja Atari hatte vor drei Jahren f\u00fcr ihr Soundcultures-Projekt Polen, Tunesien und Portugal bereist, um auf eigene Faust und ohne gro\u00dfes Budget einen Einblick in die dortige Musikszene zu geben, mit Beteiligten zu sprechen und Eindr\u00fccke einzufangen. Die Idee von Soundcultures geht nun weiter und Danja war daf\u00fcr in Rum\u00e4nien, genauer gesagt [&hellip;]\" \/>\n<meta property=\"og:url\" content=\"https:\/\/blog.zeit.de\/netzfilmblog\/2013\/03\/14\/danja-atari-soundcultures-rumaenien\/\" \/>\n<meta property=\"og:site_name\" content=\"Netzfilmblog\" \/>\n<meta property=\"article:published_time\" content=\"2013-03-14T15:10:58+00:00\" \/>\n<meta property=\"article:modified_time\" content=\"2013-03-14T15:14:13+00:00\" \/>\n<meta name=\"author\" content=\"Eike K\u00fchl\" \/>\n<meta name=\"twitter:label1\" content=\"Geschrieben von\" \/>\n\t<meta name=\"twitter:data1\" content=\"Eike K\u00fchl\" \/>\n\t<meta name=\"twitter:label2\" content=\"Gesch\u00e4tzte Lesezeit\" \/>\n\t<meta name=\"twitter:data2\" content=\"1\u00a0Minute\" \/>\n<script type=\"application\/ld+json\" class=\"yoast-schema-graph\">{\"@context\":\"https:\/\/schema.org\",\"@graph\":[{\"@type\":\"WebPage\",\"@id\":\"https:\/\/blog.zeit.de\/netzfilmblog\/2013\/03\/14\/danja-atari-soundcultures-rumaenien\/\",\"url\":\"https:\/\/blog.zeit.de\/netzfilmblog\/2013\/03\/14\/danja-atari-soundcultures-rumaenien\/\",\"name\":\"Danja Atari pr\u00e4sentiert Soundcultures - Netzfilmblog\",\"isPartOf\":{\"@id\":\"https:\/\/blog.zeit.de\/netzfilmblog\/#website\"},\"datePublished\":\"2013-03-14T15:10:58+00:00\",\"dateModified\":\"2013-03-14T15:14:13+00:00\",\"author\":{\"@id\":\"https:\/\/blog.zeit.de\/netzfilmblog\/#\/schema\/person\/d0be432685b68611fdcb91d565e60cc8\"},\"breadcrumb\":{\"@id\":\"https:\/\/blog.zeit.de\/netzfilmblog\/2013\/03\/14\/danja-atari-soundcultures-rumaenien\/#breadcrumb\"},\"inLanguage\":\"de\",\"potentialAction\":[{\"@type\":\"ReadAction\",\"target\":[\"https:\/\/blog.zeit.de\/netzfilmblog\/2013\/03\/14\/danja-atari-soundcultures-rumaenien\/\"]}]},{\"@type\":\"BreadcrumbList\",\"@id\":\"https:\/\/blog.zeit.de\/netzfilmblog\/2013\/03\/14\/danja-atari-soundcultures-rumaenien\/#breadcrumb\",\"itemListElement\":[{\"@type\":\"ListItem\",\"position\":1,\"name\":\"Startseite\",\"item\":\"https:\/\/blog.zeit.de\/netzfilmblog\/\"},{\"@type\":\"ListItem\",\"position\":2,\"name\":\"Danja Atari pr\u00e4sentiert Soundcultures\"}]},{\"@type\":\"WebSite\",\"@id\":\"https:\/\/blog.zeit.de\/netzfilmblog\/#website\",\"url\":\"https:\/\/blog.zeit.de\/netzfilmblog\/\",\"name\":\"Netzfilmblog\",\"description\":\"Es geht auch ohne Fernsehen\",\"potentialAction\":[{\"@type\":\"SearchAction\",\"target\":{\"@type\":\"EntryPoint\",\"urlTemplate\":\"https:\/\/blog.zeit.de\/netzfilmblog\/?s={search_term_string}\"},\"query-input\":\"required name=search_term_string\"}],\"inLanguage\":\"de\"},{\"@type\":\"Person\",\"@id\":\"https:\/\/blog.zeit.de\/netzfilmblog\/#\/schema\/person\/d0be432685b68611fdcb91d565e60cc8\",\"name\":\"Eike K\u00fchl\",\"image\":{\"@type\":\"ImageObject\",\"inLanguage\":\"de\",\"@id\":\"https:\/\/blog.zeit.de\/netzfilmblog\/#\/schema\/person\/image\/\",\"url\":\"https:\/\/secure.gravatar.com\/avatar\/bdcf29e1806bbd217f5281d7b91e9f13c368e8f0141afdf3d1e016f921ab21be?s=96&d=mm&r=g\",\"contentUrl\":\"https:\/\/secure.gravatar.com\/avatar\/bdcf29e1806bbd217f5281d7b91e9f13c368e8f0141afdf3d1e016f921ab21be?s=96&d=mm&r=g\",\"caption\":\"Eike K\u00fchl\"},\"description\":\"ist Digital-Redakteur bei ZEIT ONLINE und besch\u00e4ftigt sich vor allem mit Games, Gadgets und Netzkultur.\",\"url\":\"https:\/\/blog.zeit.de\/netzfilmblog\/author\/eike-kuehl\/\"}]}<\/script>\n<!-- \/ Yoast SEO plugin. -->","yoast_head_json":{"title":"Danja Atari pr\u00e4sentiert Soundcultures - Netzfilmblog","robots":{"index":"index","follow":"follow","max-snippet":"max-snippet:-1","max-image-preview":"max-image-preview:large","max-video-preview":"max-video-preview:-1"},"canonical":"https:\/\/blog.zeit.de\/netzfilmblog\/2013\/03\/14\/danja-atari-soundcultures-rumaenien\/","og_locale":"de_DE","og_type":"article","og_title":"Danja Atari pr\u00e4sentiert Soundcultures - Netzfilmblog","og_description":"Die Berliner Musikerin Danja Atari hatte vor drei Jahren f\u00fcr ihr Soundcultures-Projekt Polen, Tunesien und Portugal bereist, um auf eigene Faust und ohne gro\u00dfes Budget einen Einblick in die dortige Musikszene zu geben, mit Beteiligten zu sprechen und Eindr\u00fccke einzufangen. Die Idee von Soundcultures geht nun weiter und Danja war daf\u00fcr in Rum\u00e4nien, genauer gesagt [&hellip;]","og_url":"https:\/\/blog.zeit.de\/netzfilmblog\/2013\/03\/14\/danja-atari-soundcultures-rumaenien\/","og_site_name":"Netzfilmblog","article_published_time":"2013-03-14T15:10:58+00:00","article_modified_time":"2013-03-14T15:14:13+00:00","author":"Eike K\u00fchl","twitter_misc":{"Geschrieben von":"Eike K\u00fchl","Gesch\u00e4tzte Lesezeit":"1\u00a0Minute"},"schema":{"@context":"https:\/\/schema.org","@graph":[{"@type":"WebPage","@id":"https:\/\/blog.zeit.de\/netzfilmblog\/2013\/03\/14\/danja-atari-soundcultures-rumaenien\/","url":"https:\/\/blog.zeit.de\/netzfilmblog\/2013\/03\/14\/danja-atari-soundcultures-rumaenien\/","name":"Danja Atari pr\u00e4sentiert Soundcultures - Netzfilmblog","isPartOf":{"@id":"https:\/\/blog.zeit.de\/netzfilmblog\/#website"},"datePublished":"2013-03-14T15:10:58+00:00","dateModified":"2013-03-14T15:14:13+00:00","author":{"@id":"https:\/\/blog.zeit.de\/netzfilmblog\/#\/schema\/person\/d0be432685b68611fdcb91d565e60cc8"},"breadcrumb":{"@id":"https:\/\/blog.zeit.de\/netzfilmblog\/2013\/03\/14\/danja-atari-soundcultures-rumaenien\/#breadcrumb"},"inLanguage":"de","potentialAction":[{"@type":"ReadAction","target":["https:\/\/blog.zeit.de\/netzfilmblog\/2013\/03\/14\/danja-atari-soundcultures-rumaenien\/"]}]},{"@type":"BreadcrumbList","@id":"https:\/\/blog.zeit.de\/netzfilmblog\/2013\/03\/14\/danja-atari-soundcultures-rumaenien\/#breadcrumb","itemListElement":[{"@type":"ListItem","position":1,"name":"Startseite","item":"https:\/\/blog.zeit.de\/netzfilmblog\/"},{"@type":"ListItem","position":2,"name":"Danja Atari pr\u00e4sentiert Soundcultures"}]},{"@type":"WebSite","@id":"https:\/\/blog.zeit.de\/netzfilmblog\/#website","url":"https:\/\/blog.zeit.de\/netzfilmblog\/","name":"Netzfilmblog","description":"Es geht auch ohne Fernsehen","potentialAction":[{"@type":"SearchAction","target":{"@type":"EntryPoint","urlTemplate":"https:\/\/blog.zeit.de\/netzfilmblog\/?s={search_term_string}"},"query-input":"required name=search_term_string"}],"inLanguage":"de"},{"@type":"Person","@id":"https:\/\/blog.zeit.de\/netzfilmblog\/#\/schema\/person\/d0be432685b68611fdcb91d565e60cc8","name":"Eike K\u00fchl","image":{"@type":"ImageObject","inLanguage":"de","@id":"https:\/\/blog.zeit.de\/netzfilmblog\/#\/schema\/person\/image\/","url":"https:\/\/secure.gravatar.com\/avatar\/bdcf29e1806bbd217f5281d7b91e9f13c368e8f0141afdf3d1e016f921ab21be?s=96&d=mm&r=g","contentUrl":"https:\/\/secure.gravatar.com\/avatar\/bdcf29e1806bbd217f5281d7b91e9f13c368e8f0141afdf3d1e016f921ab21be?s=96&d=mm&r=g","caption":"Eike K\u00fchl"},"description":"ist Digital-Redakteur bei ZEIT ONLINE und besch\u00e4ftigt sich vor allem mit Games, Gadgets und Netzkultur.","url":"https:\/\/blog.zeit.de\/netzfilmblog\/author\/eike-kuehl\/"}]}},"jetpack_featured_media_url":"","jetpack_sharing_enabled":true,"_links":{"self":[{"href":"https:\/\/blog.zeit.de\/netzfilmblog\/wp-json\/wp\/v2\/posts\/8293","targetHints":{"allow":["GET"]}}],"collection":[{"href":"https:\/\/blog.zeit.de\/netzfilmblog\/wp-json\/wp\/v2\/posts"}],"about":[{"href":"https:\/\/blog.zeit.de\/netzfilmblog\/wp-json\/wp\/v2\/types\/post"}],"author":[{"embeddable":true,"href":"https:\/\/blog.zeit.de\/netzfilmblog\/wp-json\/wp\/v2\/users\/304"}],"replies":[{"embeddable":true,"href":"https:\/\/blog.zeit.de\/netzfilmblog\/wp-json\/wp\/v2\/comments?post=8293"}],"version-history":[{"count":12,"href":"https:\/\/blog.zeit.de\/netzfilmblog\/wp-json\/wp\/v2\/posts\/8293\/revisions"}],"predecessor-version":[{"id":8305,"href":"https:\/\/blog.zeit.de\/netzfilmblog\/wp-json\/wp\/v2\/posts\/8293\/revisions\/8305"}],"wp:attachment":[{"href":"https:\/\/blog.zeit.de\/netzfilmblog\/wp-json\/wp\/v2\/media?parent=8293"}],"wp:term":[{"taxonomy":"category","embeddable":true,"href":"https:\/\/blog.zeit.de\/netzfilmblog\/wp-json\/wp\/v2\/categories?post=8293"},{"taxonomy":"post_tag","embeddable":true,"href":"https:\/\/blog.zeit.de\/netzfilmblog\/wp-json\/wp\/v2\/tags?post=8293"}],"curies":[{"name":"wp","href":"https:\/\/api.w.org\/{rel}","templated":true}]}}