{"id":8370,"date":"2013-03-21T07:59:51","date_gmt":"2013-03-21T06:59:51","guid":{"rendered":"http:\/\/blog.zeit.de\/netzfilmblog\/?p=8370"},"modified":"2013-03-21T10:42:58","modified_gmt":"2013-03-21T09:42:58","slug":"arte-webdoku-irakkrieg-10-jahre-100-blicke","status":"publish","type":"post","link":"https:\/\/blog.zeit.de\/netzfilmblog\/2013\/03\/21\/arte-webdoku-irakkrieg-10-jahre-100-blicke\/","title":{"rendered":"Arte Webdoku: &#8222;Irak &#8211; 10 Jahre, 100 Blicke&#8220;"},"content":{"rendered":"<p><figure id=\"attachment_8373\" aria-describedby=\"caption-attachment-8373\" style=\"width: 580px\" class=\"wp-caption aligncenter\"><a href=\"http:\/\/irak.arte.tv\/de\/\"><img loading=\"lazy\" decoding=\"async\" class=\"size-full wp-image-8373\" alt=\"Klicken Sie auf das Bild, um zur Webdoku zu gelangen. (\u00a9 Screenshot)\" src=\"https:\/\/blog.zeit.de\/netzfilmblog\/files\/2013\/03\/irak100-small.jpg\" width=\"580\" height=\"317\" srcset=\"https:\/\/blog.zeit.de\/netzfilmblog\/files\/2013\/03\/irak100-small.jpg 580w, https:\/\/blog.zeit.de\/netzfilmblog\/files\/2013\/03\/irak100-small-300x163.jpg 300w\" sizes=\"auto, (max-width: 580px) 100vw, 580px\" \/><\/a><figcaption id=\"caption-attachment-8373\" class=\"wp-caption-text\">Klicken Sie auf das Bild, um zur Webdoku zu gelangen.<\/figcaption><\/figure><\/p>\n<p>Am 20. M\u00e4rz 2003 bombardierten die USA die irakische Hauptstadt Bagdad und begannen den Zweiten Irak-Krieg. Offiziell erkl\u00e4rte US-Pr\u00e4sident George W. Bush nur zwei Monate sp\u00e4ter den Konflikt f\u00fcr beendet. Doch die milit\u00e4rische Besatzung und der Versuch, eine stabile politische F\u00fchrung zu errichten, <a href=\"http:\/\/www.zeit.de\/politik\/ausland\/2013-03\/fs-irak-krieg-jahrestag-2\" target=\"_blank\">m\u00fcndeten in einen B\u00fcrgerkrieg<\/a>. Mehr als 190.000 Menschen sind in den vergangenen zehn Jahren an den Folgen des Irak-Kriegs gestorben.<\/p>\n<p>In der aktuellen Webdokumentation <em><a href=\"http:\/\/irak.arte.tv\/de\/\" target=\"_blank\">10 Jahre, 100 Blicke<\/a><\/em> schaut Arte auf den Irak des vergangenen Jahrzehnts. Nicht etwa, um Bilanz zu ziehen, sondern um nachzufragen: Wie hat der Krieg das Land ver\u00e4ndert? Was ist mit den Menschen geschehen? Und wo stehen Schiiten, Sunniten, Kurden und Christen heute?<\/p>\n<p>Das Besondere an <em>10 Jahre, 100 Blicke<\/em> ist, dass die Inhalte einen ganzen Monat lang aktualisiert werden. Wie schon bei dem <a href=\"http:\/\/www.arte.tv\/sites\/de\/afghanistan\/?lang=de\" target=\"_blank\">gleichnamigen Projekt \u00fcber den Krieg in Afghanistan<\/a> und im Gegensatz zu traditionellen Webdokus gibt es keinen Anfang und kein Ende, keine Rahmenerz\u00e4hlung und keinen roten Faden. Es geht um WikiLeaks und Fu\u00dfball, um Kunst, \u00d6l und nat\u00fcrlich auch die Beziehung der Iraker zu den Amerikanern.<\/p>\n<p>Schon die Aufmachung im Stile eines Mosaiks erinnert an organisiertes Chaos, das f\u00fcr die Zust\u00e4nde im Irak stehen k\u00f6nnte. Ganz unterschiedliche Formate treffen in zehn Rubriken aufeinander: Der franko-irakische Journalist Feurat Alani etwa hat ein kommentarloses Roadmovie gedreht, er hat das Land von Norden nach S\u00fcden bereist. In <em>Irak, Meine Heimat<\/em> filmen einheimische Nachwuchsfilmer pers\u00f6nliche Geschichten, in <em>Im Exil<\/em> werden dagegen Fl\u00fcchtlinge portr\u00e4tiert, die dem Krieg entkamen. Dazu gibt es mehrere Fotostrecken renommierter Fotografen, <a href=\"http:\/\/irak.arte.tv\/de\/irak-2-0-2\/die-karte-der-opfer\/\" target=\"_blank\">Kartenmaterial<\/a>, sowie ausgew\u00e4hlte Artikel aus den Archiven von <em>Le Monde<\/em>, dem <em>Guardian<\/em> und der <em>S\u00fcddeutschen Zeitung<\/em>.<\/p>\n<p><em>10 Jahre, 100 Blicke<\/em> ist ein ambitioniertes und bisweilen \u00fcberforderndes Projekt, das nicht am St\u00fcck, sondern h\u00e4ppchenweise erlebt werden m\u00f6chte. Dann erfahren die Zuschauer in den scheinbar unspektakul\u00e4ren und allt\u00e4glichen Momenten, dass die Iraker trotz der instabilen politischen Lage schon viel weiter sind, als wir gemeinhin denken. Diese Stimmung einzufangen, ist vielleicht die gr\u00f6\u00dfte Leistung des Projekts.<\/p>\n","protected":false},"excerpt":{"rendered":"<p>Am 20. M\u00e4rz 2003 bombardierten die USA die irakische Hauptstadt Bagdad und begannen den Zweiten Irak-Krieg. Offiziell erkl\u00e4rte US-Pr\u00e4sident George W. Bush nur zwei Monate sp\u00e4ter den Konflikt f\u00fcr beendet. Doch die milit\u00e4rische Besatzung und der Versuch, eine stabile politische F\u00fchrung zu errichten, m\u00fcndeten in einen B\u00fcrgerkrieg. Mehr als 190.000 Menschen sind in den vergangenen [&hellip;]<\/p>\n","protected":false},"author":304,"featured_media":0,"comment_status":"open","ping_status":"open","sticky":false,"template":"","format":"standard","meta":{"_jetpack_memberships_contains_paid_content":false,"footnotes":""},"categories":[288],"tags":[13656,165,1205,26134],"class_list":["post-8370","post","type-post","status-publish","format-standard","hentry","category-dokumentation","tag-arte","tag-irak","tag-krieg","tag-webdoku"],"yoast_head":"<!-- This site is optimized with the Yoast SEO plugin v21.0 - https:\/\/yoast.com\/wordpress\/plugins\/seo\/ -->\n<title>Arte Webdoku: &quot;Irak - 10 Jahre, 100 Blicke&quot; - Netzfilmblog<\/title>\n<meta name=\"robots\" content=\"index, follow, max-snippet:-1, max-image-preview:large, max-video-preview:-1\" \/>\n<link rel=\"canonical\" href=\"https:\/\/blog.zeit.de\/netzfilmblog\/2013\/03\/21\/arte-webdoku-irakkrieg-10-jahre-100-blicke\/\" \/>\n<meta property=\"og:locale\" content=\"de_DE\" \/>\n<meta property=\"og:type\" content=\"article\" \/>\n<meta property=\"og:title\" content=\"Arte Webdoku: &quot;Irak - 10 Jahre, 100 Blicke&quot; - Netzfilmblog\" \/>\n<meta property=\"og:description\" content=\"Am 20. M\u00e4rz 2003 bombardierten die USA die irakische Hauptstadt Bagdad und begannen den Zweiten Irak-Krieg. Offiziell erkl\u00e4rte US-Pr\u00e4sident George W. Bush nur zwei Monate sp\u00e4ter den Konflikt f\u00fcr beendet. Doch die milit\u00e4rische Besatzung und der Versuch, eine stabile politische F\u00fchrung zu errichten, m\u00fcndeten in einen B\u00fcrgerkrieg. Mehr als 190.000 Menschen sind in den vergangenen [&hellip;]\" \/>\n<meta property=\"og:url\" content=\"https:\/\/blog.zeit.de\/netzfilmblog\/2013\/03\/21\/arte-webdoku-irakkrieg-10-jahre-100-blicke\/\" \/>\n<meta property=\"og:site_name\" content=\"Netzfilmblog\" \/>\n<meta property=\"article:published_time\" content=\"2013-03-21T06:59:51+00:00\" \/>\n<meta property=\"article:modified_time\" content=\"2013-03-21T09:42:58+00:00\" \/>\n<meta property=\"og:image\" content=\"https:\/\/blog.zeit.de\/netzfilmblog\/files\/2013\/03\/irak100-small.jpg\" \/>\n<meta name=\"author\" content=\"Eike K\u00fchl\" \/>\n<meta name=\"twitter:label1\" content=\"Geschrieben von\" \/>\n\t<meta name=\"twitter:data1\" content=\"Eike K\u00fchl\" \/>\n\t<meta name=\"twitter:label2\" content=\"Gesch\u00e4tzte Lesezeit\" \/>\n\t<meta name=\"twitter:data2\" content=\"2\u00a0Minuten\" \/>\n<script type=\"application\/ld+json\" class=\"yoast-schema-graph\">{\"@context\":\"https:\/\/schema.org\",\"@graph\":[{\"@type\":\"WebPage\",\"@id\":\"https:\/\/blog.zeit.de\/netzfilmblog\/2013\/03\/21\/arte-webdoku-irakkrieg-10-jahre-100-blicke\/\",\"url\":\"https:\/\/blog.zeit.de\/netzfilmblog\/2013\/03\/21\/arte-webdoku-irakkrieg-10-jahre-100-blicke\/\",\"name\":\"Arte Webdoku: \\\"Irak - 10 Jahre, 100 Blicke\\\" - Netzfilmblog\",\"isPartOf\":{\"@id\":\"https:\/\/blog.zeit.de\/netzfilmblog\/#website\"},\"datePublished\":\"2013-03-21T06:59:51+00:00\",\"dateModified\":\"2013-03-21T09:42:58+00:00\",\"author\":{\"@id\":\"https:\/\/blog.zeit.de\/netzfilmblog\/#\/schema\/person\/d0be432685b68611fdcb91d565e60cc8\"},\"breadcrumb\":{\"@id\":\"https:\/\/blog.zeit.de\/netzfilmblog\/2013\/03\/21\/arte-webdoku-irakkrieg-10-jahre-100-blicke\/#breadcrumb\"},\"inLanguage\":\"de\",\"potentialAction\":[{\"@type\":\"ReadAction\",\"target\":[\"https:\/\/blog.zeit.de\/netzfilmblog\/2013\/03\/21\/arte-webdoku-irakkrieg-10-jahre-100-blicke\/\"]}]},{\"@type\":\"BreadcrumbList\",\"@id\":\"https:\/\/blog.zeit.de\/netzfilmblog\/2013\/03\/21\/arte-webdoku-irakkrieg-10-jahre-100-blicke\/#breadcrumb\",\"itemListElement\":[{\"@type\":\"ListItem\",\"position\":1,\"name\":\"Startseite\",\"item\":\"https:\/\/blog.zeit.de\/netzfilmblog\/\"},{\"@type\":\"ListItem\",\"position\":2,\"name\":\"Arte Webdoku: &#8222;Irak &#8211; 10 Jahre, 100 Blicke&#8220;\"}]},{\"@type\":\"WebSite\",\"@id\":\"https:\/\/blog.zeit.de\/netzfilmblog\/#website\",\"url\":\"https:\/\/blog.zeit.de\/netzfilmblog\/\",\"name\":\"Netzfilmblog\",\"description\":\"Es geht auch ohne Fernsehen\",\"potentialAction\":[{\"@type\":\"SearchAction\",\"target\":{\"@type\":\"EntryPoint\",\"urlTemplate\":\"https:\/\/blog.zeit.de\/netzfilmblog\/?s={search_term_string}\"},\"query-input\":\"required name=search_term_string\"}],\"inLanguage\":\"de\"},{\"@type\":\"Person\",\"@id\":\"https:\/\/blog.zeit.de\/netzfilmblog\/#\/schema\/person\/d0be432685b68611fdcb91d565e60cc8\",\"name\":\"Eike K\u00fchl\",\"image\":{\"@type\":\"ImageObject\",\"inLanguage\":\"de\",\"@id\":\"https:\/\/blog.zeit.de\/netzfilmblog\/#\/schema\/person\/image\/\",\"url\":\"https:\/\/secure.gravatar.com\/avatar\/bdcf29e1806bbd217f5281d7b91e9f13c368e8f0141afdf3d1e016f921ab21be?s=96&d=mm&r=g\",\"contentUrl\":\"https:\/\/secure.gravatar.com\/avatar\/bdcf29e1806bbd217f5281d7b91e9f13c368e8f0141afdf3d1e016f921ab21be?s=96&d=mm&r=g\",\"caption\":\"Eike K\u00fchl\"},\"description\":\"ist Digital-Redakteur bei ZEIT ONLINE und besch\u00e4ftigt sich vor allem mit Games, Gadgets und Netzkultur.\",\"url\":\"https:\/\/blog.zeit.de\/netzfilmblog\/author\/eike-kuehl\/\"}]}<\/script>\n<!-- \/ Yoast SEO plugin. -->","yoast_head_json":{"title":"Arte Webdoku: \"Irak - 10 Jahre, 100 Blicke\" - Netzfilmblog","robots":{"index":"index","follow":"follow","max-snippet":"max-snippet:-1","max-image-preview":"max-image-preview:large","max-video-preview":"max-video-preview:-1"},"canonical":"https:\/\/blog.zeit.de\/netzfilmblog\/2013\/03\/21\/arte-webdoku-irakkrieg-10-jahre-100-blicke\/","og_locale":"de_DE","og_type":"article","og_title":"Arte Webdoku: \"Irak - 10 Jahre, 100 Blicke\" - Netzfilmblog","og_description":"Am 20. M\u00e4rz 2003 bombardierten die USA die irakische Hauptstadt Bagdad und begannen den Zweiten Irak-Krieg. Offiziell erkl\u00e4rte US-Pr\u00e4sident George W. Bush nur zwei Monate sp\u00e4ter den Konflikt f\u00fcr beendet. Doch die milit\u00e4rische Besatzung und der Versuch, eine stabile politische F\u00fchrung zu errichten, m\u00fcndeten in einen B\u00fcrgerkrieg. Mehr als 190.000 Menschen sind in den vergangenen [&hellip;]","og_url":"https:\/\/blog.zeit.de\/netzfilmblog\/2013\/03\/21\/arte-webdoku-irakkrieg-10-jahre-100-blicke\/","og_site_name":"Netzfilmblog","article_published_time":"2013-03-21T06:59:51+00:00","article_modified_time":"2013-03-21T09:42:58+00:00","og_image":[{"url":"https:\/\/blog.zeit.de\/netzfilmblog\/files\/2013\/03\/irak100-small.jpg"}],"author":"Eike K\u00fchl","twitter_misc":{"Geschrieben von":"Eike K\u00fchl","Gesch\u00e4tzte Lesezeit":"2\u00a0Minuten"},"schema":{"@context":"https:\/\/schema.org","@graph":[{"@type":"WebPage","@id":"https:\/\/blog.zeit.de\/netzfilmblog\/2013\/03\/21\/arte-webdoku-irakkrieg-10-jahre-100-blicke\/","url":"https:\/\/blog.zeit.de\/netzfilmblog\/2013\/03\/21\/arte-webdoku-irakkrieg-10-jahre-100-blicke\/","name":"Arte Webdoku: \"Irak - 10 Jahre, 100 Blicke\" - Netzfilmblog","isPartOf":{"@id":"https:\/\/blog.zeit.de\/netzfilmblog\/#website"},"datePublished":"2013-03-21T06:59:51+00:00","dateModified":"2013-03-21T09:42:58+00:00","author":{"@id":"https:\/\/blog.zeit.de\/netzfilmblog\/#\/schema\/person\/d0be432685b68611fdcb91d565e60cc8"},"breadcrumb":{"@id":"https:\/\/blog.zeit.de\/netzfilmblog\/2013\/03\/21\/arte-webdoku-irakkrieg-10-jahre-100-blicke\/#breadcrumb"},"inLanguage":"de","potentialAction":[{"@type":"ReadAction","target":["https:\/\/blog.zeit.de\/netzfilmblog\/2013\/03\/21\/arte-webdoku-irakkrieg-10-jahre-100-blicke\/"]}]},{"@type":"BreadcrumbList","@id":"https:\/\/blog.zeit.de\/netzfilmblog\/2013\/03\/21\/arte-webdoku-irakkrieg-10-jahre-100-blicke\/#breadcrumb","itemListElement":[{"@type":"ListItem","position":1,"name":"Startseite","item":"https:\/\/blog.zeit.de\/netzfilmblog\/"},{"@type":"ListItem","position":2,"name":"Arte Webdoku: &#8222;Irak &#8211; 10 Jahre, 100 Blicke&#8220;"}]},{"@type":"WebSite","@id":"https:\/\/blog.zeit.de\/netzfilmblog\/#website","url":"https:\/\/blog.zeit.de\/netzfilmblog\/","name":"Netzfilmblog","description":"Es geht auch ohne Fernsehen","potentialAction":[{"@type":"SearchAction","target":{"@type":"EntryPoint","urlTemplate":"https:\/\/blog.zeit.de\/netzfilmblog\/?s={search_term_string}"},"query-input":"required name=search_term_string"}],"inLanguage":"de"},{"@type":"Person","@id":"https:\/\/blog.zeit.de\/netzfilmblog\/#\/schema\/person\/d0be432685b68611fdcb91d565e60cc8","name":"Eike K\u00fchl","image":{"@type":"ImageObject","inLanguage":"de","@id":"https:\/\/blog.zeit.de\/netzfilmblog\/#\/schema\/person\/image\/","url":"https:\/\/secure.gravatar.com\/avatar\/bdcf29e1806bbd217f5281d7b91e9f13c368e8f0141afdf3d1e016f921ab21be?s=96&d=mm&r=g","contentUrl":"https:\/\/secure.gravatar.com\/avatar\/bdcf29e1806bbd217f5281d7b91e9f13c368e8f0141afdf3d1e016f921ab21be?s=96&d=mm&r=g","caption":"Eike K\u00fchl"},"description":"ist Digital-Redakteur bei ZEIT ONLINE und besch\u00e4ftigt sich vor allem mit Games, Gadgets und Netzkultur.","url":"https:\/\/blog.zeit.de\/netzfilmblog\/author\/eike-kuehl\/"}]}},"jetpack_featured_media_url":"","jetpack_sharing_enabled":true,"_links":{"self":[{"href":"https:\/\/blog.zeit.de\/netzfilmblog\/wp-json\/wp\/v2\/posts\/8370","targetHints":{"allow":["GET"]}}],"collection":[{"href":"https:\/\/blog.zeit.de\/netzfilmblog\/wp-json\/wp\/v2\/posts"}],"about":[{"href":"https:\/\/blog.zeit.de\/netzfilmblog\/wp-json\/wp\/v2\/types\/post"}],"author":[{"embeddable":true,"href":"https:\/\/blog.zeit.de\/netzfilmblog\/wp-json\/wp\/v2\/users\/304"}],"replies":[{"embeddable":true,"href":"https:\/\/blog.zeit.de\/netzfilmblog\/wp-json\/wp\/v2\/comments?post=8370"}],"version-history":[{"count":12,"href":"https:\/\/blog.zeit.de\/netzfilmblog\/wp-json\/wp\/v2\/posts\/8370\/revisions"}],"predecessor-version":[{"id":8381,"href":"https:\/\/blog.zeit.de\/netzfilmblog\/wp-json\/wp\/v2\/posts\/8370\/revisions\/8381"}],"wp:attachment":[{"href":"https:\/\/blog.zeit.de\/netzfilmblog\/wp-json\/wp\/v2\/media?parent=8370"}],"wp:term":[{"taxonomy":"category","embeddable":true,"href":"https:\/\/blog.zeit.de\/netzfilmblog\/wp-json\/wp\/v2\/categories?post=8370"},{"taxonomy":"post_tag","embeddable":true,"href":"https:\/\/blog.zeit.de\/netzfilmblog\/wp-json\/wp\/v2\/tags?post=8370"}],"curies":[{"name":"wp","href":"https:\/\/api.w.org\/{rel}","templated":true}]}}