{"id":8580,"date":"2013-04-07T12:00:32","date_gmt":"2013-04-07T10:00:32","guid":{"rendered":"http:\/\/blog.zeit.de\/netzfilmblog\/?p=8580"},"modified":"2013-04-07T16:56:56","modified_gmt":"2013-04-07T14:56:56","slug":"animation-film-premier-automne","status":"publish","type":"post","link":"https:\/\/blog.zeit.de\/netzfilmblog\/2013\/04\/07\/animation-film-premier-automne\/","title":{"rendered":"Netzfilm der Woche: &#8222;Premier Automne&#8220;"},"content":{"rendered":"<p>Die Jahreszeiten sind der Bestandteil unz\u00e4hliger Mythen. Von der Erz\u00e4hlung des <a href=\"http:\/\/de.wikipedia.org\/wiki\/Raub_der_Persephone\" target=\"_blank\">Hades und der Persephone<\/a> in der griechischen Mythologie bis hin zum allgegenw\u00e4rtigen <em>Winter is coming<\/em> der US-Hitserie <em><a href=\"http:\/\/www.zeit.de\/digital\/internet\/2012-06\/hbo-kopien-game-of-thrones\" target=\"_blank\">Game of Thrones<\/a><\/em> ist das Wechselspiel zwischen Winter und Sommer ein ebenso universelles wie kraftvolles Bild in Kunst, Literatur und Film.<\/p>\n<p>Auch der franz\u00f6sische Animationsfilm <em>Premier Automne<\/em> von <a href=\"http:\/\/www.carlos2carvalho.com\" target=\"_blank\">Carlos De Carvalho<\/a> und <a href=\"http:\/\/www.jeregarde.com\/\" target=\"_blank\">Aude Danset<\/a> greift die Thematik der Jahreszeiten auf. Abel, der H\u00fcter des Winters, und Apolline, die H\u00fcterin des Sommers, bewegen sich zu Beginn des Films in ihren nat\u00fcrlichen Sph\u00e4ren: Der eine lebt in einer verschneiten, brachen Landschaft, die andere wiegt sich unter bl\u00fchenden B\u00e4umen in einer nahezu paradiesischen Ruhe. Eines Tages treffen sich die beiden. Auf die anf\u00e4ngliche Ber\u00fchrungsangst folgt aber nicht etwa die Vers\u00f6hnung, sondern die bittere Erkenntnis, dass sie nicht beide zur gleichen Zeit am gleichen Ort existieren k\u00f6nnen.<\/p>\n<p><em>Premier Automne<\/em> mag mit seiner niedlichen Animation und Figuren, die wohl eher zuf\u00e4llig an das <em>Sandm\u00e4nnchen<\/em> erinnern, kindlich wirken. Doch die Symbolik geht \u00fcber die Beziehung der Jahreszeiten hinaus. Es ist eine wundervoll gezeichnete Allegorie des Lebenszyklus, des nat\u00fcrlichen Gleichgewichts zwischen Leben und Tod, an dessen Ende die gegenseitige Akzeptanz steht. Der Herbst.<\/p>\n\n<div class=\"embed-wrapper embed-wrapper--blocked js-embed-consent\" data-method=\"iframe\">\n<script class=\"raw__source\" type=\"text\/template\"><iframe loading=\"lazy\" frameborder=\"0\" height=\"326\" src=\"http:\/\/player.vimeo.com\/video\/59230893?title=0&amp;byline=0&amp;portrait=0&amp;badge=0&amp;color=ff9933\" width=\"580\"><\/iframe><\/script>\n<div class=\"embed-wrapper__inner\">\n<div class=\"embed-wrapper__text\">\n<h3>Empfohlener redaktioneller Inhalt<\/h3>\n<p data-replace=\"no\">An dieser Stelle finden Sie externen Inhalt, der den Artikel erg\u00e4nzt. Sie k\u00f6nnen sich externe Inhalte mit einem Klick anzeigen lassen und wieder ausblenden.<noscript>Bitte aktivieren Sie JavaScript damit Sie diesen Inhalt anzeigen k\u00f6nnen.<\/noscript><\/p>\n<\/div>\n<div class=\"embed-consent\">\n<label class=\"embed-consent__toggle\">\n<input class=\"js-embed-consent__toggle\" type=\"checkbox\" autocomplete=\"off\">\n<span><\/span>\nExterner Inhalt\n<\/label>\n<a href=\"https:\/\/www.zeit.de\/hilfe\/datenschutz\" target=\"_blank\" class=\"embed-consent__datalink-when-active\">Datenschutzerkl\u00e4rung<\/a>\n<\/div>\n<div class=\"embed-wrapper__footer\">\n<p data-replace=\"no\">\nIch bin damit einverstanden, dass mir externe Inhalte angezeigt werden. Damit k\u00f6nnen personenbezogene Daten an Drittplattformen \u00fcbermittelt werden. <a href=\"https:\/\/www.zeit.de\/hilfe\/datenschutz\" target=\"_blank\">Mehr dazu in unserer Datenschutzerkl\u00e4rung.<\/a>\n<\/p>\n<\/div>\n<\/div>\n<\/div>\n<p>Der Film wird unter anderem im Juni auf dem renommierten <a href=\"http:\/\/www.annecy.org\/annecy-2013\/festival\/official-selection\" target=\"_blank\">Animationsfilmfestival Annecy<\/a> au\u00dfer Konkurrenz laufen. Auf Vimeo gibt es zudem noch <a href=\"https:\/\/vimeo.com\/60296337\" target=\"_blank\">ein Making-of zu sehen<\/a>.<\/p>\n","protected":false},"excerpt":{"rendered":"<p>Die Jahreszeiten sind der Bestandteil unz\u00e4hliger Mythen. Von der Erz\u00e4hlung des Hades und der Persephone in der griechischen Mythologie bis hin zum allgegenw\u00e4rtigen Winter is coming der US-Hitserie Game of Thrones ist das Wechselspiel zwischen Winter und Sommer ein ebenso universelles wie kraftvolles Bild in Kunst, Literatur und Film. Auch der franz\u00f6sische Animationsfilm Premier Automne [&hellip;]<\/p>\n","protected":false},"author":304,"featured_media":0,"comment_status":"open","ping_status":"open","sticky":false,"template":"","format":"standard","meta":{"_jetpack_memberships_contains_paid_content":false,"footnotes":""},"categories":[13302,22747],"tags":[15395,1012],"class_list":["post-8580","post","type-post","status-publish","format-standard","hentry","category-animation","category-netzfilm-der-woche","tag-animation-2","tag-frankreich"],"yoast_head":"<!-- This site is optimized with the Yoast SEO plugin v21.0 - https:\/\/yoast.com\/wordpress\/plugins\/seo\/ -->\n<title>Netzfilm der Woche: &quot;Premier Automne&quot; - Netzfilmblog<\/title>\n<meta name=\"robots\" content=\"index, follow, max-snippet:-1, max-image-preview:large, max-video-preview:-1\" \/>\n<link rel=\"canonical\" href=\"https:\/\/blog.zeit.de\/netzfilmblog\/2013\/04\/07\/animation-film-premier-automne\/\" \/>\n<meta property=\"og:locale\" content=\"de_DE\" \/>\n<meta property=\"og:type\" content=\"article\" \/>\n<meta property=\"og:title\" content=\"Netzfilm der Woche: &quot;Premier Automne&quot; - Netzfilmblog\" \/>\n<meta property=\"og:description\" content=\"Die Jahreszeiten sind der Bestandteil unz\u00e4hliger Mythen. Von der Erz\u00e4hlung des Hades und der Persephone in der griechischen Mythologie bis hin zum allgegenw\u00e4rtigen Winter is coming der US-Hitserie Game of Thrones ist das Wechselspiel zwischen Winter und Sommer ein ebenso universelles wie kraftvolles Bild in Kunst, Literatur und Film. Auch der franz\u00f6sische Animationsfilm Premier Automne [&hellip;]\" \/>\n<meta property=\"og:url\" content=\"https:\/\/blog.zeit.de\/netzfilmblog\/2013\/04\/07\/animation-film-premier-automne\/\" \/>\n<meta property=\"og:site_name\" content=\"Netzfilmblog\" \/>\n<meta property=\"article:published_time\" content=\"2013-04-07T10:00:32+00:00\" \/>\n<meta property=\"article:modified_time\" content=\"2013-04-07T14:56:56+00:00\" \/>\n<meta name=\"author\" content=\"Eike K\u00fchl\" \/>\n<meta name=\"twitter:label1\" content=\"Geschrieben von\" \/>\n\t<meta name=\"twitter:data1\" content=\"Eike K\u00fchl\" \/>\n\t<meta name=\"twitter:label2\" content=\"Gesch\u00e4tzte Lesezeit\" \/>\n\t<meta name=\"twitter:data2\" content=\"1\u00a0Minute\" \/>\n<script type=\"application\/ld+json\" class=\"yoast-schema-graph\">{\"@context\":\"https:\/\/schema.org\",\"@graph\":[{\"@type\":\"WebPage\",\"@id\":\"https:\/\/blog.zeit.de\/netzfilmblog\/2013\/04\/07\/animation-film-premier-automne\/\",\"url\":\"https:\/\/blog.zeit.de\/netzfilmblog\/2013\/04\/07\/animation-film-premier-automne\/\",\"name\":\"Netzfilm der Woche: \\\"Premier Automne\\\" - Netzfilmblog\",\"isPartOf\":{\"@id\":\"https:\/\/blog.zeit.de\/netzfilmblog\/#website\"},\"datePublished\":\"2013-04-07T10:00:32+00:00\",\"dateModified\":\"2013-04-07T14:56:56+00:00\",\"author\":{\"@id\":\"https:\/\/blog.zeit.de\/netzfilmblog\/#\/schema\/person\/d0be432685b68611fdcb91d565e60cc8\"},\"breadcrumb\":{\"@id\":\"https:\/\/blog.zeit.de\/netzfilmblog\/2013\/04\/07\/animation-film-premier-automne\/#breadcrumb\"},\"inLanguage\":\"de\",\"potentialAction\":[{\"@type\":\"ReadAction\",\"target\":[\"https:\/\/blog.zeit.de\/netzfilmblog\/2013\/04\/07\/animation-film-premier-automne\/\"]}]},{\"@type\":\"BreadcrumbList\",\"@id\":\"https:\/\/blog.zeit.de\/netzfilmblog\/2013\/04\/07\/animation-film-premier-automne\/#breadcrumb\",\"itemListElement\":[{\"@type\":\"ListItem\",\"position\":1,\"name\":\"Startseite\",\"item\":\"https:\/\/blog.zeit.de\/netzfilmblog\/\"},{\"@type\":\"ListItem\",\"position\":2,\"name\":\"Netzfilm der Woche: &#8222;Premier Automne&#8220;\"}]},{\"@type\":\"WebSite\",\"@id\":\"https:\/\/blog.zeit.de\/netzfilmblog\/#website\",\"url\":\"https:\/\/blog.zeit.de\/netzfilmblog\/\",\"name\":\"Netzfilmblog\",\"description\":\"Es geht auch ohne Fernsehen\",\"potentialAction\":[{\"@type\":\"SearchAction\",\"target\":{\"@type\":\"EntryPoint\",\"urlTemplate\":\"https:\/\/blog.zeit.de\/netzfilmblog\/?s={search_term_string}\"},\"query-input\":\"required name=search_term_string\"}],\"inLanguage\":\"de\"},{\"@type\":\"Person\",\"@id\":\"https:\/\/blog.zeit.de\/netzfilmblog\/#\/schema\/person\/d0be432685b68611fdcb91d565e60cc8\",\"name\":\"Eike K\u00fchl\",\"image\":{\"@type\":\"ImageObject\",\"inLanguage\":\"de\",\"@id\":\"https:\/\/blog.zeit.de\/netzfilmblog\/#\/schema\/person\/image\/\",\"url\":\"https:\/\/secure.gravatar.com\/avatar\/bdcf29e1806bbd217f5281d7b91e9f13c368e8f0141afdf3d1e016f921ab21be?s=96&d=mm&r=g\",\"contentUrl\":\"https:\/\/secure.gravatar.com\/avatar\/bdcf29e1806bbd217f5281d7b91e9f13c368e8f0141afdf3d1e016f921ab21be?s=96&d=mm&r=g\",\"caption\":\"Eike K\u00fchl\"},\"description\":\"ist Digital-Redakteur bei ZEIT ONLINE und besch\u00e4ftigt sich vor allem mit Games, Gadgets und Netzkultur.\",\"url\":\"https:\/\/blog.zeit.de\/netzfilmblog\/author\/eike-kuehl\/\"}]}<\/script>\n<!-- \/ Yoast SEO plugin. -->","yoast_head_json":{"title":"Netzfilm der Woche: \"Premier Automne\" - Netzfilmblog","robots":{"index":"index","follow":"follow","max-snippet":"max-snippet:-1","max-image-preview":"max-image-preview:large","max-video-preview":"max-video-preview:-1"},"canonical":"https:\/\/blog.zeit.de\/netzfilmblog\/2013\/04\/07\/animation-film-premier-automne\/","og_locale":"de_DE","og_type":"article","og_title":"Netzfilm der Woche: \"Premier Automne\" - Netzfilmblog","og_description":"Die Jahreszeiten sind der Bestandteil unz\u00e4hliger Mythen. Von der Erz\u00e4hlung des Hades und der Persephone in der griechischen Mythologie bis hin zum allgegenw\u00e4rtigen Winter is coming der US-Hitserie Game of Thrones ist das Wechselspiel zwischen Winter und Sommer ein ebenso universelles wie kraftvolles Bild in Kunst, Literatur und Film. Auch der franz\u00f6sische Animationsfilm Premier Automne [&hellip;]","og_url":"https:\/\/blog.zeit.de\/netzfilmblog\/2013\/04\/07\/animation-film-premier-automne\/","og_site_name":"Netzfilmblog","article_published_time":"2013-04-07T10:00:32+00:00","article_modified_time":"2013-04-07T14:56:56+00:00","author":"Eike K\u00fchl","twitter_misc":{"Geschrieben von":"Eike K\u00fchl","Gesch\u00e4tzte Lesezeit":"1\u00a0Minute"},"schema":{"@context":"https:\/\/schema.org","@graph":[{"@type":"WebPage","@id":"https:\/\/blog.zeit.de\/netzfilmblog\/2013\/04\/07\/animation-film-premier-automne\/","url":"https:\/\/blog.zeit.de\/netzfilmblog\/2013\/04\/07\/animation-film-premier-automne\/","name":"Netzfilm der Woche: \"Premier Automne\" - Netzfilmblog","isPartOf":{"@id":"https:\/\/blog.zeit.de\/netzfilmblog\/#website"},"datePublished":"2013-04-07T10:00:32+00:00","dateModified":"2013-04-07T14:56:56+00:00","author":{"@id":"https:\/\/blog.zeit.de\/netzfilmblog\/#\/schema\/person\/d0be432685b68611fdcb91d565e60cc8"},"breadcrumb":{"@id":"https:\/\/blog.zeit.de\/netzfilmblog\/2013\/04\/07\/animation-film-premier-automne\/#breadcrumb"},"inLanguage":"de","potentialAction":[{"@type":"ReadAction","target":["https:\/\/blog.zeit.de\/netzfilmblog\/2013\/04\/07\/animation-film-premier-automne\/"]}]},{"@type":"BreadcrumbList","@id":"https:\/\/blog.zeit.de\/netzfilmblog\/2013\/04\/07\/animation-film-premier-automne\/#breadcrumb","itemListElement":[{"@type":"ListItem","position":1,"name":"Startseite","item":"https:\/\/blog.zeit.de\/netzfilmblog\/"},{"@type":"ListItem","position":2,"name":"Netzfilm der Woche: &#8222;Premier Automne&#8220;"}]},{"@type":"WebSite","@id":"https:\/\/blog.zeit.de\/netzfilmblog\/#website","url":"https:\/\/blog.zeit.de\/netzfilmblog\/","name":"Netzfilmblog","description":"Es geht auch ohne Fernsehen","potentialAction":[{"@type":"SearchAction","target":{"@type":"EntryPoint","urlTemplate":"https:\/\/blog.zeit.de\/netzfilmblog\/?s={search_term_string}"},"query-input":"required name=search_term_string"}],"inLanguage":"de"},{"@type":"Person","@id":"https:\/\/blog.zeit.de\/netzfilmblog\/#\/schema\/person\/d0be432685b68611fdcb91d565e60cc8","name":"Eike K\u00fchl","image":{"@type":"ImageObject","inLanguage":"de","@id":"https:\/\/blog.zeit.de\/netzfilmblog\/#\/schema\/person\/image\/","url":"https:\/\/secure.gravatar.com\/avatar\/bdcf29e1806bbd217f5281d7b91e9f13c368e8f0141afdf3d1e016f921ab21be?s=96&d=mm&r=g","contentUrl":"https:\/\/secure.gravatar.com\/avatar\/bdcf29e1806bbd217f5281d7b91e9f13c368e8f0141afdf3d1e016f921ab21be?s=96&d=mm&r=g","caption":"Eike K\u00fchl"},"description":"ist Digital-Redakteur bei ZEIT ONLINE und besch\u00e4ftigt sich vor allem mit Games, Gadgets und Netzkultur.","url":"https:\/\/blog.zeit.de\/netzfilmblog\/author\/eike-kuehl\/"}]}},"jetpack_featured_media_url":"","jetpack_sharing_enabled":true,"_links":{"self":[{"href":"https:\/\/blog.zeit.de\/netzfilmblog\/wp-json\/wp\/v2\/posts\/8580","targetHints":{"allow":["GET"]}}],"collection":[{"href":"https:\/\/blog.zeit.de\/netzfilmblog\/wp-json\/wp\/v2\/posts"}],"about":[{"href":"https:\/\/blog.zeit.de\/netzfilmblog\/wp-json\/wp\/v2\/types\/post"}],"author":[{"embeddable":true,"href":"https:\/\/blog.zeit.de\/netzfilmblog\/wp-json\/wp\/v2\/users\/304"}],"replies":[{"embeddable":true,"href":"https:\/\/blog.zeit.de\/netzfilmblog\/wp-json\/wp\/v2\/comments?post=8580"}],"version-history":[{"count":23,"href":"https:\/\/blog.zeit.de\/netzfilmblog\/wp-json\/wp\/v2\/posts\/8580\/revisions"}],"predecessor-version":[{"id":8618,"href":"https:\/\/blog.zeit.de\/netzfilmblog\/wp-json\/wp\/v2\/posts\/8580\/revisions\/8618"}],"wp:attachment":[{"href":"https:\/\/blog.zeit.de\/netzfilmblog\/wp-json\/wp\/v2\/media?parent=8580"}],"wp:term":[{"taxonomy":"category","embeddable":true,"href":"https:\/\/blog.zeit.de\/netzfilmblog\/wp-json\/wp\/v2\/categories?post=8580"},{"taxonomy":"post_tag","embeddable":true,"href":"https:\/\/blog.zeit.de\/netzfilmblog\/wp-json\/wp\/v2\/tags?post=8580"}],"curies":[{"name":"wp","href":"https:\/\/api.w.org\/{rel}","templated":true}]}}