{"id":8862,"date":"2013-04-30T14:43:23","date_gmt":"2013-04-30T12:43:23","guid":{"rendered":"http:\/\/blog.zeit.de\/netzfilmblog\/?p=8862"},"modified":"2013-04-30T14:46:23","modified_gmt":"2013-04-30T12:46:23","slug":"ard-arte-relaunch-mediathek","status":"publish","type":"post","link":"https:\/\/blog.zeit.de\/netzfilmblog\/2013\/04\/30\/ard-arte-relaunch-mediathek\/","title":{"rendered":"Relaunch bei Arte und der ARD"},"content":{"rendered":"<p>Als h\u00e4tten sie meinen kritischen <a href=\"https:\/\/blog.zeit.de\/netzfilmblog\/2013\/04\/03\/mediatheken-fernsehsuche-dienst\/\" target=\"_blank\">Beitrag \u00fcber die Mediatheken<\/a> k\u00fcrzlich gelesen, haben in den vergangenen zwei Wochen sowohl Arte als auch die ARD ihre Online-Auftritte ma\u00dfgeblich \u00fcberarbeitet. Bei <a href=\"http:\/\/www.ard.de\/home\/ard\/ARD_de_mit_neuem_Gesicht\/101110\/index.html\" target=\"_blank\">der ARD<\/a> betrifft das unter anderem die Seiten der <a href=\"http:\/\/www.tagesschau.de\" target=\"_blank\">Tagesschau<\/a>, <a href=\"http:\/\/daserste.de\" target=\"_blank\">daserste.de<\/a> und <a href=\"http:\/\/www.ard.de\" target=\"_blank\">ard.de<\/a>. Ab sofort bestimmen horizontale Themenbl\u00f6cke das Bild, die Seiten sind nun responsive f\u00fcr mobile Endger\u00e4te und vor allem: auch die Videoplayer und damit die Inhalte aus der Mediathek wuren f\u00fcr die mobile Nutzung angepasst.<\/p>\n<p><figure id=\"attachment_8864\" aria-describedby=\"caption-attachment-8864\" style=\"width: 300px\" class=\"wp-caption aligncenter\"><a href=\"https:\/\/blog.zeit.de\/netzfilmblog\/files\/2013\/04\/arte.jpg\"><img loading=\"lazy\" decoding=\"async\" src=\"https:\/\/blog.zeit.de\/netzfilmblog\/files\/2013\/04\/arte-300x85.jpg\" alt=\"\u00a9 Gugelproductions\" width=\"300\" height=\"85\" class=\"size-medium wp-image-8864\" srcset=\"https:\/\/blog.zeit.de\/netzfilmblog\/files\/2013\/04\/arte-300x85.jpg 300w, https:\/\/blog.zeit.de\/netzfilmblog\/files\/2013\/04\/arte.jpg 1024w\" sizes=\"auto, (max-width: 300px) 100vw, 300px\" \/><\/a><figcaption id=\"caption-attachment-8864\" class=\"wp-caption-text\">\u00a9 Gugelproductions<\/figcaption><\/figure><\/p>\n<p>Noch umfassender fiel der Umbau bei <a href=\"http:\/\/www.arte.tv\/de\" target=\"_blank\">Arte<\/a> und <a href=\"http:\/\/www.arte.tv\/guide\/de\/plus7\" target=\"_blank\">Arte+7<\/a> aus. Hier steht neben optischen Anpassungen  viel unter dem Motto &#8222;TV-Experience&#8220;, wie Bertram Gugel (der daran beteiligt war) <a href=\"http:\/\/www.gugelproductions.de\/blog\/2013\/tv-experience-im-web-alles-an-einem-ort.html\" target=\"_blank\">in einem l\u00e4ngeren Blogeintrag<\/a> zum Projekt schreibt. Ziel der Entwickler war es demzufolge, gleichzeitig das TV-Erlebnis mit den Vorteilen des Online-Mediums zu verbinden. So haben Shows inzwischen eigene URLs, die sich einfacher empfehlen und kopieren lassen &#8211; und damit nat\u00fcrlich auch die Diskussion \u00fcber Kommentare und soziale Netzwerke erleichtern (Stichwort Social TV). <\/p>\n<p>Gleichzeitig b\u00fcndelt Arte auf seinen Websites k\u00fcnftig besser die Informationen zu einzelnen Sendungen mit den jeweiligen Videos der Mediathek: Wenn das Programm in Zukunft l\u00e4uft, gibt es dort zun\u00e4chst eine Ank\u00fcndigung, zur Ausstrahlung dann den Livestream und wenig sp\u00e4ter den Link zur Mediathek. Der Vorteil: Programmheft und abrufbare Inhalte sind besser miteinander verkn\u00fcpft, die Verweildauer auf der Seite steigt. Und vor allem: Die Mediathek wirkt nicht mehr blo\u00df wie ein langweiliges Archiv, dessen Inhalte nach und nach verpuffen. Es macht mehr Spa\u00df, Sachen zu entdecken.<\/p>\n<p>Sowohl ARD als auch Arte haben also erkannt, dass die Pr\u00e4sentation der Inhalte auch online ein komplettes und schl\u00fcssiges Erlebnis f\u00fcr die Zuschauer bilden muss. Dazu geh\u00f6rt nicht blo\u00df die technische Optimierung auf verschiedene Endger\u00e4te, sondern auch das richtige Umfeld. Denn <a href=\"https:\/\/blog.zeit.de\/netzfilmblog\/2013\/04\/29\/fernsehen-linear-konsum-ott\/\" target=\"_blank\">je mehr Menschen TV-Inhalte on-demand gucken<\/a>, desto wichtiger wird die User-Experience im Netz.<\/p>\n","protected":false},"excerpt":{"rendered":"<p>Als h\u00e4tten sie meinen kritischen Beitrag \u00fcber die Mediatheken k\u00fcrzlich gelesen, haben in den vergangenen zwei Wochen sowohl Arte als auch die ARD ihre Online-Auftritte ma\u00dfgeblich \u00fcberarbeitet. Bei der ARD betrifft das unter anderem die Seiten der Tagesschau, daserste.de und ard.de. Ab sofort bestimmen horizontale Themenbl\u00f6cke das Bild, die Seiten sind nun responsive f\u00fcr mobile [&hellip;]<\/p>\n","protected":false},"author":304,"featured_media":0,"comment_status":"open","ping_status":"open","sticky":false,"template":"","format":"standard","meta":{"_jetpack_memberships_contains_paid_content":false,"footnotes":""},"categories":[15393],"tags":[9849,13656,26153,20439],"class_list":["post-8862","post","type-post","status-publish","format-standard","hentry","category-netzfilm","tag-ard","tag-arte","tag-mediathek","tag-offentlich-rechtliche"],"yoast_head":"<!-- This site is optimized with the Yoast SEO plugin v21.0 - https:\/\/yoast.com\/wordpress\/plugins\/seo\/ -->\n<title>Relaunch bei Arte und der ARD - Netzfilmblog<\/title>\n<meta name=\"robots\" content=\"index, follow, max-snippet:-1, max-image-preview:large, max-video-preview:-1\" \/>\n<link rel=\"canonical\" href=\"https:\/\/blog.zeit.de\/netzfilmblog\/2013\/04\/30\/ard-arte-relaunch-mediathek\/\" \/>\n<meta property=\"og:locale\" content=\"de_DE\" \/>\n<meta property=\"og:type\" content=\"article\" \/>\n<meta property=\"og:title\" content=\"Relaunch bei Arte und der ARD - Netzfilmblog\" \/>\n<meta property=\"og:description\" content=\"Als h\u00e4tten sie meinen kritischen Beitrag \u00fcber die Mediatheken k\u00fcrzlich gelesen, haben in den vergangenen zwei Wochen sowohl Arte als auch die ARD ihre Online-Auftritte ma\u00dfgeblich \u00fcberarbeitet. Bei der ARD betrifft das unter anderem die Seiten der Tagesschau, daserste.de und ard.de. Ab sofort bestimmen horizontale Themenbl\u00f6cke das Bild, die Seiten sind nun responsive f\u00fcr mobile [&hellip;]\" \/>\n<meta property=\"og:url\" content=\"https:\/\/blog.zeit.de\/netzfilmblog\/2013\/04\/30\/ard-arte-relaunch-mediathek\/\" \/>\n<meta property=\"og:site_name\" content=\"Netzfilmblog\" \/>\n<meta property=\"article:published_time\" content=\"2013-04-30T12:43:23+00:00\" \/>\n<meta property=\"article:modified_time\" content=\"2013-04-30T12:46:23+00:00\" \/>\n<meta property=\"og:image\" content=\"https:\/\/blog.zeit.de\/netzfilmblog\/files\/2013\/04\/arte-300x85.jpg\" \/>\n<meta name=\"author\" content=\"Eike K\u00fchl\" \/>\n<meta name=\"twitter:label1\" content=\"Geschrieben von\" \/>\n\t<meta name=\"twitter:data1\" content=\"Eike K\u00fchl\" \/>\n\t<meta name=\"twitter:label2\" content=\"Gesch\u00e4tzte Lesezeit\" \/>\n\t<meta name=\"twitter:data2\" content=\"2\u00a0Minuten\" \/>\n<script type=\"application\/ld+json\" class=\"yoast-schema-graph\">{\"@context\":\"https:\/\/schema.org\",\"@graph\":[{\"@type\":\"WebPage\",\"@id\":\"https:\/\/blog.zeit.de\/netzfilmblog\/2013\/04\/30\/ard-arte-relaunch-mediathek\/\",\"url\":\"https:\/\/blog.zeit.de\/netzfilmblog\/2013\/04\/30\/ard-arte-relaunch-mediathek\/\",\"name\":\"Relaunch bei Arte und der ARD - Netzfilmblog\",\"isPartOf\":{\"@id\":\"https:\/\/blog.zeit.de\/netzfilmblog\/#website\"},\"datePublished\":\"2013-04-30T12:43:23+00:00\",\"dateModified\":\"2013-04-30T12:46:23+00:00\",\"author\":{\"@id\":\"https:\/\/blog.zeit.de\/netzfilmblog\/#\/schema\/person\/d0be432685b68611fdcb91d565e60cc8\"},\"breadcrumb\":{\"@id\":\"https:\/\/blog.zeit.de\/netzfilmblog\/2013\/04\/30\/ard-arte-relaunch-mediathek\/#breadcrumb\"},\"inLanguage\":\"de\",\"potentialAction\":[{\"@type\":\"ReadAction\",\"target\":[\"https:\/\/blog.zeit.de\/netzfilmblog\/2013\/04\/30\/ard-arte-relaunch-mediathek\/\"]}]},{\"@type\":\"BreadcrumbList\",\"@id\":\"https:\/\/blog.zeit.de\/netzfilmblog\/2013\/04\/30\/ard-arte-relaunch-mediathek\/#breadcrumb\",\"itemListElement\":[{\"@type\":\"ListItem\",\"position\":1,\"name\":\"Startseite\",\"item\":\"https:\/\/blog.zeit.de\/netzfilmblog\/\"},{\"@type\":\"ListItem\",\"position\":2,\"name\":\"Relaunch bei Arte und der ARD\"}]},{\"@type\":\"WebSite\",\"@id\":\"https:\/\/blog.zeit.de\/netzfilmblog\/#website\",\"url\":\"https:\/\/blog.zeit.de\/netzfilmblog\/\",\"name\":\"Netzfilmblog\",\"description\":\"Es geht auch ohne Fernsehen\",\"potentialAction\":[{\"@type\":\"SearchAction\",\"target\":{\"@type\":\"EntryPoint\",\"urlTemplate\":\"https:\/\/blog.zeit.de\/netzfilmblog\/?s={search_term_string}\"},\"query-input\":\"required name=search_term_string\"}],\"inLanguage\":\"de\"},{\"@type\":\"Person\",\"@id\":\"https:\/\/blog.zeit.de\/netzfilmblog\/#\/schema\/person\/d0be432685b68611fdcb91d565e60cc8\",\"name\":\"Eike K\u00fchl\",\"image\":{\"@type\":\"ImageObject\",\"inLanguage\":\"de\",\"@id\":\"https:\/\/blog.zeit.de\/netzfilmblog\/#\/schema\/person\/image\/\",\"url\":\"https:\/\/secure.gravatar.com\/avatar\/bdcf29e1806bbd217f5281d7b91e9f13c368e8f0141afdf3d1e016f921ab21be?s=96&d=mm&r=g\",\"contentUrl\":\"https:\/\/secure.gravatar.com\/avatar\/bdcf29e1806bbd217f5281d7b91e9f13c368e8f0141afdf3d1e016f921ab21be?s=96&d=mm&r=g\",\"caption\":\"Eike K\u00fchl\"},\"description\":\"ist Digital-Redakteur bei ZEIT ONLINE und besch\u00e4ftigt sich vor allem mit Games, Gadgets und Netzkultur.\",\"url\":\"https:\/\/blog.zeit.de\/netzfilmblog\/author\/eike-kuehl\/\"}]}<\/script>\n<!-- \/ Yoast SEO plugin. -->","yoast_head_json":{"title":"Relaunch bei Arte und der ARD - Netzfilmblog","robots":{"index":"index","follow":"follow","max-snippet":"max-snippet:-1","max-image-preview":"max-image-preview:large","max-video-preview":"max-video-preview:-1"},"canonical":"https:\/\/blog.zeit.de\/netzfilmblog\/2013\/04\/30\/ard-arte-relaunch-mediathek\/","og_locale":"de_DE","og_type":"article","og_title":"Relaunch bei Arte und der ARD - Netzfilmblog","og_description":"Als h\u00e4tten sie meinen kritischen Beitrag \u00fcber die Mediatheken k\u00fcrzlich gelesen, haben in den vergangenen zwei Wochen sowohl Arte als auch die ARD ihre Online-Auftritte ma\u00dfgeblich \u00fcberarbeitet. Bei der ARD betrifft das unter anderem die Seiten der Tagesschau, daserste.de und ard.de. Ab sofort bestimmen horizontale Themenbl\u00f6cke das Bild, die Seiten sind nun responsive f\u00fcr mobile [&hellip;]","og_url":"https:\/\/blog.zeit.de\/netzfilmblog\/2013\/04\/30\/ard-arte-relaunch-mediathek\/","og_site_name":"Netzfilmblog","article_published_time":"2013-04-30T12:43:23+00:00","article_modified_time":"2013-04-30T12:46:23+00:00","og_image":[{"url":"https:\/\/blog.zeit.de\/netzfilmblog\/files\/2013\/04\/arte-300x85.jpg"}],"author":"Eike K\u00fchl","twitter_misc":{"Geschrieben von":"Eike K\u00fchl","Gesch\u00e4tzte Lesezeit":"2\u00a0Minuten"},"schema":{"@context":"https:\/\/schema.org","@graph":[{"@type":"WebPage","@id":"https:\/\/blog.zeit.de\/netzfilmblog\/2013\/04\/30\/ard-arte-relaunch-mediathek\/","url":"https:\/\/blog.zeit.de\/netzfilmblog\/2013\/04\/30\/ard-arte-relaunch-mediathek\/","name":"Relaunch bei Arte und der ARD - Netzfilmblog","isPartOf":{"@id":"https:\/\/blog.zeit.de\/netzfilmblog\/#website"},"datePublished":"2013-04-30T12:43:23+00:00","dateModified":"2013-04-30T12:46:23+00:00","author":{"@id":"https:\/\/blog.zeit.de\/netzfilmblog\/#\/schema\/person\/d0be432685b68611fdcb91d565e60cc8"},"breadcrumb":{"@id":"https:\/\/blog.zeit.de\/netzfilmblog\/2013\/04\/30\/ard-arte-relaunch-mediathek\/#breadcrumb"},"inLanguage":"de","potentialAction":[{"@type":"ReadAction","target":["https:\/\/blog.zeit.de\/netzfilmblog\/2013\/04\/30\/ard-arte-relaunch-mediathek\/"]}]},{"@type":"BreadcrumbList","@id":"https:\/\/blog.zeit.de\/netzfilmblog\/2013\/04\/30\/ard-arte-relaunch-mediathek\/#breadcrumb","itemListElement":[{"@type":"ListItem","position":1,"name":"Startseite","item":"https:\/\/blog.zeit.de\/netzfilmblog\/"},{"@type":"ListItem","position":2,"name":"Relaunch bei Arte und der ARD"}]},{"@type":"WebSite","@id":"https:\/\/blog.zeit.de\/netzfilmblog\/#website","url":"https:\/\/blog.zeit.de\/netzfilmblog\/","name":"Netzfilmblog","description":"Es geht auch ohne Fernsehen","potentialAction":[{"@type":"SearchAction","target":{"@type":"EntryPoint","urlTemplate":"https:\/\/blog.zeit.de\/netzfilmblog\/?s={search_term_string}"},"query-input":"required name=search_term_string"}],"inLanguage":"de"},{"@type":"Person","@id":"https:\/\/blog.zeit.de\/netzfilmblog\/#\/schema\/person\/d0be432685b68611fdcb91d565e60cc8","name":"Eike K\u00fchl","image":{"@type":"ImageObject","inLanguage":"de","@id":"https:\/\/blog.zeit.de\/netzfilmblog\/#\/schema\/person\/image\/","url":"https:\/\/secure.gravatar.com\/avatar\/bdcf29e1806bbd217f5281d7b91e9f13c368e8f0141afdf3d1e016f921ab21be?s=96&d=mm&r=g","contentUrl":"https:\/\/secure.gravatar.com\/avatar\/bdcf29e1806bbd217f5281d7b91e9f13c368e8f0141afdf3d1e016f921ab21be?s=96&d=mm&r=g","caption":"Eike K\u00fchl"},"description":"ist Digital-Redakteur bei ZEIT ONLINE und besch\u00e4ftigt sich vor allem mit Games, Gadgets und Netzkultur.","url":"https:\/\/blog.zeit.de\/netzfilmblog\/author\/eike-kuehl\/"}]}},"jetpack_featured_media_url":"","jetpack_sharing_enabled":true,"_links":{"self":[{"href":"https:\/\/blog.zeit.de\/netzfilmblog\/wp-json\/wp\/v2\/posts\/8862","targetHints":{"allow":["GET"]}}],"collection":[{"href":"https:\/\/blog.zeit.de\/netzfilmblog\/wp-json\/wp\/v2\/posts"}],"about":[{"href":"https:\/\/blog.zeit.de\/netzfilmblog\/wp-json\/wp\/v2\/types\/post"}],"author":[{"embeddable":true,"href":"https:\/\/blog.zeit.de\/netzfilmblog\/wp-json\/wp\/v2\/users\/304"}],"replies":[{"embeddable":true,"href":"https:\/\/blog.zeit.de\/netzfilmblog\/wp-json\/wp\/v2\/comments?post=8862"}],"version-history":[{"count":7,"href":"https:\/\/blog.zeit.de\/netzfilmblog\/wp-json\/wp\/v2\/posts\/8862\/revisions"}],"predecessor-version":[{"id":8870,"href":"https:\/\/blog.zeit.de\/netzfilmblog\/wp-json\/wp\/v2\/posts\/8862\/revisions\/8870"}],"wp:attachment":[{"href":"https:\/\/blog.zeit.de\/netzfilmblog\/wp-json\/wp\/v2\/media?parent=8862"}],"wp:term":[{"taxonomy":"category","embeddable":true,"href":"https:\/\/blog.zeit.de\/netzfilmblog\/wp-json\/wp\/v2\/categories?post=8862"},{"taxonomy":"post_tag","embeddable":true,"href":"https:\/\/blog.zeit.de\/netzfilmblog\/wp-json\/wp\/v2\/tags?post=8862"}],"curies":[{"name":"wp","href":"https:\/\/api.w.org\/{rel}","templated":true}]}}