{"id":8889,"date":"2013-05-03T11:00:26","date_gmt":"2013-05-03T09:00:26","guid":{"rendered":"http:\/\/blog.zeit.de\/netzfilmblog\/?p=8889"},"modified":"2013-05-03T11:24:46","modified_gmt":"2013-05-03T09:24:46","slug":"webvideopreis-2013-nominierung","status":"publish","type":"post","link":"https:\/\/blog.zeit.de\/netzfilmblog\/2013\/05\/03\/webvideopreis-2013-nominierung\/","title":{"rendered":"Webvideopreis 2013: Die Nominierten"},"content":{"rendered":"<p>Der Deutsche Webvideopreis 2013 geht in die entscheidende Phase. Noch bis zum 23. Mai kann f\u00fcr <a href=\"http:\/\/webvideopreis.de\/nominiert\/\" target=\"_blank\">die Nominierten<\/a> abgestimmt werden. Zur Auswahl gibt es jeweils sechs Videos in insgesamt elf Kategorien, in denen sowohl Zuschauer als auch die Jury gleichberechtigt abstimmen und zwei zus\u00e4tzliche Kategorien, die allein der Jury vorbehalten sind. Gez\u00e4hlt werden Verlinkungen, Shares, Likes und Tweets zu den Videos. <\/p>\n<p>Mit dabei sind erwartungsgem\u00e4\u00df einige bekannte deutsche Webvideostars wie der Gamer <a href=\"http:\/\/webvideopreis.de\/nominiert\/lets-play\/\" target=\"_blank\">Gronkh<\/a>, die durch ihre Popsong-Parodien bekannten Br\u00fcder <a href=\"http:\/\/webvideopreis.de\/nominiert\/lol\/\" target=\"_blank\">Die Lochis<\/a> und das YouTube-Allstar-Projekt <em><a href=\"http:\/\/webvideopreis.de\/nominiert\/action\/krieg-spielen\/\" target=\"_blank\">Krieg Spielen!<\/a><\/em> der Space Frogs.<\/p>\n<p>Es geht aber nicht immer nur um Spa\u00df: In der Kategorie FYI sind etwa auch die <a href=\"https:\/\/blog.zeit.de\/netzfilmblog\/2012\/12\/19\/muenchen-kammerorchester-korea-goethe-institut\/\" target=\"_blank\">Reise des M\u00fcnchner Kammerorchesters<\/a> nach Nordkorea sowie eine <a href=\"http:\/\/www.youtube.com\/watch?v=-M1_eqzIRH8&#038;feature=player_embedded\" target=\"_blank\">30-min\u00fctige Syrien-Dokumentation<\/a> nominiert. Und auch die Webserie <em>Shore, Stein, Papier<\/em>, die wir <a href=\"https:\/\/blog.zeit.de\/netzfilmblog\/2013\/04\/18\/shore-stein-papier-zqnce-serie-youtube\/\" target=\"_blank\">hier k\u00fcrzlich pr\u00e4sentierten<\/a>, hat es in die Endrunde geschafft.<\/p>\n<p>Auch sch\u00f6n: In der <a href=\"http:\/\/webvideopreis.de\/nominiert\/fail\/\" target=\"_blank\">Kategorie Fail<\/a> (aka der &#8222;Silberne Sellerie&#8220;) findet sich mit Edeka, McDonalds und den &#8222;Movie Stars&#8220; der Sparda Bank ein Best-of peinlicher Imagefilme aus dem vergangenen Jahr.<\/p>\n<p>Die Preisverleihung findet am 25. Mai in D\u00fcsseldorf statt und wird live im Netz gestreamt.<\/p>\n\n<div class=\"embed-wrapper embed-wrapper--blocked js-embed-consent\" data-method=\"iframe\">\n<script class=\"raw__source\" type=\"text\/template\"><iframe loading=\"lazy\" width=\"580\" height=\"326\" src=\"http:\/\/www.youtube.com\/embed\/XLhHeNO9Q4g\" frameborder=\"0\" allowfullscreen><\/iframe><\/script>\n<div class=\"embed-wrapper__inner\">\n<div class=\"embed-wrapper__text\">\n<h3>Empfohlener redaktioneller Inhalt<\/h3>\n<p data-replace=\"no\">An dieser Stelle finden Sie externen Inhalt, der den Artikel erg\u00e4nzt. Sie k\u00f6nnen sich externe Inhalte mit einem Klick anzeigen lassen und wieder ausblenden.<noscript>Bitte aktivieren Sie JavaScript damit Sie diesen Inhalt anzeigen k\u00f6nnen.<\/noscript><\/p>\n<\/div>\n<div class=\"embed-consent\">\n<label class=\"embed-consent__toggle\">\n<input class=\"js-embed-consent__toggle\" type=\"checkbox\" autocomplete=\"off\">\n<span><\/span>\nExterner Inhalt\n<\/label>\n<a href=\"https:\/\/www.zeit.de\/hilfe\/datenschutz\" target=\"_blank\" class=\"embed-consent__datalink-when-active\">Datenschutzerkl\u00e4rung<\/a>\n<\/div>\n<div class=\"embed-wrapper__footer\">\n<p data-replace=\"no\">\nIch bin damit einverstanden, dass mir externe Inhalte angezeigt werden. Damit k\u00f6nnen personenbezogene Daten an Drittplattformen \u00fcbermittelt werden. <a href=\"https:\/\/www.zeit.de\/hilfe\/datenschutz\" target=\"_blank\">Mehr dazu in unserer Datenschutzerkl\u00e4rung.<\/a>\n<\/p>\n<\/div>\n<\/div>\n<\/div>\n","protected":false},"excerpt":{"rendered":"<p>Der Deutsche Webvideopreis 2013 geht in die entscheidende Phase. Noch bis zum 23. Mai kann f\u00fcr die Nominierten abgestimmt werden. Zur Auswahl gibt es jeweils sechs Videos in insgesamt elf Kategorien, in denen sowohl Zuschauer als auch die Jury gleichberechtigt abstimmen und zwei zus\u00e4tzliche Kategorien, die allein der Jury vorbehalten sind. Gez\u00e4hlt werden Verlinkungen, Shares, [&hellip;]<\/p>\n","protected":false},"author":304,"featured_media":0,"comment_status":"open","ping_status":"open","sticky":false,"template":"","format":"standard","meta":{"_jetpack_memberships_contains_paid_content":false,"footnotes":""},"categories":[15393],"tags":[16083],"class_list":["post-8889","post","type-post","status-publish","format-standard","hentry","category-netzfilm","tag-webvideopreis"],"yoast_head":"<!-- This site is optimized with the Yoast SEO plugin v21.0 - https:\/\/yoast.com\/wordpress\/plugins\/seo\/ -->\n<title>Webvideopreis 2013: Die Nominierten - Netzfilmblog<\/title>\n<meta name=\"robots\" content=\"index, follow, max-snippet:-1, max-image-preview:large, max-video-preview:-1\" \/>\n<link rel=\"canonical\" href=\"https:\/\/blog.zeit.de\/netzfilmblog\/2013\/05\/03\/webvideopreis-2013-nominierung\/\" \/>\n<meta property=\"og:locale\" content=\"de_DE\" \/>\n<meta property=\"og:type\" content=\"article\" \/>\n<meta property=\"og:title\" content=\"Webvideopreis 2013: Die Nominierten - Netzfilmblog\" \/>\n<meta property=\"og:description\" content=\"Der Deutsche Webvideopreis 2013 geht in die entscheidende Phase. Noch bis zum 23. Mai kann f\u00fcr die Nominierten abgestimmt werden. Zur Auswahl gibt es jeweils sechs Videos in insgesamt elf Kategorien, in denen sowohl Zuschauer als auch die Jury gleichberechtigt abstimmen und zwei zus\u00e4tzliche Kategorien, die allein der Jury vorbehalten sind. Gez\u00e4hlt werden Verlinkungen, Shares, [&hellip;]\" \/>\n<meta property=\"og:url\" content=\"https:\/\/blog.zeit.de\/netzfilmblog\/2013\/05\/03\/webvideopreis-2013-nominierung\/\" \/>\n<meta property=\"og:site_name\" content=\"Netzfilmblog\" \/>\n<meta property=\"article:published_time\" content=\"2013-05-03T09:00:26+00:00\" \/>\n<meta property=\"article:modified_time\" content=\"2013-05-03T09:24:46+00:00\" \/>\n<meta name=\"author\" content=\"Eike K\u00fchl\" \/>\n<meta name=\"twitter:label1\" content=\"Geschrieben von\" \/>\n\t<meta name=\"twitter:data1\" content=\"Eike K\u00fchl\" \/>\n\t<meta name=\"twitter:label2\" content=\"Gesch\u00e4tzte Lesezeit\" \/>\n\t<meta name=\"twitter:data2\" content=\"1\u00a0Minute\" \/>\n<script type=\"application\/ld+json\" class=\"yoast-schema-graph\">{\"@context\":\"https:\/\/schema.org\",\"@graph\":[{\"@type\":\"WebPage\",\"@id\":\"https:\/\/blog.zeit.de\/netzfilmblog\/2013\/05\/03\/webvideopreis-2013-nominierung\/\",\"url\":\"https:\/\/blog.zeit.de\/netzfilmblog\/2013\/05\/03\/webvideopreis-2013-nominierung\/\",\"name\":\"Webvideopreis 2013: Die Nominierten - Netzfilmblog\",\"isPartOf\":{\"@id\":\"https:\/\/blog.zeit.de\/netzfilmblog\/#website\"},\"datePublished\":\"2013-05-03T09:00:26+00:00\",\"dateModified\":\"2013-05-03T09:24:46+00:00\",\"author\":{\"@id\":\"https:\/\/blog.zeit.de\/netzfilmblog\/#\/schema\/person\/d0be432685b68611fdcb91d565e60cc8\"},\"breadcrumb\":{\"@id\":\"https:\/\/blog.zeit.de\/netzfilmblog\/2013\/05\/03\/webvideopreis-2013-nominierung\/#breadcrumb\"},\"inLanguage\":\"de\",\"potentialAction\":[{\"@type\":\"ReadAction\",\"target\":[\"https:\/\/blog.zeit.de\/netzfilmblog\/2013\/05\/03\/webvideopreis-2013-nominierung\/\"]}]},{\"@type\":\"BreadcrumbList\",\"@id\":\"https:\/\/blog.zeit.de\/netzfilmblog\/2013\/05\/03\/webvideopreis-2013-nominierung\/#breadcrumb\",\"itemListElement\":[{\"@type\":\"ListItem\",\"position\":1,\"name\":\"Startseite\",\"item\":\"https:\/\/blog.zeit.de\/netzfilmblog\/\"},{\"@type\":\"ListItem\",\"position\":2,\"name\":\"Webvideopreis 2013: Die Nominierten\"}]},{\"@type\":\"WebSite\",\"@id\":\"https:\/\/blog.zeit.de\/netzfilmblog\/#website\",\"url\":\"https:\/\/blog.zeit.de\/netzfilmblog\/\",\"name\":\"Netzfilmblog\",\"description\":\"Es geht auch ohne Fernsehen\",\"potentialAction\":[{\"@type\":\"SearchAction\",\"target\":{\"@type\":\"EntryPoint\",\"urlTemplate\":\"https:\/\/blog.zeit.de\/netzfilmblog\/?s={search_term_string}\"},\"query-input\":\"required name=search_term_string\"}],\"inLanguage\":\"de\"},{\"@type\":\"Person\",\"@id\":\"https:\/\/blog.zeit.de\/netzfilmblog\/#\/schema\/person\/d0be432685b68611fdcb91d565e60cc8\",\"name\":\"Eike K\u00fchl\",\"image\":{\"@type\":\"ImageObject\",\"inLanguage\":\"de\",\"@id\":\"https:\/\/blog.zeit.de\/netzfilmblog\/#\/schema\/person\/image\/\",\"url\":\"https:\/\/secure.gravatar.com\/avatar\/bdcf29e1806bbd217f5281d7b91e9f13c368e8f0141afdf3d1e016f921ab21be?s=96&d=mm&r=g\",\"contentUrl\":\"https:\/\/secure.gravatar.com\/avatar\/bdcf29e1806bbd217f5281d7b91e9f13c368e8f0141afdf3d1e016f921ab21be?s=96&d=mm&r=g\",\"caption\":\"Eike K\u00fchl\"},\"description\":\"ist Digital-Redakteur bei ZEIT ONLINE und besch\u00e4ftigt sich vor allem mit Games, Gadgets und Netzkultur.\",\"url\":\"https:\/\/blog.zeit.de\/netzfilmblog\/author\/eike-kuehl\/\"}]}<\/script>\n<!-- \/ Yoast SEO plugin. -->","yoast_head_json":{"title":"Webvideopreis 2013: Die Nominierten - Netzfilmblog","robots":{"index":"index","follow":"follow","max-snippet":"max-snippet:-1","max-image-preview":"max-image-preview:large","max-video-preview":"max-video-preview:-1"},"canonical":"https:\/\/blog.zeit.de\/netzfilmblog\/2013\/05\/03\/webvideopreis-2013-nominierung\/","og_locale":"de_DE","og_type":"article","og_title":"Webvideopreis 2013: Die Nominierten - Netzfilmblog","og_description":"Der Deutsche Webvideopreis 2013 geht in die entscheidende Phase. Noch bis zum 23. Mai kann f\u00fcr die Nominierten abgestimmt werden. Zur Auswahl gibt es jeweils sechs Videos in insgesamt elf Kategorien, in denen sowohl Zuschauer als auch die Jury gleichberechtigt abstimmen und zwei zus\u00e4tzliche Kategorien, die allein der Jury vorbehalten sind. Gez\u00e4hlt werden Verlinkungen, Shares, [&hellip;]","og_url":"https:\/\/blog.zeit.de\/netzfilmblog\/2013\/05\/03\/webvideopreis-2013-nominierung\/","og_site_name":"Netzfilmblog","article_published_time":"2013-05-03T09:00:26+00:00","article_modified_time":"2013-05-03T09:24:46+00:00","author":"Eike K\u00fchl","twitter_misc":{"Geschrieben von":"Eike K\u00fchl","Gesch\u00e4tzte Lesezeit":"1\u00a0Minute"},"schema":{"@context":"https:\/\/schema.org","@graph":[{"@type":"WebPage","@id":"https:\/\/blog.zeit.de\/netzfilmblog\/2013\/05\/03\/webvideopreis-2013-nominierung\/","url":"https:\/\/blog.zeit.de\/netzfilmblog\/2013\/05\/03\/webvideopreis-2013-nominierung\/","name":"Webvideopreis 2013: Die Nominierten - Netzfilmblog","isPartOf":{"@id":"https:\/\/blog.zeit.de\/netzfilmblog\/#website"},"datePublished":"2013-05-03T09:00:26+00:00","dateModified":"2013-05-03T09:24:46+00:00","author":{"@id":"https:\/\/blog.zeit.de\/netzfilmblog\/#\/schema\/person\/d0be432685b68611fdcb91d565e60cc8"},"breadcrumb":{"@id":"https:\/\/blog.zeit.de\/netzfilmblog\/2013\/05\/03\/webvideopreis-2013-nominierung\/#breadcrumb"},"inLanguage":"de","potentialAction":[{"@type":"ReadAction","target":["https:\/\/blog.zeit.de\/netzfilmblog\/2013\/05\/03\/webvideopreis-2013-nominierung\/"]}]},{"@type":"BreadcrumbList","@id":"https:\/\/blog.zeit.de\/netzfilmblog\/2013\/05\/03\/webvideopreis-2013-nominierung\/#breadcrumb","itemListElement":[{"@type":"ListItem","position":1,"name":"Startseite","item":"https:\/\/blog.zeit.de\/netzfilmblog\/"},{"@type":"ListItem","position":2,"name":"Webvideopreis 2013: Die Nominierten"}]},{"@type":"WebSite","@id":"https:\/\/blog.zeit.de\/netzfilmblog\/#website","url":"https:\/\/blog.zeit.de\/netzfilmblog\/","name":"Netzfilmblog","description":"Es geht auch ohne Fernsehen","potentialAction":[{"@type":"SearchAction","target":{"@type":"EntryPoint","urlTemplate":"https:\/\/blog.zeit.de\/netzfilmblog\/?s={search_term_string}"},"query-input":"required name=search_term_string"}],"inLanguage":"de"},{"@type":"Person","@id":"https:\/\/blog.zeit.de\/netzfilmblog\/#\/schema\/person\/d0be432685b68611fdcb91d565e60cc8","name":"Eike K\u00fchl","image":{"@type":"ImageObject","inLanguage":"de","@id":"https:\/\/blog.zeit.de\/netzfilmblog\/#\/schema\/person\/image\/","url":"https:\/\/secure.gravatar.com\/avatar\/bdcf29e1806bbd217f5281d7b91e9f13c368e8f0141afdf3d1e016f921ab21be?s=96&d=mm&r=g","contentUrl":"https:\/\/secure.gravatar.com\/avatar\/bdcf29e1806bbd217f5281d7b91e9f13c368e8f0141afdf3d1e016f921ab21be?s=96&d=mm&r=g","caption":"Eike K\u00fchl"},"description":"ist Digital-Redakteur bei ZEIT ONLINE und besch\u00e4ftigt sich vor allem mit Games, Gadgets und Netzkultur.","url":"https:\/\/blog.zeit.de\/netzfilmblog\/author\/eike-kuehl\/"}]}},"jetpack_featured_media_url":"","jetpack_sharing_enabled":true,"_links":{"self":[{"href":"https:\/\/blog.zeit.de\/netzfilmblog\/wp-json\/wp\/v2\/posts\/8889","targetHints":{"allow":["GET"]}}],"collection":[{"href":"https:\/\/blog.zeit.de\/netzfilmblog\/wp-json\/wp\/v2\/posts"}],"about":[{"href":"https:\/\/blog.zeit.de\/netzfilmblog\/wp-json\/wp\/v2\/types\/post"}],"author":[{"embeddable":true,"href":"https:\/\/blog.zeit.de\/netzfilmblog\/wp-json\/wp\/v2\/users\/304"}],"replies":[{"embeddable":true,"href":"https:\/\/blog.zeit.de\/netzfilmblog\/wp-json\/wp\/v2\/comments?post=8889"}],"version-history":[{"count":12,"href":"https:\/\/blog.zeit.de\/netzfilmblog\/wp-json\/wp\/v2\/posts\/8889\/revisions"}],"predecessor-version":[{"id":8901,"href":"https:\/\/blog.zeit.de\/netzfilmblog\/wp-json\/wp\/v2\/posts\/8889\/revisions\/8901"}],"wp:attachment":[{"href":"https:\/\/blog.zeit.de\/netzfilmblog\/wp-json\/wp\/v2\/media?parent=8889"}],"wp:term":[{"taxonomy":"category","embeddable":true,"href":"https:\/\/blog.zeit.de\/netzfilmblog\/wp-json\/wp\/v2\/categories?post=8889"},{"taxonomy":"post_tag","embeddable":true,"href":"https:\/\/blog.zeit.de\/netzfilmblog\/wp-json\/wp\/v2\/tags?post=8889"}],"curies":[{"name":"wp","href":"https:\/\/api.w.org\/{rel}","templated":true}]}}