{"id":9374,"date":"2013-06-03T13:30:39","date_gmt":"2013-06-03T11:30:39","guid":{"rendered":"http:\/\/blog.zeit.de\/netzfilmblog\/?p=9374"},"modified":"2013-06-03T13:30:39","modified_gmt":"2013-06-03T11:30:39","slug":"webdoku-konferenz-berlin-storytelling-online","status":"publish","type":"post","link":"https:\/\/blog.zeit.de\/netzfilmblog\/2013\/06\/03\/webdoku-konferenz-berlin-storytelling-online\/","title":{"rendered":"Storytelling Online: Webdoku-Konferenz in Berlin"},"content":{"rendered":"<p><a href=\"https:\/\/blog.zeit.de\/netzfilmblog\/files\/2013\/06\/affiche.jpeg\"><img loading=\"lazy\" decoding=\"async\" src=\"https:\/\/blog.zeit.de\/netzfilmblog\/files\/2013\/06\/affiche.jpeg\" alt=\"affiche\" width=\"453\" height=\"640\" class=\"aligncenter size-full wp-image-9375\" srcset=\"https:\/\/blog.zeit.de\/netzfilmblog\/files\/2013\/06\/affiche.jpeg 453w, https:\/\/blog.zeit.de\/netzfilmblog\/files\/2013\/06\/affiche-212x300.jpeg 212w\" sizes=\"auto, (max-width: 453px) 100vw, 453px\" \/><\/a><\/p>\n<p>Wie <em>Webdoku.de<\/em> <a href=\"http:\/\/webdoku.de\/2013\/06\/01\/webdoku-konferenz-startet-am-6-juni-in-berlin\/?utm_source=rss&#038;utm_medium=rss&#038;utm_campaign=webdoku-konferenz-startet-am-6-juni-in-berlin\" target=\"_blank\">berichtet<\/a>, findet mit <a href=\"http:\/\/storytelling-online.com\/\" target=\"_blank\">Storytelling Online<\/a> von Donnerstag bis einschlie\u00dflich Samstag die erste Berliner Webdoku-Konferenz statt. Im Kino der <a href=\"http:\/\/www.brotfabrik-berlin.de\/\" target=\"_blank\">Brotfabrik in Wei\u00dfensee<\/a> werden <a href=\"http:\/\/storytelling-online.com\/programm.php\" target=\"_blank\">ausgew\u00e4hlte Webdokus gezeigt<\/a>, dar\u00fcberhinaus gibt es Vortr\u00e4ge von und Diskussionen mit den Machern. Los geht es jeweils um 18 Uhr, der <strong>Eintritt ist frei<\/strong>. <\/p>\n<blockquote><p>Die &#8222;Storytelling Online&#8220;-Vortragsreihe richtet sich an alle, die an neuen Erz\u00e4hlformen im Bereich der Dokumentation und Reportage interessiert sind. Ziel ist es, neue Formen des Dokumentarfilms vorzustellen und zu diskutieren. Die aus der Entwicklung der digitalen Medien entstandenen neuen Erz\u00e4hlweisen kombinieren verschiedenste Formate: Video, Foto, Ton, Animation und Infografik. Ein interaktiver und partizipativer Erz\u00e4hlansatz wird m\u00f6glich.<\/p><\/blockquote>\n","protected":false},"excerpt":{"rendered":"<p>Wie Webdoku.de berichtet, findet mit Storytelling Online von Donnerstag bis einschlie\u00dflich Samstag die erste Berliner Webdoku-Konferenz statt. Im Kino der Brotfabrik in Wei\u00dfensee werden ausgew\u00e4hlte Webdokus gezeigt, dar\u00fcberhinaus gibt es Vortr\u00e4ge von und Diskussionen mit den Machern. Los geht es jeweils um 18 Uhr, der Eintritt ist frei. Die &#8222;Storytelling Online&#8220;-Vortragsreihe richtet sich an alle, [&hellip;]<\/p>\n","protected":false},"author":304,"featured_media":0,"comment_status":"open","ping_status":"open","sticky":false,"template":"","format":"standard","meta":{"_jetpack_memberships_contains_paid_content":false,"footnotes":""},"categories":[288],"tags":[249,10735,26215,26214],"class_list":["post-9374","post","type-post","status-publish","format-standard","hentry","category-dokumentation","tag-berlin","tag-konferenz","tag-veranstaltung","tag-webfoku"],"yoast_head":"<!-- This site is optimized with the Yoast SEO plugin v21.0 - https:\/\/yoast.com\/wordpress\/plugins\/seo\/ -->\n<title>Storytelling Online: Webdoku-Konferenz in Berlin - Netzfilmblog<\/title>\n<meta name=\"robots\" content=\"index, follow, max-snippet:-1, max-image-preview:large, max-video-preview:-1\" \/>\n<link rel=\"canonical\" href=\"https:\/\/blog.zeit.de\/netzfilmblog\/2013\/06\/03\/webdoku-konferenz-berlin-storytelling-online\/\" \/>\n<meta property=\"og:locale\" content=\"de_DE\" \/>\n<meta property=\"og:type\" content=\"article\" \/>\n<meta property=\"og:title\" content=\"Storytelling Online: Webdoku-Konferenz in Berlin - Netzfilmblog\" \/>\n<meta property=\"og:description\" content=\"Wie Webdoku.de berichtet, findet mit Storytelling Online von Donnerstag bis einschlie\u00dflich Samstag die erste Berliner Webdoku-Konferenz statt. Im Kino der Brotfabrik in Wei\u00dfensee werden ausgew\u00e4hlte Webdokus gezeigt, dar\u00fcberhinaus gibt es Vortr\u00e4ge von und Diskussionen mit den Machern. Los geht es jeweils um 18 Uhr, der Eintritt ist frei. Die &#8222;Storytelling Online&#8220;-Vortragsreihe richtet sich an alle, [&hellip;]\" \/>\n<meta property=\"og:url\" content=\"https:\/\/blog.zeit.de\/netzfilmblog\/2013\/06\/03\/webdoku-konferenz-berlin-storytelling-online\/\" \/>\n<meta property=\"og:site_name\" content=\"Netzfilmblog\" \/>\n<meta property=\"article:published_time\" content=\"2013-06-03T11:30:39+00:00\" \/>\n<meta property=\"og:image\" content=\"https:\/\/blog.zeit.de\/netzfilmblog\/files\/2013\/06\/affiche.jpeg\" \/>\n<meta name=\"author\" content=\"Eike K\u00fchl\" \/>\n<meta name=\"twitter:label1\" content=\"Geschrieben von\" \/>\n\t<meta name=\"twitter:data1\" content=\"Eike K\u00fchl\" \/>\n\t<meta name=\"twitter:label2\" content=\"Gesch\u00e4tzte Lesezeit\" \/>\n\t<meta name=\"twitter:data2\" content=\"1\u00a0Minute\" \/>\n<script type=\"application\/ld+json\" class=\"yoast-schema-graph\">{\"@context\":\"https:\/\/schema.org\",\"@graph\":[{\"@type\":\"WebPage\",\"@id\":\"https:\/\/blog.zeit.de\/netzfilmblog\/2013\/06\/03\/webdoku-konferenz-berlin-storytelling-online\/\",\"url\":\"https:\/\/blog.zeit.de\/netzfilmblog\/2013\/06\/03\/webdoku-konferenz-berlin-storytelling-online\/\",\"name\":\"Storytelling Online: Webdoku-Konferenz in Berlin - Netzfilmblog\",\"isPartOf\":{\"@id\":\"https:\/\/blog.zeit.de\/netzfilmblog\/#website\"},\"datePublished\":\"2013-06-03T11:30:39+00:00\",\"dateModified\":\"2013-06-03T11:30:39+00:00\",\"author\":{\"@id\":\"https:\/\/blog.zeit.de\/netzfilmblog\/#\/schema\/person\/d0be432685b68611fdcb91d565e60cc8\"},\"breadcrumb\":{\"@id\":\"https:\/\/blog.zeit.de\/netzfilmblog\/2013\/06\/03\/webdoku-konferenz-berlin-storytelling-online\/#breadcrumb\"},\"inLanguage\":\"de\",\"potentialAction\":[{\"@type\":\"ReadAction\",\"target\":[\"https:\/\/blog.zeit.de\/netzfilmblog\/2013\/06\/03\/webdoku-konferenz-berlin-storytelling-online\/\"]}]},{\"@type\":\"BreadcrumbList\",\"@id\":\"https:\/\/blog.zeit.de\/netzfilmblog\/2013\/06\/03\/webdoku-konferenz-berlin-storytelling-online\/#breadcrumb\",\"itemListElement\":[{\"@type\":\"ListItem\",\"position\":1,\"name\":\"Startseite\",\"item\":\"https:\/\/blog.zeit.de\/netzfilmblog\/\"},{\"@type\":\"ListItem\",\"position\":2,\"name\":\"Storytelling Online: Webdoku-Konferenz in Berlin\"}]},{\"@type\":\"WebSite\",\"@id\":\"https:\/\/blog.zeit.de\/netzfilmblog\/#website\",\"url\":\"https:\/\/blog.zeit.de\/netzfilmblog\/\",\"name\":\"Netzfilmblog\",\"description\":\"Es geht auch ohne Fernsehen\",\"potentialAction\":[{\"@type\":\"SearchAction\",\"target\":{\"@type\":\"EntryPoint\",\"urlTemplate\":\"https:\/\/blog.zeit.de\/netzfilmblog\/?s={search_term_string}\"},\"query-input\":\"required name=search_term_string\"}],\"inLanguage\":\"de\"},{\"@type\":\"Person\",\"@id\":\"https:\/\/blog.zeit.de\/netzfilmblog\/#\/schema\/person\/d0be432685b68611fdcb91d565e60cc8\",\"name\":\"Eike K\u00fchl\",\"image\":{\"@type\":\"ImageObject\",\"inLanguage\":\"de\",\"@id\":\"https:\/\/blog.zeit.de\/netzfilmblog\/#\/schema\/person\/image\/\",\"url\":\"https:\/\/secure.gravatar.com\/avatar\/bdcf29e1806bbd217f5281d7b91e9f13c368e8f0141afdf3d1e016f921ab21be?s=96&d=mm&r=g\",\"contentUrl\":\"https:\/\/secure.gravatar.com\/avatar\/bdcf29e1806bbd217f5281d7b91e9f13c368e8f0141afdf3d1e016f921ab21be?s=96&d=mm&r=g\",\"caption\":\"Eike K\u00fchl\"},\"description\":\"ist Digital-Redakteur bei ZEIT ONLINE und besch\u00e4ftigt sich vor allem mit Games, Gadgets und Netzkultur.\",\"url\":\"https:\/\/blog.zeit.de\/netzfilmblog\/author\/eike-kuehl\/\"}]}<\/script>\n<!-- \/ Yoast SEO plugin. -->","yoast_head_json":{"title":"Storytelling Online: Webdoku-Konferenz in Berlin - Netzfilmblog","robots":{"index":"index","follow":"follow","max-snippet":"max-snippet:-1","max-image-preview":"max-image-preview:large","max-video-preview":"max-video-preview:-1"},"canonical":"https:\/\/blog.zeit.de\/netzfilmblog\/2013\/06\/03\/webdoku-konferenz-berlin-storytelling-online\/","og_locale":"de_DE","og_type":"article","og_title":"Storytelling Online: Webdoku-Konferenz in Berlin - Netzfilmblog","og_description":"Wie Webdoku.de berichtet, findet mit Storytelling Online von Donnerstag bis einschlie\u00dflich Samstag die erste Berliner Webdoku-Konferenz statt. Im Kino der Brotfabrik in Wei\u00dfensee werden ausgew\u00e4hlte Webdokus gezeigt, dar\u00fcberhinaus gibt es Vortr\u00e4ge von und Diskussionen mit den Machern. Los geht es jeweils um 18 Uhr, der Eintritt ist frei. Die &#8222;Storytelling Online&#8220;-Vortragsreihe richtet sich an alle, [&hellip;]","og_url":"https:\/\/blog.zeit.de\/netzfilmblog\/2013\/06\/03\/webdoku-konferenz-berlin-storytelling-online\/","og_site_name":"Netzfilmblog","article_published_time":"2013-06-03T11:30:39+00:00","og_image":[{"url":"https:\/\/blog.zeit.de\/netzfilmblog\/files\/2013\/06\/affiche.jpeg"}],"author":"Eike K\u00fchl","twitter_misc":{"Geschrieben von":"Eike K\u00fchl","Gesch\u00e4tzte Lesezeit":"1\u00a0Minute"},"schema":{"@context":"https:\/\/schema.org","@graph":[{"@type":"WebPage","@id":"https:\/\/blog.zeit.de\/netzfilmblog\/2013\/06\/03\/webdoku-konferenz-berlin-storytelling-online\/","url":"https:\/\/blog.zeit.de\/netzfilmblog\/2013\/06\/03\/webdoku-konferenz-berlin-storytelling-online\/","name":"Storytelling Online: Webdoku-Konferenz in Berlin - Netzfilmblog","isPartOf":{"@id":"https:\/\/blog.zeit.de\/netzfilmblog\/#website"},"datePublished":"2013-06-03T11:30:39+00:00","dateModified":"2013-06-03T11:30:39+00:00","author":{"@id":"https:\/\/blog.zeit.de\/netzfilmblog\/#\/schema\/person\/d0be432685b68611fdcb91d565e60cc8"},"breadcrumb":{"@id":"https:\/\/blog.zeit.de\/netzfilmblog\/2013\/06\/03\/webdoku-konferenz-berlin-storytelling-online\/#breadcrumb"},"inLanguage":"de","potentialAction":[{"@type":"ReadAction","target":["https:\/\/blog.zeit.de\/netzfilmblog\/2013\/06\/03\/webdoku-konferenz-berlin-storytelling-online\/"]}]},{"@type":"BreadcrumbList","@id":"https:\/\/blog.zeit.de\/netzfilmblog\/2013\/06\/03\/webdoku-konferenz-berlin-storytelling-online\/#breadcrumb","itemListElement":[{"@type":"ListItem","position":1,"name":"Startseite","item":"https:\/\/blog.zeit.de\/netzfilmblog\/"},{"@type":"ListItem","position":2,"name":"Storytelling Online: Webdoku-Konferenz in Berlin"}]},{"@type":"WebSite","@id":"https:\/\/blog.zeit.de\/netzfilmblog\/#website","url":"https:\/\/blog.zeit.de\/netzfilmblog\/","name":"Netzfilmblog","description":"Es geht auch ohne Fernsehen","potentialAction":[{"@type":"SearchAction","target":{"@type":"EntryPoint","urlTemplate":"https:\/\/blog.zeit.de\/netzfilmblog\/?s={search_term_string}"},"query-input":"required name=search_term_string"}],"inLanguage":"de"},{"@type":"Person","@id":"https:\/\/blog.zeit.de\/netzfilmblog\/#\/schema\/person\/d0be432685b68611fdcb91d565e60cc8","name":"Eike K\u00fchl","image":{"@type":"ImageObject","inLanguage":"de","@id":"https:\/\/blog.zeit.de\/netzfilmblog\/#\/schema\/person\/image\/","url":"https:\/\/secure.gravatar.com\/avatar\/bdcf29e1806bbd217f5281d7b91e9f13c368e8f0141afdf3d1e016f921ab21be?s=96&d=mm&r=g","contentUrl":"https:\/\/secure.gravatar.com\/avatar\/bdcf29e1806bbd217f5281d7b91e9f13c368e8f0141afdf3d1e016f921ab21be?s=96&d=mm&r=g","caption":"Eike K\u00fchl"},"description":"ist Digital-Redakteur bei ZEIT ONLINE und besch\u00e4ftigt sich vor allem mit Games, Gadgets und Netzkultur.","url":"https:\/\/blog.zeit.de\/netzfilmblog\/author\/eike-kuehl\/"}]}},"jetpack_featured_media_url":"","jetpack_sharing_enabled":true,"_links":{"self":[{"href":"https:\/\/blog.zeit.de\/netzfilmblog\/wp-json\/wp\/v2\/posts\/9374","targetHints":{"allow":["GET"]}}],"collection":[{"href":"https:\/\/blog.zeit.de\/netzfilmblog\/wp-json\/wp\/v2\/posts"}],"about":[{"href":"https:\/\/blog.zeit.de\/netzfilmblog\/wp-json\/wp\/v2\/types\/post"}],"author":[{"embeddable":true,"href":"https:\/\/blog.zeit.de\/netzfilmblog\/wp-json\/wp\/v2\/users\/304"}],"replies":[{"embeddable":true,"href":"https:\/\/blog.zeit.de\/netzfilmblog\/wp-json\/wp\/v2\/comments?post=9374"}],"version-history":[{"count":3,"href":"https:\/\/blog.zeit.de\/netzfilmblog\/wp-json\/wp\/v2\/posts\/9374\/revisions"}],"predecessor-version":[{"id":9378,"href":"https:\/\/blog.zeit.de\/netzfilmblog\/wp-json\/wp\/v2\/posts\/9374\/revisions\/9378"}],"wp:attachment":[{"href":"https:\/\/blog.zeit.de\/netzfilmblog\/wp-json\/wp\/v2\/media?parent=9374"}],"wp:term":[{"taxonomy":"category","embeddable":true,"href":"https:\/\/blog.zeit.de\/netzfilmblog\/wp-json\/wp\/v2\/categories?post=9374"},{"taxonomy":"post_tag","embeddable":true,"href":"https:\/\/blog.zeit.de\/netzfilmblog\/wp-json\/wp\/v2\/tags?post=9374"}],"curies":[{"name":"wp","href":"https:\/\/api.w.org\/{rel}","templated":true}]}}