{"id":10007,"date":"2015-10-01T08:47:35","date_gmt":"2015-10-01T06:47:35","guid":{"rendered":"http:\/\/blog.zeit.de\/nsu-prozess-blog\/?p=10007"},"modified":"2015-10-01T13:04:46","modified_gmt":"2015-10-01T11:04:46","slug":"medienlog-andre-e-tattoos-nsu","status":"publish","type":"post","link":"https:\/\/blog.zeit.de\/nsu-prozess-blog\/2015\/10\/01\/medienlog-andre-e-tattoos-nsu\/","title":{"rendered":"Beweise auf dem Bauch \u2013 das Medienlog vom Donnerstag, 1. Oktober 2015"},"content":{"rendered":"<p>Das M\u00fcnchner Oberlandesgericht hat sich am Mittwoch im NSU-Prozess mit einem ungew\u00f6hnlichen Beweis besch\u00e4ftigt: den T\u00e4towierungen des <a href=\"https:\/\/blog.zeit.de\/nsu-prozess-blog\/2014\/01\/21\/der-schatten-des-nsu\/\">Mitangeklagten Andr\u00e9 E.<\/a>, der mehrerer Hilfeleistungen f\u00fcr die Terrorzelle beschuldigt wird. Ein Ermittler des Bundeskriminalamts erkl\u00e4rte m\u00f6gliche Bedeutungen der Runen, die E. sich auf Arme, Nacken und Bauch hat stechen lassen. Zu lesen sind auf der Haut unter anderem das Wort &#8222;Stolz&#8220;, die NS-Parole &#8222;Du bist nichts, dein Volk ist alles&#8220; sowie ein rechtsextremer Zahlencode. \u00dcber seine Gesinnung verraten die Tattoos also m\u00f6glicherweise mehr als der schweigende Angeklagte selbst.<\/p>\n<p><!--more--><\/p>\n<p><em>An jedem Werktag sichten wir f\u00fcr das NSU-Prozess-Blog die Medien und stellen wichtige Berichte, Blogs, Videos und Tweets zusammen. Wir freuen uns \u00fcber Hinweise via Twitter mit dem Hashtag #nsublog \u2013 oder per E-Mail an <a href=\"mailto:nsublog@zeit.de\">nsublog@zeit.de<\/a>.<\/em><\/p>\n<p>Auch E.s Anw\u00e4lte \u00e4u\u00dfern sich nur selten. &#8222;Sie scheinen zu hoffen, mit einer m\u00f6glichst leisen Strategie k\u00f6nnten sie ihren Mandanten vor einem harten Urteil und dem erneuten Gang ins Gef\u00e4ngnis bewahren&#8220;, mutma\u00dft <a href=\"http:\/\/www.tagesspiegel.de\/politik\/233-verhandlungstag-im-nsu-prozess-wampe-mit-hassparole\/12391772.html\" target=\"_blank\"><em>Tagesspiegel<\/em><\/a>-Reporter Frank Jansen. E. selbst gebe sich im Saal betont cool und entspannt, die Verhandlung sitze &#8222;er mit einer Mimik ab, die eher zur l\u00e4stigen Wartezeit in einem Einwohnermeldeamt passt&#8220;.<\/p>\n<p>Grunds\u00e4tzlich seien die neben Beate Zsch\u00e4pe vier anderen Angeklagten vor Gericht nicht sehr pr\u00e4sent, schreibt Annette Ramelsberger von der <a href=\"http:\/\/www.sueddeutsche.de\/politik\/nsu-prozess-runen-auf-dem-bauch-1.2672256\" target=\"_blank\"><em>S\u00fcddeutschen Zeitung<\/em><\/a>: &#8222;Diese vier M\u00e4nner sitzen da schweigend, oft wie unsichtbar zwischen ihren Anw\u00e4lten.&#8220; E. sticht unter ihnen allerdings noch am st\u00e4rksten heraus \u2013 er sei ein &#8222;rechtsradikales Gesamtkunstwerk&#8220;.<\/p>\n<p>Zwei andere BKA-Beamte berichteten von der Befragung eines Taxifahrers, der das NSU-Trio im Sommer 2011 chauffiert hatte. Dabei unterzog sie Beate Zsch\u00e4pes Anwalt Wolfgang Stahl einer scharfen Vernehmung, wie Tim A\u00dfmann vom <a href=\"http:\/\/www.br.de\/nachrichten\/nsu-prozess\/150930-tagebuch-gerichtsreporter-100.html\" target=\"_blank\">Bayerischen Rundfunk<\/a> berichtet.<\/p>\n<p><em>Das n\u00e4chste Medienlog erscheint am Freitag, 2. Oktober 2015.<\/em><\/p>\n","protected":false},"excerpt":{"rendered":"<p>Das M\u00fcnchner Oberlandesgericht hat sich am Mittwoch im NSU-Prozess mit einem ungew\u00f6hnlichen Beweis besch\u00e4ftigt: den T\u00e4towierungen des Mitangeklagten Andr\u00e9 E., der mehrerer Hilfeleistungen f\u00fcr die Terrorzelle beschuldigt wird. Ein Ermittler des Bundeskriminalamts erkl\u00e4rte m\u00f6gliche Bedeutungen der Runen, die E. sich auf Arme, Nacken und Bauch hat stechen lassen. Zu lesen sind auf der Haut unter [&hellip;]<\/p>\n","protected":false},"author":435,"featured_media":0,"comment_status":"open","ping_status":"open","sticky":false,"template":"","format":"standard","meta":{"_jetpack_memberships_contains_paid_content":false,"footnotes":""},"categories":[27531],"tags":[27561,27562,35382,29427],"class_list":["post-10007","post","type-post","status-publish","format-standard","hentry","category-medienschau","tag-andre-e","tag-bka","tag-tatowierungen","tag-wolfgang-stahl"],"yoast_head":"<!-- This site is optimized with the Yoast SEO plugin v21.0 - https:\/\/yoast.com\/wordpress\/plugins\/seo\/ -->\n<title>Andr\u00e9 E.: Beweise auf dem Bauch<\/title>\n<meta name=\"description\" content=\"Andr\u00e9 E. h\u00e4lt sich im NSU-Prozess auff\u00e4llig zur\u00fcck. Wohl auch deshalb wurden seine T\u00e4towierungen als Indizien angef\u00fchrt.\" \/>\n<meta name=\"robots\" content=\"index, follow, max-snippet:-1, max-image-preview:large, max-video-preview:-1\" \/>\n<link rel=\"canonical\" href=\"https:\/\/blog.zeit.de\/nsu-prozess-blog\/2015\/10\/01\/medienlog-andre-e-tattoos-nsu\/\" \/>\n<meta property=\"og:locale\" content=\"de_DE\" \/>\n<meta property=\"og:type\" content=\"article\" \/>\n<meta property=\"og:title\" content=\"Andr\u00e9 E.: Beweise auf dem Bauch\" \/>\n<meta property=\"og:description\" content=\"Andr\u00e9 E. h\u00e4lt sich im NSU-Prozess auff\u00e4llig zur\u00fcck. Wohl auch deshalb wurden seine T\u00e4towierungen als Indizien angef\u00fchrt.\" \/>\n<meta property=\"og:url\" content=\"https:\/\/blog.zeit.de\/nsu-prozess-blog\/2015\/10\/01\/medienlog-andre-e-tattoos-nsu\/\" \/>\n<meta property=\"og:site_name\" content=\"Das NSU-Prozess-Blog\" \/>\n<meta property=\"article:published_time\" content=\"2015-10-01T06:47:35+00:00\" \/>\n<meta property=\"article:modified_time\" content=\"2015-10-01T11:04:46+00:00\" \/>\n<meta name=\"author\" content=\"Tom Sundermann\" \/>\n<meta name=\"twitter:label1\" content=\"Geschrieben von\" \/>\n\t<meta name=\"twitter:data1\" content=\"Tom Sundermann\" \/>\n\t<meta name=\"twitter:label2\" content=\"Gesch\u00e4tzte Lesezeit\" \/>\n\t<meta name=\"twitter:data2\" content=\"2\u00a0Minuten\" \/>\n<script type=\"application\/ld+json\" class=\"yoast-schema-graph\">{\"@context\":\"https:\/\/schema.org\",\"@graph\":[{\"@type\":\"WebPage\",\"@id\":\"https:\/\/blog.zeit.de\/nsu-prozess-blog\/2015\/10\/01\/medienlog-andre-e-tattoos-nsu\/\",\"url\":\"https:\/\/blog.zeit.de\/nsu-prozess-blog\/2015\/10\/01\/medienlog-andre-e-tattoos-nsu\/\",\"name\":\"Andr\u00e9 E.: Beweise auf dem Bauch\",\"isPartOf\":{\"@id\":\"https:\/\/blog.zeit.de\/nsu-prozess-blog\/#website\"},\"datePublished\":\"2015-10-01T06:47:35+00:00\",\"dateModified\":\"2015-10-01T11:04:46+00:00\",\"author\":{\"@id\":\"https:\/\/blog.zeit.de\/nsu-prozess-blog\/#\/schema\/person\/553ea9bb5d1fc2ae054c589bd59380a5\"},\"description\":\"Andr\u00e9 E. h\u00e4lt sich im NSU-Prozess auff\u00e4llig zur\u00fcck. Wohl auch deshalb wurden seine T\u00e4towierungen als Indizien angef\u00fchrt.\",\"breadcrumb\":{\"@id\":\"https:\/\/blog.zeit.de\/nsu-prozess-blog\/2015\/10\/01\/medienlog-andre-e-tattoos-nsu\/#breadcrumb\"},\"inLanguage\":\"de\",\"potentialAction\":[{\"@type\":\"ReadAction\",\"target\":[\"https:\/\/blog.zeit.de\/nsu-prozess-blog\/2015\/10\/01\/medienlog-andre-e-tattoos-nsu\/\"]}]},{\"@type\":\"BreadcrumbList\",\"@id\":\"https:\/\/blog.zeit.de\/nsu-prozess-blog\/2015\/10\/01\/medienlog-andre-e-tattoos-nsu\/#breadcrumb\",\"itemListElement\":[{\"@type\":\"ListItem\",\"position\":1,\"name\":\"Startseite\",\"item\":\"https:\/\/blog.zeit.de\/nsu-prozess-blog\/\"},{\"@type\":\"ListItem\",\"position\":2,\"name\":\"Beweise auf dem Bauch \u2013 das Medienlog vom Donnerstag, 1. Oktober 2015\"}]},{\"@type\":\"WebSite\",\"@id\":\"https:\/\/blog.zeit.de\/nsu-prozess-blog\/#website\",\"url\":\"https:\/\/blog.zeit.de\/nsu-prozess-blog\/\",\"name\":\"Das NSU-Prozess-Blog\",\"description\":\"Alle Berichte zum Terrorverfahren in M\u00fcnchen\",\"potentialAction\":[{\"@type\":\"SearchAction\",\"target\":{\"@type\":\"EntryPoint\",\"urlTemplate\":\"https:\/\/blog.zeit.de\/nsu-prozess-blog\/?s={search_term_string}\"},\"query-input\":\"required name=search_term_string\"}],\"inLanguage\":\"de\"},{\"@type\":\"Person\",\"@id\":\"https:\/\/blog.zeit.de\/nsu-prozess-blog\/#\/schema\/person\/553ea9bb5d1fc2ae054c589bd59380a5\",\"name\":\"Tom Sundermann\",\"image\":{\"@type\":\"ImageObject\",\"inLanguage\":\"de\",\"@id\":\"https:\/\/blog.zeit.de\/nsu-prozess-blog\/#\/schema\/person\/image\/\",\"url\":\"https:\/\/secure.gravatar.com\/avatar\/e108a3dc18766f719b2f797dc5d19093f06a1870c55b553ab6b7563f1f9a5e68?s=96&d=mm&r=g\",\"contentUrl\":\"https:\/\/secure.gravatar.com\/avatar\/e108a3dc18766f719b2f797dc5d19093f06a1870c55b553ab6b7563f1f9a5e68?s=96&d=mm&r=g\",\"caption\":\"Tom Sundermann\"},\"sameAs\":[\"https:\/\/twitter.com\/messeticker\"],\"url\":\"https:\/\/blog.zeit.de\/nsu-prozess-blog\/author\/tsundermann\/\"}]}<\/script>\n<!-- \/ Yoast SEO plugin. -->","yoast_head_json":{"title":"Andr\u00e9 E.: Beweise auf dem Bauch","description":"Andr\u00e9 E. h\u00e4lt sich im NSU-Prozess auff\u00e4llig zur\u00fcck. Wohl auch deshalb wurden seine T\u00e4towierungen als Indizien angef\u00fchrt.","robots":{"index":"index","follow":"follow","max-snippet":"max-snippet:-1","max-image-preview":"max-image-preview:large","max-video-preview":"max-video-preview:-1"},"canonical":"https:\/\/blog.zeit.de\/nsu-prozess-blog\/2015\/10\/01\/medienlog-andre-e-tattoos-nsu\/","og_locale":"de_DE","og_type":"article","og_title":"Andr\u00e9 E.: Beweise auf dem Bauch","og_description":"Andr\u00e9 E. h\u00e4lt sich im NSU-Prozess auff\u00e4llig zur\u00fcck. Wohl auch deshalb wurden seine T\u00e4towierungen als Indizien angef\u00fchrt.","og_url":"https:\/\/blog.zeit.de\/nsu-prozess-blog\/2015\/10\/01\/medienlog-andre-e-tattoos-nsu\/","og_site_name":"Das NSU-Prozess-Blog","article_published_time":"2015-10-01T06:47:35+00:00","article_modified_time":"2015-10-01T11:04:46+00:00","author":"Tom Sundermann","twitter_misc":{"Geschrieben von":"Tom Sundermann","Gesch\u00e4tzte Lesezeit":"2\u00a0Minuten"},"schema":{"@context":"https:\/\/schema.org","@graph":[{"@type":"WebPage","@id":"https:\/\/blog.zeit.de\/nsu-prozess-blog\/2015\/10\/01\/medienlog-andre-e-tattoos-nsu\/","url":"https:\/\/blog.zeit.de\/nsu-prozess-blog\/2015\/10\/01\/medienlog-andre-e-tattoos-nsu\/","name":"Andr\u00e9 E.: Beweise auf dem Bauch","isPartOf":{"@id":"https:\/\/blog.zeit.de\/nsu-prozess-blog\/#website"},"datePublished":"2015-10-01T06:47:35+00:00","dateModified":"2015-10-01T11:04:46+00:00","author":{"@id":"https:\/\/blog.zeit.de\/nsu-prozess-blog\/#\/schema\/person\/553ea9bb5d1fc2ae054c589bd59380a5"},"description":"Andr\u00e9 E. h\u00e4lt sich im NSU-Prozess auff\u00e4llig zur\u00fcck. Wohl auch deshalb wurden seine T\u00e4towierungen als Indizien angef\u00fchrt.","breadcrumb":{"@id":"https:\/\/blog.zeit.de\/nsu-prozess-blog\/2015\/10\/01\/medienlog-andre-e-tattoos-nsu\/#breadcrumb"},"inLanguage":"de","potentialAction":[{"@type":"ReadAction","target":["https:\/\/blog.zeit.de\/nsu-prozess-blog\/2015\/10\/01\/medienlog-andre-e-tattoos-nsu\/"]}]},{"@type":"BreadcrumbList","@id":"https:\/\/blog.zeit.de\/nsu-prozess-blog\/2015\/10\/01\/medienlog-andre-e-tattoos-nsu\/#breadcrumb","itemListElement":[{"@type":"ListItem","position":1,"name":"Startseite","item":"https:\/\/blog.zeit.de\/nsu-prozess-blog\/"},{"@type":"ListItem","position":2,"name":"Beweise auf dem Bauch \u2013 das Medienlog vom Donnerstag, 1. Oktober 2015"}]},{"@type":"WebSite","@id":"https:\/\/blog.zeit.de\/nsu-prozess-blog\/#website","url":"https:\/\/blog.zeit.de\/nsu-prozess-blog\/","name":"Das NSU-Prozess-Blog","description":"Alle Berichte zum Terrorverfahren in M\u00fcnchen","potentialAction":[{"@type":"SearchAction","target":{"@type":"EntryPoint","urlTemplate":"https:\/\/blog.zeit.de\/nsu-prozess-blog\/?s={search_term_string}"},"query-input":"required name=search_term_string"}],"inLanguage":"de"},{"@type":"Person","@id":"https:\/\/blog.zeit.de\/nsu-prozess-blog\/#\/schema\/person\/553ea9bb5d1fc2ae054c589bd59380a5","name":"Tom Sundermann","image":{"@type":"ImageObject","inLanguage":"de","@id":"https:\/\/blog.zeit.de\/nsu-prozess-blog\/#\/schema\/person\/image\/","url":"https:\/\/secure.gravatar.com\/avatar\/e108a3dc18766f719b2f797dc5d19093f06a1870c55b553ab6b7563f1f9a5e68?s=96&d=mm&r=g","contentUrl":"https:\/\/secure.gravatar.com\/avatar\/e108a3dc18766f719b2f797dc5d19093f06a1870c55b553ab6b7563f1f9a5e68?s=96&d=mm&r=g","caption":"Tom Sundermann"},"sameAs":["https:\/\/twitter.com\/messeticker"],"url":"https:\/\/blog.zeit.de\/nsu-prozess-blog\/author\/tsundermann\/"}]}},"jetpack_featured_media_url":"","jetpack_sharing_enabled":true,"_links":{"self":[{"href":"https:\/\/blog.zeit.de\/nsu-prozess-blog\/wp-json\/wp\/v2\/posts\/10007","targetHints":{"allow":["GET"]}}],"collection":[{"href":"https:\/\/blog.zeit.de\/nsu-prozess-blog\/wp-json\/wp\/v2\/posts"}],"about":[{"href":"https:\/\/blog.zeit.de\/nsu-prozess-blog\/wp-json\/wp\/v2\/types\/post"}],"author":[{"embeddable":true,"href":"https:\/\/blog.zeit.de\/nsu-prozess-blog\/wp-json\/wp\/v2\/users\/435"}],"replies":[{"embeddable":true,"href":"https:\/\/blog.zeit.de\/nsu-prozess-blog\/wp-json\/wp\/v2\/comments?post=10007"}],"version-history":[{"count":7,"href":"https:\/\/blog.zeit.de\/nsu-prozess-blog\/wp-json\/wp\/v2\/posts\/10007\/revisions"}],"predecessor-version":[{"id":10014,"href":"https:\/\/blog.zeit.de\/nsu-prozess-blog\/wp-json\/wp\/v2\/posts\/10007\/revisions\/10014"}],"wp:attachment":[{"href":"https:\/\/blog.zeit.de\/nsu-prozess-blog\/wp-json\/wp\/v2\/media?parent=10007"}],"wp:term":[{"taxonomy":"category","embeddable":true,"href":"https:\/\/blog.zeit.de\/nsu-prozess-blog\/wp-json\/wp\/v2\/categories?post=10007"},{"taxonomy":"post_tag","embeddable":true,"href":"https:\/\/blog.zeit.de\/nsu-prozess-blog\/wp-json\/wp\/v2\/tags?post=10007"}],"curies":[{"name":"wp","href":"https:\/\/api.w.org\/{rel}","templated":true}]}}