{"id":10019,"date":"2015-10-08T07:00:34","date_gmt":"2015-10-08T05:00:34","guid":{"rendered":"http:\/\/blog.zeit.de\/nsu-prozess-blog\/?p=10019"},"modified":"2015-10-08T14:42:13","modified_gmt":"2015-10-08T12:42:13","slug":"235-prozesstag-wie-der-nsu-seine-opfer-fand","status":"publish","type":"post","link":"https:\/\/blog.zeit.de\/nsu-prozess-blog\/2015\/10\/08\/235-prozesstag-wie-der-nsu-seine-opfer-fand\/","title":{"rendered":"235. Prozesstag \u2013 Wie der NSU seine Opfer fand"},"content":{"rendered":"<p><em>Update: Wegen eines Antrags der Wohlleben-Verteidigung wurden die Zeugen nicht geh\u00f6rt. Sie werden auf einen sp\u00e4teren Termin geladen.<\/em><\/p>\n<p>Eins der Beweismittel, das Ermittler im <a href=\"http:\/\/www.zeit.de\/gesellschaft\/zeitgeschehen\/2013-06\/nsu-prozess-wohnung-brand\">niedergebrannten Haus des NSU in Zwickau<\/a> zuhauf fanden, waren Stadtpl\u00e4ne. F\u00fcr etliche deutsche St\u00e4dte hatte das Trio Landkarten besorgt, auf denen Markierungen eingetragen waren. Zu diesen Karten sagen heute drei Beamte des Bundeskriminalamts aus, die das Material untersucht haben.<\/p>\n<p>Zu den St\u00e4dten, die der NSU mithilfe von Karten aussp\u00e4hte, geh\u00f6rte etwa N\u00fcrnberg. F\u00fcr den Imbiss, in dem der <a href=\"http:\/\/www.zeit.de\/gesellschaft\/zeitgeschehen\/2013-09\/nsu-prozess-ismail-yasar\">Inhaber Ismail Yasar ermordet<\/a> wurde, existierte zudem eine handschriftliche Notiz. Auch von Stuttgart, wo die Terrorzelle nie zuschlug, <a href=\"https:\/\/blog.zeit.de\/nsu-prozess-blog\/2014\/12\/11\/unterwegs-auf-opfersuche\/\">existierte ein Plan<\/a>.<\/p>\n<p><em>ZEIT ONLINE berichtet aus M\u00fcnchen und fasst den Prozesstag am Abend auf diesem Blog zusammen. Informationen aus der Verhandlung gibt es <a href=\"https:\/\/twitter.com\/zeitonline\/lists\/nsu-prozess\">via Twitter hier<\/a>. Weitere Berichte stellen wir morgen im <a href=\"https:\/\/blog.zeit.de\/nsu-prozess-blog\/category\/medienschau\/\">NSU-Medienlog<\/a> zusammen.<\/em><\/p>\n","protected":false},"excerpt":{"rendered":"<p>Update: Wegen eines Antrags der Wohlleben-Verteidigung wurden die Zeugen nicht geh\u00f6rt. Sie werden auf einen sp\u00e4teren Termin geladen. Eins der Beweismittel, das Ermittler im niedergebrannten Haus des NSU in Zwickau zuhauf fanden, waren Stadtpl\u00e4ne. F\u00fcr etliche deutsche St\u00e4dte hatte das Trio Landkarten besorgt, auf denen Markierungen eingetragen waren. Zu diesen Karten sagen heute drei Beamte [&hellip;]<\/p>\n","protected":false},"author":435,"featured_media":0,"comment_status":"open","ping_status":"open","sticky":false,"template":"","format":"standard","meta":{"_jetpack_memberships_contains_paid_content":false,"footnotes":""},"categories":[27532],"tags":[33571,27562,35383],"class_list":["post-10019","post","type-post","status-publish","format-standard","hentry","category-prozesstage","tag-anschlagsplanung","tag-bka","tag-stadtplan"],"yoast_head":"<!-- This site is optimized with the Yoast SEO plugin v21.0 - https:\/\/yoast.com\/wordpress\/plugins\/seo\/ -->\n<title>235. Prozesstag \u2013 Wie der NSU seine Opfer fand - Das NSU-Prozess-Blog<\/title>\n<meta name=\"robots\" content=\"index, follow, max-snippet:-1, max-image-preview:large, max-video-preview:-1\" \/>\n<link rel=\"canonical\" href=\"https:\/\/blog.zeit.de\/nsu-prozess-blog\/2015\/10\/08\/235-prozesstag-wie-der-nsu-seine-opfer-fand\/\" \/>\n<meta property=\"og:locale\" content=\"de_DE\" \/>\n<meta property=\"og:type\" content=\"article\" \/>\n<meta property=\"og:title\" content=\"235. Prozesstag \u2013 Wie der NSU seine Opfer fand - Das NSU-Prozess-Blog\" \/>\n<meta property=\"og:description\" content=\"Update: Wegen eines Antrags der Wohlleben-Verteidigung wurden die Zeugen nicht geh\u00f6rt. Sie werden auf einen sp\u00e4teren Termin geladen. Eins der Beweismittel, das Ermittler im niedergebrannten Haus des NSU in Zwickau zuhauf fanden, waren Stadtpl\u00e4ne. F\u00fcr etliche deutsche St\u00e4dte hatte das Trio Landkarten besorgt, auf denen Markierungen eingetragen waren. Zu diesen Karten sagen heute drei Beamte [&hellip;]\" \/>\n<meta property=\"og:url\" content=\"https:\/\/blog.zeit.de\/nsu-prozess-blog\/2015\/10\/08\/235-prozesstag-wie-der-nsu-seine-opfer-fand\/\" \/>\n<meta property=\"og:site_name\" content=\"Das NSU-Prozess-Blog\" \/>\n<meta property=\"article:published_time\" content=\"2015-10-08T05:00:34+00:00\" \/>\n<meta property=\"article:modified_time\" content=\"2015-10-08T12:42:13+00:00\" \/>\n<meta name=\"author\" content=\"Tom Sundermann\" \/>\n<meta name=\"twitter:label1\" content=\"Geschrieben von\" \/>\n\t<meta name=\"twitter:data1\" content=\"Tom Sundermann\" \/>\n\t<meta name=\"twitter:label2\" content=\"Gesch\u00e4tzte Lesezeit\" \/>\n\t<meta name=\"twitter:data2\" content=\"1\u00a0Minute\" \/>\n<script type=\"application\/ld+json\" class=\"yoast-schema-graph\">{\"@context\":\"https:\/\/schema.org\",\"@graph\":[{\"@type\":\"WebPage\",\"@id\":\"https:\/\/blog.zeit.de\/nsu-prozess-blog\/2015\/10\/08\/235-prozesstag-wie-der-nsu-seine-opfer-fand\/\",\"url\":\"https:\/\/blog.zeit.de\/nsu-prozess-blog\/2015\/10\/08\/235-prozesstag-wie-der-nsu-seine-opfer-fand\/\",\"name\":\"235. Prozesstag \u2013 Wie der NSU seine Opfer fand - Das NSU-Prozess-Blog\",\"isPartOf\":{\"@id\":\"https:\/\/blog.zeit.de\/nsu-prozess-blog\/#website\"},\"datePublished\":\"2015-10-08T05:00:34+00:00\",\"dateModified\":\"2015-10-08T12:42:13+00:00\",\"author\":{\"@id\":\"https:\/\/blog.zeit.de\/nsu-prozess-blog\/#\/schema\/person\/553ea9bb5d1fc2ae054c589bd59380a5\"},\"breadcrumb\":{\"@id\":\"https:\/\/blog.zeit.de\/nsu-prozess-blog\/2015\/10\/08\/235-prozesstag-wie-der-nsu-seine-opfer-fand\/#breadcrumb\"},\"inLanguage\":\"de\",\"potentialAction\":[{\"@type\":\"ReadAction\",\"target\":[\"https:\/\/blog.zeit.de\/nsu-prozess-blog\/2015\/10\/08\/235-prozesstag-wie-der-nsu-seine-opfer-fand\/\"]}]},{\"@type\":\"BreadcrumbList\",\"@id\":\"https:\/\/blog.zeit.de\/nsu-prozess-blog\/2015\/10\/08\/235-prozesstag-wie-der-nsu-seine-opfer-fand\/#breadcrumb\",\"itemListElement\":[{\"@type\":\"ListItem\",\"position\":1,\"name\":\"Startseite\",\"item\":\"https:\/\/blog.zeit.de\/nsu-prozess-blog\/\"},{\"@type\":\"ListItem\",\"position\":2,\"name\":\"235. Prozesstag \u2013 Wie der NSU seine Opfer fand\"}]},{\"@type\":\"WebSite\",\"@id\":\"https:\/\/blog.zeit.de\/nsu-prozess-blog\/#website\",\"url\":\"https:\/\/blog.zeit.de\/nsu-prozess-blog\/\",\"name\":\"Das NSU-Prozess-Blog\",\"description\":\"Alle Berichte zum Terrorverfahren in M\u00fcnchen\",\"potentialAction\":[{\"@type\":\"SearchAction\",\"target\":{\"@type\":\"EntryPoint\",\"urlTemplate\":\"https:\/\/blog.zeit.de\/nsu-prozess-blog\/?s={search_term_string}\"},\"query-input\":\"required name=search_term_string\"}],\"inLanguage\":\"de\"},{\"@type\":\"Person\",\"@id\":\"https:\/\/blog.zeit.de\/nsu-prozess-blog\/#\/schema\/person\/553ea9bb5d1fc2ae054c589bd59380a5\",\"name\":\"Tom Sundermann\",\"image\":{\"@type\":\"ImageObject\",\"inLanguage\":\"de\",\"@id\":\"https:\/\/blog.zeit.de\/nsu-prozess-blog\/#\/schema\/person\/image\/\",\"url\":\"https:\/\/secure.gravatar.com\/avatar\/e108a3dc18766f719b2f797dc5d19093f06a1870c55b553ab6b7563f1f9a5e68?s=96&d=mm&r=g\",\"contentUrl\":\"https:\/\/secure.gravatar.com\/avatar\/e108a3dc18766f719b2f797dc5d19093f06a1870c55b553ab6b7563f1f9a5e68?s=96&d=mm&r=g\",\"caption\":\"Tom Sundermann\"},\"sameAs\":[\"https:\/\/twitter.com\/messeticker\"],\"url\":\"https:\/\/blog.zeit.de\/nsu-prozess-blog\/author\/tsundermann\/\"}]}<\/script>\n<!-- \/ Yoast SEO plugin. -->","yoast_head_json":{"title":"235. Prozesstag \u2013 Wie der NSU seine Opfer fand - Das NSU-Prozess-Blog","robots":{"index":"index","follow":"follow","max-snippet":"max-snippet:-1","max-image-preview":"max-image-preview:large","max-video-preview":"max-video-preview:-1"},"canonical":"https:\/\/blog.zeit.de\/nsu-prozess-blog\/2015\/10\/08\/235-prozesstag-wie-der-nsu-seine-opfer-fand\/","og_locale":"de_DE","og_type":"article","og_title":"235. Prozesstag \u2013 Wie der NSU seine Opfer fand - Das NSU-Prozess-Blog","og_description":"Update: Wegen eines Antrags der Wohlleben-Verteidigung wurden die Zeugen nicht geh\u00f6rt. Sie werden auf einen sp\u00e4teren Termin geladen. Eins der Beweismittel, das Ermittler im niedergebrannten Haus des NSU in Zwickau zuhauf fanden, waren Stadtpl\u00e4ne. F\u00fcr etliche deutsche St\u00e4dte hatte das Trio Landkarten besorgt, auf denen Markierungen eingetragen waren. Zu diesen Karten sagen heute drei Beamte [&hellip;]","og_url":"https:\/\/blog.zeit.de\/nsu-prozess-blog\/2015\/10\/08\/235-prozesstag-wie-der-nsu-seine-opfer-fand\/","og_site_name":"Das NSU-Prozess-Blog","article_published_time":"2015-10-08T05:00:34+00:00","article_modified_time":"2015-10-08T12:42:13+00:00","author":"Tom Sundermann","twitter_misc":{"Geschrieben von":"Tom Sundermann","Gesch\u00e4tzte Lesezeit":"1\u00a0Minute"},"schema":{"@context":"https:\/\/schema.org","@graph":[{"@type":"WebPage","@id":"https:\/\/blog.zeit.de\/nsu-prozess-blog\/2015\/10\/08\/235-prozesstag-wie-der-nsu-seine-opfer-fand\/","url":"https:\/\/blog.zeit.de\/nsu-prozess-blog\/2015\/10\/08\/235-prozesstag-wie-der-nsu-seine-opfer-fand\/","name":"235. Prozesstag \u2013 Wie der NSU seine Opfer fand - Das NSU-Prozess-Blog","isPartOf":{"@id":"https:\/\/blog.zeit.de\/nsu-prozess-blog\/#website"},"datePublished":"2015-10-08T05:00:34+00:00","dateModified":"2015-10-08T12:42:13+00:00","author":{"@id":"https:\/\/blog.zeit.de\/nsu-prozess-blog\/#\/schema\/person\/553ea9bb5d1fc2ae054c589bd59380a5"},"breadcrumb":{"@id":"https:\/\/blog.zeit.de\/nsu-prozess-blog\/2015\/10\/08\/235-prozesstag-wie-der-nsu-seine-opfer-fand\/#breadcrumb"},"inLanguage":"de","potentialAction":[{"@type":"ReadAction","target":["https:\/\/blog.zeit.de\/nsu-prozess-blog\/2015\/10\/08\/235-prozesstag-wie-der-nsu-seine-opfer-fand\/"]}]},{"@type":"BreadcrumbList","@id":"https:\/\/blog.zeit.de\/nsu-prozess-blog\/2015\/10\/08\/235-prozesstag-wie-der-nsu-seine-opfer-fand\/#breadcrumb","itemListElement":[{"@type":"ListItem","position":1,"name":"Startseite","item":"https:\/\/blog.zeit.de\/nsu-prozess-blog\/"},{"@type":"ListItem","position":2,"name":"235. Prozesstag \u2013 Wie der NSU seine Opfer fand"}]},{"@type":"WebSite","@id":"https:\/\/blog.zeit.de\/nsu-prozess-blog\/#website","url":"https:\/\/blog.zeit.de\/nsu-prozess-blog\/","name":"Das NSU-Prozess-Blog","description":"Alle Berichte zum Terrorverfahren in M\u00fcnchen","potentialAction":[{"@type":"SearchAction","target":{"@type":"EntryPoint","urlTemplate":"https:\/\/blog.zeit.de\/nsu-prozess-blog\/?s={search_term_string}"},"query-input":"required name=search_term_string"}],"inLanguage":"de"},{"@type":"Person","@id":"https:\/\/blog.zeit.de\/nsu-prozess-blog\/#\/schema\/person\/553ea9bb5d1fc2ae054c589bd59380a5","name":"Tom Sundermann","image":{"@type":"ImageObject","inLanguage":"de","@id":"https:\/\/blog.zeit.de\/nsu-prozess-blog\/#\/schema\/person\/image\/","url":"https:\/\/secure.gravatar.com\/avatar\/e108a3dc18766f719b2f797dc5d19093f06a1870c55b553ab6b7563f1f9a5e68?s=96&d=mm&r=g","contentUrl":"https:\/\/secure.gravatar.com\/avatar\/e108a3dc18766f719b2f797dc5d19093f06a1870c55b553ab6b7563f1f9a5e68?s=96&d=mm&r=g","caption":"Tom Sundermann"},"sameAs":["https:\/\/twitter.com\/messeticker"],"url":"https:\/\/blog.zeit.de\/nsu-prozess-blog\/author\/tsundermann\/"}]}},"jetpack_featured_media_url":"","jetpack_sharing_enabled":true,"_links":{"self":[{"href":"https:\/\/blog.zeit.de\/nsu-prozess-blog\/wp-json\/wp\/v2\/posts\/10019","targetHints":{"allow":["GET"]}}],"collection":[{"href":"https:\/\/blog.zeit.de\/nsu-prozess-blog\/wp-json\/wp\/v2\/posts"}],"about":[{"href":"https:\/\/blog.zeit.de\/nsu-prozess-blog\/wp-json\/wp\/v2\/types\/post"}],"author":[{"embeddable":true,"href":"https:\/\/blog.zeit.de\/nsu-prozess-blog\/wp-json\/wp\/v2\/users\/435"}],"replies":[{"embeddable":true,"href":"https:\/\/blog.zeit.de\/nsu-prozess-blog\/wp-json\/wp\/v2\/comments?post=10019"}],"version-history":[{"count":3,"href":"https:\/\/blog.zeit.de\/nsu-prozess-blog\/wp-json\/wp\/v2\/posts\/10019\/revisions"}],"predecessor-version":[{"id":10088,"href":"https:\/\/blog.zeit.de\/nsu-prozess-blog\/wp-json\/wp\/v2\/posts\/10019\/revisions\/10088"}],"wp:attachment":[{"href":"https:\/\/blog.zeit.de\/nsu-prozess-blog\/wp-json\/wp\/v2\/media?parent=10019"}],"wp:term":[{"taxonomy":"category","embeddable":true,"href":"https:\/\/blog.zeit.de\/nsu-prozess-blog\/wp-json\/wp\/v2\/categories?post=10019"},{"taxonomy":"post_tag","embeddable":true,"href":"https:\/\/blog.zeit.de\/nsu-prozess-blog\/wp-json\/wp\/v2\/tags?post=10019"}],"curies":[{"name":"wp","href":"https:\/\/api.w.org\/{rel}","templated":true}]}}