{"id":10065,"date":"2015-10-08T08:22:54","date_gmt":"2015-10-08T06:22:54","guid":{"rendered":"http:\/\/blog.zeit.de\/nsu-prozess-blog\/?p=10065"},"modified":"2015-10-08T09:05:38","modified_gmt":"2015-10-08T07:05:38","slug":"medienlog-nsu-nebenklage-richter-verteidigung","status":"publish","type":"post","link":"https:\/\/blog.zeit.de\/nsu-prozess-blog\/2015\/10\/08\/medienlog-nsu-nebenklage-richter-verteidigung\/","title":{"rendered":"Haben die Richter in der Betrugsaff\u00e4re geschlampt? \u2013 Das Medienlog vom Donnerstag, 8. Oktober 2015"},"content":{"rendered":"<p>Die Verteidigung nutzte den ersten Prozesstag nach den Enth\u00fcllungen <a href=\"https:\/\/blog.zeit.de\/nsu-prozess-blog\/2015\/10\/07\/medienlog-nsu-entschaedigung-ermittlungen\/\">um eine erfundene Nebenkl\u00e4gerin<\/a>, um das Gericht wegen des Vorfalls zu attackieren. Beate Zsch\u00e4pes Anw\u00e4lte forderten eine Erkl\u00e4rung von Richter Manfred G\u00f6tzl, weshalb das Gericht die Anmeldung der Frau akzeptiert habe. &#8222;Zu viel Gro\u00dfz\u00fcgigkeit gegen\u00fcber Opfern (\u2026) k\u00f6nnte f\u00fcr die Verteidigung Anlass sein, \u00fcber eine m\u00f6gliche Befangenheit des Gerichts nachzudenken&#8220;, kommentiert Gisela Friedrichsen auf <a href=\"http:\/\/www.spiegel.de\/panorama\/justiz\/nsu-prozess-zschaepe-verteidiger-stellen-antraege-wegen-nebenklage-skandal-a-1056662.html\" target=\"_blank\"><em>Spiegel Online<\/em><\/a>.<\/p>\n<p><!--more--><\/p>\n<p>An dieser Stelle zeigte sich allerdings erneut die Schwierigkeit, die sich durch die Verteidigung von Zsch\u00e4pe zieht: Die Hauptangeklagte spricht nur noch mit <a href=\"https:\/\/blog.zeit.de\/nsu-prozess-blog\/2015\/08\/31\/medienlog-zschaepe-anwalt-grasel-prozess\/\">ihrem neuen Anwalt Mathias Grasel<\/a>, der wie Zsch\u00e4pe nichts von dem Antrag an G\u00f6tzl wusste. Diesen hatten nur Zsch\u00e4pes angestammte drei Anw\u00e4lte unterschrieben. Einen Befangenheitsantrag k\u00f6nnen die Verteidiger aber nur auf Zsch\u00e4pes Gehei\u00df hin stellen. Im Gerichtssaal warfen die drei Anw\u00e4lte Grasel vor, er habe sich nicht anst\u00e4ndig auf den Prozess vorbereitet, was dieser bestritt.<\/p>\n<p>&#8222;So versandete eine Verteidigeraktion wieder einmal im Hickhack gegenseitiger Animosit\u00e4ten&#8220;, schreibt Friedrichsen und fragt sich, wie das Gericht so mit der Aufkl\u00e4rung der angeklagten Taten vorankommen soll. Die Verteidiger h\u00e4tten Grasel zuvor problemlos informieren k\u00f6nnen, meint Karin Truscheit von der <a href=\"http:\/\/www.faz.net\/aktuell\/politik\/nsu-prozess\/nsu-prozess-das-ende-der-truegerischen-ruhe-13844514.html\" target=\"_blank\"><em>Frankfurter Allgemeinen Zeitung<\/em><\/a>. &#8222;Sind die drei Anw\u00e4lte vielleicht unzufrieden \u00fcber eine ungleiche Arbeitsaufteilung?&#8220;, fragt sie. M\u00f6glicherweise spiele <a href=\"https:\/\/blog.zeit.de\/nsu-prozess-blog\/2015\/07\/28\/die-aufklaerung-darf-nicht-aufhoeren\/\">auch die Kr\u00e4nkung<\/a>, Zsch\u00e4pes Ablehnung ihrer angestammten Anw\u00e4lte, eine Rolle.<\/p>\n<blockquote class=\"twitter-tweet\" lang=\"de\">\n<p dir=\"ltr\" lang=\"de\">Nerven scheinen blank zu liegen. <a href=\"https:\/\/twitter.com\/hashtag\/G%C3%B6tzl?src=hash\">#G\u00f6tzl<\/a> wirkt angespannt. Heer et al. fragen ihn, wann er falsches Attest von Meral K. bemerkt habe. <a href=\"https:\/\/twitter.com\/hashtag\/NSU?src=hash\">#NSU<\/a><\/p>\n<p>\u2014 PZ hautnah (@PZhautnah) <a href=\"https:\/\/twitter.com\/PZhautnah\/status\/651673141580820480\">7. Oktober 2015<\/a><\/p><\/blockquote>\n<p><script src=\"\/\/platform.twitter.com\/widgets.js\" async=\"\" charset=\"utf-8\"><\/script><\/p>\n<p>Der Antrag, demzufolge G\u00f6tzl und andere Richter eine Erkl\u00e4rung zum falschen Attest von Meral K. abgeben sollen, hat so jedenfalls keine gro\u00dfen Erfolgschancen. Wir bei <a href=\"https:\/\/blog.zeit.de\/nsu-prozess-blog\/2015\/10\/07\/der-richter-sollte-sich-erklaren\/\" target=\"_blank\">ZEIT ONLINE halten die Fragen der Anw\u00e4lte<\/a> allerdings f\u00fcr berechtigt. &#8222;Denn sie begr\u00fcnden das unangenehme Gef\u00fchl, dass dieser mit gr\u00f6\u00dfter Akribie gef\u00fchrte Prozess mit einer Schlamperei begonnen hat.&#8220; Sich dazu zu \u00e4u\u00dfern, k\u00f6nnte dem Gericht nicht schaden \u2013 schlie\u00dflich gilt gerade Richter G\u00f6tzl als besonders streng und akribisch.<\/p>\n<p>&#8222;Inzwischen ist un\u00fcbersehbar, dass auch der Graben zwischen Zsch\u00e4pes angestammtem Pflichtverteidiger-Trio und dem sp\u00e4ter hinzugesto\u00dfenen Grasel un\u00fcberbr\u00fcckbar zu sein scheint&#8220;, beobachtet Marcel F\u00fcrstenau von der <a href=\"http:\/\/www.dw.com\/de\/gereizte-stimmung-im-gerichtssaal\/a-18766007\" target=\"_blank\">Deutschen Welle<\/a>. Das sorgt f\u00fcr Konflikte im Verfahren: &#8222;Einen Auftakt mit derartigem Schmackes \u2013 das hat es lange nicht gegeben im NSU-Prozess&#8220;, findet Konrad Litschko von der <a href=\"http:\/\/taz.de\/!5240153\/\" target=\"_blank\"><em>taz<\/em><\/a>. Die Angeklagte Zsch\u00e4pe selbst habe den Konflikt fast belustigt beobachtet.<\/p>\n<p>Der Pr\u00e4sident des Deutschen Anwaltvereins, Ulrich Schellenberg, \u00e4u\u00dfert sich im Interview mit der <a href=\"http:\/\/www.sueddeutsche.de\/politik\/chef-des-anwaltvereins-keine-gelddruckmaschine-1.2681563\" target=\"_blank\"><em>S\u00fcddeutschen<\/em><\/a> zur Betrugsaff\u00e4re in der Nebenklage, mit der ein Anwalt unberechtigt Sitzungshonorare kassiert hat. Zudem lie\u00df der Jurist sich die falsche Mandantin gegen eine Provision vermitteln. Schellenberg dazu: &#8222;Provisionszahlungen sind nicht akzeptabel.&#8220;<\/p>\n<p><em>An jedem Werktag sichten wir f\u00fcr das NSU-Prozess-Blog die Medien und stellen wichtige Berichte, Blogs, Videos und Tweets zusammen. Wir freuen uns \u00fcber Hinweise via Twitter mit dem Hashtag #nsublog \u2013 oder per E-Mail an <a href=\"mailto:nsublog@zeit.de\">nsublog@zeit.de<\/a>.<\/em><\/p>\n<p><em>Das n\u00e4chste Medienlog erscheint am Freitag, 9. Oktober 2015.<\/em><\/p>\n","protected":false},"excerpt":{"rendered":"<p>Die Verteidigung nutzte den ersten Prozesstag nach den Enth\u00fcllungen um eine erfundene Nebenkl\u00e4gerin, um das Gericht wegen des Vorfalls zu attackieren. Beate Zsch\u00e4pes Anw\u00e4lte forderten eine Erkl\u00e4rung von Richter Manfred G\u00f6tzl, weshalb das Gericht die Anmeldung der Frau akzeptiert habe. &#8222;Zu viel Gro\u00dfz\u00fcgigkeit gegen\u00fcber Opfern (\u2026) k\u00f6nnte f\u00fcr die Verteidigung Anlass sein, \u00fcber eine m\u00f6gliche [&hellip;]<\/p>\n","protected":false},"author":435,"featured_media":10077,"comment_status":"open","ping_status":"open","sticky":false,"template":"","format":"standard","meta":{"_jetpack_memberships_contains_paid_content":false,"footnotes":""},"categories":[27531],"tags":[29424,17793,29430,30262,27559,35363,29426,27593],"class_list":["post-10065","post","type-post","status-publish","format-standard","has-post-thumbnail","hentry","category-medienschau","tag-anwalte","tag-beate-zschape","tag-befangenheitsantrag","tag-betrug","tag-manfred-gotzl","tag-mathias-grasel","tag-nebenklage","tag-nebenklager"],"yoast_head":"<!-- This site is optimized with the Yoast SEO plugin v21.0 - https:\/\/yoast.com\/wordpress\/plugins\/seo\/ -->\n<title>Haben die Richter in der Betrugsaff\u00e4re geschlampt? \u2013 Das Medienlog vom Donnerstag, 8. Oktober 2015 - Das NSU-Prozess-Blog<\/title>\n<meta name=\"robots\" content=\"index, follow, max-snippet:-1, max-image-preview:large, max-video-preview:-1\" \/>\n<link rel=\"canonical\" href=\"https:\/\/blog.zeit.de\/nsu-prozess-blog\/2015\/10\/08\/medienlog-nsu-nebenklage-richter-verteidigung\/\" \/>\n<meta property=\"og:locale\" content=\"de_DE\" \/>\n<meta property=\"og:type\" content=\"article\" \/>\n<meta property=\"og:title\" content=\"Haben die Richter in der Betrugsaff\u00e4re geschlampt? \u2013 Das Medienlog vom Donnerstag, 8. Oktober 2015 - Das NSU-Prozess-Blog\" \/>\n<meta property=\"og:description\" content=\"Die Verteidigung nutzte den ersten Prozesstag nach den Enth\u00fcllungen um eine erfundene Nebenkl\u00e4gerin, um das Gericht wegen des Vorfalls zu attackieren. Beate Zsch\u00e4pes Anw\u00e4lte forderten eine Erkl\u00e4rung von Richter Manfred G\u00f6tzl, weshalb das Gericht die Anmeldung der Frau akzeptiert habe. &#8222;Zu viel Gro\u00dfz\u00fcgigkeit gegen\u00fcber Opfern (\u2026) k\u00f6nnte f\u00fcr die Verteidigung Anlass sein, \u00fcber eine m\u00f6gliche [&hellip;]\" \/>\n<meta property=\"og:url\" content=\"https:\/\/blog.zeit.de\/nsu-prozess-blog\/2015\/10\/08\/medienlog-nsu-nebenklage-richter-verteidigung\/\" \/>\n<meta property=\"og:site_name\" content=\"Das NSU-Prozess-Blog\" \/>\n<meta property=\"article:published_time\" content=\"2015-10-08T06:22:54+00:00\" \/>\n<meta property=\"article:modified_time\" content=\"2015-10-08T07:05:38+00:00\" \/>\n<meta property=\"og:image\" content=\"https:\/\/blog.zeit.de\/nsu-prozess-blog\/files\/2015\/10\/raw1.jpg\" \/>\n\t<meta property=\"og:image:width\" content=\"1000\" \/>\n\t<meta property=\"og:image:height\" content=\"562\" \/>\n\t<meta property=\"og:image:type\" content=\"image\/jpeg\" \/>\n<meta name=\"author\" content=\"Tom Sundermann\" \/>\n<meta name=\"twitter:label1\" content=\"Geschrieben von\" \/>\n\t<meta name=\"twitter:data1\" content=\"Tom Sundermann\" \/>\n\t<meta name=\"twitter:label2\" content=\"Gesch\u00e4tzte Lesezeit\" \/>\n\t<meta name=\"twitter:data2\" content=\"3\u00a0Minuten\" \/>\n<script type=\"application\/ld+json\" class=\"yoast-schema-graph\">{\"@context\":\"https:\/\/schema.org\",\"@graph\":[{\"@type\":\"WebPage\",\"@id\":\"https:\/\/blog.zeit.de\/nsu-prozess-blog\/2015\/10\/08\/medienlog-nsu-nebenklage-richter-verteidigung\/\",\"url\":\"https:\/\/blog.zeit.de\/nsu-prozess-blog\/2015\/10\/08\/medienlog-nsu-nebenklage-richter-verteidigung\/\",\"name\":\"Haben die Richter in der Betrugsaff\u00e4re geschlampt? \u2013 Das Medienlog vom Donnerstag, 8. Oktober 2015 - Das NSU-Prozess-Blog\",\"isPartOf\":{\"@id\":\"https:\/\/blog.zeit.de\/nsu-prozess-blog\/#website\"},\"datePublished\":\"2015-10-08T06:22:54+00:00\",\"dateModified\":\"2015-10-08T07:05:38+00:00\",\"author\":{\"@id\":\"https:\/\/blog.zeit.de\/nsu-prozess-blog\/#\/schema\/person\/553ea9bb5d1fc2ae054c589bd59380a5\"},\"breadcrumb\":{\"@id\":\"https:\/\/blog.zeit.de\/nsu-prozess-blog\/2015\/10\/08\/medienlog-nsu-nebenklage-richter-verteidigung\/#breadcrumb\"},\"inLanguage\":\"de\",\"potentialAction\":[{\"@type\":\"ReadAction\",\"target\":[\"https:\/\/blog.zeit.de\/nsu-prozess-blog\/2015\/10\/08\/medienlog-nsu-nebenklage-richter-verteidigung\/\"]}]},{\"@type\":\"BreadcrumbList\",\"@id\":\"https:\/\/blog.zeit.de\/nsu-prozess-blog\/2015\/10\/08\/medienlog-nsu-nebenklage-richter-verteidigung\/#breadcrumb\",\"itemListElement\":[{\"@type\":\"ListItem\",\"position\":1,\"name\":\"Startseite\",\"item\":\"https:\/\/blog.zeit.de\/nsu-prozess-blog\/\"},{\"@type\":\"ListItem\",\"position\":2,\"name\":\"Haben die Richter in der Betrugsaff\u00e4re geschlampt? \u2013 Das Medienlog vom Donnerstag, 8. Oktober 2015\"}]},{\"@type\":\"WebSite\",\"@id\":\"https:\/\/blog.zeit.de\/nsu-prozess-blog\/#website\",\"url\":\"https:\/\/blog.zeit.de\/nsu-prozess-blog\/\",\"name\":\"Das NSU-Prozess-Blog\",\"description\":\"Alle Berichte zum Terrorverfahren in M\u00fcnchen\",\"potentialAction\":[{\"@type\":\"SearchAction\",\"target\":{\"@type\":\"EntryPoint\",\"urlTemplate\":\"https:\/\/blog.zeit.de\/nsu-prozess-blog\/?s={search_term_string}\"},\"query-input\":\"required name=search_term_string\"}],\"inLanguage\":\"de\"},{\"@type\":\"Person\",\"@id\":\"https:\/\/blog.zeit.de\/nsu-prozess-blog\/#\/schema\/person\/553ea9bb5d1fc2ae054c589bd59380a5\",\"name\":\"Tom Sundermann\",\"image\":{\"@type\":\"ImageObject\",\"inLanguage\":\"de\",\"@id\":\"https:\/\/blog.zeit.de\/nsu-prozess-blog\/#\/schema\/person\/image\/\",\"url\":\"https:\/\/secure.gravatar.com\/avatar\/e108a3dc18766f719b2f797dc5d19093f06a1870c55b553ab6b7563f1f9a5e68?s=96&d=mm&r=g\",\"contentUrl\":\"https:\/\/secure.gravatar.com\/avatar\/e108a3dc18766f719b2f797dc5d19093f06a1870c55b553ab6b7563f1f9a5e68?s=96&d=mm&r=g\",\"caption\":\"Tom Sundermann\"},\"sameAs\":[\"https:\/\/twitter.com\/messeticker\"],\"url\":\"https:\/\/blog.zeit.de\/nsu-prozess-blog\/author\/tsundermann\/\"}]}<\/script>\n<!-- \/ Yoast SEO plugin. -->","yoast_head_json":{"title":"Haben die Richter in der Betrugsaff\u00e4re geschlampt? \u2013 Das Medienlog vom Donnerstag, 8. Oktober 2015 - Das NSU-Prozess-Blog","robots":{"index":"index","follow":"follow","max-snippet":"max-snippet:-1","max-image-preview":"max-image-preview:large","max-video-preview":"max-video-preview:-1"},"canonical":"https:\/\/blog.zeit.de\/nsu-prozess-blog\/2015\/10\/08\/medienlog-nsu-nebenklage-richter-verteidigung\/","og_locale":"de_DE","og_type":"article","og_title":"Haben die Richter in der Betrugsaff\u00e4re geschlampt? \u2013 Das Medienlog vom Donnerstag, 8. Oktober 2015 - Das NSU-Prozess-Blog","og_description":"Die Verteidigung nutzte den ersten Prozesstag nach den Enth\u00fcllungen um eine erfundene Nebenkl\u00e4gerin, um das Gericht wegen des Vorfalls zu attackieren. Beate Zsch\u00e4pes Anw\u00e4lte forderten eine Erkl\u00e4rung von Richter Manfred G\u00f6tzl, weshalb das Gericht die Anmeldung der Frau akzeptiert habe. &#8222;Zu viel Gro\u00dfz\u00fcgigkeit gegen\u00fcber Opfern (\u2026) k\u00f6nnte f\u00fcr die Verteidigung Anlass sein, \u00fcber eine m\u00f6gliche [&hellip;]","og_url":"https:\/\/blog.zeit.de\/nsu-prozess-blog\/2015\/10\/08\/medienlog-nsu-nebenklage-richter-verteidigung\/","og_site_name":"Das NSU-Prozess-Blog","article_published_time":"2015-10-08T06:22:54+00:00","article_modified_time":"2015-10-08T07:05:38+00:00","og_image":[{"width":1000,"height":562,"url":"https:\/\/blog.zeit.de\/nsu-prozess-blog\/files\/2015\/10\/raw1.jpg","type":"image\/jpeg"}],"author":"Tom Sundermann","twitter_misc":{"Geschrieben von":"Tom Sundermann","Gesch\u00e4tzte Lesezeit":"3\u00a0Minuten"},"schema":{"@context":"https:\/\/schema.org","@graph":[{"@type":"WebPage","@id":"https:\/\/blog.zeit.de\/nsu-prozess-blog\/2015\/10\/08\/medienlog-nsu-nebenklage-richter-verteidigung\/","url":"https:\/\/blog.zeit.de\/nsu-prozess-blog\/2015\/10\/08\/medienlog-nsu-nebenklage-richter-verteidigung\/","name":"Haben die Richter in der Betrugsaff\u00e4re geschlampt? \u2013 Das Medienlog vom Donnerstag, 8. Oktober 2015 - Das NSU-Prozess-Blog","isPartOf":{"@id":"https:\/\/blog.zeit.de\/nsu-prozess-blog\/#website"},"datePublished":"2015-10-08T06:22:54+00:00","dateModified":"2015-10-08T07:05:38+00:00","author":{"@id":"https:\/\/blog.zeit.de\/nsu-prozess-blog\/#\/schema\/person\/553ea9bb5d1fc2ae054c589bd59380a5"},"breadcrumb":{"@id":"https:\/\/blog.zeit.de\/nsu-prozess-blog\/2015\/10\/08\/medienlog-nsu-nebenklage-richter-verteidigung\/#breadcrumb"},"inLanguage":"de","potentialAction":[{"@type":"ReadAction","target":["https:\/\/blog.zeit.de\/nsu-prozess-blog\/2015\/10\/08\/medienlog-nsu-nebenklage-richter-verteidigung\/"]}]},{"@type":"BreadcrumbList","@id":"https:\/\/blog.zeit.de\/nsu-prozess-blog\/2015\/10\/08\/medienlog-nsu-nebenklage-richter-verteidigung\/#breadcrumb","itemListElement":[{"@type":"ListItem","position":1,"name":"Startseite","item":"https:\/\/blog.zeit.de\/nsu-prozess-blog\/"},{"@type":"ListItem","position":2,"name":"Haben die Richter in der Betrugsaff\u00e4re geschlampt? \u2013 Das Medienlog vom Donnerstag, 8. Oktober 2015"}]},{"@type":"WebSite","@id":"https:\/\/blog.zeit.de\/nsu-prozess-blog\/#website","url":"https:\/\/blog.zeit.de\/nsu-prozess-blog\/","name":"Das NSU-Prozess-Blog","description":"Alle Berichte zum Terrorverfahren in M\u00fcnchen","potentialAction":[{"@type":"SearchAction","target":{"@type":"EntryPoint","urlTemplate":"https:\/\/blog.zeit.de\/nsu-prozess-blog\/?s={search_term_string}"},"query-input":"required name=search_term_string"}],"inLanguage":"de"},{"@type":"Person","@id":"https:\/\/blog.zeit.de\/nsu-prozess-blog\/#\/schema\/person\/553ea9bb5d1fc2ae054c589bd59380a5","name":"Tom Sundermann","image":{"@type":"ImageObject","inLanguage":"de","@id":"https:\/\/blog.zeit.de\/nsu-prozess-blog\/#\/schema\/person\/image\/","url":"https:\/\/secure.gravatar.com\/avatar\/e108a3dc18766f719b2f797dc5d19093f06a1870c55b553ab6b7563f1f9a5e68?s=96&d=mm&r=g","contentUrl":"https:\/\/secure.gravatar.com\/avatar\/e108a3dc18766f719b2f797dc5d19093f06a1870c55b553ab6b7563f1f9a5e68?s=96&d=mm&r=g","caption":"Tom Sundermann"},"sameAs":["https:\/\/twitter.com\/messeticker"],"url":"https:\/\/blog.zeit.de\/nsu-prozess-blog\/author\/tsundermann\/"}]}},"jetpack_featured_media_url":"https:\/\/blog.zeit.de\/nsu-prozess-blog\/files\/2015\/10\/raw1.jpg","jetpack_sharing_enabled":true,"_links":{"self":[{"href":"https:\/\/blog.zeit.de\/nsu-prozess-blog\/wp-json\/wp\/v2\/posts\/10065","targetHints":{"allow":["GET"]}}],"collection":[{"href":"https:\/\/blog.zeit.de\/nsu-prozess-blog\/wp-json\/wp\/v2\/posts"}],"about":[{"href":"https:\/\/blog.zeit.de\/nsu-prozess-blog\/wp-json\/wp\/v2\/types\/post"}],"author":[{"embeddable":true,"href":"https:\/\/blog.zeit.de\/nsu-prozess-blog\/wp-json\/wp\/v2\/users\/435"}],"replies":[{"embeddable":true,"href":"https:\/\/blog.zeit.de\/nsu-prozess-blog\/wp-json\/wp\/v2\/comments?post=10065"}],"version-history":[{"count":11,"href":"https:\/\/blog.zeit.de\/nsu-prozess-blog\/wp-json\/wp\/v2\/posts\/10065\/revisions"}],"predecessor-version":[{"id":10079,"href":"https:\/\/blog.zeit.de\/nsu-prozess-blog\/wp-json\/wp\/v2\/posts\/10065\/revisions\/10079"}],"wp:featuredmedia":[{"embeddable":true,"href":"https:\/\/blog.zeit.de\/nsu-prozess-blog\/wp-json\/wp\/v2\/media\/10077"}],"wp:attachment":[{"href":"https:\/\/blog.zeit.de\/nsu-prozess-blog\/wp-json\/wp\/v2\/media?parent=10065"}],"wp:term":[{"taxonomy":"category","embeddable":true,"href":"https:\/\/blog.zeit.de\/nsu-prozess-blog\/wp-json\/wp\/v2\/categories?post=10065"},{"taxonomy":"post_tag","embeddable":true,"href":"https:\/\/blog.zeit.de\/nsu-prozess-blog\/wp-json\/wp\/v2\/tags?post=10065"}],"curies":[{"name":"wp","href":"https:\/\/api.w.org\/{rel}","templated":true}]}}