{"id":10082,"date":"2015-10-08T14:50:25","date_gmt":"2015-10-08T12:50:25","guid":{"rendered":"http:\/\/blog.zeit.de\/nsu-prozess-blog\/?p=10082"},"modified":"2015-10-08T15:16:58","modified_gmt":"2015-10-08T13:16:58","slug":"die-zweite-attacke","status":"publish","type":"post","link":"https:\/\/blog.zeit.de\/nsu-prozess-blog\/2015\/10\/08\/die-zweite-attacke\/","title":{"rendered":"Die zweite Attacke"},"content":{"rendered":"<p><strong>Das Verh\u00e4ltnis zwischen Beate Zsch\u00e4pe und ihren Anw\u00e4lten ist zerr\u00fcttet. Das will sich ein anderer Angeklagter im NSU-Prozess zunutze machen.<\/strong><\/p>\n<p>Ralf Wohlleben begr\u00fc\u00dft seine Frau mit einem Kuss, dann schiebt er schnell das Exemplar der <em>Jungen Freiheit<\/em> unter seinen Tisch. Jacqueline Wohlleben kommt immer wieder mal in den NSU-Prozess, sitzt als sogenannter Beistand neben ihrem Mann auf der Anklagebank. Sie hat sich den passenden Tag ausgesucht. Denn neben Wohlleben konzentriert sich die Aufmerksamkeit \u2013 bei seinen Verteidigern Wolfram Nahrat und dem scharfz\u00fcngigen Olaf Klemke.<\/p>\n<p><!--more--><\/p>\n<p>Es scheint, als wollten die Anw\u00e4lte nicht hinnehmen, dass die Aff\u00e4re um eine erfundene Nebenkl\u00e4gerin in den Medien ein gro\u00dfes Thema ist, im Prozess aber verpufft. Kein Kotau der Richter, die den Betrugsfall vor zwei Jahren einfach durchgewunken haben, kein Schiffbruch f\u00fcr das gesamte Verfahren. L\u00e4sst sich die pikante Enth\u00fcllung denn nicht f\u00fcr die Zwecke der Verteidigung nutzen?<\/p>\n<p>Beate Zsch\u00e4pes Anw\u00e4lte Wolfgang Heer, Anja Sturm und Wolfgang Stahl hatten am Vortag einen zarten Vorsto\u00df gewagt und eine dienstliche Erkl\u00e4rung der Richter gefordert. Einzige Konsequenz war aber ein kleiner Streit mit ihrem neuen Anwaltskollegen Mathias Grasel, der erkl\u00e4rte, er habe von Heer, Stahl und Sturm keine Mitschriften der Prozesstage vor seinem Eintritt in das Verfahren erhalten.<\/p>\n<p>Nun, bevor auch nur ein Zeuge geh\u00f6rt wurde, prescht Wohlleben-Anwalt Nahrat vor. Er schlie\u00dft sich dem Antrag der Zsch\u00e4pe-Anw\u00e4lte an \u2013 doch nicht nur das: Er h\u00e4lt Gericht \u00fcber die Verteidigung der Hauptangeklagten. Zwischen Zsch\u00e4pe und den Anw\u00e4lten, die wirklich im Stoff seien, gebe es keine Kommunikation mehr. Zsch\u00e4pe spreche nur noch mit Grasel, doch der k\u00f6nne der Beweisaufnahme kaum folgen. Die Folge: Beate Zsch\u00e4pe sei nicht mehr ordnungsgem\u00e4\u00df verteidigt. Und dies habe &#8222;auch Auswirkungen auf die Verteidigung des Herrn Wohlleben&#8220;.<\/p>\n<p>Welche Auswirkungen das genau sind, erkl\u00e4rte Nahrat nicht. Wenn allerdings Zsch\u00e4pe als Mitt\u00e4terin an den zehn Morden von Uwe Mundlos und Uwe B\u00f6hnhardt verurteilt wird, dann droht auch Wohlleben eine Verurteilung als Mordhelfer. Er soll daf\u00fcr gesorgt haben, dass der NSU in den Besitz einer Pistole kam, mit der neun Menschen erschossen wurden.<\/p>\n<p>Nahrat beantragte, die Verhandlung auszusetzen, f\u00fcr Zsch\u00e4pe eine &#8222;angemessene Verteidigung&#8220; bereitzustellen und seinen Mandanten aus der Untersuchungshaft zu entlassen. Eine kesse Forderung, deren Chancen von Beginn an als schlecht gelten. Kurz darauf allerdings erkl\u00e4rte Zsch\u00e4pes Anwalt Grasel, seine Mandantin schlie\u00dfe sich dem Antrag an. Das sagt einiges \u00fcber die Atmosph\u00e4re auf der Anklagebank aus.<\/p>\n<p>Es ist nicht das erste Mal, dass sich die Wohlleben-Verteidigung direkt auf die Hauptangeklagte Zsch\u00e4pe beruft. Immer wieder war im Lauf des Verfahrens zu beobachten, wie genau Zsch\u00e4pe die \u00c4u\u00dferungen von Wohllebens Anwalt Olaf Klemke verfolgte. W\u00e4hrend ihre Anw\u00e4lte an manchen Prozesstagen in eine Art Starre zu verfallen schienen, beraubt der penetranten Angriffslust aus der Anfangszeit des Prozesses, fuhr Klemke scharfe Gesch\u00fctze auf. Er grillte Zeugen in Vernehmungen und stritt sich leidenschaftlich mit Anw\u00e4lten der Nebenklage (&#8222;Passen Sie mal auf, dass Sie keine Anzeige kriegen!&#8220;).<\/p>\n<p>Es war Zsch\u00e4pe anzumerken, dass ihr das gefiel. Beobachter hielten es f\u00fcr m\u00f6glich, dass Klemkes enorme Pr\u00e4senz \u00fcberhaupt erst den Ansto\u00df daf\u00fcr gab, dass Zsch\u00e4pe im Juni beantragte, ihre drei Verteidiger aus dem Prozess zu werfen. Der starke Mann mit Szenebindung hatte bei ihr offenbar Sehns\u00fcchte geweckt.<\/p>\n<p>Auch heute teilte er aus. Die Bundesanwaltschaft und mehrere Vertreter der Nebenklage hielten den Antrag f\u00fcr unbegr\u00fcndet. Klemke hielt dagegen, zwischen Zsch\u00e4pe und den drei Alt-Anw\u00e4lten gebe es seit Juli, als die drei freiwillig ihr Mandat niederlegen wollten, &#8222;keine Kommunikation mehr&#8220;. Der Opfervertreter Hardy Langer schlug Klemke vor, er k\u00f6nne Grasel ja seine Mitschriften geben. &#8222;Ich verteidige ja Herrn Wohlleben&#8220;, sagte Klemke. Oberstaatsanwalt Jochen Weingarten sch\u00fcttelte den Kopf. &#8222;Sie bezweifeln das? Dann m\u00fcssten Sie ja Anzeige wegen Parteiverrats stellen!&#8220;, ruft der Verteidiger.<\/p>\n<p>Klemke hat offensichtlich erkannt, dass Zsch\u00e4pes Verteidigung mit der von Wohlleben steht und f\u00e4llt. Doch ist es m\u00f6glich, jemandem eine bessere Verteidigung aufzwingen? Das Gericht wird sich in das Verh\u00e4ltnis zwischen Anw\u00e4lten und Mandantin sicherlich nicht einmischen. Und als &#8222;ordnungsgem\u00e4\u00dfe Verteidigung&#8220; z\u00e4hlt im Prozessrecht vereinfacht gesagt, dass ein Anwalt bestellt ist und in der Sitzung erscheint. Wie er verteidigt, kann dem Strafsenat egal sein. Andernfalls h\u00e4tte er nicht den Antrag von Beate Zsch\u00e4pe abgelehnt, die ihre Verteidiger wegen angeblicher Unt\u00e4tigkeit loswerden wollte.<\/p>\n<p>Eine Beratung ist dem Senat der Antrag dennoch wert. Der Prozess wurde unterbrochen, Dienstag geht es weiter. Die Entscheidung ist\u00a0allerdings vorhersehbar: Wahrscheinlich werden Wohllebens Anw\u00e4lte erfahren, dass sie sich bei der Verteidigung nicht auf andere verlassen d\u00fcrfen.<\/p>\n","protected":false},"excerpt":{"rendered":"<p>Das Verh\u00e4ltnis zwischen Beate Zsch\u00e4pe und ihren Anw\u00e4lten ist zerr\u00fcttet. Das will sich ein anderer Angeklagter im NSU-Prozess zunutze machen. Ralf Wohlleben begr\u00fc\u00dft seine Frau mit einem Kuss, dann schiebt er schnell das Exemplar der Jungen Freiheit unter seinen Tisch. Jacqueline Wohlleben kommt immer wieder mal in den NSU-Prozess, sitzt als sogenannter Beistand neben ihrem [&hellip;]<\/p>\n","protected":false},"author":435,"featured_media":10099,"comment_status":"open","ping_status":"open","sticky":false,"template":"","format":"standard","meta":{"_jetpack_memberships_contains_paid_content":false,"footnotes":""},"categories":[27532],"tags":[],"class_list":["post-10082","post","type-post","status-publish","format-standard","has-post-thumbnail","hentry","category-prozesstage"],"yoast_head":"<!-- This site is optimized with the Yoast SEO plugin v21.0 - https:\/\/yoast.com\/wordpress\/plugins\/seo\/ -->\n<title>Die zweite Attacke - Das NSU-Prozess-Blog<\/title>\n<meta name=\"robots\" content=\"index, follow, max-snippet:-1, max-image-preview:large, max-video-preview:-1\" \/>\n<link rel=\"canonical\" href=\"https:\/\/blog.zeit.de\/nsu-prozess-blog\/2015\/10\/08\/die-zweite-attacke\/\" \/>\n<meta property=\"og:locale\" content=\"de_DE\" \/>\n<meta property=\"og:type\" content=\"article\" \/>\n<meta property=\"og:title\" content=\"Die zweite Attacke - Das NSU-Prozess-Blog\" \/>\n<meta property=\"og:description\" content=\"Das Verh\u00e4ltnis zwischen Beate Zsch\u00e4pe und ihren Anw\u00e4lten ist zerr\u00fcttet. Das will sich ein anderer Angeklagter im NSU-Prozess zunutze machen. Ralf Wohlleben begr\u00fc\u00dft seine Frau mit einem Kuss, dann schiebt er schnell das Exemplar der Jungen Freiheit unter seinen Tisch. Jacqueline Wohlleben kommt immer wieder mal in den NSU-Prozess, sitzt als sogenannter Beistand neben ihrem [&hellip;]\" \/>\n<meta property=\"og:url\" content=\"https:\/\/blog.zeit.de\/nsu-prozess-blog\/2015\/10\/08\/die-zweite-attacke\/\" \/>\n<meta property=\"og:site_name\" content=\"Das NSU-Prozess-Blog\" \/>\n<meta property=\"article:published_time\" content=\"2015-10-08T12:50:25+00:00\" \/>\n<meta property=\"article:modified_time\" content=\"2015-10-08T13:16:58+00:00\" \/>\n<meta property=\"og:image\" content=\"https:\/\/blog.zeit.de\/nsu-prozess-blog\/files\/2015\/10\/raw2.jpg\" \/>\n\t<meta property=\"og:image:width\" content=\"700\" \/>\n\t<meta property=\"og:image:height\" content=\"393\" \/>\n\t<meta property=\"og:image:type\" content=\"image\/jpeg\" \/>\n<meta name=\"author\" content=\"Tom Sundermann\" \/>\n<meta name=\"twitter:label1\" content=\"Geschrieben von\" \/>\n\t<meta name=\"twitter:data1\" content=\"Tom Sundermann\" \/>\n\t<meta name=\"twitter:label2\" content=\"Gesch\u00e4tzte Lesezeit\" \/>\n\t<meta name=\"twitter:data2\" content=\"4\u00a0Minuten\" \/>\n<script type=\"application\/ld+json\" class=\"yoast-schema-graph\">{\"@context\":\"https:\/\/schema.org\",\"@graph\":[{\"@type\":\"WebPage\",\"@id\":\"https:\/\/blog.zeit.de\/nsu-prozess-blog\/2015\/10\/08\/die-zweite-attacke\/\",\"url\":\"https:\/\/blog.zeit.de\/nsu-prozess-blog\/2015\/10\/08\/die-zweite-attacke\/\",\"name\":\"Die zweite Attacke - Das NSU-Prozess-Blog\",\"isPartOf\":{\"@id\":\"https:\/\/blog.zeit.de\/nsu-prozess-blog\/#website\"},\"datePublished\":\"2015-10-08T12:50:25+00:00\",\"dateModified\":\"2015-10-08T13:16:58+00:00\",\"author\":{\"@id\":\"https:\/\/blog.zeit.de\/nsu-prozess-blog\/#\/schema\/person\/553ea9bb5d1fc2ae054c589bd59380a5\"},\"breadcrumb\":{\"@id\":\"https:\/\/blog.zeit.de\/nsu-prozess-blog\/2015\/10\/08\/die-zweite-attacke\/#breadcrumb\"},\"inLanguage\":\"de\",\"potentialAction\":[{\"@type\":\"ReadAction\",\"target\":[\"https:\/\/blog.zeit.de\/nsu-prozess-blog\/2015\/10\/08\/die-zweite-attacke\/\"]}]},{\"@type\":\"BreadcrumbList\",\"@id\":\"https:\/\/blog.zeit.de\/nsu-prozess-blog\/2015\/10\/08\/die-zweite-attacke\/#breadcrumb\",\"itemListElement\":[{\"@type\":\"ListItem\",\"position\":1,\"name\":\"Startseite\",\"item\":\"https:\/\/blog.zeit.de\/nsu-prozess-blog\/\"},{\"@type\":\"ListItem\",\"position\":2,\"name\":\"Die zweite Attacke\"}]},{\"@type\":\"WebSite\",\"@id\":\"https:\/\/blog.zeit.de\/nsu-prozess-blog\/#website\",\"url\":\"https:\/\/blog.zeit.de\/nsu-prozess-blog\/\",\"name\":\"Das NSU-Prozess-Blog\",\"description\":\"Alle Berichte zum Terrorverfahren in M\u00fcnchen\",\"potentialAction\":[{\"@type\":\"SearchAction\",\"target\":{\"@type\":\"EntryPoint\",\"urlTemplate\":\"https:\/\/blog.zeit.de\/nsu-prozess-blog\/?s={search_term_string}\"},\"query-input\":\"required name=search_term_string\"}],\"inLanguage\":\"de\"},{\"@type\":\"Person\",\"@id\":\"https:\/\/blog.zeit.de\/nsu-prozess-blog\/#\/schema\/person\/553ea9bb5d1fc2ae054c589bd59380a5\",\"name\":\"Tom Sundermann\",\"image\":{\"@type\":\"ImageObject\",\"inLanguage\":\"de\",\"@id\":\"https:\/\/blog.zeit.de\/nsu-prozess-blog\/#\/schema\/person\/image\/\",\"url\":\"https:\/\/secure.gravatar.com\/avatar\/e108a3dc18766f719b2f797dc5d19093f06a1870c55b553ab6b7563f1f9a5e68?s=96&d=mm&r=g\",\"contentUrl\":\"https:\/\/secure.gravatar.com\/avatar\/e108a3dc18766f719b2f797dc5d19093f06a1870c55b553ab6b7563f1f9a5e68?s=96&d=mm&r=g\",\"caption\":\"Tom Sundermann\"},\"sameAs\":[\"https:\/\/twitter.com\/messeticker\"],\"url\":\"https:\/\/blog.zeit.de\/nsu-prozess-blog\/author\/tsundermann\/\"}]}<\/script>\n<!-- \/ Yoast SEO plugin. -->","yoast_head_json":{"title":"Die zweite Attacke - Das NSU-Prozess-Blog","robots":{"index":"index","follow":"follow","max-snippet":"max-snippet:-1","max-image-preview":"max-image-preview:large","max-video-preview":"max-video-preview:-1"},"canonical":"https:\/\/blog.zeit.de\/nsu-prozess-blog\/2015\/10\/08\/die-zweite-attacke\/","og_locale":"de_DE","og_type":"article","og_title":"Die zweite Attacke - Das NSU-Prozess-Blog","og_description":"Das Verh\u00e4ltnis zwischen Beate Zsch\u00e4pe und ihren Anw\u00e4lten ist zerr\u00fcttet. Das will sich ein anderer Angeklagter im NSU-Prozess zunutze machen. Ralf Wohlleben begr\u00fc\u00dft seine Frau mit einem Kuss, dann schiebt er schnell das Exemplar der Jungen Freiheit unter seinen Tisch. Jacqueline Wohlleben kommt immer wieder mal in den NSU-Prozess, sitzt als sogenannter Beistand neben ihrem [&hellip;]","og_url":"https:\/\/blog.zeit.de\/nsu-prozess-blog\/2015\/10\/08\/die-zweite-attacke\/","og_site_name":"Das NSU-Prozess-Blog","article_published_time":"2015-10-08T12:50:25+00:00","article_modified_time":"2015-10-08T13:16:58+00:00","og_image":[{"width":700,"height":393,"url":"https:\/\/blog.zeit.de\/nsu-prozess-blog\/files\/2015\/10\/raw2.jpg","type":"image\/jpeg"}],"author":"Tom Sundermann","twitter_misc":{"Geschrieben von":"Tom Sundermann","Gesch\u00e4tzte Lesezeit":"4\u00a0Minuten"},"schema":{"@context":"https:\/\/schema.org","@graph":[{"@type":"WebPage","@id":"https:\/\/blog.zeit.de\/nsu-prozess-blog\/2015\/10\/08\/die-zweite-attacke\/","url":"https:\/\/blog.zeit.de\/nsu-prozess-blog\/2015\/10\/08\/die-zweite-attacke\/","name":"Die zweite Attacke - Das NSU-Prozess-Blog","isPartOf":{"@id":"https:\/\/blog.zeit.de\/nsu-prozess-blog\/#website"},"datePublished":"2015-10-08T12:50:25+00:00","dateModified":"2015-10-08T13:16:58+00:00","author":{"@id":"https:\/\/blog.zeit.de\/nsu-prozess-blog\/#\/schema\/person\/553ea9bb5d1fc2ae054c589bd59380a5"},"breadcrumb":{"@id":"https:\/\/blog.zeit.de\/nsu-prozess-blog\/2015\/10\/08\/die-zweite-attacke\/#breadcrumb"},"inLanguage":"de","potentialAction":[{"@type":"ReadAction","target":["https:\/\/blog.zeit.de\/nsu-prozess-blog\/2015\/10\/08\/die-zweite-attacke\/"]}]},{"@type":"BreadcrumbList","@id":"https:\/\/blog.zeit.de\/nsu-prozess-blog\/2015\/10\/08\/die-zweite-attacke\/#breadcrumb","itemListElement":[{"@type":"ListItem","position":1,"name":"Startseite","item":"https:\/\/blog.zeit.de\/nsu-prozess-blog\/"},{"@type":"ListItem","position":2,"name":"Die zweite Attacke"}]},{"@type":"WebSite","@id":"https:\/\/blog.zeit.de\/nsu-prozess-blog\/#website","url":"https:\/\/blog.zeit.de\/nsu-prozess-blog\/","name":"Das NSU-Prozess-Blog","description":"Alle Berichte zum Terrorverfahren in M\u00fcnchen","potentialAction":[{"@type":"SearchAction","target":{"@type":"EntryPoint","urlTemplate":"https:\/\/blog.zeit.de\/nsu-prozess-blog\/?s={search_term_string}"},"query-input":"required name=search_term_string"}],"inLanguage":"de"},{"@type":"Person","@id":"https:\/\/blog.zeit.de\/nsu-prozess-blog\/#\/schema\/person\/553ea9bb5d1fc2ae054c589bd59380a5","name":"Tom Sundermann","image":{"@type":"ImageObject","inLanguage":"de","@id":"https:\/\/blog.zeit.de\/nsu-prozess-blog\/#\/schema\/person\/image\/","url":"https:\/\/secure.gravatar.com\/avatar\/e108a3dc18766f719b2f797dc5d19093f06a1870c55b553ab6b7563f1f9a5e68?s=96&d=mm&r=g","contentUrl":"https:\/\/secure.gravatar.com\/avatar\/e108a3dc18766f719b2f797dc5d19093f06a1870c55b553ab6b7563f1f9a5e68?s=96&d=mm&r=g","caption":"Tom Sundermann"},"sameAs":["https:\/\/twitter.com\/messeticker"],"url":"https:\/\/blog.zeit.de\/nsu-prozess-blog\/author\/tsundermann\/"}]}},"jetpack_featured_media_url":"https:\/\/blog.zeit.de\/nsu-prozess-blog\/files\/2015\/10\/raw2.jpg","jetpack_sharing_enabled":true,"_links":{"self":[{"href":"https:\/\/blog.zeit.de\/nsu-prozess-blog\/wp-json\/wp\/v2\/posts\/10082","targetHints":{"allow":["GET"]}}],"collection":[{"href":"https:\/\/blog.zeit.de\/nsu-prozess-blog\/wp-json\/wp\/v2\/posts"}],"about":[{"href":"https:\/\/blog.zeit.de\/nsu-prozess-blog\/wp-json\/wp\/v2\/types\/post"}],"author":[{"embeddable":true,"href":"https:\/\/blog.zeit.de\/nsu-prozess-blog\/wp-json\/wp\/v2\/users\/435"}],"replies":[{"embeddable":true,"href":"https:\/\/blog.zeit.de\/nsu-prozess-blog\/wp-json\/wp\/v2\/comments?post=10082"}],"version-history":[{"count":9,"href":"https:\/\/blog.zeit.de\/nsu-prozess-blog\/wp-json\/wp\/v2\/posts\/10082\/revisions"}],"predecessor-version":[{"id":10104,"href":"https:\/\/blog.zeit.de\/nsu-prozess-blog\/wp-json\/wp\/v2\/posts\/10082\/revisions\/10104"}],"wp:featuredmedia":[{"embeddable":true,"href":"https:\/\/blog.zeit.de\/nsu-prozess-blog\/wp-json\/wp\/v2\/media\/10099"}],"wp:attachment":[{"href":"https:\/\/blog.zeit.de\/nsu-prozess-blog\/wp-json\/wp\/v2\/media?parent=10082"}],"wp:term":[{"taxonomy":"category","embeddable":true,"href":"https:\/\/blog.zeit.de\/nsu-prozess-blog\/wp-json\/wp\/v2\/categories?post=10082"},{"taxonomy":"post_tag","embeddable":true,"href":"https:\/\/blog.zeit.de\/nsu-prozess-blog\/wp-json\/wp\/v2\/tags?post=10082"}],"curies":[{"name":"wp","href":"https:\/\/api.w.org\/{rel}","templated":true}]}}