{"id":10135,"date":"2015-10-14T07:55:20","date_gmt":"2015-10-14T05:55:20","guid":{"rendered":"http:\/\/blog.zeit.de\/nsu-prozess-blog\/?p=10135"},"modified":"2015-10-14T08:06:41","modified_gmt":"2015-10-14T06:06:41","slug":"medienlog-antraege-wohlleben-nsu","status":"publish","type":"post","link":"https:\/\/blog.zeit.de\/nsu-prozess-blog\/2015\/10\/14\/medienlog-antraege-wohlleben-nsu\/","title":{"rendered":"Ehrenerkl\u00e4rung f\u00fcr die Anw\u00e4lte \u2013 Das Medienlog vom Mittwoch, 14. Oktober 2015"},"content":{"rendered":"<p>Zeugen wurden am 236. Prozesstag wie schon bei den vorherigen\u00a0beiden Sitzungen nicht geh\u00f6rt. Stattdessen bestimmte abermals ein <a href=\"https:\/\/blog.zeit.de\/nsu-prozess-blog\/2015\/10\/08\/die-zweite-attacke\/\">Antrag der Verteidiger des Mitangeklagten Ralf Wohlleben<\/a> den Tag: Richter Manfred G\u00f6tzl lehnte das Gesuch der Anw\u00e4lte ab, den <a href=\"https:\/\/blog.zeit.de\/nsu-prozess-blog\/2015\/10\/09\/medienlog-wohlleben-nsu-antrag-zschaepe\/\">Prozess auszusetzen und Wohlleben aus der Untersuchungshaft zu entlassen<\/a>. Fazit der klaren Entscheidung: &#8222;Es deutet sich an, dass sich das Mammutverfahren bald dem Ende n\u00e4hert&#8220;, kommentiert Annette Ramelsberger von der <a href=\"http:\/\/www.sueddeutsche.de\/politik\/nsu-prozess-der-richter-verteidigt-die-verteidiger-1.2690693\" target=\"_blank\"><em>S\u00fcddeutschen Zeitung<\/em><\/a>.<\/p>\n<p><!--more--><\/p>\n<p>Die Anw\u00e4lte des Angeklagten argumentierten als Antwort auf die Ablehnung erneut, dass die Hauptangeklagte Beate Zsch\u00e4pe nicht ausreichend verteidigt werde. Dies erschwere den Fall auch f\u00fcr die Partei Wohlleben. Oberstaatsanwalt Jochen Weingarten antwortete, mit dieser Behauptung lasse sich keine Beschwerde gegen das Urteil begr\u00fcnden. Richter G\u00f6tzl nannte die Verteidigung Zsch\u00e4pes zudem ausreichend. Damit gab er f\u00fcr ihre Anw\u00e4lte &#8222;geradezu eine Ehrenerkl\u00e4rung ab&#8220;, schreibt Ramelsberger. Zwischen den Zeilen schimmerte allerdings durch, dass der Einfluss der Verteidigung begrenzt sei. Damit erweckte G\u00f6tzl den Eindruck, &#8222;als wenn es nun f\u00fcr die Verteidigung ohnehin nichts mehr zu rei\u00dfen g\u00e4be&#8220;.<\/p>\n<p>&#8222;Die Dispute \u00fcber Zsch\u00e4pes Verteidigung ziehen das Verfahren weiter in die L\u00e4nge&#8220;, bemerkt Gisela Friedrichsen auf <a href=\"http:\/\/www.spiegel.de\/panorama\/justiz\/nsu-prozess-der-endlose-streit-ueber-die-zschaepe-verteidigung-a-1057599.html\" target=\"_blank\"><em>Spiegel Online<\/em><\/a>. Gleichwohl verhalte sich Zsch\u00e4pe gegen\u00fcber ihren Verteidigern weiter wie zuvor: abweisend, au\u00dfer zu ihrem <a href=\"https:\/\/blog.zeit.de\/nsu-prozess-blog\/2015\/07\/21\/zschaepes-letzter-mann\/\">neuen Verteidiger Mathias Grasel<\/a>.<\/p>\n<p><em>An jedem Werktag sichten wir f\u00fcr das NSU-Prozess-Blog die Medien und stellen wichtige Berichte, Blogs, Videos und Tweets zusammen. Wir freuen uns \u00fcber Hinweise via Twitter mit dem Hashtag #nsublog \u2013 oder per E-Mail an <a href=\"mailto:nsublog@zeit.de\">nsublog@zeit.de<\/a>.<\/em><\/p>\n<p><em>Das n\u00e4chste Medienlog erscheint am Donnerstag, 15. Oktober 2015.<\/em><\/p>\n","protected":false},"excerpt":{"rendered":"<p>Zeugen wurden am 236. Prozesstag wie schon bei den vorherigen\u00a0beiden Sitzungen nicht geh\u00f6rt. Stattdessen bestimmte abermals ein Antrag der Verteidiger des Mitangeklagten Ralf Wohlleben den Tag: Richter Manfred G\u00f6tzl lehnte das Gesuch der Anw\u00e4lte ab, den Prozess auszusetzen und Wohlleben aus der Untersuchungshaft zu entlassen. Fazit der klaren Entscheidung: &#8222;Es deutet sich an, dass sich [&hellip;]<\/p>\n","protected":false},"author":435,"featured_media":10144,"comment_status":"open","ping_status":"open","sticky":false,"template":"","format":"standard","meta":{"_jetpack_memberships_contains_paid_content":false,"footnotes":""},"categories":[27531],"tags":[29424,35388,17793,27559,17772,29537],"class_list":["post-10135","post","type-post","status-publish","format-standard","has-post-thumbnail","hentry","category-medienschau","tag-anwalte","tag-aussetzungsantrag","tag-beate-zschape","tag-manfred-gotzl","tag-ralf-wohlleben","tag-richter"],"yoast_head":"<!-- This site is optimized with the Yoast SEO plugin v21.0 - https:\/\/yoast.com\/wordpress\/plugins\/seo\/ -->\n<title>Ehrenerkl\u00e4rung f\u00fcr die Anw\u00e4lte \u2013 Das Medienlog vom Mittwoch, 14. Oktober 2015 - Das NSU-Prozess-Blog<\/title>\n<meta name=\"robots\" content=\"index, follow, max-snippet:-1, max-image-preview:large, max-video-preview:-1\" \/>\n<link rel=\"canonical\" href=\"https:\/\/blog.zeit.de\/nsu-prozess-blog\/2015\/10\/14\/medienlog-antraege-wohlleben-nsu\/\" \/>\n<meta property=\"og:locale\" content=\"de_DE\" \/>\n<meta property=\"og:type\" content=\"article\" \/>\n<meta property=\"og:title\" content=\"Ehrenerkl\u00e4rung f\u00fcr die Anw\u00e4lte \u2013 Das Medienlog vom Mittwoch, 14. Oktober 2015 - Das NSU-Prozess-Blog\" \/>\n<meta property=\"og:description\" content=\"Zeugen wurden am 236. Prozesstag wie schon bei den vorherigen\u00a0beiden Sitzungen nicht geh\u00f6rt. Stattdessen bestimmte abermals ein Antrag der Verteidiger des Mitangeklagten Ralf Wohlleben den Tag: Richter Manfred G\u00f6tzl lehnte das Gesuch der Anw\u00e4lte ab, den Prozess auszusetzen und Wohlleben aus der Untersuchungshaft zu entlassen. Fazit der klaren Entscheidung: &#8222;Es deutet sich an, dass sich [&hellip;]\" \/>\n<meta property=\"og:url\" content=\"https:\/\/blog.zeit.de\/nsu-prozess-blog\/2015\/10\/14\/medienlog-antraege-wohlleben-nsu\/\" \/>\n<meta property=\"og:site_name\" content=\"Das NSU-Prozess-Blog\" \/>\n<meta property=\"article:published_time\" content=\"2015-10-14T05:55:20+00:00\" \/>\n<meta property=\"article:modified_time\" content=\"2015-10-14T06:06:41+00:00\" \/>\n<meta property=\"og:image\" content=\"https:\/\/blog.zeit.de\/nsu-prozess-blog\/files\/2015\/10\/raw4.jpg\" \/>\n\t<meta property=\"og:image:width\" content=\"990\" \/>\n\t<meta property=\"og:image:height\" content=\"556\" \/>\n\t<meta property=\"og:image:type\" content=\"image\/jpeg\" \/>\n<meta name=\"author\" content=\"Tom Sundermann\" \/>\n<meta name=\"twitter:label1\" content=\"Geschrieben von\" \/>\n\t<meta name=\"twitter:data1\" content=\"Tom Sundermann\" \/>\n\t<meta name=\"twitter:label2\" content=\"Gesch\u00e4tzte Lesezeit\" \/>\n\t<meta name=\"twitter:data2\" content=\"1\u00a0Minute\" \/>\n<script type=\"application\/ld+json\" class=\"yoast-schema-graph\">{\"@context\":\"https:\/\/schema.org\",\"@graph\":[{\"@type\":\"WebPage\",\"@id\":\"https:\/\/blog.zeit.de\/nsu-prozess-blog\/2015\/10\/14\/medienlog-antraege-wohlleben-nsu\/\",\"url\":\"https:\/\/blog.zeit.de\/nsu-prozess-blog\/2015\/10\/14\/medienlog-antraege-wohlleben-nsu\/\",\"name\":\"Ehrenerkl\u00e4rung f\u00fcr die Anw\u00e4lte \u2013 Das Medienlog vom Mittwoch, 14. Oktober 2015 - Das NSU-Prozess-Blog\",\"isPartOf\":{\"@id\":\"https:\/\/blog.zeit.de\/nsu-prozess-blog\/#website\"},\"datePublished\":\"2015-10-14T05:55:20+00:00\",\"dateModified\":\"2015-10-14T06:06:41+00:00\",\"author\":{\"@id\":\"https:\/\/blog.zeit.de\/nsu-prozess-blog\/#\/schema\/person\/553ea9bb5d1fc2ae054c589bd59380a5\"},\"breadcrumb\":{\"@id\":\"https:\/\/blog.zeit.de\/nsu-prozess-blog\/2015\/10\/14\/medienlog-antraege-wohlleben-nsu\/#breadcrumb\"},\"inLanguage\":\"de\",\"potentialAction\":[{\"@type\":\"ReadAction\",\"target\":[\"https:\/\/blog.zeit.de\/nsu-prozess-blog\/2015\/10\/14\/medienlog-antraege-wohlleben-nsu\/\"]}]},{\"@type\":\"BreadcrumbList\",\"@id\":\"https:\/\/blog.zeit.de\/nsu-prozess-blog\/2015\/10\/14\/medienlog-antraege-wohlleben-nsu\/#breadcrumb\",\"itemListElement\":[{\"@type\":\"ListItem\",\"position\":1,\"name\":\"Startseite\",\"item\":\"https:\/\/blog.zeit.de\/nsu-prozess-blog\/\"},{\"@type\":\"ListItem\",\"position\":2,\"name\":\"Ehrenerkl\u00e4rung f\u00fcr die Anw\u00e4lte \u2013 Das Medienlog vom Mittwoch, 14. Oktober 2015\"}]},{\"@type\":\"WebSite\",\"@id\":\"https:\/\/blog.zeit.de\/nsu-prozess-blog\/#website\",\"url\":\"https:\/\/blog.zeit.de\/nsu-prozess-blog\/\",\"name\":\"Das NSU-Prozess-Blog\",\"description\":\"Alle Berichte zum Terrorverfahren in M\u00fcnchen\",\"potentialAction\":[{\"@type\":\"SearchAction\",\"target\":{\"@type\":\"EntryPoint\",\"urlTemplate\":\"https:\/\/blog.zeit.de\/nsu-prozess-blog\/?s={search_term_string}\"},\"query-input\":\"required name=search_term_string\"}],\"inLanguage\":\"de\"},{\"@type\":\"Person\",\"@id\":\"https:\/\/blog.zeit.de\/nsu-prozess-blog\/#\/schema\/person\/553ea9bb5d1fc2ae054c589bd59380a5\",\"name\":\"Tom Sundermann\",\"image\":{\"@type\":\"ImageObject\",\"inLanguage\":\"de\",\"@id\":\"https:\/\/blog.zeit.de\/nsu-prozess-blog\/#\/schema\/person\/image\/\",\"url\":\"https:\/\/secure.gravatar.com\/avatar\/e108a3dc18766f719b2f797dc5d19093f06a1870c55b553ab6b7563f1f9a5e68?s=96&d=mm&r=g\",\"contentUrl\":\"https:\/\/secure.gravatar.com\/avatar\/e108a3dc18766f719b2f797dc5d19093f06a1870c55b553ab6b7563f1f9a5e68?s=96&d=mm&r=g\",\"caption\":\"Tom Sundermann\"},\"sameAs\":[\"https:\/\/twitter.com\/messeticker\"],\"url\":\"https:\/\/blog.zeit.de\/nsu-prozess-blog\/author\/tsundermann\/\"}]}<\/script>\n<!-- \/ Yoast SEO plugin. -->","yoast_head_json":{"title":"Ehrenerkl\u00e4rung f\u00fcr die Anw\u00e4lte \u2013 Das Medienlog vom Mittwoch, 14. Oktober 2015 - Das NSU-Prozess-Blog","robots":{"index":"index","follow":"follow","max-snippet":"max-snippet:-1","max-image-preview":"max-image-preview:large","max-video-preview":"max-video-preview:-1"},"canonical":"https:\/\/blog.zeit.de\/nsu-prozess-blog\/2015\/10\/14\/medienlog-antraege-wohlleben-nsu\/","og_locale":"de_DE","og_type":"article","og_title":"Ehrenerkl\u00e4rung f\u00fcr die Anw\u00e4lte \u2013 Das Medienlog vom Mittwoch, 14. Oktober 2015 - Das NSU-Prozess-Blog","og_description":"Zeugen wurden am 236. Prozesstag wie schon bei den vorherigen\u00a0beiden Sitzungen nicht geh\u00f6rt. Stattdessen bestimmte abermals ein Antrag der Verteidiger des Mitangeklagten Ralf Wohlleben den Tag: Richter Manfred G\u00f6tzl lehnte das Gesuch der Anw\u00e4lte ab, den Prozess auszusetzen und Wohlleben aus der Untersuchungshaft zu entlassen. Fazit der klaren Entscheidung: &#8222;Es deutet sich an, dass sich [&hellip;]","og_url":"https:\/\/blog.zeit.de\/nsu-prozess-blog\/2015\/10\/14\/medienlog-antraege-wohlleben-nsu\/","og_site_name":"Das NSU-Prozess-Blog","article_published_time":"2015-10-14T05:55:20+00:00","article_modified_time":"2015-10-14T06:06:41+00:00","og_image":[{"width":990,"height":556,"url":"https:\/\/blog.zeit.de\/nsu-prozess-blog\/files\/2015\/10\/raw4.jpg","type":"image\/jpeg"}],"author":"Tom Sundermann","twitter_misc":{"Geschrieben von":"Tom Sundermann","Gesch\u00e4tzte Lesezeit":"1\u00a0Minute"},"schema":{"@context":"https:\/\/schema.org","@graph":[{"@type":"WebPage","@id":"https:\/\/blog.zeit.de\/nsu-prozess-blog\/2015\/10\/14\/medienlog-antraege-wohlleben-nsu\/","url":"https:\/\/blog.zeit.de\/nsu-prozess-blog\/2015\/10\/14\/medienlog-antraege-wohlleben-nsu\/","name":"Ehrenerkl\u00e4rung f\u00fcr die Anw\u00e4lte \u2013 Das Medienlog vom Mittwoch, 14. Oktober 2015 - Das NSU-Prozess-Blog","isPartOf":{"@id":"https:\/\/blog.zeit.de\/nsu-prozess-blog\/#website"},"datePublished":"2015-10-14T05:55:20+00:00","dateModified":"2015-10-14T06:06:41+00:00","author":{"@id":"https:\/\/blog.zeit.de\/nsu-prozess-blog\/#\/schema\/person\/553ea9bb5d1fc2ae054c589bd59380a5"},"breadcrumb":{"@id":"https:\/\/blog.zeit.de\/nsu-prozess-blog\/2015\/10\/14\/medienlog-antraege-wohlleben-nsu\/#breadcrumb"},"inLanguage":"de","potentialAction":[{"@type":"ReadAction","target":["https:\/\/blog.zeit.de\/nsu-prozess-blog\/2015\/10\/14\/medienlog-antraege-wohlleben-nsu\/"]}]},{"@type":"BreadcrumbList","@id":"https:\/\/blog.zeit.de\/nsu-prozess-blog\/2015\/10\/14\/medienlog-antraege-wohlleben-nsu\/#breadcrumb","itemListElement":[{"@type":"ListItem","position":1,"name":"Startseite","item":"https:\/\/blog.zeit.de\/nsu-prozess-blog\/"},{"@type":"ListItem","position":2,"name":"Ehrenerkl\u00e4rung f\u00fcr die Anw\u00e4lte \u2013 Das Medienlog vom Mittwoch, 14. Oktober 2015"}]},{"@type":"WebSite","@id":"https:\/\/blog.zeit.de\/nsu-prozess-blog\/#website","url":"https:\/\/blog.zeit.de\/nsu-prozess-blog\/","name":"Das NSU-Prozess-Blog","description":"Alle Berichte zum Terrorverfahren in M\u00fcnchen","potentialAction":[{"@type":"SearchAction","target":{"@type":"EntryPoint","urlTemplate":"https:\/\/blog.zeit.de\/nsu-prozess-blog\/?s={search_term_string}"},"query-input":"required name=search_term_string"}],"inLanguage":"de"},{"@type":"Person","@id":"https:\/\/blog.zeit.de\/nsu-prozess-blog\/#\/schema\/person\/553ea9bb5d1fc2ae054c589bd59380a5","name":"Tom Sundermann","image":{"@type":"ImageObject","inLanguage":"de","@id":"https:\/\/blog.zeit.de\/nsu-prozess-blog\/#\/schema\/person\/image\/","url":"https:\/\/secure.gravatar.com\/avatar\/e108a3dc18766f719b2f797dc5d19093f06a1870c55b553ab6b7563f1f9a5e68?s=96&d=mm&r=g","contentUrl":"https:\/\/secure.gravatar.com\/avatar\/e108a3dc18766f719b2f797dc5d19093f06a1870c55b553ab6b7563f1f9a5e68?s=96&d=mm&r=g","caption":"Tom Sundermann"},"sameAs":["https:\/\/twitter.com\/messeticker"],"url":"https:\/\/blog.zeit.de\/nsu-prozess-blog\/author\/tsundermann\/"}]}},"jetpack_featured_media_url":"https:\/\/blog.zeit.de\/nsu-prozess-blog\/files\/2015\/10\/raw4.jpg","jetpack_sharing_enabled":true,"_links":{"self":[{"href":"https:\/\/blog.zeit.de\/nsu-prozess-blog\/wp-json\/wp\/v2\/posts\/10135","targetHints":{"allow":["GET"]}}],"collection":[{"href":"https:\/\/blog.zeit.de\/nsu-prozess-blog\/wp-json\/wp\/v2\/posts"}],"about":[{"href":"https:\/\/blog.zeit.de\/nsu-prozess-blog\/wp-json\/wp\/v2\/types\/post"}],"author":[{"embeddable":true,"href":"https:\/\/blog.zeit.de\/nsu-prozess-blog\/wp-json\/wp\/v2\/users\/435"}],"replies":[{"embeddable":true,"href":"https:\/\/blog.zeit.de\/nsu-prozess-blog\/wp-json\/wp\/v2\/comments?post=10135"}],"version-history":[{"count":8,"href":"https:\/\/blog.zeit.de\/nsu-prozess-blog\/wp-json\/wp\/v2\/posts\/10135\/revisions"}],"predecessor-version":[{"id":10145,"href":"https:\/\/blog.zeit.de\/nsu-prozess-blog\/wp-json\/wp\/v2\/posts\/10135\/revisions\/10145"}],"wp:featuredmedia":[{"embeddable":true,"href":"https:\/\/blog.zeit.de\/nsu-prozess-blog\/wp-json\/wp\/v2\/media\/10144"}],"wp:attachment":[{"href":"https:\/\/blog.zeit.de\/nsu-prozess-blog\/wp-json\/wp\/v2\/media?parent=10135"}],"wp:term":[{"taxonomy":"category","embeddable":true,"href":"https:\/\/blog.zeit.de\/nsu-prozess-blog\/wp-json\/wp\/v2\/categories?post=10135"},{"taxonomy":"post_tag","embeddable":true,"href":"https:\/\/blog.zeit.de\/nsu-prozess-blog\/wp-json\/wp\/v2\/tags?post=10135"}],"curies":[{"name":"wp","href":"https:\/\/api.w.org\/{rel}","templated":true}]}}