{"id":10160,"date":"2015-10-20T07:00:26","date_gmt":"2015-10-20T05:00:26","guid":{"rendered":"http:\/\/blog.zeit.de\/nsu-prozess-blog\/?p=10160"},"modified":"2015-10-19T19:47:27","modified_gmt":"2015-10-19T17:47:27","slug":"238-prozesstag-aufnahmen-aus-dem-nsu-unterschlupf","status":"publish","type":"post","link":"https:\/\/blog.zeit.de\/nsu-prozess-blog\/2015\/10\/20\/238-prozesstag-aufnahmen-aus-dem-nsu-unterschlupf\/","title":{"rendered":"238. Prozesstag \u2013 Aufnahmen aus dem NSU-Unterschlupf"},"content":{"rendered":"<p>In Sachen Sicherheit \u00fcberlie\u00df das NSU-Trio nichts dem Zufall: Die letzte Wohnung der drei <a href=\"https:\/\/blog.zeit.de\/nsu-prozess-blog\/2014\/12\/23\/medienlog-zschaepe-wohnung-unterstuetzer\/\">in der Zwickauer Fr\u00fchlingsstra\u00dfe<\/a> war <a href=\"https:\/\/blog.zeit.de\/nsu-prozess-blog\/2014\/08\/28\/medienlog-kameras-fruehlingsstrasse-matthias-d\/\">mit mehreren Kameras \u00fcberwacht<\/a>. Vier Ger\u00e4te dieser Art \u00fcberwachten den Unterschlupf unter anderem vom Fenster aus als auch durch den T\u00fcrspion. Aufzeichnungen der Kameras sind erhalten geblieben.<\/p>\n<p>Am Dienstag sagt ein Kommissar des Bundeskriminalamts aus, der die \u00dcberwachungsb\u00e4nder ausgewertet hat. Die Beweismittel k\u00f6nnten auch Hinweise darauf liefern, ob das Trio st\u00e4ndig zusammengewohnt hat oder nur zeitweise, wie h\u00e4ufig vermutet wird.<\/p>\n<p><em>Informationen aus der Verhandlung gibt es <a href=\"https:\/\/twitter.com\/zeitonline\/lists\/nsu-prozess\">via Twitter hier<\/a>. Die Berichte dar\u00fcber fassen wir morgen im <a href=\"https:\/\/blog.zeit.de\/nsu-prozess-blog\/category\/medienschau\/\">NSU-Medienlog<\/a> zusammen.<\/em><\/p>\n","protected":false},"excerpt":{"rendered":"<p>In Sachen Sicherheit \u00fcberlie\u00df das NSU-Trio nichts dem Zufall: Die letzte Wohnung der drei in der Zwickauer Fr\u00fchlingsstra\u00dfe war mit mehreren Kameras \u00fcberwacht. Vier Ger\u00e4te dieser Art \u00fcberwachten den Unterschlupf unter anderem vom Fenster aus als auch durch den T\u00fcrspion. Aufzeichnungen der Kameras sind erhalten geblieben. Am Dienstag sagt ein Kommissar des Bundeskriminalamts aus, der [&hellip;]<\/p>\n","protected":false},"author":435,"featured_media":0,"comment_status":"open","ping_status":"open","sticky":false,"template":"","format":"standard","meta":{"_jetpack_memberships_contains_paid_content":false,"footnotes":""},"categories":[27532],"tags":[27562,29512,15520,27134,27560],"class_list":["post-10160","post","type-post","status-publish","format-standard","hentry","category-prozesstage","tag-bka","tag-fruehlingsstrasse","tag-kamera","tag-untergrund","tag-zwickau"],"yoast_head":"<!-- This site is optimized with the Yoast SEO plugin v21.0 - https:\/\/yoast.com\/wordpress\/plugins\/seo\/ -->\n<title>238. Prozesstag \u2013 Aufnahmen aus dem NSU-Unterschlupf - Das NSU-Prozess-Blog<\/title>\n<meta name=\"robots\" content=\"index, follow, max-snippet:-1, max-image-preview:large, max-video-preview:-1\" \/>\n<link rel=\"canonical\" href=\"https:\/\/blog.zeit.de\/nsu-prozess-blog\/2015\/10\/20\/238-prozesstag-aufnahmen-aus-dem-nsu-unterschlupf\/\" \/>\n<meta property=\"og:locale\" content=\"de_DE\" \/>\n<meta property=\"og:type\" content=\"article\" \/>\n<meta property=\"og:title\" content=\"238. Prozesstag \u2013 Aufnahmen aus dem NSU-Unterschlupf - Das NSU-Prozess-Blog\" \/>\n<meta property=\"og:description\" content=\"In Sachen Sicherheit \u00fcberlie\u00df das NSU-Trio nichts dem Zufall: Die letzte Wohnung der drei in der Zwickauer Fr\u00fchlingsstra\u00dfe war mit mehreren Kameras \u00fcberwacht. Vier Ger\u00e4te dieser Art \u00fcberwachten den Unterschlupf unter anderem vom Fenster aus als auch durch den T\u00fcrspion. Aufzeichnungen der Kameras sind erhalten geblieben. Am Dienstag sagt ein Kommissar des Bundeskriminalamts aus, der [&hellip;]\" \/>\n<meta property=\"og:url\" content=\"https:\/\/blog.zeit.de\/nsu-prozess-blog\/2015\/10\/20\/238-prozesstag-aufnahmen-aus-dem-nsu-unterschlupf\/\" \/>\n<meta property=\"og:site_name\" content=\"Das NSU-Prozess-Blog\" \/>\n<meta property=\"article:published_time\" content=\"2015-10-20T05:00:26+00:00\" \/>\n<meta property=\"article:modified_time\" content=\"2015-10-19T17:47:27+00:00\" \/>\n<meta name=\"author\" content=\"Tom Sundermann\" \/>\n<meta name=\"twitter:label1\" content=\"Geschrieben von\" \/>\n\t<meta name=\"twitter:data1\" content=\"Tom Sundermann\" \/>\n\t<meta name=\"twitter:label2\" content=\"Gesch\u00e4tzte Lesezeit\" \/>\n\t<meta name=\"twitter:data2\" content=\"1\u00a0Minute\" \/>\n<script type=\"application\/ld+json\" class=\"yoast-schema-graph\">{\"@context\":\"https:\/\/schema.org\",\"@graph\":[{\"@type\":\"WebPage\",\"@id\":\"https:\/\/blog.zeit.de\/nsu-prozess-blog\/2015\/10\/20\/238-prozesstag-aufnahmen-aus-dem-nsu-unterschlupf\/\",\"url\":\"https:\/\/blog.zeit.de\/nsu-prozess-blog\/2015\/10\/20\/238-prozesstag-aufnahmen-aus-dem-nsu-unterschlupf\/\",\"name\":\"238. Prozesstag \u2013 Aufnahmen aus dem NSU-Unterschlupf - Das NSU-Prozess-Blog\",\"isPartOf\":{\"@id\":\"https:\/\/blog.zeit.de\/nsu-prozess-blog\/#website\"},\"datePublished\":\"2015-10-20T05:00:26+00:00\",\"dateModified\":\"2015-10-19T17:47:27+00:00\",\"author\":{\"@id\":\"https:\/\/blog.zeit.de\/nsu-prozess-blog\/#\/schema\/person\/553ea9bb5d1fc2ae054c589bd59380a5\"},\"breadcrumb\":{\"@id\":\"https:\/\/blog.zeit.de\/nsu-prozess-blog\/2015\/10\/20\/238-prozesstag-aufnahmen-aus-dem-nsu-unterschlupf\/#breadcrumb\"},\"inLanguage\":\"de\",\"potentialAction\":[{\"@type\":\"ReadAction\",\"target\":[\"https:\/\/blog.zeit.de\/nsu-prozess-blog\/2015\/10\/20\/238-prozesstag-aufnahmen-aus-dem-nsu-unterschlupf\/\"]}]},{\"@type\":\"BreadcrumbList\",\"@id\":\"https:\/\/blog.zeit.de\/nsu-prozess-blog\/2015\/10\/20\/238-prozesstag-aufnahmen-aus-dem-nsu-unterschlupf\/#breadcrumb\",\"itemListElement\":[{\"@type\":\"ListItem\",\"position\":1,\"name\":\"Startseite\",\"item\":\"https:\/\/blog.zeit.de\/nsu-prozess-blog\/\"},{\"@type\":\"ListItem\",\"position\":2,\"name\":\"238. Prozesstag \u2013 Aufnahmen aus dem NSU-Unterschlupf\"}]},{\"@type\":\"WebSite\",\"@id\":\"https:\/\/blog.zeit.de\/nsu-prozess-blog\/#website\",\"url\":\"https:\/\/blog.zeit.de\/nsu-prozess-blog\/\",\"name\":\"Das NSU-Prozess-Blog\",\"description\":\"Alle Berichte zum Terrorverfahren in M\u00fcnchen\",\"potentialAction\":[{\"@type\":\"SearchAction\",\"target\":{\"@type\":\"EntryPoint\",\"urlTemplate\":\"https:\/\/blog.zeit.de\/nsu-prozess-blog\/?s={search_term_string}\"},\"query-input\":\"required name=search_term_string\"}],\"inLanguage\":\"de\"},{\"@type\":\"Person\",\"@id\":\"https:\/\/blog.zeit.de\/nsu-prozess-blog\/#\/schema\/person\/553ea9bb5d1fc2ae054c589bd59380a5\",\"name\":\"Tom Sundermann\",\"image\":{\"@type\":\"ImageObject\",\"inLanguage\":\"de\",\"@id\":\"https:\/\/blog.zeit.de\/nsu-prozess-blog\/#\/schema\/person\/image\/\",\"url\":\"https:\/\/secure.gravatar.com\/avatar\/e108a3dc18766f719b2f797dc5d19093f06a1870c55b553ab6b7563f1f9a5e68?s=96&d=mm&r=g\",\"contentUrl\":\"https:\/\/secure.gravatar.com\/avatar\/e108a3dc18766f719b2f797dc5d19093f06a1870c55b553ab6b7563f1f9a5e68?s=96&d=mm&r=g\",\"caption\":\"Tom Sundermann\"},\"sameAs\":[\"https:\/\/twitter.com\/messeticker\"],\"url\":\"https:\/\/blog.zeit.de\/nsu-prozess-blog\/author\/tsundermann\/\"}]}<\/script>\n<!-- \/ Yoast SEO plugin. -->","yoast_head_json":{"title":"238. Prozesstag \u2013 Aufnahmen aus dem NSU-Unterschlupf - Das NSU-Prozess-Blog","robots":{"index":"index","follow":"follow","max-snippet":"max-snippet:-1","max-image-preview":"max-image-preview:large","max-video-preview":"max-video-preview:-1"},"canonical":"https:\/\/blog.zeit.de\/nsu-prozess-blog\/2015\/10\/20\/238-prozesstag-aufnahmen-aus-dem-nsu-unterschlupf\/","og_locale":"de_DE","og_type":"article","og_title":"238. Prozesstag \u2013 Aufnahmen aus dem NSU-Unterschlupf - Das NSU-Prozess-Blog","og_description":"In Sachen Sicherheit \u00fcberlie\u00df das NSU-Trio nichts dem Zufall: Die letzte Wohnung der drei in der Zwickauer Fr\u00fchlingsstra\u00dfe war mit mehreren Kameras \u00fcberwacht. Vier Ger\u00e4te dieser Art \u00fcberwachten den Unterschlupf unter anderem vom Fenster aus als auch durch den T\u00fcrspion. Aufzeichnungen der Kameras sind erhalten geblieben. Am Dienstag sagt ein Kommissar des Bundeskriminalamts aus, der [&hellip;]","og_url":"https:\/\/blog.zeit.de\/nsu-prozess-blog\/2015\/10\/20\/238-prozesstag-aufnahmen-aus-dem-nsu-unterschlupf\/","og_site_name":"Das NSU-Prozess-Blog","article_published_time":"2015-10-20T05:00:26+00:00","article_modified_time":"2015-10-19T17:47:27+00:00","author":"Tom Sundermann","twitter_misc":{"Geschrieben von":"Tom Sundermann","Gesch\u00e4tzte Lesezeit":"1\u00a0Minute"},"schema":{"@context":"https:\/\/schema.org","@graph":[{"@type":"WebPage","@id":"https:\/\/blog.zeit.de\/nsu-prozess-blog\/2015\/10\/20\/238-prozesstag-aufnahmen-aus-dem-nsu-unterschlupf\/","url":"https:\/\/blog.zeit.de\/nsu-prozess-blog\/2015\/10\/20\/238-prozesstag-aufnahmen-aus-dem-nsu-unterschlupf\/","name":"238. Prozesstag \u2013 Aufnahmen aus dem NSU-Unterschlupf - Das NSU-Prozess-Blog","isPartOf":{"@id":"https:\/\/blog.zeit.de\/nsu-prozess-blog\/#website"},"datePublished":"2015-10-20T05:00:26+00:00","dateModified":"2015-10-19T17:47:27+00:00","author":{"@id":"https:\/\/blog.zeit.de\/nsu-prozess-blog\/#\/schema\/person\/553ea9bb5d1fc2ae054c589bd59380a5"},"breadcrumb":{"@id":"https:\/\/blog.zeit.de\/nsu-prozess-blog\/2015\/10\/20\/238-prozesstag-aufnahmen-aus-dem-nsu-unterschlupf\/#breadcrumb"},"inLanguage":"de","potentialAction":[{"@type":"ReadAction","target":["https:\/\/blog.zeit.de\/nsu-prozess-blog\/2015\/10\/20\/238-prozesstag-aufnahmen-aus-dem-nsu-unterschlupf\/"]}]},{"@type":"BreadcrumbList","@id":"https:\/\/blog.zeit.de\/nsu-prozess-blog\/2015\/10\/20\/238-prozesstag-aufnahmen-aus-dem-nsu-unterschlupf\/#breadcrumb","itemListElement":[{"@type":"ListItem","position":1,"name":"Startseite","item":"https:\/\/blog.zeit.de\/nsu-prozess-blog\/"},{"@type":"ListItem","position":2,"name":"238. Prozesstag \u2013 Aufnahmen aus dem NSU-Unterschlupf"}]},{"@type":"WebSite","@id":"https:\/\/blog.zeit.de\/nsu-prozess-blog\/#website","url":"https:\/\/blog.zeit.de\/nsu-prozess-blog\/","name":"Das NSU-Prozess-Blog","description":"Alle Berichte zum Terrorverfahren in M\u00fcnchen","potentialAction":[{"@type":"SearchAction","target":{"@type":"EntryPoint","urlTemplate":"https:\/\/blog.zeit.de\/nsu-prozess-blog\/?s={search_term_string}"},"query-input":"required name=search_term_string"}],"inLanguage":"de"},{"@type":"Person","@id":"https:\/\/blog.zeit.de\/nsu-prozess-blog\/#\/schema\/person\/553ea9bb5d1fc2ae054c589bd59380a5","name":"Tom Sundermann","image":{"@type":"ImageObject","inLanguage":"de","@id":"https:\/\/blog.zeit.de\/nsu-prozess-blog\/#\/schema\/person\/image\/","url":"https:\/\/secure.gravatar.com\/avatar\/e108a3dc18766f719b2f797dc5d19093f06a1870c55b553ab6b7563f1f9a5e68?s=96&d=mm&r=g","contentUrl":"https:\/\/secure.gravatar.com\/avatar\/e108a3dc18766f719b2f797dc5d19093f06a1870c55b553ab6b7563f1f9a5e68?s=96&d=mm&r=g","caption":"Tom Sundermann"},"sameAs":["https:\/\/twitter.com\/messeticker"],"url":"https:\/\/blog.zeit.de\/nsu-prozess-blog\/author\/tsundermann\/"}]}},"jetpack_featured_media_url":"","jetpack_sharing_enabled":true,"_links":{"self":[{"href":"https:\/\/blog.zeit.de\/nsu-prozess-blog\/wp-json\/wp\/v2\/posts\/10160","targetHints":{"allow":["GET"]}}],"collection":[{"href":"https:\/\/blog.zeit.de\/nsu-prozess-blog\/wp-json\/wp\/v2\/posts"}],"about":[{"href":"https:\/\/blog.zeit.de\/nsu-prozess-blog\/wp-json\/wp\/v2\/types\/post"}],"author":[{"embeddable":true,"href":"https:\/\/blog.zeit.de\/nsu-prozess-blog\/wp-json\/wp\/v2\/users\/435"}],"replies":[{"embeddable":true,"href":"https:\/\/blog.zeit.de\/nsu-prozess-blog\/wp-json\/wp\/v2\/comments?post=10160"}],"version-history":[{"count":1,"href":"https:\/\/blog.zeit.de\/nsu-prozess-blog\/wp-json\/wp\/v2\/posts\/10160\/revisions"}],"predecessor-version":[{"id":10161,"href":"https:\/\/blog.zeit.de\/nsu-prozess-blog\/wp-json\/wp\/v2\/posts\/10160\/revisions\/10161"}],"wp:attachment":[{"href":"https:\/\/blog.zeit.de\/nsu-prozess-blog\/wp-json\/wp\/v2\/media?parent=10160"}],"wp:term":[{"taxonomy":"category","embeddable":true,"href":"https:\/\/blog.zeit.de\/nsu-prozess-blog\/wp-json\/wp\/v2\/categories?post=10160"},{"taxonomy":"post_tag","embeddable":true,"href":"https:\/\/blog.zeit.de\/nsu-prozess-blog\/wp-json\/wp\/v2\/tags?post=10160"}],"curies":[{"name":"wp","href":"https:\/\/api.w.org\/{rel}","templated":true}]}}