{"id":10166,"date":"2015-10-21T09:08:19","date_gmt":"2015-10-21T07:08:19","guid":{"rendered":"http:\/\/blog.zeit.de\/nsu-prozess-blog\/?p=10166"},"modified":"2015-10-21T10:35:52","modified_gmt":"2015-10-21T08:35:52","slug":"medienlog-zschaepe-aussage-kameras-nsu","status":"publish","type":"post","link":"https:\/\/blog.zeit.de\/nsu-prozess-blog\/2015\/10\/21\/medienlog-zschaepe-aussage-kameras-nsu\/","title":{"rendered":"Neue Spekulationen um eine Aussage Zsch\u00e4pes \u2013 Das Medienlog vom Mittwoch, 21. Oktober 2015"},"content":{"rendered":"<p>Im NSU-Prozess besch\u00e4ftigt sich das Gericht weiter mit Beweisst\u00fccken. M\u00f6glich ist aber, dass unerwartet noch eine Wendung den Lauf des Verfahrens bestimmt: &#8222;Zum wiederholten Mal kursieren Ger\u00fcchte \u00fcber eine angeblich bevorstehende Aussage der Hauptangeklagten Beate Zsch\u00e4pe&#8220;, berichtet Gisela Friedrichsen auf <a href=\"http:\/\/www.spiegel.de\/panorama\/justiz\/nsu-prozess-videoaufnahmen-zeigen-alltag-des-nsu-a-1058757.html\" target=\"_blank\"><em>Spiegel Online<\/em><\/a>. Gen\u00e4hrt werden diese offenbar aus einer Erkl\u00e4rung, die ihr neuer <a href=\"https:\/\/blog.zeit.de\/nsu-prozess-blog\/2015\/07\/07\/anwalt-im-blindflug\/\">Anwalt Mathias Grasel<\/a> im November vortragen soll. Unklar sei allerdings, ob der Verteidiger \u00fcberhaupt etwas zu ihren Gunsten beitragen k\u00f6nne, ob er in ihrem Namen ein Gest\u00e4ndnis ablegen soll oder ob er erneut versuchen soll, den Prozess zu torpedieren.<\/p>\n<p><!--more--><\/p>\n<p>In der Verhandlung vom Dienstag besch\u00e4ftigte sich das Gericht mit <a href=\"https:\/\/blog.zeit.de\/nsu-prozess-blog\/2014\/08\/28\/medienlog-kameras-fruehlingsstrasse-matthias-d\/\">Videomaterial von \u00dcberwachungskameras<\/a>, die der NSU in seiner Zwickauer Wohnung installiert hatte. Die B\u00e4nder zeigen: Das Leben der rechtsextremen WG verlief langweilig \u2013 &#8222;die perfekte Tarnung f\u00fcr ihre Verbrechen&#8220;, kommentiert Annette Ramelsberger von der <a href=\"http:\/\/www.sueddeutsche.de\/politik\/nsu-prozess-beate-zschaepe-die-brave-hausfrau-1.2700355\" target=\"_blank\"><em>S\u00fcddeutschen Zeitung<\/em><\/a>.<\/p>\n<p>Bei der Auswertung der Beweise ging es auch um einen Kinderschuh, der im letzten von Uwe Mundlos und Uwe B\u00f6hnhardt genutzten Wohnmobil gefunden wurde. An diesem haftete DNA von Mundlos, B\u00f6hnhardt und eines unbekannten M\u00e4dchens. M\u00f6glich ist, dass das genetische Material von einem bislang unbekannten Kind stammt, zu dem wiederum Erwachsene geh\u00f6ren \u2013 m\u00f6gliche Unterst\u00fctzer des NSU.<\/p>\n<p>Unterdessen hat Richter Manfred G\u00f6tzl zum siebten Mal einen Befangenheitsantrag von der Anklagebank \u00fcberstanden \u2013 in diesem Fall den <a href=\"https:\/\/blog.zeit.de\/nsu-prozess-blog\/2015\/10\/08\/die-zweite-attacke\/\">der Verteidiger des Mitangeklagten Ralf Wohlleben<\/a>. Andere Richter hatten das Gesuch f\u00fcr unbegr\u00fcndet erkl\u00e4rt. Der Vorsitzende &#8222;thront wie ein Monolith im Jahrhundertverfahren&#8220; und scheine unangreifbar, schreibt Frank Jansen vom <a href=\"http:\/\/www.tagesspiegel.de\/meinung\/nsu-prozess-nach-237-tagen-manfred-goetzl-ein-richter-wie-ein-monolith\/12471130.html\" target=\"_blank\"><em>Tagesspiegel<\/em><\/a>. Die Kehrseite seiner Dominanz \u00fcber das Prozessgeschehen sei allerdings Selbstherrlichkeit, wie vor Verfahrensbeginn beim Streit um die Journalistenakkreditierung deutlich geworden sei.<\/p>\n<p><em>An jedem Werktag sichten wir f\u00fcr das NSU-Prozess-Blog die Medien und stellen wichtige Berichte, Blogs, Videos und Tweets zusammen. Wir freuen uns \u00fcber Hinweise via Twitter mit dem Hashtag #nsublog \u2013 oder per E-Mail an <a href=\"mailto:nsublog@zeit.de\">nsublog@zeit.de<\/a>.<\/em><\/p>\n<p><em>Das n\u00e4chste Medienlog erscheint am Donnerstag, 22. Oktober 2015.<\/em><\/p>\n","protected":false},"excerpt":{"rendered":"<p>Im NSU-Prozess besch\u00e4ftigt sich das Gericht weiter mit Beweisst\u00fccken. M\u00f6glich ist aber, dass unerwartet noch eine Wendung den Lauf des Verfahrens bestimmt: &#8222;Zum wiederholten Mal kursieren Ger\u00fcchte \u00fcber eine angeblich bevorstehende Aussage der Hauptangeklagten Beate Zsch\u00e4pe&#8220;, berichtet Gisela Friedrichsen auf Spiegel Online. Gen\u00e4hrt werden diese offenbar aus einer Erkl\u00e4rung, die ihr neuer Anwalt Mathias Grasel [&hellip;]<\/p>\n","protected":false},"author":435,"featured_media":10171,"comment_status":"open","ping_status":"open","sticky":false,"template":"","format":"standard","meta":{"_jetpack_memberships_contains_paid_content":false,"footnotes":""},"categories":[27531],"tags":[35361,17793,29430,17963,29512,15520,27559,29451,27560],"class_list":["post-10166","post","type-post","status-publish","format-standard","has-post-thumbnail","hentry","category-medienschau","tag-aussage","tag-beate-zschape","tag-befangenheitsantrag","tag-dna","tag-fruehlingsstrasse","tag-kamera","tag-manfred-gotzl","tag-wohnmobil","tag-zwickau"],"yoast_head":"<!-- This site is optimized with the Yoast SEO plugin v21.0 - https:\/\/yoast.com\/wordpress\/plugins\/seo\/ -->\n<title>Neue Spekulationen um eine Aussage Zsch\u00e4pes<\/title>\n<meta name=\"description\" content=\"Beobachter berichten von neuen Ger\u00fcchten um eine Aussage von Beate Zsch\u00e4pe im NSU-Prozess.\" \/>\n<meta name=\"robots\" content=\"index, follow, max-snippet:-1, max-image-preview:large, max-video-preview:-1\" \/>\n<link rel=\"canonical\" href=\"https:\/\/blog.zeit.de\/nsu-prozess-blog\/2015\/10\/21\/medienlog-zschaepe-aussage-kameras-nsu\/\" \/>\n<meta property=\"og:locale\" content=\"de_DE\" \/>\n<meta property=\"og:type\" content=\"article\" \/>\n<meta property=\"og:title\" content=\"Neue Spekulationen um eine Aussage Zsch\u00e4pes\" \/>\n<meta property=\"og:description\" content=\"Beobachter berichten von neuen Ger\u00fcchten um eine Aussage von Beate Zsch\u00e4pe im NSU-Prozess.\" \/>\n<meta property=\"og:url\" content=\"https:\/\/blog.zeit.de\/nsu-prozess-blog\/2015\/10\/21\/medienlog-zschaepe-aussage-kameras-nsu\/\" \/>\n<meta property=\"og:site_name\" content=\"Das NSU-Prozess-Blog\" \/>\n<meta property=\"article:published_time\" content=\"2015-10-21T07:08:19+00:00\" \/>\n<meta property=\"article:modified_time\" content=\"2015-10-21T08:35:52+00:00\" \/>\n<meta property=\"og:image\" content=\"https:\/\/blog.zeit.de\/nsu-prozess-blog\/files\/2015\/10\/raw5.jpg\" \/>\n\t<meta property=\"og:image:width\" content=\"1000\" \/>\n\t<meta property=\"og:image:height\" content=\"562\" \/>\n\t<meta property=\"og:image:type\" content=\"image\/jpeg\" \/>\n<meta name=\"author\" content=\"Tom Sundermann\" \/>\n<meta name=\"twitter:label1\" content=\"Geschrieben von\" \/>\n\t<meta name=\"twitter:data1\" content=\"Tom Sundermann\" \/>\n\t<meta name=\"twitter:label2\" content=\"Gesch\u00e4tzte Lesezeit\" \/>\n\t<meta name=\"twitter:data2\" content=\"2\u00a0Minuten\" \/>\n<script type=\"application\/ld+json\" class=\"yoast-schema-graph\">{\"@context\":\"https:\/\/schema.org\",\"@graph\":[{\"@type\":\"WebPage\",\"@id\":\"https:\/\/blog.zeit.de\/nsu-prozess-blog\/2015\/10\/21\/medienlog-zschaepe-aussage-kameras-nsu\/\",\"url\":\"https:\/\/blog.zeit.de\/nsu-prozess-blog\/2015\/10\/21\/medienlog-zschaepe-aussage-kameras-nsu\/\",\"name\":\"Neue Spekulationen um eine Aussage Zsch\u00e4pes\",\"isPartOf\":{\"@id\":\"https:\/\/blog.zeit.de\/nsu-prozess-blog\/#website\"},\"datePublished\":\"2015-10-21T07:08:19+00:00\",\"dateModified\":\"2015-10-21T08:35:52+00:00\",\"author\":{\"@id\":\"https:\/\/blog.zeit.de\/nsu-prozess-blog\/#\/schema\/person\/553ea9bb5d1fc2ae054c589bd59380a5\"},\"description\":\"Beobachter berichten von neuen Ger\u00fcchten um eine Aussage von Beate Zsch\u00e4pe im NSU-Prozess.\",\"breadcrumb\":{\"@id\":\"https:\/\/blog.zeit.de\/nsu-prozess-blog\/2015\/10\/21\/medienlog-zschaepe-aussage-kameras-nsu\/#breadcrumb\"},\"inLanguage\":\"de\",\"potentialAction\":[{\"@type\":\"ReadAction\",\"target\":[\"https:\/\/blog.zeit.de\/nsu-prozess-blog\/2015\/10\/21\/medienlog-zschaepe-aussage-kameras-nsu\/\"]}]},{\"@type\":\"BreadcrumbList\",\"@id\":\"https:\/\/blog.zeit.de\/nsu-prozess-blog\/2015\/10\/21\/medienlog-zschaepe-aussage-kameras-nsu\/#breadcrumb\",\"itemListElement\":[{\"@type\":\"ListItem\",\"position\":1,\"name\":\"Startseite\",\"item\":\"https:\/\/blog.zeit.de\/nsu-prozess-blog\/\"},{\"@type\":\"ListItem\",\"position\":2,\"name\":\"Neue Spekulationen um eine Aussage Zsch\u00e4pes \u2013 Das Medienlog vom Mittwoch, 21. Oktober 2015\"}]},{\"@type\":\"WebSite\",\"@id\":\"https:\/\/blog.zeit.de\/nsu-prozess-blog\/#website\",\"url\":\"https:\/\/blog.zeit.de\/nsu-prozess-blog\/\",\"name\":\"Das NSU-Prozess-Blog\",\"description\":\"Alle Berichte zum Terrorverfahren in M\u00fcnchen\",\"potentialAction\":[{\"@type\":\"SearchAction\",\"target\":{\"@type\":\"EntryPoint\",\"urlTemplate\":\"https:\/\/blog.zeit.de\/nsu-prozess-blog\/?s={search_term_string}\"},\"query-input\":\"required name=search_term_string\"}],\"inLanguage\":\"de\"},{\"@type\":\"Person\",\"@id\":\"https:\/\/blog.zeit.de\/nsu-prozess-blog\/#\/schema\/person\/553ea9bb5d1fc2ae054c589bd59380a5\",\"name\":\"Tom Sundermann\",\"image\":{\"@type\":\"ImageObject\",\"inLanguage\":\"de\",\"@id\":\"https:\/\/blog.zeit.de\/nsu-prozess-blog\/#\/schema\/person\/image\/\",\"url\":\"https:\/\/secure.gravatar.com\/avatar\/e108a3dc18766f719b2f797dc5d19093f06a1870c55b553ab6b7563f1f9a5e68?s=96&d=mm&r=g\",\"contentUrl\":\"https:\/\/secure.gravatar.com\/avatar\/e108a3dc18766f719b2f797dc5d19093f06a1870c55b553ab6b7563f1f9a5e68?s=96&d=mm&r=g\",\"caption\":\"Tom Sundermann\"},\"sameAs\":[\"https:\/\/twitter.com\/messeticker\"],\"url\":\"https:\/\/blog.zeit.de\/nsu-prozess-blog\/author\/tsundermann\/\"}]}<\/script>\n<!-- \/ Yoast SEO plugin. -->","yoast_head_json":{"title":"Neue Spekulationen um eine Aussage Zsch\u00e4pes","description":"Beobachter berichten von neuen Ger\u00fcchten um eine Aussage von Beate Zsch\u00e4pe im NSU-Prozess.","robots":{"index":"index","follow":"follow","max-snippet":"max-snippet:-1","max-image-preview":"max-image-preview:large","max-video-preview":"max-video-preview:-1"},"canonical":"https:\/\/blog.zeit.de\/nsu-prozess-blog\/2015\/10\/21\/medienlog-zschaepe-aussage-kameras-nsu\/","og_locale":"de_DE","og_type":"article","og_title":"Neue Spekulationen um eine Aussage Zsch\u00e4pes","og_description":"Beobachter berichten von neuen Ger\u00fcchten um eine Aussage von Beate Zsch\u00e4pe im NSU-Prozess.","og_url":"https:\/\/blog.zeit.de\/nsu-prozess-blog\/2015\/10\/21\/medienlog-zschaepe-aussage-kameras-nsu\/","og_site_name":"Das NSU-Prozess-Blog","article_published_time":"2015-10-21T07:08:19+00:00","article_modified_time":"2015-10-21T08:35:52+00:00","og_image":[{"width":1000,"height":562,"url":"https:\/\/blog.zeit.de\/nsu-prozess-blog\/files\/2015\/10\/raw5.jpg","type":"image\/jpeg"}],"author":"Tom Sundermann","twitter_misc":{"Geschrieben von":"Tom Sundermann","Gesch\u00e4tzte Lesezeit":"2\u00a0Minuten"},"schema":{"@context":"https:\/\/schema.org","@graph":[{"@type":"WebPage","@id":"https:\/\/blog.zeit.de\/nsu-prozess-blog\/2015\/10\/21\/medienlog-zschaepe-aussage-kameras-nsu\/","url":"https:\/\/blog.zeit.de\/nsu-prozess-blog\/2015\/10\/21\/medienlog-zschaepe-aussage-kameras-nsu\/","name":"Neue Spekulationen um eine Aussage Zsch\u00e4pes","isPartOf":{"@id":"https:\/\/blog.zeit.de\/nsu-prozess-blog\/#website"},"datePublished":"2015-10-21T07:08:19+00:00","dateModified":"2015-10-21T08:35:52+00:00","author":{"@id":"https:\/\/blog.zeit.de\/nsu-prozess-blog\/#\/schema\/person\/553ea9bb5d1fc2ae054c589bd59380a5"},"description":"Beobachter berichten von neuen Ger\u00fcchten um eine Aussage von Beate Zsch\u00e4pe im NSU-Prozess.","breadcrumb":{"@id":"https:\/\/blog.zeit.de\/nsu-prozess-blog\/2015\/10\/21\/medienlog-zschaepe-aussage-kameras-nsu\/#breadcrumb"},"inLanguage":"de","potentialAction":[{"@type":"ReadAction","target":["https:\/\/blog.zeit.de\/nsu-prozess-blog\/2015\/10\/21\/medienlog-zschaepe-aussage-kameras-nsu\/"]}]},{"@type":"BreadcrumbList","@id":"https:\/\/blog.zeit.de\/nsu-prozess-blog\/2015\/10\/21\/medienlog-zschaepe-aussage-kameras-nsu\/#breadcrumb","itemListElement":[{"@type":"ListItem","position":1,"name":"Startseite","item":"https:\/\/blog.zeit.de\/nsu-prozess-blog\/"},{"@type":"ListItem","position":2,"name":"Neue Spekulationen um eine Aussage Zsch\u00e4pes \u2013 Das Medienlog vom Mittwoch, 21. Oktober 2015"}]},{"@type":"WebSite","@id":"https:\/\/blog.zeit.de\/nsu-prozess-blog\/#website","url":"https:\/\/blog.zeit.de\/nsu-prozess-blog\/","name":"Das NSU-Prozess-Blog","description":"Alle Berichte zum Terrorverfahren in M\u00fcnchen","potentialAction":[{"@type":"SearchAction","target":{"@type":"EntryPoint","urlTemplate":"https:\/\/blog.zeit.de\/nsu-prozess-blog\/?s={search_term_string}"},"query-input":"required name=search_term_string"}],"inLanguage":"de"},{"@type":"Person","@id":"https:\/\/blog.zeit.de\/nsu-prozess-blog\/#\/schema\/person\/553ea9bb5d1fc2ae054c589bd59380a5","name":"Tom Sundermann","image":{"@type":"ImageObject","inLanguage":"de","@id":"https:\/\/blog.zeit.de\/nsu-prozess-blog\/#\/schema\/person\/image\/","url":"https:\/\/secure.gravatar.com\/avatar\/e108a3dc18766f719b2f797dc5d19093f06a1870c55b553ab6b7563f1f9a5e68?s=96&d=mm&r=g","contentUrl":"https:\/\/secure.gravatar.com\/avatar\/e108a3dc18766f719b2f797dc5d19093f06a1870c55b553ab6b7563f1f9a5e68?s=96&d=mm&r=g","caption":"Tom Sundermann"},"sameAs":["https:\/\/twitter.com\/messeticker"],"url":"https:\/\/blog.zeit.de\/nsu-prozess-blog\/author\/tsundermann\/"}]}},"jetpack_featured_media_url":"https:\/\/blog.zeit.de\/nsu-prozess-blog\/files\/2015\/10\/raw5.jpg","jetpack_sharing_enabled":true,"_links":{"self":[{"href":"https:\/\/blog.zeit.de\/nsu-prozess-blog\/wp-json\/wp\/v2\/posts\/10166","targetHints":{"allow":["GET"]}}],"collection":[{"href":"https:\/\/blog.zeit.de\/nsu-prozess-blog\/wp-json\/wp\/v2\/posts"}],"about":[{"href":"https:\/\/blog.zeit.de\/nsu-prozess-blog\/wp-json\/wp\/v2\/types\/post"}],"author":[{"embeddable":true,"href":"https:\/\/blog.zeit.de\/nsu-prozess-blog\/wp-json\/wp\/v2\/users\/435"}],"replies":[{"embeddable":true,"href":"https:\/\/blog.zeit.de\/nsu-prozess-blog\/wp-json\/wp\/v2\/comments?post=10166"}],"version-history":[{"count":7,"href":"https:\/\/blog.zeit.de\/nsu-prozess-blog\/wp-json\/wp\/v2\/posts\/10166\/revisions"}],"predecessor-version":[{"id":10174,"href":"https:\/\/blog.zeit.de\/nsu-prozess-blog\/wp-json\/wp\/v2\/posts\/10166\/revisions\/10174"}],"wp:featuredmedia":[{"embeddable":true,"href":"https:\/\/blog.zeit.de\/nsu-prozess-blog\/wp-json\/wp\/v2\/media\/10171"}],"wp:attachment":[{"href":"https:\/\/blog.zeit.de\/nsu-prozess-blog\/wp-json\/wp\/v2\/media?parent=10166"}],"wp:term":[{"taxonomy":"category","embeddable":true,"href":"https:\/\/blog.zeit.de\/nsu-prozess-blog\/wp-json\/wp\/v2\/categories?post=10166"},{"taxonomy":"post_tag","embeddable":true,"href":"https:\/\/blog.zeit.de\/nsu-prozess-blog\/wp-json\/wp\/v2\/tags?post=10166"}],"curies":[{"name":"wp","href":"https:\/\/api.w.org\/{rel}","templated":true}]}}