{"id":10185,"date":"2015-10-23T08:23:06","date_gmt":"2015-10-23T06:23:06","guid":{"rendered":"http:\/\/blog.zeit.de\/nsu-prozess-blog\/?p=10185"},"modified":"2015-10-23T11:51:37","modified_gmt":"2015-10-23T09:51:37","slug":"medienlog-anschlaege-planung-nsu","status":"publish","type":"post","link":"https:\/\/blog.zeit.de\/nsu-prozess-blog\/2015\/10\/23\/medienlog-anschlaege-planung-nsu\/","title":{"rendered":"Die akkurate Planung der NSU-Anschl\u00e4ge \u2013 Das Medienlog vom Freitag, 23. Oktober 2015"},"content":{"rendered":"<p>Erneut untersuchte das Gericht im NSU-Prozess <a href=\"https:\/\/blog.zeit.de\/nsu-prozess-blog\/2015\/10\/22\/medienlog-stadtplaene-nsu-planung\/\">Stadtpl\u00e4ne aus dem Fundus des NSU<\/a>, die mit Markierungen versehen waren \u2013 solchen, die offensichtlich <a href=\"https:\/\/blog.zeit.de\/nsu-prozess-blog\/tag\/anschlagsplanung\/\">der Planung von Anschl\u00e4gen<\/a> dienten und solchen, die heute R\u00e4tsel aufgeben. Deutlich ist etwa der Hinweis &#8222;Wohngebiet wie M\u00fclheim K\u00f6ln&#8220; auf einem Plan von Dortmund, wo 2006 der Kioskinhaber Mehmet Kubasik ermordet wurde. Denn im K\u00f6lner Stadtteil M\u00fclheim hatte 2004 der <a href=\"https:\/\/blog.zeit.de\/nsu-prozess-blog\/2015\/01\/22\/die-toedliche-kraft-der-nagelbombe\/\">Nagelbombenanschlag in der Keupstra\u00dfe<\/a> stattgefunden.<\/p>\n<p><!--more--><\/p>\n<p><em>An jedem Werktag sichten wir f\u00fcr das NSU-Prozess-Blog die Medien und stellen wichtige Berichte, Blogs, Videos und Tweets zusammen. Wir freuen uns \u00fcber Hinweise via Twitter mit dem Hashtag #nsublog \u2013 oder per E-Mail an <a href=\"mailto:nsublog@zeit.de\">nsublog@zeit.de<\/a>.<\/em><\/p>\n<p>Andere Markierungen, teils an Orten auf dem Land, ergeben nachtr\u00e4glich keinen Sinn. &#8222;Aber was bedeutet das Kreuz bei einer H\u00fchnerfarm am Rande von Chemnitz? Die Markierung an einer Kleingartensiedlung?&#8220;, fragt Annette Ramelsberger in einem Bericht f\u00fcr die <a href=\"http:\/\/www.sueddeutsche.de\/politik\/nsu-prozess-geheimnisvolle-markierungen-1.2703950\" target=\"_blank\"><em>S\u00fcddeutsche Zeitung<\/em><\/a>.<\/p>\n<p>Ein besonderes Augenmerk schenkten die Ermittler der Stadt Kiel, f\u00fcr die ebenfalls ein Plan mit Markierungen existiert. &#8222;Die Suche nach m\u00f6glicherweise rechtsmotivierten Straftaten an diesen Orten verlief offenbar negativ&#8220;, berichtet Eckhart Querner vom <a href=\"http:\/\/www.br.de\/nachrichten\/nsu-prozess\/151022-tagebuch-gerichtsreporter-100.html\" target=\"_blank\">Bayerischen Rundfunk<\/a>.<\/p>\n<p>Im Fall der <a href=\"http:\/\/www.zeit.de\/gesellschaft\/zeitgeschehen\/2015-10\/nsu-prozess-falsche-zeugin-betrug\">erfundenen Nebenkl\u00e4gerin Meral Keskin<\/a> will das Gericht \u00f6ffentlich Aufkl\u00e4rung schaffen: Am Dienstag ist ein Ermittler des Bundeskriminalamts geladen \u2013 der Kriminalhauptkommissar Frank L. Er &#8222;ist beim BKA offenbar der Mann f\u00fcr die besonderen F\u00e4lle&#8220;, schreiben J\u00f6rg Diehl und Wiebke Ramm in einem Vorbericht auf <a href=\"http:\/\/www.spiegel.de\/panorama\/justiz\/nsu-prozess-gericht-will-affaere-um-erfundenes-opfer-aufarbeiten-a-1059160.html\" target=\"_blank\"><em>Spiegel Online<\/em><\/a>. Er hatte Beate Zsch\u00e4pe einst die Aussage &#8222;Ich habe mich nicht gestellt, um nicht auszusagen&#8220; entlockt. Nun hatte L. den <a href=\"https:\/\/blog.zeit.de\/nsu-prozess-blog\/2015\/10\/07\/medienlog-nsu-entschaedigung-ermittlungen\/\">Nebenkl\u00e4ger Attila \u00d6.<\/a> vernommen, der die Person Meral Keskin erfunden haben soll. \u00d6. r\u00e4umte die Tat ein. Zu einer Vernehmung der Staatsanwaltschaft in K\u00f6ln war der Verd\u00e4chtige jedoch nicht erschienen.<\/p>\n<p><em>Das n\u00e4chste Medienlog erscheint am Montag, 26. Oktober 2015.<\/em><\/p>\n","protected":false},"excerpt":{"rendered":"<p>Erneut untersuchte das Gericht im NSU-Prozess Stadtpl\u00e4ne aus dem Fundus des NSU, die mit Markierungen versehen waren \u2013 solchen, die offensichtlich der Planung von Anschl\u00e4gen dienten und solchen, die heute R\u00e4tsel aufgeben. Deutlich ist etwa der Hinweis &#8222;Wohngebiet wie M\u00fclheim K\u00f6ln&#8220; auf einem Plan von Dortmund, wo 2006 der Kioskinhaber Mehmet Kubasik ermordet wurde. Denn [&hellip;]<\/p>\n","protected":false},"author":435,"featured_media":0,"comment_status":"open","ping_status":"open","sticky":false,"template":"","format":"standard","meta":{"_jetpack_memberships_contains_paid_content":false,"footnotes":""},"categories":[27531],"tags":[33571,30262,27562,29426,27593,35383],"class_list":["post-10185","post","type-post","status-publish","format-standard","hentry","category-medienschau","tag-anschlagsplanung","tag-betrug","tag-bka","tag-nebenklage","tag-nebenklager","tag-stadtplan"],"yoast_head":"<!-- This site is optimized with the Yoast SEO plugin v21.0 - https:\/\/yoast.com\/wordpress\/plugins\/seo\/ -->\n<title>Die akkurate Planung der NSU-Anschl\u00e4ge \u2013 Das Medienlog vom Freitag, 23. Oktober 2015 - Das NSU-Prozess-Blog<\/title>\n<meta name=\"robots\" content=\"index, follow, max-snippet:-1, max-image-preview:large, max-video-preview:-1\" \/>\n<link rel=\"canonical\" href=\"https:\/\/blog.zeit.de\/nsu-prozess-blog\/2015\/10\/23\/medienlog-anschlaege-planung-nsu\/\" \/>\n<meta property=\"og:locale\" content=\"de_DE\" \/>\n<meta property=\"og:type\" content=\"article\" \/>\n<meta property=\"og:title\" content=\"Die akkurate Planung der NSU-Anschl\u00e4ge \u2013 Das Medienlog vom Freitag, 23. Oktober 2015 - Das NSU-Prozess-Blog\" \/>\n<meta property=\"og:description\" content=\"Erneut untersuchte das Gericht im NSU-Prozess Stadtpl\u00e4ne aus dem Fundus des NSU, die mit Markierungen versehen waren \u2013 solchen, die offensichtlich der Planung von Anschl\u00e4gen dienten und solchen, die heute R\u00e4tsel aufgeben. Deutlich ist etwa der Hinweis &#8222;Wohngebiet wie M\u00fclheim K\u00f6ln&#8220; auf einem Plan von Dortmund, wo 2006 der Kioskinhaber Mehmet Kubasik ermordet wurde. Denn [&hellip;]\" \/>\n<meta property=\"og:url\" content=\"https:\/\/blog.zeit.de\/nsu-prozess-blog\/2015\/10\/23\/medienlog-anschlaege-planung-nsu\/\" \/>\n<meta property=\"og:site_name\" content=\"Das NSU-Prozess-Blog\" \/>\n<meta property=\"article:published_time\" content=\"2015-10-23T06:23:06+00:00\" \/>\n<meta property=\"article:modified_time\" content=\"2015-10-23T09:51:37+00:00\" \/>\n<meta name=\"author\" content=\"Tom Sundermann\" \/>\n<meta name=\"twitter:label1\" content=\"Geschrieben von\" \/>\n\t<meta name=\"twitter:data1\" content=\"Tom Sundermann\" \/>\n\t<meta name=\"twitter:label2\" content=\"Gesch\u00e4tzte Lesezeit\" \/>\n\t<meta name=\"twitter:data2\" content=\"2\u00a0Minuten\" \/>\n<script type=\"application\/ld+json\" class=\"yoast-schema-graph\">{\"@context\":\"https:\/\/schema.org\",\"@graph\":[{\"@type\":\"WebPage\",\"@id\":\"https:\/\/blog.zeit.de\/nsu-prozess-blog\/2015\/10\/23\/medienlog-anschlaege-planung-nsu\/\",\"url\":\"https:\/\/blog.zeit.de\/nsu-prozess-blog\/2015\/10\/23\/medienlog-anschlaege-planung-nsu\/\",\"name\":\"Die akkurate Planung der NSU-Anschl\u00e4ge \u2013 Das Medienlog vom Freitag, 23. Oktober 2015 - Das NSU-Prozess-Blog\",\"isPartOf\":{\"@id\":\"https:\/\/blog.zeit.de\/nsu-prozess-blog\/#website\"},\"datePublished\":\"2015-10-23T06:23:06+00:00\",\"dateModified\":\"2015-10-23T09:51:37+00:00\",\"author\":{\"@id\":\"https:\/\/blog.zeit.de\/nsu-prozess-blog\/#\/schema\/person\/553ea9bb5d1fc2ae054c589bd59380a5\"},\"breadcrumb\":{\"@id\":\"https:\/\/blog.zeit.de\/nsu-prozess-blog\/2015\/10\/23\/medienlog-anschlaege-planung-nsu\/#breadcrumb\"},\"inLanguage\":\"de\",\"potentialAction\":[{\"@type\":\"ReadAction\",\"target\":[\"https:\/\/blog.zeit.de\/nsu-prozess-blog\/2015\/10\/23\/medienlog-anschlaege-planung-nsu\/\"]}]},{\"@type\":\"BreadcrumbList\",\"@id\":\"https:\/\/blog.zeit.de\/nsu-prozess-blog\/2015\/10\/23\/medienlog-anschlaege-planung-nsu\/#breadcrumb\",\"itemListElement\":[{\"@type\":\"ListItem\",\"position\":1,\"name\":\"Startseite\",\"item\":\"https:\/\/blog.zeit.de\/nsu-prozess-blog\/\"},{\"@type\":\"ListItem\",\"position\":2,\"name\":\"Die akkurate Planung der NSU-Anschl\u00e4ge \u2013 Das Medienlog vom Freitag, 23. Oktober 2015\"}]},{\"@type\":\"WebSite\",\"@id\":\"https:\/\/blog.zeit.de\/nsu-prozess-blog\/#website\",\"url\":\"https:\/\/blog.zeit.de\/nsu-prozess-blog\/\",\"name\":\"Das NSU-Prozess-Blog\",\"description\":\"Alle Berichte zum Terrorverfahren in M\u00fcnchen\",\"potentialAction\":[{\"@type\":\"SearchAction\",\"target\":{\"@type\":\"EntryPoint\",\"urlTemplate\":\"https:\/\/blog.zeit.de\/nsu-prozess-blog\/?s={search_term_string}\"},\"query-input\":\"required name=search_term_string\"}],\"inLanguage\":\"de\"},{\"@type\":\"Person\",\"@id\":\"https:\/\/blog.zeit.de\/nsu-prozess-blog\/#\/schema\/person\/553ea9bb5d1fc2ae054c589bd59380a5\",\"name\":\"Tom Sundermann\",\"image\":{\"@type\":\"ImageObject\",\"inLanguage\":\"de\",\"@id\":\"https:\/\/blog.zeit.de\/nsu-prozess-blog\/#\/schema\/person\/image\/\",\"url\":\"https:\/\/secure.gravatar.com\/avatar\/e108a3dc18766f719b2f797dc5d19093f06a1870c55b553ab6b7563f1f9a5e68?s=96&d=mm&r=g\",\"contentUrl\":\"https:\/\/secure.gravatar.com\/avatar\/e108a3dc18766f719b2f797dc5d19093f06a1870c55b553ab6b7563f1f9a5e68?s=96&d=mm&r=g\",\"caption\":\"Tom Sundermann\"},\"sameAs\":[\"https:\/\/twitter.com\/messeticker\"],\"url\":\"https:\/\/blog.zeit.de\/nsu-prozess-blog\/author\/tsundermann\/\"}]}<\/script>\n<!-- \/ Yoast SEO plugin. -->","yoast_head_json":{"title":"Die akkurate Planung der NSU-Anschl\u00e4ge \u2013 Das Medienlog vom Freitag, 23. Oktober 2015 - Das NSU-Prozess-Blog","robots":{"index":"index","follow":"follow","max-snippet":"max-snippet:-1","max-image-preview":"max-image-preview:large","max-video-preview":"max-video-preview:-1"},"canonical":"https:\/\/blog.zeit.de\/nsu-prozess-blog\/2015\/10\/23\/medienlog-anschlaege-planung-nsu\/","og_locale":"de_DE","og_type":"article","og_title":"Die akkurate Planung der NSU-Anschl\u00e4ge \u2013 Das Medienlog vom Freitag, 23. Oktober 2015 - Das NSU-Prozess-Blog","og_description":"Erneut untersuchte das Gericht im NSU-Prozess Stadtpl\u00e4ne aus dem Fundus des NSU, die mit Markierungen versehen waren \u2013 solchen, die offensichtlich der Planung von Anschl\u00e4gen dienten und solchen, die heute R\u00e4tsel aufgeben. Deutlich ist etwa der Hinweis &#8222;Wohngebiet wie M\u00fclheim K\u00f6ln&#8220; auf einem Plan von Dortmund, wo 2006 der Kioskinhaber Mehmet Kubasik ermordet wurde. Denn [&hellip;]","og_url":"https:\/\/blog.zeit.de\/nsu-prozess-blog\/2015\/10\/23\/medienlog-anschlaege-planung-nsu\/","og_site_name":"Das NSU-Prozess-Blog","article_published_time":"2015-10-23T06:23:06+00:00","article_modified_time":"2015-10-23T09:51:37+00:00","author":"Tom Sundermann","twitter_misc":{"Geschrieben von":"Tom Sundermann","Gesch\u00e4tzte Lesezeit":"2\u00a0Minuten"},"schema":{"@context":"https:\/\/schema.org","@graph":[{"@type":"WebPage","@id":"https:\/\/blog.zeit.de\/nsu-prozess-blog\/2015\/10\/23\/medienlog-anschlaege-planung-nsu\/","url":"https:\/\/blog.zeit.de\/nsu-prozess-blog\/2015\/10\/23\/medienlog-anschlaege-planung-nsu\/","name":"Die akkurate Planung der NSU-Anschl\u00e4ge \u2013 Das Medienlog vom Freitag, 23. Oktober 2015 - Das NSU-Prozess-Blog","isPartOf":{"@id":"https:\/\/blog.zeit.de\/nsu-prozess-blog\/#website"},"datePublished":"2015-10-23T06:23:06+00:00","dateModified":"2015-10-23T09:51:37+00:00","author":{"@id":"https:\/\/blog.zeit.de\/nsu-prozess-blog\/#\/schema\/person\/553ea9bb5d1fc2ae054c589bd59380a5"},"breadcrumb":{"@id":"https:\/\/blog.zeit.de\/nsu-prozess-blog\/2015\/10\/23\/medienlog-anschlaege-planung-nsu\/#breadcrumb"},"inLanguage":"de","potentialAction":[{"@type":"ReadAction","target":["https:\/\/blog.zeit.de\/nsu-prozess-blog\/2015\/10\/23\/medienlog-anschlaege-planung-nsu\/"]}]},{"@type":"BreadcrumbList","@id":"https:\/\/blog.zeit.de\/nsu-prozess-blog\/2015\/10\/23\/medienlog-anschlaege-planung-nsu\/#breadcrumb","itemListElement":[{"@type":"ListItem","position":1,"name":"Startseite","item":"https:\/\/blog.zeit.de\/nsu-prozess-blog\/"},{"@type":"ListItem","position":2,"name":"Die akkurate Planung der NSU-Anschl\u00e4ge \u2013 Das Medienlog vom Freitag, 23. Oktober 2015"}]},{"@type":"WebSite","@id":"https:\/\/blog.zeit.de\/nsu-prozess-blog\/#website","url":"https:\/\/blog.zeit.de\/nsu-prozess-blog\/","name":"Das NSU-Prozess-Blog","description":"Alle Berichte zum Terrorverfahren in M\u00fcnchen","potentialAction":[{"@type":"SearchAction","target":{"@type":"EntryPoint","urlTemplate":"https:\/\/blog.zeit.de\/nsu-prozess-blog\/?s={search_term_string}"},"query-input":"required name=search_term_string"}],"inLanguage":"de"},{"@type":"Person","@id":"https:\/\/blog.zeit.de\/nsu-prozess-blog\/#\/schema\/person\/553ea9bb5d1fc2ae054c589bd59380a5","name":"Tom Sundermann","image":{"@type":"ImageObject","inLanguage":"de","@id":"https:\/\/blog.zeit.de\/nsu-prozess-blog\/#\/schema\/person\/image\/","url":"https:\/\/secure.gravatar.com\/avatar\/e108a3dc18766f719b2f797dc5d19093f06a1870c55b553ab6b7563f1f9a5e68?s=96&d=mm&r=g","contentUrl":"https:\/\/secure.gravatar.com\/avatar\/e108a3dc18766f719b2f797dc5d19093f06a1870c55b553ab6b7563f1f9a5e68?s=96&d=mm&r=g","caption":"Tom Sundermann"},"sameAs":["https:\/\/twitter.com\/messeticker"],"url":"https:\/\/blog.zeit.de\/nsu-prozess-blog\/author\/tsundermann\/"}]}},"jetpack_featured_media_url":"","jetpack_sharing_enabled":true,"_links":{"self":[{"href":"https:\/\/blog.zeit.de\/nsu-prozess-blog\/wp-json\/wp\/v2\/posts\/10185","targetHints":{"allow":["GET"]}}],"collection":[{"href":"https:\/\/blog.zeit.de\/nsu-prozess-blog\/wp-json\/wp\/v2\/posts"}],"about":[{"href":"https:\/\/blog.zeit.de\/nsu-prozess-blog\/wp-json\/wp\/v2\/types\/post"}],"author":[{"embeddable":true,"href":"https:\/\/blog.zeit.de\/nsu-prozess-blog\/wp-json\/wp\/v2\/users\/435"}],"replies":[{"embeddable":true,"href":"https:\/\/blog.zeit.de\/nsu-prozess-blog\/wp-json\/wp\/v2\/comments?post=10185"}],"version-history":[{"count":4,"href":"https:\/\/blog.zeit.de\/nsu-prozess-blog\/wp-json\/wp\/v2\/posts\/10185\/revisions"}],"predecessor-version":[{"id":10193,"href":"https:\/\/blog.zeit.de\/nsu-prozess-blog\/wp-json\/wp\/v2\/posts\/10185\/revisions\/10193"}],"wp:attachment":[{"href":"https:\/\/blog.zeit.de\/nsu-prozess-blog\/wp-json\/wp\/v2\/media?parent=10185"}],"wp:term":[{"taxonomy":"category","embeddable":true,"href":"https:\/\/blog.zeit.de\/nsu-prozess-blog\/wp-json\/wp\/v2\/categories?post=10185"},{"taxonomy":"post_tag","embeddable":true,"href":"https:\/\/blog.zeit.de\/nsu-prozess-blog\/wp-json\/wp\/v2\/tags?post=10185"}],"curies":[{"name":"wp","href":"https:\/\/api.w.org\/{rel}","templated":true}]}}