{"id":10206,"date":"2015-10-28T08:25:02","date_gmt":"2015-10-28T07:25:02","guid":{"rendered":"http:\/\/blog.zeit.de\/nsu-prozess-blog\/?p=10206"},"modified":"2015-10-28T09:17:21","modified_gmt":"2015-10-28T08:17:21","slug":"medienlog-meral-keskin-betrug-bka-nsu","status":"publish","type":"post","link":"https:\/\/blog.zeit.de\/nsu-prozess-blog\/2015\/10\/28\/medienlog-meral-keskin-betrug-bka-nsu\/","title":{"rendered":"Bitter f\u00fcr die echten Opfer \u2013 Das Medienlog vom Mittwoch, 28. Oktober 2015"},"content":{"rendered":"<p>Im Fall der nicht <a href=\"http:\/\/www.zeit.de\/gesellschaft\/zeitgeschehen\/2015-10\/nsu-prozess-falsche-zeugin-betrug\">existierenden Nebenkl\u00e4gerin Meral Keskin<\/a> hat das Gericht Ermittlungen in Auftrag gegeben \u2013 ein BKA-Beamter berichtete am Dienstag von seinen Recherchen in K\u00f6ln. Demnach hatte der Nebenkl\u00e4ger Attila \u00d6. zugegeben, die Frau erfunden zu haben \u2013 vermutlich, <a href=\"https:\/\/blog.zeit.de\/nsu-prozess-blog\/2015\/10\/07\/medienlog-nsu-entschaedigung-ermittlungen\/\">um daraus Profit zu schlagen<\/a>. Ungereimtheiten bleiben. Die Frage, wieso das falsche Opfer &#8222;zweieinhalb Jahre lang als Nebenkl\u00e4gerin in einem ansonsten penibel gef\u00fchrten Strafprozess durchgehen konnte, bleibt weiter unbeantwortet&#8220;, sagte Gisela Friedrichsen auf <a href=\"http:\/\/www.spiegel.de\/panorama\/justiz\/nsu-prozess-bka-mann-sagt-zu-ermittlungen-im-fall-keskin-aus-a-1059800.html\" target=\"_blank\"><em>Spiegel Online<\/em><\/a>.<\/p>\n<p><!--more--><\/p>\n<p><em>An jedem Werktag sichten wir f\u00fcr das NSU-Prozess-Blog die Medien und stellen wichtige Berichte, Blogs, Videos und Tweets zusammen. Wir freuen uns \u00fcber Hinweise via Twitter mit dem Hashtag #nsublog \u2013 oder per E-Mail an <a href=\"mailto:nsublog@zeit.de\">nsublog@zeit.de<\/a>.<\/em><\/p>\n<p>Interessante Erkenntnisse, die <a href=\"http:\/\/www.zeit.de\/politik\/deutschland\/2013-07\/nsu-prozess-zschaepe-gespraeche\">Kommissar Frank L.<\/a> bei einem Hausbesuch bei dem mutma\u00dflichen Betr\u00fcger Attila \u00d6. gewann: \u00d6. hatte Ralph Willms, dem Anwalt der von ihm erfundenen Frau namens Meral Keskin, ein Foto vorgelegt. Es zeigt seine Mutter mit einem Verband \u00fcber dem Auge \u2013 wom\u00f6glich eigens f\u00fcr den Zweck gestellt. Zudem erz\u00e4hlte \u00d6. dem Ermittler, dass er \u00fcber lange Zeit Post f\u00fcr Keskin empfangen hatte.<\/p>\n<p>&#8222;Das l\u00e4sst ahnen, mit welch krimineller Energie das Nebenklage-Phantom kreiert wurde&#8220;, hei\u00dft es bei uns auf <a href=\"https:\/\/blog.zeit.de\/nsu-prozess-blog\/2015\/10\/27\/aufklarung-in-eigener-sache\/\" target=\"_blank\">ZEIT ONLINE<\/a>. Demnach ist es schon bemerkenswert, dass ein Zeuge im Prozess nicht zu den Vorw\u00fcrfen der Anklage aussagt, sondern \u00fcber Geschehnisse aus dem Verfahren selbst \u2013 der Strafsenat betrieb damit &#8222;Aufkl\u00e4rung in eigener Sache&#8220;. Die Ermittlungen f\u00f6rderten zumindest das Motiv des mutma\u00dflichen Betrugs zutage: \u00d6. beschwerte sich vor dem BKA-Beamten, dass der Anwalt eine Zahlung aus dem Opferentsch\u00e4digungsfonds der Bundesregierung \u00fcber 5.000 Euro eingesteckt habe. \u00d6. f\u00fchlte sich selbst betrogen.<\/p>\n<p>Fraglich sei nun noch, &#8222;ob \u00d6. und Willms gemeinsame Sache machten&#8220;, stellt Frank Jansen vom <a href=\"http:\/\/www.tagesspiegel.de\/politik\/241-verhandlungstag-im-nsu-prozess-mysterioes-post-an-phantom-meral-keskin-wurde-zugestellt\/12504542.html\" target=\"_blank\"><em>Tagesspiegel<\/em><\/a> fest. Nach Willms eigener Darstellung wurde er von \u00d6. get\u00e4uscht. F\u00fcr den Anwalt sei die Situation allerdings noch unangenehmer \u2013 er hatte zugegeben, \u00d6. eine Provision f\u00fcr die Vermittlung des Mandats gezahlt zu haben. F\u00fcr das Oberlandesgericht, das Keskin auf Grundlage eines wom\u00f6glich gef\u00e4lschten Attests als Nebenkl\u00e4gerin zugelassen hatte, sei der Fall peinlich.<\/p>\n<p>&#8222;F\u00fcr die echten Opfer des NSU ist das eine weitere bittere Facette in diesem schmerzhaften Verfahren&#8220;, schreibt Tanjev Schultz in der <a href=\"http:\/\/www.sueddeutsche.de\/politik\/nsu-prozess-bouffier-und-beckstein-muessen-nicht-vor-gericht-1.2710614\" target=\"_blank\"><em>S\u00fcddeutschen Zeitung<\/em><\/a>. Nebenklageanwalt Sebastian Scharmer sagte in der Verhandlung, die Opfer sollten weiter &#8222;ihre Interessen selbstbewusst wahrnehmen&#8220;.<\/p>\n<p>Der Prozesstag dauerte nicht besonders lang. Das Gericht nutzte die Zeit, um \u00fcber mehrere Antr\u00e4ge der Prozessbeteiligten zu entscheiden \u2013 und zwar in allen F\u00e4llen negativ. So wurde ein Gesuch abgelehnt, den hessischen Ministerpr\u00e4sidenten <a href=\"https:\/\/blog.zeit.de\/nsu-prozess-blog\/2015\/02\/23\/volker-bouffier-als-zeuge-im-nsu-prozess-das-medienlog-vom-montag-23-februar-2015\/\">Volker Bouffier als Zeugen<\/a> zum <a href=\"http:\/\/www.zeit.de\/gesellschaft\/zeitgeschehen\/2013-12\/nsu-prozess-andreas-t\">Mord an Halit Yozgat<\/a> zu laden. Auch der fr\u00fchere bayerische Ministerpr\u00e4sident G\u00fcnther Beckstein muss nicht kommen. &#8222;Richter G\u00f6tzl zieht merklich das Tempo an&#8220; und wolle den Prozess rasch Richtung Ende bringen, schreibt Schultz in der <em>S\u00fcddeutschen Zeitung<\/em>.<\/p>\n<p>\u00c4hnlich hei\u00dft es in einer Analyse <a href=\"http:\/\/www.br.de\/nachrichten\/nsu-prozess\/151027-tagebuch-gerichtsreporter-100.html\" target=\"_blank\">des Bayerischen Rundfunks<\/a>: &#8222;Nun befinden wir uns also wieder auf der Zielgeraden des NSU-Prozesses, obwohl dieses Wort sehr dehnbar interpretiert werden muss.&#8220;<\/p>\n<p><em>Das n\u00e4chste Medienlog erscheint am Donnerstag, 29. Oktober 2015.<\/em><\/p>\n","protected":false},"excerpt":{"rendered":"<p>Im Fall der nicht existierenden Nebenkl\u00e4gerin Meral Keskin hat das Gericht Ermittlungen in Auftrag gegeben \u2013 ein BKA-Beamter berichtete am Dienstag von seinen Recherchen in K\u00f6ln. Demnach hatte der Nebenkl\u00e4ger Attila \u00d6. zugegeben, die Frau erfunden zu haben \u2013 vermutlich, um daraus Profit zu schlagen. Ungereimtheiten bleiben. Die Frage, wieso das falsche Opfer &#8222;zweieinhalb Jahre [&hellip;]<\/p>\n","protected":false},"author":435,"featured_media":0,"comment_status":"open","ping_status":"open","sticky":false,"template":"","format":"standard","meta":{"_jetpack_memberships_contains_paid_content":false,"footnotes":""},"categories":[27531],"tags":[29424,30262,27562,1453,24914,29426,27593,29539],"class_list":["post-10206","post","type-post","status-publish","format-standard","hentry","category-medienschau","tag-anwalte","tag-betrug","tag-bka","tag-hessen","tag-koln","tag-nebenklage","tag-nebenklager","tag-volker-bouffier"],"yoast_head":"<!-- This site is optimized with the Yoast SEO plugin v21.0 - https:\/\/yoast.com\/wordpress\/plugins\/seo\/ -->\n<title>Bitter f\u00fcr die echten Opfer \u2013 Das Medienlog vom Mittwoch, 28. Oktober 2015 - Das NSU-Prozess-Blog<\/title>\n<meta name=\"robots\" content=\"index, follow, max-snippet:-1, max-image-preview:large, max-video-preview:-1\" \/>\n<link rel=\"canonical\" href=\"https:\/\/blog.zeit.de\/nsu-prozess-blog\/2015\/10\/28\/medienlog-meral-keskin-betrug-bka-nsu\/\" \/>\n<meta property=\"og:locale\" content=\"de_DE\" \/>\n<meta property=\"og:type\" content=\"article\" \/>\n<meta property=\"og:title\" content=\"Bitter f\u00fcr die echten Opfer \u2013 Das Medienlog vom Mittwoch, 28. Oktober 2015 - Das NSU-Prozess-Blog\" \/>\n<meta property=\"og:description\" content=\"Im Fall der nicht existierenden Nebenkl\u00e4gerin Meral Keskin hat das Gericht Ermittlungen in Auftrag gegeben \u2013 ein BKA-Beamter berichtete am Dienstag von seinen Recherchen in K\u00f6ln. Demnach hatte der Nebenkl\u00e4ger Attila \u00d6. zugegeben, die Frau erfunden zu haben \u2013 vermutlich, um daraus Profit zu schlagen. Ungereimtheiten bleiben. Die Frage, wieso das falsche Opfer &#8222;zweieinhalb Jahre [&hellip;]\" \/>\n<meta property=\"og:url\" content=\"https:\/\/blog.zeit.de\/nsu-prozess-blog\/2015\/10\/28\/medienlog-meral-keskin-betrug-bka-nsu\/\" \/>\n<meta property=\"og:site_name\" content=\"Das NSU-Prozess-Blog\" \/>\n<meta property=\"article:published_time\" content=\"2015-10-28T07:25:02+00:00\" \/>\n<meta property=\"article:modified_time\" content=\"2015-10-28T08:17:21+00:00\" \/>\n<meta name=\"author\" content=\"Tom Sundermann\" \/>\n<meta name=\"twitter:label1\" content=\"Geschrieben von\" \/>\n\t<meta name=\"twitter:data1\" content=\"Tom Sundermann\" \/>\n\t<meta name=\"twitter:label2\" content=\"Gesch\u00e4tzte Lesezeit\" \/>\n\t<meta name=\"twitter:data2\" content=\"3\u00a0Minuten\" \/>\n<script type=\"application\/ld+json\" class=\"yoast-schema-graph\">{\"@context\":\"https:\/\/schema.org\",\"@graph\":[{\"@type\":\"WebPage\",\"@id\":\"https:\/\/blog.zeit.de\/nsu-prozess-blog\/2015\/10\/28\/medienlog-meral-keskin-betrug-bka-nsu\/\",\"url\":\"https:\/\/blog.zeit.de\/nsu-prozess-blog\/2015\/10\/28\/medienlog-meral-keskin-betrug-bka-nsu\/\",\"name\":\"Bitter f\u00fcr die echten Opfer \u2013 Das Medienlog vom Mittwoch, 28. Oktober 2015 - Das NSU-Prozess-Blog\",\"isPartOf\":{\"@id\":\"https:\/\/blog.zeit.de\/nsu-prozess-blog\/#website\"},\"datePublished\":\"2015-10-28T07:25:02+00:00\",\"dateModified\":\"2015-10-28T08:17:21+00:00\",\"author\":{\"@id\":\"https:\/\/blog.zeit.de\/nsu-prozess-blog\/#\/schema\/person\/553ea9bb5d1fc2ae054c589bd59380a5\"},\"breadcrumb\":{\"@id\":\"https:\/\/blog.zeit.de\/nsu-prozess-blog\/2015\/10\/28\/medienlog-meral-keskin-betrug-bka-nsu\/#breadcrumb\"},\"inLanguage\":\"de\",\"potentialAction\":[{\"@type\":\"ReadAction\",\"target\":[\"https:\/\/blog.zeit.de\/nsu-prozess-blog\/2015\/10\/28\/medienlog-meral-keskin-betrug-bka-nsu\/\"]}]},{\"@type\":\"BreadcrumbList\",\"@id\":\"https:\/\/blog.zeit.de\/nsu-prozess-blog\/2015\/10\/28\/medienlog-meral-keskin-betrug-bka-nsu\/#breadcrumb\",\"itemListElement\":[{\"@type\":\"ListItem\",\"position\":1,\"name\":\"Startseite\",\"item\":\"https:\/\/blog.zeit.de\/nsu-prozess-blog\/\"},{\"@type\":\"ListItem\",\"position\":2,\"name\":\"Bitter f\u00fcr die echten Opfer \u2013 Das Medienlog vom Mittwoch, 28. Oktober 2015\"}]},{\"@type\":\"WebSite\",\"@id\":\"https:\/\/blog.zeit.de\/nsu-prozess-blog\/#website\",\"url\":\"https:\/\/blog.zeit.de\/nsu-prozess-blog\/\",\"name\":\"Das NSU-Prozess-Blog\",\"description\":\"Alle Berichte zum Terrorverfahren in M\u00fcnchen\",\"potentialAction\":[{\"@type\":\"SearchAction\",\"target\":{\"@type\":\"EntryPoint\",\"urlTemplate\":\"https:\/\/blog.zeit.de\/nsu-prozess-blog\/?s={search_term_string}\"},\"query-input\":\"required name=search_term_string\"}],\"inLanguage\":\"de\"},{\"@type\":\"Person\",\"@id\":\"https:\/\/blog.zeit.de\/nsu-prozess-blog\/#\/schema\/person\/553ea9bb5d1fc2ae054c589bd59380a5\",\"name\":\"Tom Sundermann\",\"image\":{\"@type\":\"ImageObject\",\"inLanguage\":\"de\",\"@id\":\"https:\/\/blog.zeit.de\/nsu-prozess-blog\/#\/schema\/person\/image\/\",\"url\":\"https:\/\/secure.gravatar.com\/avatar\/e108a3dc18766f719b2f797dc5d19093f06a1870c55b553ab6b7563f1f9a5e68?s=96&d=mm&r=g\",\"contentUrl\":\"https:\/\/secure.gravatar.com\/avatar\/e108a3dc18766f719b2f797dc5d19093f06a1870c55b553ab6b7563f1f9a5e68?s=96&d=mm&r=g\",\"caption\":\"Tom Sundermann\"},\"sameAs\":[\"https:\/\/twitter.com\/messeticker\"],\"url\":\"https:\/\/blog.zeit.de\/nsu-prozess-blog\/author\/tsundermann\/\"}]}<\/script>\n<!-- \/ Yoast SEO plugin. -->","yoast_head_json":{"title":"Bitter f\u00fcr die echten Opfer \u2013 Das Medienlog vom Mittwoch, 28. Oktober 2015 - Das NSU-Prozess-Blog","robots":{"index":"index","follow":"follow","max-snippet":"max-snippet:-1","max-image-preview":"max-image-preview:large","max-video-preview":"max-video-preview:-1"},"canonical":"https:\/\/blog.zeit.de\/nsu-prozess-blog\/2015\/10\/28\/medienlog-meral-keskin-betrug-bka-nsu\/","og_locale":"de_DE","og_type":"article","og_title":"Bitter f\u00fcr die echten Opfer \u2013 Das Medienlog vom Mittwoch, 28. Oktober 2015 - Das NSU-Prozess-Blog","og_description":"Im Fall der nicht existierenden Nebenkl\u00e4gerin Meral Keskin hat das Gericht Ermittlungen in Auftrag gegeben \u2013 ein BKA-Beamter berichtete am Dienstag von seinen Recherchen in K\u00f6ln. Demnach hatte der Nebenkl\u00e4ger Attila \u00d6. zugegeben, die Frau erfunden zu haben \u2013 vermutlich, um daraus Profit zu schlagen. Ungereimtheiten bleiben. Die Frage, wieso das falsche Opfer &#8222;zweieinhalb Jahre [&hellip;]","og_url":"https:\/\/blog.zeit.de\/nsu-prozess-blog\/2015\/10\/28\/medienlog-meral-keskin-betrug-bka-nsu\/","og_site_name":"Das NSU-Prozess-Blog","article_published_time":"2015-10-28T07:25:02+00:00","article_modified_time":"2015-10-28T08:17:21+00:00","author":"Tom Sundermann","twitter_misc":{"Geschrieben von":"Tom Sundermann","Gesch\u00e4tzte Lesezeit":"3\u00a0Minuten"},"schema":{"@context":"https:\/\/schema.org","@graph":[{"@type":"WebPage","@id":"https:\/\/blog.zeit.de\/nsu-prozess-blog\/2015\/10\/28\/medienlog-meral-keskin-betrug-bka-nsu\/","url":"https:\/\/blog.zeit.de\/nsu-prozess-blog\/2015\/10\/28\/medienlog-meral-keskin-betrug-bka-nsu\/","name":"Bitter f\u00fcr die echten Opfer \u2013 Das Medienlog vom Mittwoch, 28. Oktober 2015 - Das NSU-Prozess-Blog","isPartOf":{"@id":"https:\/\/blog.zeit.de\/nsu-prozess-blog\/#website"},"datePublished":"2015-10-28T07:25:02+00:00","dateModified":"2015-10-28T08:17:21+00:00","author":{"@id":"https:\/\/blog.zeit.de\/nsu-prozess-blog\/#\/schema\/person\/553ea9bb5d1fc2ae054c589bd59380a5"},"breadcrumb":{"@id":"https:\/\/blog.zeit.de\/nsu-prozess-blog\/2015\/10\/28\/medienlog-meral-keskin-betrug-bka-nsu\/#breadcrumb"},"inLanguage":"de","potentialAction":[{"@type":"ReadAction","target":["https:\/\/blog.zeit.de\/nsu-prozess-blog\/2015\/10\/28\/medienlog-meral-keskin-betrug-bka-nsu\/"]}]},{"@type":"BreadcrumbList","@id":"https:\/\/blog.zeit.de\/nsu-prozess-blog\/2015\/10\/28\/medienlog-meral-keskin-betrug-bka-nsu\/#breadcrumb","itemListElement":[{"@type":"ListItem","position":1,"name":"Startseite","item":"https:\/\/blog.zeit.de\/nsu-prozess-blog\/"},{"@type":"ListItem","position":2,"name":"Bitter f\u00fcr die echten Opfer \u2013 Das Medienlog vom Mittwoch, 28. Oktober 2015"}]},{"@type":"WebSite","@id":"https:\/\/blog.zeit.de\/nsu-prozess-blog\/#website","url":"https:\/\/blog.zeit.de\/nsu-prozess-blog\/","name":"Das NSU-Prozess-Blog","description":"Alle Berichte zum Terrorverfahren in M\u00fcnchen","potentialAction":[{"@type":"SearchAction","target":{"@type":"EntryPoint","urlTemplate":"https:\/\/blog.zeit.de\/nsu-prozess-blog\/?s={search_term_string}"},"query-input":"required name=search_term_string"}],"inLanguage":"de"},{"@type":"Person","@id":"https:\/\/blog.zeit.de\/nsu-prozess-blog\/#\/schema\/person\/553ea9bb5d1fc2ae054c589bd59380a5","name":"Tom Sundermann","image":{"@type":"ImageObject","inLanguage":"de","@id":"https:\/\/blog.zeit.de\/nsu-prozess-blog\/#\/schema\/person\/image\/","url":"https:\/\/secure.gravatar.com\/avatar\/e108a3dc18766f719b2f797dc5d19093f06a1870c55b553ab6b7563f1f9a5e68?s=96&d=mm&r=g","contentUrl":"https:\/\/secure.gravatar.com\/avatar\/e108a3dc18766f719b2f797dc5d19093f06a1870c55b553ab6b7563f1f9a5e68?s=96&d=mm&r=g","caption":"Tom Sundermann"},"sameAs":["https:\/\/twitter.com\/messeticker"],"url":"https:\/\/blog.zeit.de\/nsu-prozess-blog\/author\/tsundermann\/"}]}},"jetpack_featured_media_url":"","jetpack_sharing_enabled":true,"_links":{"self":[{"href":"https:\/\/blog.zeit.de\/nsu-prozess-blog\/wp-json\/wp\/v2\/posts\/10206","targetHints":{"allow":["GET"]}}],"collection":[{"href":"https:\/\/blog.zeit.de\/nsu-prozess-blog\/wp-json\/wp\/v2\/posts"}],"about":[{"href":"https:\/\/blog.zeit.de\/nsu-prozess-blog\/wp-json\/wp\/v2\/types\/post"}],"author":[{"embeddable":true,"href":"https:\/\/blog.zeit.de\/nsu-prozess-blog\/wp-json\/wp\/v2\/users\/435"}],"replies":[{"embeddable":true,"href":"https:\/\/blog.zeit.de\/nsu-prozess-blog\/wp-json\/wp\/v2\/comments?post=10206"}],"version-history":[{"count":6,"href":"https:\/\/blog.zeit.de\/nsu-prozess-blog\/wp-json\/wp\/v2\/posts\/10206\/revisions"}],"predecessor-version":[{"id":10212,"href":"https:\/\/blog.zeit.de\/nsu-prozess-blog\/wp-json\/wp\/v2\/posts\/10206\/revisions\/10212"}],"wp:attachment":[{"href":"https:\/\/blog.zeit.de\/nsu-prozess-blog\/wp-json\/wp\/v2\/media?parent=10206"}],"wp:term":[{"taxonomy":"category","embeddable":true,"href":"https:\/\/blog.zeit.de\/nsu-prozess-blog\/wp-json\/wp\/v2\/categories?post=10206"},{"taxonomy":"post_tag","embeddable":true,"href":"https:\/\/blog.zeit.de\/nsu-prozess-blog\/wp-json\/wp\/v2\/tags?post=10206"}],"curies":[{"name":"wp","href":"https:\/\/api.w.org\/{rel}","templated":true}]}}