{"id":10213,"date":"2015-10-29T08:38:55","date_gmt":"2015-10-29T07:38:55","guid":{"rendered":"http:\/\/blog.zeit.de\/nsu-prozess-blog\/?p=10213"},"modified":"2015-10-29T09:40:52","modified_gmt":"2015-10-29T08:40:52","slug":"medienlog-nsu-holger-g-nebenklage-aussage","status":"publish","type":"post","link":"https:\/\/blog.zeit.de\/nsu-prozess-blog\/2015\/10\/29\/medienlog-nsu-holger-g-nebenklage-aussage\/","title":{"rendered":"Unangenehme Fragen an Holger G. \u2013 Das Medienlog vom Donnerstag, 29. Oktober 2015"},"content":{"rendered":"<p>Es war wohl nur eine Frage der Zeit, bis es f\u00fcr den Mitangeklagten Holger G. eng wird \u2013 jetzt k\u00f6nnte es so weit sein: Nebenkl\u00e4ger wollen mit einem umfangreichen Beweisantrag Details \u00fcber die Gesinnung des 41-J\u00e4hrigen zutage f\u00f6rdern, der nach eigenen Angaben aus der rechten Szene ausgestiegen ist. Zum Verh\u00e4ngnis k\u00f6nnte ihm werden, dass er zu Prozessbeginn weder alles noch nichts zu den Anklagevorw\u00fcrfen gesagt, sondern eine sogenannte Teilaussage abgelegt hatte. &#8222;Holger G. hat sich auf dieses Glatteis begeben. Jetzt bringt ihn die Nebenklage m\u00f6glicherweise in die Bredouille&#8220;, analysiert Gisela Friedrichsen auf <a href=\"http:\/\/www.spiegel.de\/panorama\/justiz\/nsu-prozess-nebenklaeger-wollen-holger-g-attackieren-a-1059991.html\" target=\"_blank\"><em>Spiegel Online<\/em><\/a>.<\/p>\n<p><!--more--><\/p>\n<p><em>An jedem Werktag sichten wir f\u00fcr das NSU-Prozess-Blog die Medien und stellen wichtige Berichte, Blogs, Videos und Tweets zusammen. Wir freuen uns \u00fcber Hinweise via Twitter mit dem Hashtag #nsublog \u2013 oder per E-Mail an <a href=\"mailto:nsublog@zeit.de\">nsublog@zeit.de<\/a>.<\/em><\/p>\n<p>G. wird vorgeworfen, das NSU-Trio unterst\u00fctzt zu haben, indem er ihm unter anderem Reisepass, F\u00fchrerschein und Krankenversichertenkarte \u00fcberlie\u00df. Zu den Vorw\u00fcrfen \u00e4u\u00dferte er sich \u00e4u\u00dferst vage in <a href=\"http:\/\/www.zeit.de\/gesellschaft\/zeitgeschehen\/2013-06\/nsu-prozess-aussage-holger-g\">einer Erkl\u00e4rung am Anfang des Verfahrens<\/a>. Darin behauptete er auch, sich im Jahr 2004 aus der Szene gel\u00f6st zu haben \u2013 was ihm viele Beobachter nicht abnehmen. Die Nebenklageanw\u00e4ltin Antonia von der Behrens, die den Beweisantrag am Mittwoch stellte, h\u00e4lt seine Aussage f\u00fcr &#8222;eindeutig taktisch gepr\u00e4gt&#8220;. Tats\u00e4chlich habe er noch lange Kontakt mit Figuren aus dem rechten Milieu gehalten.<\/p>\n<p>Richter Manfred G\u00f6tzl hatte G. kurz nach dessen Aussage den Hinweis gegeben, seine bisherigen Einlassungen seien nicht ausreichend. Seitdem erregte der Angeklagte nicht mehr viel Aufmerksamkeit. &#8222;In der dritten und letzten Tischreihe der Anklagebank wirkt Holger G. fast unsichtbar und das scheint auch seine Verteidigungsstrategie zu sein&#8220;, beobachtet Kai Mudra von der <a href=\"http:\/\/www.thueringer-allgemeine.de\/web\/zgt\/leben\/detail\/-\/specific\/Opferanwaelte-im-NSU-Prozess-ruecken-Mitangeklagten-in-den-Mittelpunkt-154245487\" target=\"_blank\"><em>Th\u00fcringer Allgemeinen<\/em><\/a>. Ein Indiz, das ihn aus der Unsichtbarkeit rei\u00dfen k\u00f6nnte: Auf seinem Computer waren Bilder der Comicfigur Paulchen Panther gespeichert, die jedoch wieder gel\u00f6scht wurden \u2013 die Figur ist zentraler Bestandteil <a href=\"https:\/\/blog.zeit.de\/nsu-prozess-blog\/2014\/11\/19\/medienlog-nsu-bekennervideo-zschaepe-boehnhardt\/\">des NSU-Bekennervideos<\/a>.<\/p>\n<p>Den Nebenklageanw\u00e4lten sei es gelungen, dass G. &#8222;bis \u00fcber beide Ohren rot anl\u00e4uft und unruhig auf seinem Platz hin und her wetzt&#8220;, wie Annette Ramelsberger von der <a href=\"http:\/\/www.sueddeutsche.de\/politik\/nsu-prozess-hartnaeckig-fuer-den-rechtsstaat-1.2712050\" target=\"_blank\"><em>S\u00fcddeutschen Zeitung<\/em><\/a> berichtet. Die Vertreter der Opfer leisteten eine wichtige Arbeit in dem Prozess. Trotzdem m\u00fcssten sie \u00e4u\u00dferst &#8222;frustrationsresistent&#8220; sein. Denn nach dem <a href=\"https:\/\/blog.zeit.de\/nsu-prozess-blog\/2015\/10\/28\/medienlog-meral-keskin-betrug-bka-nsu\/\">Skandal um einen Anwalt<\/a>, der f\u00fcr eine nicht existierende Nebenkl\u00e4gerin im Prozess sa\u00df, m\u00fcssten sie sich oft eine Frage anh\u00f6ren: &#8222;Ist dieser Prozess eine W\u00e4rmestube f\u00fcr Anw\u00e4lte?&#8220;<\/p>\n<p>Julian von L\u00f6wis widmet sich <a href=\"http:\/\/www.br.de\/nachrichten\/nsu-prozess\/151028-nsu-prozess-verhandlungstag-242-100.html\" target=\"_blank\">im Bayerischen Rundfunk<\/a> einer m\u00f6glichen Aussage der Hauptangeklagten Beate Zsch\u00e4pe, \u00fcber die <a href=\"https:\/\/blog.zeit.de\/nsu-prozess-blog\/2015\/10\/21\/medienlog-zschaepe-aussage-kameras-nsu\/\">zuletzt h\u00e4ufiger spekuliert wurde<\/a>. Lohnen k\u00f6nnte sich eine Einlassung f\u00fcr Zsch\u00e4pe nur, wenn ihre Aussage neue Erkenntnisse liefert \u2013 etwa \u00fcber Komplizen. &#8222;Zugegebenerma\u00dfen, der Gedanke, mit Hilfe von Beate Zsch\u00e4pe ein m\u00f6gliches rechtes Terrorunterst\u00fctzer-Netzwerk aufzudecken, klingt tollk\u00fchn.&#8220; Falls es jedoch dazu k\u00e4me, w\u00fcrden sicher nicht nur Belanglosigkeiten zu Protokoll gegeben.<\/p>\n<p><em>Das n\u00e4chste Medienlog erscheint am Freitag, 30. Oktober 2015.<\/em><\/p>\n","protected":false},"excerpt":{"rendered":"<p>Es war wohl nur eine Frage der Zeit, bis es f\u00fcr den Mitangeklagten Holger G. eng wird \u2013 jetzt k\u00f6nnte es so weit sein: Nebenkl\u00e4ger wollen mit einem umfangreichen Beweisantrag Details \u00fcber die Gesinnung des 41-J\u00e4hrigen zutage f\u00f6rdern, der nach eigenen Angaben aus der rechten Szene ausgestiegen ist. Zum Verh\u00e4ngnis k\u00f6nnte ihm werden, dass er [&hellip;]<\/p>\n","protected":false},"author":435,"featured_media":0,"comment_status":"open","ping_status":"open","sticky":false,"template":"","format":"standard","meta":{"_jetpack_memberships_contains_paid_content":false,"footnotes":""},"categories":[27531],"tags":[35361,17793,27548,29510,28],"class_list":["post-10213","post","type-post","status-publish","format-standard","hentry","category-medienschau","tag-aussage","tag-beate-zschape","tag-holger-g","tag-szene","tag-video"],"yoast_head":"<!-- This site is optimized with the Yoast SEO plugin v21.0 - https:\/\/yoast.com\/wordpress\/plugins\/seo\/ -->\n<title>Unangenehme Fragen an Holger G. \u2013 Das Medienlog vom Donnerstag, 29. Oktober 2015 - Das NSU-Prozess-Blog<\/title>\n<meta name=\"robots\" content=\"index, follow, max-snippet:-1, max-image-preview:large, max-video-preview:-1\" \/>\n<link rel=\"canonical\" href=\"https:\/\/blog.zeit.de\/nsu-prozess-blog\/2015\/10\/29\/medienlog-nsu-holger-g-nebenklage-aussage\/\" \/>\n<meta property=\"og:locale\" content=\"de_DE\" \/>\n<meta property=\"og:type\" content=\"article\" \/>\n<meta property=\"og:title\" content=\"Unangenehme Fragen an Holger G. \u2013 Das Medienlog vom Donnerstag, 29. Oktober 2015 - Das NSU-Prozess-Blog\" \/>\n<meta property=\"og:description\" content=\"Es war wohl nur eine Frage der Zeit, bis es f\u00fcr den Mitangeklagten Holger G. eng wird \u2013 jetzt k\u00f6nnte es so weit sein: Nebenkl\u00e4ger wollen mit einem umfangreichen Beweisantrag Details \u00fcber die Gesinnung des 41-J\u00e4hrigen zutage f\u00f6rdern, der nach eigenen Angaben aus der rechten Szene ausgestiegen ist. Zum Verh\u00e4ngnis k\u00f6nnte ihm werden, dass er [&hellip;]\" \/>\n<meta property=\"og:url\" content=\"https:\/\/blog.zeit.de\/nsu-prozess-blog\/2015\/10\/29\/medienlog-nsu-holger-g-nebenklage-aussage\/\" \/>\n<meta property=\"og:site_name\" content=\"Das NSU-Prozess-Blog\" \/>\n<meta property=\"article:published_time\" content=\"2015-10-29T07:38:55+00:00\" \/>\n<meta property=\"article:modified_time\" content=\"2015-10-29T08:40:52+00:00\" \/>\n<meta name=\"author\" content=\"Tom Sundermann\" \/>\n<meta name=\"twitter:label1\" content=\"Geschrieben von\" \/>\n\t<meta name=\"twitter:data1\" content=\"Tom Sundermann\" \/>\n\t<meta name=\"twitter:label2\" content=\"Gesch\u00e4tzte Lesezeit\" \/>\n\t<meta name=\"twitter:data2\" content=\"3\u00a0Minuten\" \/>\n<script type=\"application\/ld+json\" class=\"yoast-schema-graph\">{\"@context\":\"https:\/\/schema.org\",\"@graph\":[{\"@type\":\"WebPage\",\"@id\":\"https:\/\/blog.zeit.de\/nsu-prozess-blog\/2015\/10\/29\/medienlog-nsu-holger-g-nebenklage-aussage\/\",\"url\":\"https:\/\/blog.zeit.de\/nsu-prozess-blog\/2015\/10\/29\/medienlog-nsu-holger-g-nebenklage-aussage\/\",\"name\":\"Unangenehme Fragen an Holger G. \u2013 Das Medienlog vom Donnerstag, 29. Oktober 2015 - Das NSU-Prozess-Blog\",\"isPartOf\":{\"@id\":\"https:\/\/blog.zeit.de\/nsu-prozess-blog\/#website\"},\"datePublished\":\"2015-10-29T07:38:55+00:00\",\"dateModified\":\"2015-10-29T08:40:52+00:00\",\"author\":{\"@id\":\"https:\/\/blog.zeit.de\/nsu-prozess-blog\/#\/schema\/person\/553ea9bb5d1fc2ae054c589bd59380a5\"},\"breadcrumb\":{\"@id\":\"https:\/\/blog.zeit.de\/nsu-prozess-blog\/2015\/10\/29\/medienlog-nsu-holger-g-nebenklage-aussage\/#breadcrumb\"},\"inLanguage\":\"de\",\"potentialAction\":[{\"@type\":\"ReadAction\",\"target\":[\"https:\/\/blog.zeit.de\/nsu-prozess-blog\/2015\/10\/29\/medienlog-nsu-holger-g-nebenklage-aussage\/\"]}]},{\"@type\":\"BreadcrumbList\",\"@id\":\"https:\/\/blog.zeit.de\/nsu-prozess-blog\/2015\/10\/29\/medienlog-nsu-holger-g-nebenklage-aussage\/#breadcrumb\",\"itemListElement\":[{\"@type\":\"ListItem\",\"position\":1,\"name\":\"Startseite\",\"item\":\"https:\/\/blog.zeit.de\/nsu-prozess-blog\/\"},{\"@type\":\"ListItem\",\"position\":2,\"name\":\"Unangenehme Fragen an Holger G. \u2013 Das Medienlog vom Donnerstag, 29. Oktober 2015\"}]},{\"@type\":\"WebSite\",\"@id\":\"https:\/\/blog.zeit.de\/nsu-prozess-blog\/#website\",\"url\":\"https:\/\/blog.zeit.de\/nsu-prozess-blog\/\",\"name\":\"Das NSU-Prozess-Blog\",\"description\":\"Alle Berichte zum Terrorverfahren in M\u00fcnchen\",\"potentialAction\":[{\"@type\":\"SearchAction\",\"target\":{\"@type\":\"EntryPoint\",\"urlTemplate\":\"https:\/\/blog.zeit.de\/nsu-prozess-blog\/?s={search_term_string}\"},\"query-input\":\"required name=search_term_string\"}],\"inLanguage\":\"de\"},{\"@type\":\"Person\",\"@id\":\"https:\/\/blog.zeit.de\/nsu-prozess-blog\/#\/schema\/person\/553ea9bb5d1fc2ae054c589bd59380a5\",\"name\":\"Tom Sundermann\",\"image\":{\"@type\":\"ImageObject\",\"inLanguage\":\"de\",\"@id\":\"https:\/\/blog.zeit.de\/nsu-prozess-blog\/#\/schema\/person\/image\/\",\"url\":\"https:\/\/secure.gravatar.com\/avatar\/e108a3dc18766f719b2f797dc5d19093f06a1870c55b553ab6b7563f1f9a5e68?s=96&d=mm&r=g\",\"contentUrl\":\"https:\/\/secure.gravatar.com\/avatar\/e108a3dc18766f719b2f797dc5d19093f06a1870c55b553ab6b7563f1f9a5e68?s=96&d=mm&r=g\",\"caption\":\"Tom Sundermann\"},\"sameAs\":[\"https:\/\/twitter.com\/messeticker\"],\"url\":\"https:\/\/blog.zeit.de\/nsu-prozess-blog\/author\/tsundermann\/\"}]}<\/script>\n<!-- \/ Yoast SEO plugin. -->","yoast_head_json":{"title":"Unangenehme Fragen an Holger G. \u2013 Das Medienlog vom Donnerstag, 29. Oktober 2015 - Das NSU-Prozess-Blog","robots":{"index":"index","follow":"follow","max-snippet":"max-snippet:-1","max-image-preview":"max-image-preview:large","max-video-preview":"max-video-preview:-1"},"canonical":"https:\/\/blog.zeit.de\/nsu-prozess-blog\/2015\/10\/29\/medienlog-nsu-holger-g-nebenklage-aussage\/","og_locale":"de_DE","og_type":"article","og_title":"Unangenehme Fragen an Holger G. \u2013 Das Medienlog vom Donnerstag, 29. Oktober 2015 - Das NSU-Prozess-Blog","og_description":"Es war wohl nur eine Frage der Zeit, bis es f\u00fcr den Mitangeklagten Holger G. eng wird \u2013 jetzt k\u00f6nnte es so weit sein: Nebenkl\u00e4ger wollen mit einem umfangreichen Beweisantrag Details \u00fcber die Gesinnung des 41-J\u00e4hrigen zutage f\u00f6rdern, der nach eigenen Angaben aus der rechten Szene ausgestiegen ist. Zum Verh\u00e4ngnis k\u00f6nnte ihm werden, dass er [&hellip;]","og_url":"https:\/\/blog.zeit.de\/nsu-prozess-blog\/2015\/10\/29\/medienlog-nsu-holger-g-nebenklage-aussage\/","og_site_name":"Das NSU-Prozess-Blog","article_published_time":"2015-10-29T07:38:55+00:00","article_modified_time":"2015-10-29T08:40:52+00:00","author":"Tom Sundermann","twitter_misc":{"Geschrieben von":"Tom Sundermann","Gesch\u00e4tzte Lesezeit":"3\u00a0Minuten"},"schema":{"@context":"https:\/\/schema.org","@graph":[{"@type":"WebPage","@id":"https:\/\/blog.zeit.de\/nsu-prozess-blog\/2015\/10\/29\/medienlog-nsu-holger-g-nebenklage-aussage\/","url":"https:\/\/blog.zeit.de\/nsu-prozess-blog\/2015\/10\/29\/medienlog-nsu-holger-g-nebenklage-aussage\/","name":"Unangenehme Fragen an Holger G. \u2013 Das Medienlog vom Donnerstag, 29. Oktober 2015 - Das NSU-Prozess-Blog","isPartOf":{"@id":"https:\/\/blog.zeit.de\/nsu-prozess-blog\/#website"},"datePublished":"2015-10-29T07:38:55+00:00","dateModified":"2015-10-29T08:40:52+00:00","author":{"@id":"https:\/\/blog.zeit.de\/nsu-prozess-blog\/#\/schema\/person\/553ea9bb5d1fc2ae054c589bd59380a5"},"breadcrumb":{"@id":"https:\/\/blog.zeit.de\/nsu-prozess-blog\/2015\/10\/29\/medienlog-nsu-holger-g-nebenklage-aussage\/#breadcrumb"},"inLanguage":"de","potentialAction":[{"@type":"ReadAction","target":["https:\/\/blog.zeit.de\/nsu-prozess-blog\/2015\/10\/29\/medienlog-nsu-holger-g-nebenklage-aussage\/"]}]},{"@type":"BreadcrumbList","@id":"https:\/\/blog.zeit.de\/nsu-prozess-blog\/2015\/10\/29\/medienlog-nsu-holger-g-nebenklage-aussage\/#breadcrumb","itemListElement":[{"@type":"ListItem","position":1,"name":"Startseite","item":"https:\/\/blog.zeit.de\/nsu-prozess-blog\/"},{"@type":"ListItem","position":2,"name":"Unangenehme Fragen an Holger G. \u2013 Das Medienlog vom Donnerstag, 29. Oktober 2015"}]},{"@type":"WebSite","@id":"https:\/\/blog.zeit.de\/nsu-prozess-blog\/#website","url":"https:\/\/blog.zeit.de\/nsu-prozess-blog\/","name":"Das NSU-Prozess-Blog","description":"Alle Berichte zum Terrorverfahren in M\u00fcnchen","potentialAction":[{"@type":"SearchAction","target":{"@type":"EntryPoint","urlTemplate":"https:\/\/blog.zeit.de\/nsu-prozess-blog\/?s={search_term_string}"},"query-input":"required name=search_term_string"}],"inLanguage":"de"},{"@type":"Person","@id":"https:\/\/blog.zeit.de\/nsu-prozess-blog\/#\/schema\/person\/553ea9bb5d1fc2ae054c589bd59380a5","name":"Tom Sundermann","image":{"@type":"ImageObject","inLanguage":"de","@id":"https:\/\/blog.zeit.de\/nsu-prozess-blog\/#\/schema\/person\/image\/","url":"https:\/\/secure.gravatar.com\/avatar\/e108a3dc18766f719b2f797dc5d19093f06a1870c55b553ab6b7563f1f9a5e68?s=96&d=mm&r=g","contentUrl":"https:\/\/secure.gravatar.com\/avatar\/e108a3dc18766f719b2f797dc5d19093f06a1870c55b553ab6b7563f1f9a5e68?s=96&d=mm&r=g","caption":"Tom Sundermann"},"sameAs":["https:\/\/twitter.com\/messeticker"],"url":"https:\/\/blog.zeit.de\/nsu-prozess-blog\/author\/tsundermann\/"}]}},"jetpack_featured_media_url":"","jetpack_sharing_enabled":true,"_links":{"self":[{"href":"https:\/\/blog.zeit.de\/nsu-prozess-blog\/wp-json\/wp\/v2\/posts\/10213","targetHints":{"allow":["GET"]}}],"collection":[{"href":"https:\/\/blog.zeit.de\/nsu-prozess-blog\/wp-json\/wp\/v2\/posts"}],"about":[{"href":"https:\/\/blog.zeit.de\/nsu-prozess-blog\/wp-json\/wp\/v2\/types\/post"}],"author":[{"embeddable":true,"href":"https:\/\/blog.zeit.de\/nsu-prozess-blog\/wp-json\/wp\/v2\/users\/435"}],"replies":[{"embeddable":true,"href":"https:\/\/blog.zeit.de\/nsu-prozess-blog\/wp-json\/wp\/v2\/comments?post=10213"}],"version-history":[{"count":10,"href":"https:\/\/blog.zeit.de\/nsu-prozess-blog\/wp-json\/wp\/v2\/posts\/10213\/revisions"}],"predecessor-version":[{"id":10223,"href":"https:\/\/blog.zeit.de\/nsu-prozess-blog\/wp-json\/wp\/v2\/posts\/10213\/revisions\/10223"}],"wp:attachment":[{"href":"https:\/\/blog.zeit.de\/nsu-prozess-blog\/wp-json\/wp\/v2\/media?parent=10213"}],"wp:term":[{"taxonomy":"category","embeddable":true,"href":"https:\/\/blog.zeit.de\/nsu-prozess-blog\/wp-json\/wp\/v2\/categories?post=10213"},{"taxonomy":"post_tag","embeddable":true,"href":"https:\/\/blog.zeit.de\/nsu-prozess-blog\/wp-json\/wp\/v2\/tags?post=10213"}],"curies":[{"name":"wp","href":"https:\/\/api.w.org\/{rel}","templated":true}]}}