{"id":10231,"date":"2015-11-03T10:11:51","date_gmt":"2015-11-03T09:11:51","guid":{"rendered":"http:\/\/blog.zeit.de\/nsu-prozess-blog\/?p=10231"},"modified":"2015-11-03T20:54:18","modified_gmt":"2015-11-03T19:54:18","slug":"medienlog-nebenklage-bundestag-ausschuss-nsu","status":"publish","type":"post","link":"https:\/\/blog.zeit.de\/nsu-prozess-blog\/2015\/11\/03\/medienlog-nebenklage-bundestag-ausschuss-nsu\/","title":{"rendered":"Opferanw\u00e4lte wollen Antworten vom Bundestag \u2013 Das Medienlog vom Dienstag, 3. November 2015"},"content":{"rendered":"<p>Im Dezember beginnt im Bundestag ein <a href=\"http:\/\/www.zeit.de\/gesellschaft\/zeitgeschehen\/2015-10\/nsu-untersuchung-fragen\">neuer Untersuchungsausschuss zum NSU-Komplex<\/a>. Auf diesen hoffen insbesondere die Beist\u00e4nde von Opferangeh\u00f6rigen und Verletzten der rechtsextremen Serie. Die Nebenklageanw\u00e4lte formulierten am Montag den Verdacht, dass insbesondere der Bundesverfassungsschutz mehr \u00fcber den NSU wusste, als er sp\u00e4ter zugab. Dem ersten Ausschuss seien vermutlich etwa die Aussagen <a href=\"https:\/\/blog.zeit.de\/nsu-prozess-blog\/2015\/09\/16\/medienlog-hagel-marcel-d-v-mann\/\" target=\"_blank\">des V-Manns Marcel D.<\/a> vorenthalten worden, schreibt Tanjev Schultz von der <a href=\"http:\/\/www.sueddeutsche.de\/politik\/nsu-prozess-nahezu-unvorstellbar-1.2718996\" target=\"_blank\"><em>S\u00fcddeutschen Zeitung<\/em><\/a>. Die Arbeit des Ausschusses sei wichtig, weil sich der Prozess in M\u00fcnchen &#8222;der Wahrheit allenfalls wird ann\u00e4hern k\u00f6nnen&#8220;.<\/p>\n<p><!--more--><\/p>\n<p><em>An jedem Werktag sichten wir f\u00fcr das NSU-Prozess-Blog die Medien und stellen wichtige Berichte, Blogs, Videos und Tweets zusammen. Wir freuen uns \u00fcber Hinweise via Twitter mit dem Hashtag #nsublog \u2013 oder per E-Mail an <a href=\"mailto:nsublog@zeit.de\">nsublog@zeit.de<\/a>.<\/em><\/p>\n<p>Vom <a href=\"https:\/\/blog.zeit.de\/nsu-prozess-blog\/2014\/01\/16\/nie-wieder-ein-normales-leben\/\">Mord an der Polizistin Mich\u00e8le Kiesewetter<\/a> 2007 in Heilbronn sollen mit einem Handy gedrehte Videoaufnahmen aufgetaucht sein. Ein Zeuge habe die Aufnahmen vom Tatort dem baden-w\u00fcrttembergischen Untersuchungsausschuss \u00fcbergeben, wie k\u00fcrzlich etwa in der <a href=\"http:\/\/www.stuttgarter-zeitung.de\/inhalt.nsu-ausschuss-neue-zeugen-zum-mord-an-polizistin-kiesewetter.c7aad626-42d8-4fe2-956e-25ebbf7ddc96.html\" target=\"_blank\"><em>Stuttgarter Zeitung<\/em><\/a> nachzulesen war. Wie die <a href=\"http:\/\/www.thueringer-allgemeine.de\/web\/zgt\/rechtsterrorismus\/detail\/-\/specific\/Angeblich-Handy-Aufnahmen-vom-Kiesewetter-Mord-aufgetaucht-1936981783\" target=\"_blank\"><em>Th\u00fcringer Allgemeine<\/em><\/a> (kostenpflichtig) nun berichtet, war der Mann mit dem Beweismittel offenbar schon zu Jahresbeginn an das Gremium herangetreten.<\/p>\n<p><em>Das n\u00e4chste Medienlog erscheint am Mittwoch, 4. November 2015.<\/em><\/p>\n","protected":false},"excerpt":{"rendered":"<p>Im Dezember beginnt im Bundestag ein neuer Untersuchungsausschuss zum NSU-Komplex. Auf diesen hoffen insbesondere die Beist\u00e4nde von Opferangeh\u00f6rigen und Verletzten der rechtsextremen Serie. Die Nebenklageanw\u00e4lte formulierten am Montag den Verdacht, dass insbesondere der Bundesverfassungsschutz mehr \u00fcber den NSU wusste, als er sp\u00e4ter zugab. Dem ersten Ausschuss seien vermutlich etwa die Aussagen des V-Manns Marcel D. [&hellip;]<\/p>\n","protected":false},"author":435,"featured_media":0,"comment_status":"open","ping_status":"open","sticky":false,"template":"","format":"standard","meta":{"_jetpack_memberships_contains_paid_content":false,"footnotes":""},"categories":[27531],"tags":[1450,981,27772,2055,34127,27588,27536,17899,1836],"class_list":["post-10231","post","type-post","status-publish","format-standard","hentry","category-medienschau","tag-baden-wurttemberg","tag-bundestag","tag-bundesverfassungsschutz","tag-heilbronn","tag-marcel-d","tag-michele-kiesewetter","tag-untersuchungsausschuss","tag-v-mann","tag-verfassungsschutz"],"yoast_head":"<!-- This site is optimized with the Yoast SEO plugin v21.0 - https:\/\/yoast.com\/wordpress\/plugins\/seo\/ -->\n<title>Opferanw\u00e4lte wollen Antworten vom Bundestag \u2013 Das Medienlog vom Dienstag, 3. November 2015 - Das NSU-Prozess-Blog<\/title>\n<meta name=\"robots\" content=\"index, follow, max-snippet:-1, max-image-preview:large, max-video-preview:-1\" \/>\n<link rel=\"canonical\" href=\"https:\/\/blog.zeit.de\/nsu-prozess-blog\/2015\/11\/03\/medienlog-nebenklage-bundestag-ausschuss-nsu\/\" \/>\n<meta property=\"og:locale\" content=\"de_DE\" \/>\n<meta property=\"og:type\" content=\"article\" \/>\n<meta property=\"og:title\" content=\"Opferanw\u00e4lte wollen Antworten vom Bundestag \u2013 Das Medienlog vom Dienstag, 3. November 2015 - Das NSU-Prozess-Blog\" \/>\n<meta property=\"og:description\" content=\"Im Dezember beginnt im Bundestag ein neuer Untersuchungsausschuss zum NSU-Komplex. Auf diesen hoffen insbesondere die Beist\u00e4nde von Opferangeh\u00f6rigen und Verletzten der rechtsextremen Serie. Die Nebenklageanw\u00e4lte formulierten am Montag den Verdacht, dass insbesondere der Bundesverfassungsschutz mehr \u00fcber den NSU wusste, als er sp\u00e4ter zugab. Dem ersten Ausschuss seien vermutlich etwa die Aussagen des V-Manns Marcel D. [&hellip;]\" \/>\n<meta property=\"og:url\" content=\"https:\/\/blog.zeit.de\/nsu-prozess-blog\/2015\/11\/03\/medienlog-nebenklage-bundestag-ausschuss-nsu\/\" \/>\n<meta property=\"og:site_name\" content=\"Das NSU-Prozess-Blog\" \/>\n<meta property=\"article:published_time\" content=\"2015-11-03T09:11:51+00:00\" \/>\n<meta property=\"article:modified_time\" content=\"2015-11-03T19:54:18+00:00\" \/>\n<meta name=\"author\" content=\"Tom Sundermann\" \/>\n<meta name=\"twitter:label1\" content=\"Geschrieben von\" \/>\n\t<meta name=\"twitter:data1\" content=\"Tom Sundermann\" \/>\n\t<meta name=\"twitter:label2\" content=\"Gesch\u00e4tzte Lesezeit\" \/>\n\t<meta name=\"twitter:data2\" content=\"1\u00a0Minute\" \/>\n<script type=\"application\/ld+json\" class=\"yoast-schema-graph\">{\"@context\":\"https:\/\/schema.org\",\"@graph\":[{\"@type\":\"WebPage\",\"@id\":\"https:\/\/blog.zeit.de\/nsu-prozess-blog\/2015\/11\/03\/medienlog-nebenklage-bundestag-ausschuss-nsu\/\",\"url\":\"https:\/\/blog.zeit.de\/nsu-prozess-blog\/2015\/11\/03\/medienlog-nebenklage-bundestag-ausschuss-nsu\/\",\"name\":\"Opferanw\u00e4lte wollen Antworten vom Bundestag \u2013 Das Medienlog vom Dienstag, 3. November 2015 - Das NSU-Prozess-Blog\",\"isPartOf\":{\"@id\":\"https:\/\/blog.zeit.de\/nsu-prozess-blog\/#website\"},\"datePublished\":\"2015-11-03T09:11:51+00:00\",\"dateModified\":\"2015-11-03T19:54:18+00:00\",\"author\":{\"@id\":\"https:\/\/blog.zeit.de\/nsu-prozess-blog\/#\/schema\/person\/553ea9bb5d1fc2ae054c589bd59380a5\"},\"breadcrumb\":{\"@id\":\"https:\/\/blog.zeit.de\/nsu-prozess-blog\/2015\/11\/03\/medienlog-nebenklage-bundestag-ausschuss-nsu\/#breadcrumb\"},\"inLanguage\":\"de\",\"potentialAction\":[{\"@type\":\"ReadAction\",\"target\":[\"https:\/\/blog.zeit.de\/nsu-prozess-blog\/2015\/11\/03\/medienlog-nebenklage-bundestag-ausschuss-nsu\/\"]}]},{\"@type\":\"BreadcrumbList\",\"@id\":\"https:\/\/blog.zeit.de\/nsu-prozess-blog\/2015\/11\/03\/medienlog-nebenklage-bundestag-ausschuss-nsu\/#breadcrumb\",\"itemListElement\":[{\"@type\":\"ListItem\",\"position\":1,\"name\":\"Startseite\",\"item\":\"https:\/\/blog.zeit.de\/nsu-prozess-blog\/\"},{\"@type\":\"ListItem\",\"position\":2,\"name\":\"Opferanw\u00e4lte wollen Antworten vom Bundestag \u2013 Das Medienlog vom Dienstag, 3. November 2015\"}]},{\"@type\":\"WebSite\",\"@id\":\"https:\/\/blog.zeit.de\/nsu-prozess-blog\/#website\",\"url\":\"https:\/\/blog.zeit.de\/nsu-prozess-blog\/\",\"name\":\"Das NSU-Prozess-Blog\",\"description\":\"Alle Berichte zum Terrorverfahren in M\u00fcnchen\",\"potentialAction\":[{\"@type\":\"SearchAction\",\"target\":{\"@type\":\"EntryPoint\",\"urlTemplate\":\"https:\/\/blog.zeit.de\/nsu-prozess-blog\/?s={search_term_string}\"},\"query-input\":\"required name=search_term_string\"}],\"inLanguage\":\"de\"},{\"@type\":\"Person\",\"@id\":\"https:\/\/blog.zeit.de\/nsu-prozess-blog\/#\/schema\/person\/553ea9bb5d1fc2ae054c589bd59380a5\",\"name\":\"Tom Sundermann\",\"image\":{\"@type\":\"ImageObject\",\"inLanguage\":\"de\",\"@id\":\"https:\/\/blog.zeit.de\/nsu-prozess-blog\/#\/schema\/person\/image\/\",\"url\":\"https:\/\/secure.gravatar.com\/avatar\/e108a3dc18766f719b2f797dc5d19093f06a1870c55b553ab6b7563f1f9a5e68?s=96&d=mm&r=g\",\"contentUrl\":\"https:\/\/secure.gravatar.com\/avatar\/e108a3dc18766f719b2f797dc5d19093f06a1870c55b553ab6b7563f1f9a5e68?s=96&d=mm&r=g\",\"caption\":\"Tom Sundermann\"},\"sameAs\":[\"https:\/\/twitter.com\/messeticker\"],\"url\":\"https:\/\/blog.zeit.de\/nsu-prozess-blog\/author\/tsundermann\/\"}]}<\/script>\n<!-- \/ Yoast SEO plugin. -->","yoast_head_json":{"title":"Opferanw\u00e4lte wollen Antworten vom Bundestag \u2013 Das Medienlog vom Dienstag, 3. November 2015 - Das NSU-Prozess-Blog","robots":{"index":"index","follow":"follow","max-snippet":"max-snippet:-1","max-image-preview":"max-image-preview:large","max-video-preview":"max-video-preview:-1"},"canonical":"https:\/\/blog.zeit.de\/nsu-prozess-blog\/2015\/11\/03\/medienlog-nebenklage-bundestag-ausschuss-nsu\/","og_locale":"de_DE","og_type":"article","og_title":"Opferanw\u00e4lte wollen Antworten vom Bundestag \u2013 Das Medienlog vom Dienstag, 3. November 2015 - Das NSU-Prozess-Blog","og_description":"Im Dezember beginnt im Bundestag ein neuer Untersuchungsausschuss zum NSU-Komplex. Auf diesen hoffen insbesondere die Beist\u00e4nde von Opferangeh\u00f6rigen und Verletzten der rechtsextremen Serie. Die Nebenklageanw\u00e4lte formulierten am Montag den Verdacht, dass insbesondere der Bundesverfassungsschutz mehr \u00fcber den NSU wusste, als er sp\u00e4ter zugab. Dem ersten Ausschuss seien vermutlich etwa die Aussagen des V-Manns Marcel D. [&hellip;]","og_url":"https:\/\/blog.zeit.de\/nsu-prozess-blog\/2015\/11\/03\/medienlog-nebenklage-bundestag-ausschuss-nsu\/","og_site_name":"Das NSU-Prozess-Blog","article_published_time":"2015-11-03T09:11:51+00:00","article_modified_time":"2015-11-03T19:54:18+00:00","author":"Tom Sundermann","twitter_misc":{"Geschrieben von":"Tom Sundermann","Gesch\u00e4tzte Lesezeit":"1\u00a0Minute"},"schema":{"@context":"https:\/\/schema.org","@graph":[{"@type":"WebPage","@id":"https:\/\/blog.zeit.de\/nsu-prozess-blog\/2015\/11\/03\/medienlog-nebenklage-bundestag-ausschuss-nsu\/","url":"https:\/\/blog.zeit.de\/nsu-prozess-blog\/2015\/11\/03\/medienlog-nebenklage-bundestag-ausschuss-nsu\/","name":"Opferanw\u00e4lte wollen Antworten vom Bundestag \u2013 Das Medienlog vom Dienstag, 3. November 2015 - Das NSU-Prozess-Blog","isPartOf":{"@id":"https:\/\/blog.zeit.de\/nsu-prozess-blog\/#website"},"datePublished":"2015-11-03T09:11:51+00:00","dateModified":"2015-11-03T19:54:18+00:00","author":{"@id":"https:\/\/blog.zeit.de\/nsu-prozess-blog\/#\/schema\/person\/553ea9bb5d1fc2ae054c589bd59380a5"},"breadcrumb":{"@id":"https:\/\/blog.zeit.de\/nsu-prozess-blog\/2015\/11\/03\/medienlog-nebenklage-bundestag-ausschuss-nsu\/#breadcrumb"},"inLanguage":"de","potentialAction":[{"@type":"ReadAction","target":["https:\/\/blog.zeit.de\/nsu-prozess-blog\/2015\/11\/03\/medienlog-nebenklage-bundestag-ausschuss-nsu\/"]}]},{"@type":"BreadcrumbList","@id":"https:\/\/blog.zeit.de\/nsu-prozess-blog\/2015\/11\/03\/medienlog-nebenklage-bundestag-ausschuss-nsu\/#breadcrumb","itemListElement":[{"@type":"ListItem","position":1,"name":"Startseite","item":"https:\/\/blog.zeit.de\/nsu-prozess-blog\/"},{"@type":"ListItem","position":2,"name":"Opferanw\u00e4lte wollen Antworten vom Bundestag \u2013 Das Medienlog vom Dienstag, 3. November 2015"}]},{"@type":"WebSite","@id":"https:\/\/blog.zeit.de\/nsu-prozess-blog\/#website","url":"https:\/\/blog.zeit.de\/nsu-prozess-blog\/","name":"Das NSU-Prozess-Blog","description":"Alle Berichte zum Terrorverfahren in M\u00fcnchen","potentialAction":[{"@type":"SearchAction","target":{"@type":"EntryPoint","urlTemplate":"https:\/\/blog.zeit.de\/nsu-prozess-blog\/?s={search_term_string}"},"query-input":"required name=search_term_string"}],"inLanguage":"de"},{"@type":"Person","@id":"https:\/\/blog.zeit.de\/nsu-prozess-blog\/#\/schema\/person\/553ea9bb5d1fc2ae054c589bd59380a5","name":"Tom Sundermann","image":{"@type":"ImageObject","inLanguage":"de","@id":"https:\/\/blog.zeit.de\/nsu-prozess-blog\/#\/schema\/person\/image\/","url":"https:\/\/secure.gravatar.com\/avatar\/e108a3dc18766f719b2f797dc5d19093f06a1870c55b553ab6b7563f1f9a5e68?s=96&d=mm&r=g","contentUrl":"https:\/\/secure.gravatar.com\/avatar\/e108a3dc18766f719b2f797dc5d19093f06a1870c55b553ab6b7563f1f9a5e68?s=96&d=mm&r=g","caption":"Tom Sundermann"},"sameAs":["https:\/\/twitter.com\/messeticker"],"url":"https:\/\/blog.zeit.de\/nsu-prozess-blog\/author\/tsundermann\/"}]}},"jetpack_featured_media_url":"","jetpack_sharing_enabled":true,"_links":{"self":[{"href":"https:\/\/blog.zeit.de\/nsu-prozess-blog\/wp-json\/wp\/v2\/posts\/10231","targetHints":{"allow":["GET"]}}],"collection":[{"href":"https:\/\/blog.zeit.de\/nsu-prozess-blog\/wp-json\/wp\/v2\/posts"}],"about":[{"href":"https:\/\/blog.zeit.de\/nsu-prozess-blog\/wp-json\/wp\/v2\/types\/post"}],"author":[{"embeddable":true,"href":"https:\/\/blog.zeit.de\/nsu-prozess-blog\/wp-json\/wp\/v2\/users\/435"}],"replies":[{"embeddable":true,"href":"https:\/\/blog.zeit.de\/nsu-prozess-blog\/wp-json\/wp\/v2\/comments?post=10231"}],"version-history":[{"count":4,"href":"https:\/\/blog.zeit.de\/nsu-prozess-blog\/wp-json\/wp\/v2\/posts\/10231\/revisions"}],"predecessor-version":[{"id":10236,"href":"https:\/\/blog.zeit.de\/nsu-prozess-blog\/wp-json\/wp\/v2\/posts\/10231\/revisions\/10236"}],"wp:attachment":[{"href":"https:\/\/blog.zeit.de\/nsu-prozess-blog\/wp-json\/wp\/v2\/media?parent=10231"}],"wp:term":[{"taxonomy":"category","embeddable":true,"href":"https:\/\/blog.zeit.de\/nsu-prozess-blog\/wp-json\/wp\/v2\/categories?post=10231"},{"taxonomy":"post_tag","embeddable":true,"href":"https:\/\/blog.zeit.de\/nsu-prozess-blog\/wp-json\/wp\/v2\/tags?post=10231"}],"curies":[{"name":"wp","href":"https:\/\/api.w.org\/{rel}","templated":true}]}}