{"id":10237,"date":"2015-11-04T09:26:07","date_gmt":"2015-11-04T08:26:07","guid":{"rendered":"http:\/\/blog.zeit.de\/nsu-prozess-blog\/?p=10237"},"modified":"2015-11-04T10:39:37","modified_gmt":"2015-11-04T09:39:37","slug":"medienlog-4-november-auffliegen-nsu","status":"publish","type":"post","link":"https:\/\/blog.zeit.de\/nsu-prozess-blog\/2015\/11\/04\/medienlog-4-november-auffliegen-nsu\/","title":{"rendered":"So naiv dachten die Ermittler \u2013 Das Medienlog vom Mittwoch, 4. November 2015"},"content":{"rendered":"<p>Heute vor vier Jahren flog der NSU auf, als sich Uwe Mundlos und Uwe B\u00f6hnhardt nach einem gescheiterten Bank\u00fcberfall <a href=\"http:\/\/www.zeit.de\/gesellschaft\/2013-11\/nsu-prozess-menzel\">in einem Wohnmobil erschossen<\/a> und Beate Zsch\u00e4pe das <a href=\"http:\/\/www.zeit.de\/gesellschaft\/zeitgeschehen\/2013-06\/nsu-prozess-wohnung-brand\">Haus des NSU in Zwickau anz\u00fcndete<\/a>. Doch trotz tiefgehender Ermittlungen sind zu der Terrorzelle, die f\u00fcr zehn Morde verantwortlich sein soll, noch immer etliche Fragen offen. Damit besch\u00e4ftigen sich aktuelle Presseberichte. &#8222;Geld, Unterst\u00fctzer, ideologisches R\u00fcstzeug \u2013 das alles habe gefehlt, anders, als bei der linksextremen RAF&#8220; \u2013 das war die naive Denkweise der Ermittler, wie ein Bericht <a href=\"http:\/\/www.abendzeitung-muenchen.de\/inhalt.vor-vier-jahren-flog-alles-auf-nsu-terror-und-all-das-will-niemand-gewusst-haben.98f7c087-92b1-4a7a-a3ec-e6a1586dad4a.html\" target=\"_blank\">von dpa-Autor Christoph Lemmer<\/a> nachzeichnet.<\/p>\n<p><!--more--><\/p>\n<p><em>An jedem Werktag sichten wir f\u00fcr das NSU-Prozess-Blog die Medien und stellen wichtige Berichte, Blogs, Videos und Tweets zusammen. Wir freuen uns \u00fcber Hinweise via Twitter mit dem Hashtag #nsublog \u2013 oder per E-Mail an <a href=\"mailto:nsublog@zeit.de\">nsublog@zeit.de<\/a>.<\/em><\/p>\n<p>Als Zsch\u00e4pe, Mundlos und B\u00f6hnhardt im Jahr 1998 untergetaucht waren, sei die Stimmung &#8222;\u00e4hnlich angespannt wie heute&#8220; gewesen, schreibt Lemmer: Es gab Anschl\u00e4ge gegen Asylbewerber und rechtsextreme Demonstrationen. Von der Gefahr ahnte offenbar dennoch niemand etwas \u2013 die Dimension des Verbrechens wurde auch nach der Entdeckung der Terrorzelle nur langsam klar. &#8222;In den vier Jahren seit dem Ende des NSU hat der Staat immensen Aufwand getrieben, um nachzuarbeiten und Lehren aus der Terrorserie zu ziehen&#8220;, hei\u00dft es. Dennoch h\u00e4tten die <a href=\"https:\/\/blog.zeit.de\/nsu-prozess-blog\/2015\/11\/03\/medienlog-nebenklage-bundestag-ausschuss-nsu\/\">weiterhin tagenden Untersuchungsaussch\u00fcsse<\/a> noch immer viel zu tun.<\/p>\n<p>Den R\u00e4tseln nach dem 4. November 2011 widmet sich auch Andreas F\u00f6rster in einem Bericht f\u00fcr die <a href=\"http:\/\/www.stuttgarter-zeitung.de\/inhalt.nsu-terror-die-vielen-raetsel-des-4-november-2011.12c54b91-fe18-4900-9474-9e159431e213.html\" target=\"_blank\"><em>Stuttgarter Zeitung<\/em><\/a>. Sein Fazit zu den Ereignissen nach dem Bank\u00fcberfall: &#8222;Auch zwei Untersuchungsaussch\u00fcsse haben sie nicht aufgehellt.&#8220; In den Ermittlungsarbeiten seien etliche Widerspr\u00fcche zutage getreten, manche Sachverhalte seien gar nicht richtig aufgekl\u00e4rt worden.<\/p>\n<p><em>Das n\u00e4chste Medienlog erscheint am Donnerstag, 5. November 2015.<\/em><\/p>\n","protected":false},"excerpt":{"rendered":"<p>Heute vor vier Jahren flog der NSU auf, als sich Uwe Mundlos und Uwe B\u00f6hnhardt nach einem gescheiterten Bank\u00fcberfall in einem Wohnmobil erschossen und Beate Zsch\u00e4pe das Haus des NSU in Zwickau anz\u00fcndete. Doch trotz tiefgehender Ermittlungen sind zu der Terrorzelle, die f\u00fcr zehn Morde verantwortlich sein soll, noch immer etliche Fragen offen. Damit besch\u00e4ftigen [&hellip;]<\/p>\n","protected":false},"author":435,"featured_media":0,"comment_status":"open","ping_status":"open","sticky":false,"template":"","format":"standard","meta":{"_jetpack_memberships_contains_paid_content":false,"footnotes":""},"categories":[27531],"tags":[29457,24573,27134,27536,22860,22859,29451],"class_list":["post-10237","post","type-post","status-publish","format-standard","hentry","category-medienschau","tag-bankuberfall","tag-eisenach","tag-untergrund","tag-untersuchungsausschuss","tag-uwe-bohnhardt","tag-uwe-mundlos","tag-wohnmobil"],"yoast_head":"<!-- This site is optimized with the Yoast SEO plugin v21.0 - https:\/\/yoast.com\/wordpress\/plugins\/seo\/ -->\n<title>So naiv dachten die Ermittler \u2013 Das Medienlog vom Mittwoch, 4. November 2015 - Das NSU-Prozess-Blog<\/title>\n<meta name=\"robots\" content=\"index, follow, max-snippet:-1, max-image-preview:large, max-video-preview:-1\" \/>\n<link rel=\"canonical\" href=\"https:\/\/blog.zeit.de\/nsu-prozess-blog\/2015\/11\/04\/medienlog-4-november-auffliegen-nsu\/\" \/>\n<meta property=\"og:locale\" content=\"de_DE\" \/>\n<meta property=\"og:type\" content=\"article\" \/>\n<meta property=\"og:title\" content=\"So naiv dachten die Ermittler \u2013 Das Medienlog vom Mittwoch, 4. November 2015 - Das NSU-Prozess-Blog\" \/>\n<meta property=\"og:description\" content=\"Heute vor vier Jahren flog der NSU auf, als sich Uwe Mundlos und Uwe B\u00f6hnhardt nach einem gescheiterten Bank\u00fcberfall in einem Wohnmobil erschossen und Beate Zsch\u00e4pe das Haus des NSU in Zwickau anz\u00fcndete. Doch trotz tiefgehender Ermittlungen sind zu der Terrorzelle, die f\u00fcr zehn Morde verantwortlich sein soll, noch immer etliche Fragen offen. Damit besch\u00e4ftigen [&hellip;]\" \/>\n<meta property=\"og:url\" content=\"https:\/\/blog.zeit.de\/nsu-prozess-blog\/2015\/11\/04\/medienlog-4-november-auffliegen-nsu\/\" \/>\n<meta property=\"og:site_name\" content=\"Das NSU-Prozess-Blog\" \/>\n<meta property=\"article:published_time\" content=\"2015-11-04T08:26:07+00:00\" \/>\n<meta property=\"article:modified_time\" content=\"2015-11-04T09:39:37+00:00\" \/>\n<meta name=\"author\" content=\"Tom Sundermann\" \/>\n<meta name=\"twitter:label1\" content=\"Geschrieben von\" \/>\n\t<meta name=\"twitter:data1\" content=\"Tom Sundermann\" \/>\n\t<meta name=\"twitter:label2\" content=\"Gesch\u00e4tzte Lesezeit\" \/>\n\t<meta name=\"twitter:data2\" content=\"1\u00a0Minute\" \/>\n<script type=\"application\/ld+json\" class=\"yoast-schema-graph\">{\"@context\":\"https:\/\/schema.org\",\"@graph\":[{\"@type\":\"WebPage\",\"@id\":\"https:\/\/blog.zeit.de\/nsu-prozess-blog\/2015\/11\/04\/medienlog-4-november-auffliegen-nsu\/\",\"url\":\"https:\/\/blog.zeit.de\/nsu-prozess-blog\/2015\/11\/04\/medienlog-4-november-auffliegen-nsu\/\",\"name\":\"So naiv dachten die Ermittler \u2013 Das Medienlog vom Mittwoch, 4. November 2015 - Das NSU-Prozess-Blog\",\"isPartOf\":{\"@id\":\"https:\/\/blog.zeit.de\/nsu-prozess-blog\/#website\"},\"datePublished\":\"2015-11-04T08:26:07+00:00\",\"dateModified\":\"2015-11-04T09:39:37+00:00\",\"author\":{\"@id\":\"https:\/\/blog.zeit.de\/nsu-prozess-blog\/#\/schema\/person\/553ea9bb5d1fc2ae054c589bd59380a5\"},\"breadcrumb\":{\"@id\":\"https:\/\/blog.zeit.de\/nsu-prozess-blog\/2015\/11\/04\/medienlog-4-november-auffliegen-nsu\/#breadcrumb\"},\"inLanguage\":\"de\",\"potentialAction\":[{\"@type\":\"ReadAction\",\"target\":[\"https:\/\/blog.zeit.de\/nsu-prozess-blog\/2015\/11\/04\/medienlog-4-november-auffliegen-nsu\/\"]}]},{\"@type\":\"BreadcrumbList\",\"@id\":\"https:\/\/blog.zeit.de\/nsu-prozess-blog\/2015\/11\/04\/medienlog-4-november-auffliegen-nsu\/#breadcrumb\",\"itemListElement\":[{\"@type\":\"ListItem\",\"position\":1,\"name\":\"Startseite\",\"item\":\"https:\/\/blog.zeit.de\/nsu-prozess-blog\/\"},{\"@type\":\"ListItem\",\"position\":2,\"name\":\"So naiv dachten die Ermittler \u2013 Das Medienlog vom Mittwoch, 4. November 2015\"}]},{\"@type\":\"WebSite\",\"@id\":\"https:\/\/blog.zeit.de\/nsu-prozess-blog\/#website\",\"url\":\"https:\/\/blog.zeit.de\/nsu-prozess-blog\/\",\"name\":\"Das NSU-Prozess-Blog\",\"description\":\"Alle Berichte zum Terrorverfahren in M\u00fcnchen\",\"potentialAction\":[{\"@type\":\"SearchAction\",\"target\":{\"@type\":\"EntryPoint\",\"urlTemplate\":\"https:\/\/blog.zeit.de\/nsu-prozess-blog\/?s={search_term_string}\"},\"query-input\":\"required name=search_term_string\"}],\"inLanguage\":\"de\"},{\"@type\":\"Person\",\"@id\":\"https:\/\/blog.zeit.de\/nsu-prozess-blog\/#\/schema\/person\/553ea9bb5d1fc2ae054c589bd59380a5\",\"name\":\"Tom Sundermann\",\"image\":{\"@type\":\"ImageObject\",\"inLanguage\":\"de\",\"@id\":\"https:\/\/blog.zeit.de\/nsu-prozess-blog\/#\/schema\/person\/image\/\",\"url\":\"https:\/\/secure.gravatar.com\/avatar\/e108a3dc18766f719b2f797dc5d19093f06a1870c55b553ab6b7563f1f9a5e68?s=96&d=mm&r=g\",\"contentUrl\":\"https:\/\/secure.gravatar.com\/avatar\/e108a3dc18766f719b2f797dc5d19093f06a1870c55b553ab6b7563f1f9a5e68?s=96&d=mm&r=g\",\"caption\":\"Tom Sundermann\"},\"sameAs\":[\"https:\/\/twitter.com\/messeticker\"],\"url\":\"https:\/\/blog.zeit.de\/nsu-prozess-blog\/author\/tsundermann\/\"}]}<\/script>\n<!-- \/ Yoast SEO plugin. -->","yoast_head_json":{"title":"So naiv dachten die Ermittler \u2013 Das Medienlog vom Mittwoch, 4. November 2015 - Das NSU-Prozess-Blog","robots":{"index":"index","follow":"follow","max-snippet":"max-snippet:-1","max-image-preview":"max-image-preview:large","max-video-preview":"max-video-preview:-1"},"canonical":"https:\/\/blog.zeit.de\/nsu-prozess-blog\/2015\/11\/04\/medienlog-4-november-auffliegen-nsu\/","og_locale":"de_DE","og_type":"article","og_title":"So naiv dachten die Ermittler \u2013 Das Medienlog vom Mittwoch, 4. November 2015 - Das NSU-Prozess-Blog","og_description":"Heute vor vier Jahren flog der NSU auf, als sich Uwe Mundlos und Uwe B\u00f6hnhardt nach einem gescheiterten Bank\u00fcberfall in einem Wohnmobil erschossen und Beate Zsch\u00e4pe das Haus des NSU in Zwickau anz\u00fcndete. Doch trotz tiefgehender Ermittlungen sind zu der Terrorzelle, die f\u00fcr zehn Morde verantwortlich sein soll, noch immer etliche Fragen offen. Damit besch\u00e4ftigen [&hellip;]","og_url":"https:\/\/blog.zeit.de\/nsu-prozess-blog\/2015\/11\/04\/medienlog-4-november-auffliegen-nsu\/","og_site_name":"Das NSU-Prozess-Blog","article_published_time":"2015-11-04T08:26:07+00:00","article_modified_time":"2015-11-04T09:39:37+00:00","author":"Tom Sundermann","twitter_misc":{"Geschrieben von":"Tom Sundermann","Gesch\u00e4tzte Lesezeit":"1\u00a0Minute"},"schema":{"@context":"https:\/\/schema.org","@graph":[{"@type":"WebPage","@id":"https:\/\/blog.zeit.de\/nsu-prozess-blog\/2015\/11\/04\/medienlog-4-november-auffliegen-nsu\/","url":"https:\/\/blog.zeit.de\/nsu-prozess-blog\/2015\/11\/04\/medienlog-4-november-auffliegen-nsu\/","name":"So naiv dachten die Ermittler \u2013 Das Medienlog vom Mittwoch, 4. November 2015 - Das NSU-Prozess-Blog","isPartOf":{"@id":"https:\/\/blog.zeit.de\/nsu-prozess-blog\/#website"},"datePublished":"2015-11-04T08:26:07+00:00","dateModified":"2015-11-04T09:39:37+00:00","author":{"@id":"https:\/\/blog.zeit.de\/nsu-prozess-blog\/#\/schema\/person\/553ea9bb5d1fc2ae054c589bd59380a5"},"breadcrumb":{"@id":"https:\/\/blog.zeit.de\/nsu-prozess-blog\/2015\/11\/04\/medienlog-4-november-auffliegen-nsu\/#breadcrumb"},"inLanguage":"de","potentialAction":[{"@type":"ReadAction","target":["https:\/\/blog.zeit.de\/nsu-prozess-blog\/2015\/11\/04\/medienlog-4-november-auffliegen-nsu\/"]}]},{"@type":"BreadcrumbList","@id":"https:\/\/blog.zeit.de\/nsu-prozess-blog\/2015\/11\/04\/medienlog-4-november-auffliegen-nsu\/#breadcrumb","itemListElement":[{"@type":"ListItem","position":1,"name":"Startseite","item":"https:\/\/blog.zeit.de\/nsu-prozess-blog\/"},{"@type":"ListItem","position":2,"name":"So naiv dachten die Ermittler \u2013 Das Medienlog vom Mittwoch, 4. November 2015"}]},{"@type":"WebSite","@id":"https:\/\/blog.zeit.de\/nsu-prozess-blog\/#website","url":"https:\/\/blog.zeit.de\/nsu-prozess-blog\/","name":"Das NSU-Prozess-Blog","description":"Alle Berichte zum Terrorverfahren in M\u00fcnchen","potentialAction":[{"@type":"SearchAction","target":{"@type":"EntryPoint","urlTemplate":"https:\/\/blog.zeit.de\/nsu-prozess-blog\/?s={search_term_string}"},"query-input":"required name=search_term_string"}],"inLanguage":"de"},{"@type":"Person","@id":"https:\/\/blog.zeit.de\/nsu-prozess-blog\/#\/schema\/person\/553ea9bb5d1fc2ae054c589bd59380a5","name":"Tom Sundermann","image":{"@type":"ImageObject","inLanguage":"de","@id":"https:\/\/blog.zeit.de\/nsu-prozess-blog\/#\/schema\/person\/image\/","url":"https:\/\/secure.gravatar.com\/avatar\/e108a3dc18766f719b2f797dc5d19093f06a1870c55b553ab6b7563f1f9a5e68?s=96&d=mm&r=g","contentUrl":"https:\/\/secure.gravatar.com\/avatar\/e108a3dc18766f719b2f797dc5d19093f06a1870c55b553ab6b7563f1f9a5e68?s=96&d=mm&r=g","caption":"Tom Sundermann"},"sameAs":["https:\/\/twitter.com\/messeticker"],"url":"https:\/\/blog.zeit.de\/nsu-prozess-blog\/author\/tsundermann\/"}]}},"jetpack_featured_media_url":"","jetpack_sharing_enabled":true,"_links":{"self":[{"href":"https:\/\/blog.zeit.de\/nsu-prozess-blog\/wp-json\/wp\/v2\/posts\/10237","targetHints":{"allow":["GET"]}}],"collection":[{"href":"https:\/\/blog.zeit.de\/nsu-prozess-blog\/wp-json\/wp\/v2\/posts"}],"about":[{"href":"https:\/\/blog.zeit.de\/nsu-prozess-blog\/wp-json\/wp\/v2\/types\/post"}],"author":[{"embeddable":true,"href":"https:\/\/blog.zeit.de\/nsu-prozess-blog\/wp-json\/wp\/v2\/users\/435"}],"replies":[{"embeddable":true,"href":"https:\/\/blog.zeit.de\/nsu-prozess-blog\/wp-json\/wp\/v2\/comments?post=10237"}],"version-history":[{"count":3,"href":"https:\/\/blog.zeit.de\/nsu-prozess-blog\/wp-json\/wp\/v2\/posts\/10237\/revisions"}],"predecessor-version":[{"id":10242,"href":"https:\/\/blog.zeit.de\/nsu-prozess-blog\/wp-json\/wp\/v2\/posts\/10237\/revisions\/10242"}],"wp:attachment":[{"href":"https:\/\/blog.zeit.de\/nsu-prozess-blog\/wp-json\/wp\/v2\/media?parent=10237"}],"wp:term":[{"taxonomy":"category","embeddable":true,"href":"https:\/\/blog.zeit.de\/nsu-prozess-blog\/wp-json\/wp\/v2\/categories?post=10237"},{"taxonomy":"post_tag","embeddable":true,"href":"https:\/\/blog.zeit.de\/nsu-prozess-blog\/wp-json\/wp\/v2\/tags?post=10237"}],"curies":[{"name":"wp","href":"https:\/\/api.w.org\/{rel}","templated":true}]}}