{"id":10281,"date":"2015-11-10T08:12:08","date_gmt":"2015-11-10T07:12:08","guid":{"rendered":"http:\/\/blog.zeit.de\/nsu-prozess-blog\/?p=10281"},"modified":"2015-11-10T08:30:54","modified_gmt":"2015-11-10T07:30:54","slug":"medienlog-nsu-zschaepe-aussage-geplant","status":"publish","type":"post","link":"https:\/\/blog.zeit.de\/nsu-prozess-blog\/2015\/11\/10\/medienlog-nsu-zschaepe-aussage-geplant\/","title":{"rendered":"Zsch\u00e4pe k\u00f6nnte sich mit ihrer Aussage schaden \u2013 Das Medienlog vom Dienstag, 10. November 2015"},"content":{"rendered":"<p>Zwei S\u00e4tze von Beate Zsch\u00e4pe gewinnen schlagartig an Bedeutung: <a href=\"http:\/\/www.zeit.de\/politik\/deutschland\/2013-07\/nsu-prozess-zschaepe-gespraeche\">&#8222;Ich habe mich nicht gestellt, um nicht auszusagen.&#8220;<\/a> Und: <a href=\"https:\/\/blog.zeit.de\/nsu-prozess-blog\/2015\/06\/22\/zschaepe-spielt-auf-risiko\/\">&#8222;Da ich mich durchaus mit dem Gedanken besch\u00e4ftige, etwas auszusagen (&#8230;).&#8220;<\/a> Am Montag wurde durch einen <a href=\"http:\/\/www.spiegel.de\/panorama\/justiz\/beate-zschaepe-angeklagte-will-schweigen-im-nsu-prozess-brechen-a-1058983.html\" target=\"_blank\"><em>Spiegel-Online<\/em><\/a>-Bericht der Autorin Wiebke Ramm bekannt, dass die Hauptangeklagte sich <a href=\"http:\/\/www.zeit.de\/gesellschaft\/zeitgeschehen\/2015-11\/nsu-prozess-beate-zschaepe-gestaendnis\">morgen \u00e4u\u00dfern will<\/a> \u2013 jedenfalls durch eine Erkl\u00e4rung, die ihr <a href=\"https:\/\/blog.zeit.de\/nsu-prozess-blog\/2015\/07\/21\/zschaepes-letzter-mann\/\">Anwalt Mathias Grasel<\/a> verlesen soll. Dadurch steht der NSU-Prozess vor dem Umbruch \u2013 mit v\u00f6llig ungewissen Folgen f\u00fcr Zsch\u00e4pe.<\/p>\n<p><!--more--><\/p>\n<p><em>An jedem Werktag sichten wir f\u00fcr das NSU-Prozess-Blog die Medien und stellen wichtige Berichte, Blogs, Videos und Tweets zusammen. Wir freuen uns \u00fcber Hinweise via Twitter mit dem Hashtag #nsublog \u2013 oder per E-Mail an <a href=\"mailto:nsublog@zeit.de\">nsublog@zeit.de<\/a>.<\/em><\/p>\n<p>An einen Freispruch, schreibt Ramm, glaube Zsch\u00e4pe wohl selbst nicht mehr. Doch wolle sie mit &#8222;einem glaubw\u00fcrdigen und umfassenden, vielleicht sogar von Reue getragenen Gest\u00e4ndnis&#8220; vielleicht die zu einer m\u00f6glichen lebenslangen Gef\u00e4ngnisstrafe hinzukommende Sicherungsverwahrung abwehren.<\/p>\n<p>Einige Aspekte ihrer geplanten Aussage sollen kontr\u00e4r zu den bisherigen Erkenntnissen sein. &#8222;Das d\u00fcrfte eine Menge Verwirrung stiften und nicht zuletzt den Prozess vielleicht noch mehr in die L\u00e4nge ziehen, wenn neue Ermittlungsans\u00e4tze auftauchen&#8220;, schreibt Hannelore Crolly in der <a href=\"http:\/\/www.welt.de\/politik\/deutschland\/article148635252\/Was-Beate-Zschaepe-mit-ihrer-Aussage-wirklich-bezwecken-will.html\" target=\"_blank\"><em>Welt<\/em><\/a>.<\/p>\n<p>Wie aber w\u00e4ren die Konsequenzen f\u00fcr Zsch\u00e4pe selbst? F\u00fcr ihre Aussage ist lediglich ein Tag angesetzt \u2013 was daf\u00fcr spricht, dass sich Zsch\u00e4pe nur zu ausgew\u00e4hlten Aspekten \u00e4u\u00dfern und keine R\u00fcckfragen beantworten will. Mit einem solchen Verhalten verliert ein Angeklagter jedoch m\u00f6glicherweise &#8222;das Privileg, dass sein Schweigen zu anderen Punkten nicht zu seinen Lasten gewertet werden darf&#8220;, analysiert Helene Bubrowski in der <a href=\"http:\/\/www.faz.net\/aktuell\/politik\/nsu-prozess\/nsu-prozess-redebedarf-nach-mehr-als-zwei-jahren-13903045.html\" target=\"_blank\"><em>FAZ<\/em><\/a>. Juristen sprechen dann von Teilschweigen \u2013 eine halbe Einlassung, die dem Mitangeklagten <a href=\"https:\/\/blog.zeit.de\/nsu-prozess-blog\/2014\/08\/06\/zschaepe-steuert-auf-lebenslang-zu\/\">Holger G. bereits zum Verh\u00e4ngnis zu werden droht<\/a>. Das hei\u00dft: Zsch\u00e4pe k\u00f6nnte nach der Aussage sogar noch schlechter dastehen als zuvor.<\/p>\n<blockquote class=\"twitter-tweet\" lang=\"de\">\n<p dir=\"ltr\" lang=\"de\">Die Nachricht des Tages! <a href=\"https:\/\/twitter.com\/hashtag\/Zschaepe?src=hash\">#Zschaepe<\/a> <a href=\"https:\/\/t.co\/vdAHJmEX1q\">pic.twitter.com\/vdAHJmEX1q<\/a><\/p>\n<p>\u2014 extra3 (@extra3) <a href=\"https:\/\/twitter.com\/extra3\/status\/663743425066442753\">9. November 2015<\/a><\/p><\/blockquote>\n<p><script src=\"\/\/platform.twitter.com\/widgets.js\" async=\"\" charset=\"utf-8\"><\/script><\/p>\n<p>Ein zentraler Aspekt der Aussage k\u00f6nnte auch die <a href=\"http:\/\/www.zeit.de\/gesellschaft\/zeitgeschehen\/2013-07\/nsu-zschaepe-brandstiftung\">Brandstiftung in der Zwickauer Fr\u00fchlingsstra\u00dfe<\/a> sein, dem letzten Versteck des NSU, wie <em>Welt<\/em>-Autorin Crolly schreibt. Diese wird Zsch\u00e4pe als versuchter Mord angelastet. Zudem k\u00f6nnte Zsch\u00e4pe <a href=\"https:\/\/blog.zeit.de\/nsu-prozess-blog\/die-helfer\/\">Unterst\u00fctzer des NSU<\/a> benennen. &#8222;Damit w\u00fcrden die Ermittler und die Bundesanwaltschaft blamiert.&#8220; Denn die Anklage geht bislang weitgehend davon aus, dass der NSU als isoliertes Trio handelte. Als weniger drastisch wertet die Autorin die Folgen f\u00fcr Zsch\u00e4pe selbst: F\u00fcr sie werde es &#8222;wohl zu sp\u00e4t sein, um das Ruder noch einmal ma\u00dfgeblich herumzurei\u00dfen&#8220;.<\/p>\n<p>Tats\u00e4chlich scheine es, als ob ihr neuer Anwalt lediglich &#8222;eine halbherzige Abkehr der bisherigen Strategie beabsichtigt&#8220;, kommentiert Christian Gottschalk in der <a href=\"http:\/\/www.stuttgarter-zeitung.de\/inhalt.kommentar-zum-nsu-prozess-halbherziger-strategiewechsel.a5fca547-7b83-45bc-8b4e-07ee892bb118.html\" target=\"_blank\"><em>Stuttgarter Zeitung<\/em><\/a>. Diese Strategie bedeutete bislang, eisern zu schweigen. Nun komme der Verdacht auf, dass sich die Angeklagte &#8222;selbst als Hauptdarstellerin begreift, die bestimmen m\u00f6chte, wo es lang geht&#8220;. Schlie\u00dflich k\u00f6nnten 14 Jahre im Untergrund kaum &#8222;durch den Monolog eines Anwalts ausgeleuchtet werden&#8220;, schreibt Mirko Weber <a href=\"http:\/\/www.stuttgarter-zeitung.de\/inhalt.nsu-prozess-zschaepe-kuendigt-eine-aussage-an.f5764c4f-b005-45ee-a74c-ab6eceb550ec.html\" target=\"_blank\">in derselben Zeitung<\/a>.<\/p>\n<p>\u00c4hnlich sieht es Holger Schmidt vom SWR, der den Fall f\u00fcr <a href=\"https:\/\/www.tagesschau.de\/inland\/nsu-zschaepe-107.html\" target=\"_blank\">die Tagesschau kommentiert<\/a>: &#8222;Eine Lebensbeichte scheint ebenso ausgeschlossen wie eine Entschuldigung.&#8220; Eher sei zu erwarten, dass sich Zsch\u00e4pe als Opfer darstelle und versuche, &#8222;um die eigentlichen Morde herumzureden und ihre Rolle klein zu machen&#8220;.<\/p>\n<p>Der genaue Inhalt bleibt vermutlich bis zur Verlesung geheim. Wenn eine Strafmilderung m\u00f6glich ist, k\u00f6nne die Angeklagte wom\u00f6glich auch &#8222;Auskunft \u00fcber eine Verstrickung in Nachrichtendienste geben&#8220;, wie der Nebenklageanwalt Yavuz Narin im Interview mit der <a href=\"http:\/\/www.sueddeutsche.de\/news\/panorama\/prozesse-dpa-interviewzschaepe-will-noch-einmal-in-freiheit-kommen-dpa.urn-newsml-dpa-com-20090101-151109-99-10513\">Nachrichtenagentur dpa sagt<\/a>. Er gehe davon aus, &#8222;dass sie sehr viel wei\u00df, auch \u00fcber die Mordpl\u00e4ne&#8220;.<\/p>\n<blockquote class=\"twitter-tweet\" lang=\"de\"><p>\nEs wird Zeit, dass <a href=\"https:\/\/twitter.com\/hashtag\/Zsch%C3%A4pe?src=hash\">#Zsch\u00e4pe<\/a> die Mauer des Schweigens durchbricht. Zu viel ist noch ungekl\u00e4rt &#8211; vor allem auch beim Staatsversagen! <a href=\"https:\/\/twitter.com\/hashtag\/NSU?src=hash\">#NSU<\/a><\/p>\n<p>\u2014 Cem \u00d6zdemir (@cem_oezdemir) <a href=\"https:\/\/twitter.com\/cem_oezdemir\/status\/663723115734818816\">9. November 2015<\/a>\n<\/p><\/blockquote>\n<p><script src=\"\/\/platform.twitter.com\/widgets.js\" async=\"\" charset=\"utf-8\"><\/script><\/p>\n<p>Auch andere Anw\u00e4lte der Nebenklage \u00e4u\u00dferten sich am Montag zu Zsch\u00e4pes Pl\u00e4nen. Sie vermuten, dass die Hauptangeklagte aus der Gewissheit handelt, beim Urteil nichts mehr zu verlieren zu haben. &#8222;Egal was Zsch\u00e4pe jetzt macht, eine h\u00f6here Strafe kann sie nicht erhalten&#8220;, sagt etwa der Opfervertreter Alexander Hoffmann in einem Artikel auf <a href=\"http:\/\/www.spiegel.de\/panorama\/justiz\/beate-zschaepe-was-von-ihrer-aussage-im-nsu-prozess-zu-erwarten-ist-a-1061943.html\" target=\"_blank\"><em>Spiegel Online<\/em><\/a>.<\/p>\n<p>Kollege Stephan Kuhn sagt: &#8222;Ich glaube nicht, dass Frau Zsch\u00e4pes Erkl\u00e4rung wirklich Licht ins Dunkel bringen wird.&#8220; Zsch\u00e4pes eigene alte Anw\u00e4lte Wolfgang Heer, Wolfgang Stahl und Anja Sturm erfuhren \u00fcbrigens auch erst aus den Medien von Zsch\u00e4pes Aussagebereitschaft. Sie selbst hat die Einlassung offenbar ausschlie\u00dflich mit ihrem neuen Verteidiger Grasel und dessen Kanzleikollegen Hermann Borchert vorbereitet. Die Richter sollen hingegen seit L\u00e4ngerem eingeweiht sein.<\/p>\n<p><em>Das n\u00e4chste Medienlog erscheint am Mittwoch, 11. November 2015.<\/em><\/p>\n<p><em>ZEIT ONLINE\u00a0 fasst den Prozesstag am Abend auf diesem Blog zusammen. Informationen aus der Verhandlung gibt es <a href=\"https:\/\/twitter.com\/zeitonline\/lists\/nsu-prozess\">via Twitter hier<\/a>. Weitere Berichte stellen wir morgen im <a href=\"https:\/\/blog.zeit.de\/nsu-prozess-blog\/category\/medienschau\/\">NSU-Medienlog<\/a> zusammen.<\/em><\/p>\n<p><em><strong>Folgen Sie f\u00fcr aktuelle Meldungen aus dem NSU-Prozess dem Twitter-Account des Autors unter <a href=\"https:\/\/twitter.com\/messeticker\" target=\"_blank\">@messeticker<\/a>.<\/strong><\/em><\/p>\n","protected":false},"excerpt":{"rendered":"<p>Zwei S\u00e4tze von Beate Zsch\u00e4pe gewinnen schlagartig an Bedeutung: &#8222;Ich habe mich nicht gestellt, um nicht auszusagen.&#8220; Und: &#8222;Da ich mich durchaus mit dem Gedanken besch\u00e4ftige, etwas auszusagen (&#8230;).&#8220; Am Montag wurde durch einen Spiegel-Online-Bericht der Autorin Wiebke Ramm bekannt, dass die Hauptangeklagte sich morgen \u00e4u\u00dfern will \u2013 jedenfalls durch eine Erkl\u00e4rung, die ihr Anwalt [&hellip;]<\/p>\n","protected":false},"author":435,"featured_media":0,"comment_status":"open","ping_status":"open","sticky":false,"template":"","format":"standard","meta":{"_jetpack_memberships_contains_paid_content":false,"footnotes":""},"categories":[27531],"tags":[29424,35361,17793,35363,35391],"class_list":["post-10281","post","type-post","status-publish","format-standard","hentry","category-medienschau","tag-anwalte","tag-aussage","tag-beate-zschape","tag-mathias-grasel","tag-zschape-aussage"],"yoast_head":"<!-- This site is optimized with the Yoast SEO plugin v21.0 - https:\/\/yoast.com\/wordpress\/plugins\/seo\/ -->\n<title>Zsch\u00e4pe k\u00f6nnte sich mit ihrer Aussage schaden \u2013 Das Medienlog vom Dienstag, 10. November 2015 - Das NSU-Prozess-Blog<\/title>\n<meta name=\"robots\" content=\"index, follow, max-snippet:-1, max-image-preview:large, max-video-preview:-1\" \/>\n<link rel=\"canonical\" href=\"https:\/\/blog.zeit.de\/nsu-prozess-blog\/2015\/11\/10\/medienlog-nsu-zschaepe-aussage-geplant\/\" \/>\n<meta property=\"og:locale\" content=\"de_DE\" \/>\n<meta property=\"og:type\" content=\"article\" \/>\n<meta property=\"og:title\" content=\"Zsch\u00e4pe k\u00f6nnte sich mit ihrer Aussage schaden \u2013 Das Medienlog vom Dienstag, 10. November 2015 - Das NSU-Prozess-Blog\" \/>\n<meta property=\"og:description\" content=\"Zwei S\u00e4tze von Beate Zsch\u00e4pe gewinnen schlagartig an Bedeutung: &#8222;Ich habe mich nicht gestellt, um nicht auszusagen.&#8220; Und: &#8222;Da ich mich durchaus mit dem Gedanken besch\u00e4ftige, etwas auszusagen (&#8230;).&#8220; Am Montag wurde durch einen Spiegel-Online-Bericht der Autorin Wiebke Ramm bekannt, dass die Hauptangeklagte sich morgen \u00e4u\u00dfern will \u2013 jedenfalls durch eine Erkl\u00e4rung, die ihr Anwalt [&hellip;]\" \/>\n<meta property=\"og:url\" content=\"https:\/\/blog.zeit.de\/nsu-prozess-blog\/2015\/11\/10\/medienlog-nsu-zschaepe-aussage-geplant\/\" \/>\n<meta property=\"og:site_name\" content=\"Das NSU-Prozess-Blog\" \/>\n<meta property=\"article:published_time\" content=\"2015-11-10T07:12:08+00:00\" \/>\n<meta property=\"article:modified_time\" content=\"2015-11-10T07:30:54+00:00\" \/>\n<meta name=\"author\" content=\"Tom Sundermann\" \/>\n<meta name=\"twitter:label1\" content=\"Geschrieben von\" \/>\n\t<meta name=\"twitter:data1\" content=\"Tom Sundermann\" \/>\n\t<meta name=\"twitter:label2\" content=\"Gesch\u00e4tzte Lesezeit\" \/>\n\t<meta name=\"twitter:data2\" content=\"4\u00a0Minuten\" \/>\n<script type=\"application\/ld+json\" class=\"yoast-schema-graph\">{\"@context\":\"https:\/\/schema.org\",\"@graph\":[{\"@type\":\"WebPage\",\"@id\":\"https:\/\/blog.zeit.de\/nsu-prozess-blog\/2015\/11\/10\/medienlog-nsu-zschaepe-aussage-geplant\/\",\"url\":\"https:\/\/blog.zeit.de\/nsu-prozess-blog\/2015\/11\/10\/medienlog-nsu-zschaepe-aussage-geplant\/\",\"name\":\"Zsch\u00e4pe k\u00f6nnte sich mit ihrer Aussage schaden \u2013 Das Medienlog vom Dienstag, 10. November 2015 - Das NSU-Prozess-Blog\",\"isPartOf\":{\"@id\":\"https:\/\/blog.zeit.de\/nsu-prozess-blog\/#website\"},\"datePublished\":\"2015-11-10T07:12:08+00:00\",\"dateModified\":\"2015-11-10T07:30:54+00:00\",\"author\":{\"@id\":\"https:\/\/blog.zeit.de\/nsu-prozess-blog\/#\/schema\/person\/553ea9bb5d1fc2ae054c589bd59380a5\"},\"breadcrumb\":{\"@id\":\"https:\/\/blog.zeit.de\/nsu-prozess-blog\/2015\/11\/10\/medienlog-nsu-zschaepe-aussage-geplant\/#breadcrumb\"},\"inLanguage\":\"de\",\"potentialAction\":[{\"@type\":\"ReadAction\",\"target\":[\"https:\/\/blog.zeit.de\/nsu-prozess-blog\/2015\/11\/10\/medienlog-nsu-zschaepe-aussage-geplant\/\"]}]},{\"@type\":\"BreadcrumbList\",\"@id\":\"https:\/\/blog.zeit.de\/nsu-prozess-blog\/2015\/11\/10\/medienlog-nsu-zschaepe-aussage-geplant\/#breadcrumb\",\"itemListElement\":[{\"@type\":\"ListItem\",\"position\":1,\"name\":\"Startseite\",\"item\":\"https:\/\/blog.zeit.de\/nsu-prozess-blog\/\"},{\"@type\":\"ListItem\",\"position\":2,\"name\":\"Zsch\u00e4pe k\u00f6nnte sich mit ihrer Aussage schaden \u2013 Das Medienlog vom Dienstag, 10. November 2015\"}]},{\"@type\":\"WebSite\",\"@id\":\"https:\/\/blog.zeit.de\/nsu-prozess-blog\/#website\",\"url\":\"https:\/\/blog.zeit.de\/nsu-prozess-blog\/\",\"name\":\"Das NSU-Prozess-Blog\",\"description\":\"Alle Berichte zum Terrorverfahren in M\u00fcnchen\",\"potentialAction\":[{\"@type\":\"SearchAction\",\"target\":{\"@type\":\"EntryPoint\",\"urlTemplate\":\"https:\/\/blog.zeit.de\/nsu-prozess-blog\/?s={search_term_string}\"},\"query-input\":\"required name=search_term_string\"}],\"inLanguage\":\"de\"},{\"@type\":\"Person\",\"@id\":\"https:\/\/blog.zeit.de\/nsu-prozess-blog\/#\/schema\/person\/553ea9bb5d1fc2ae054c589bd59380a5\",\"name\":\"Tom Sundermann\",\"image\":{\"@type\":\"ImageObject\",\"inLanguage\":\"de\",\"@id\":\"https:\/\/blog.zeit.de\/nsu-prozess-blog\/#\/schema\/person\/image\/\",\"url\":\"https:\/\/secure.gravatar.com\/avatar\/e108a3dc18766f719b2f797dc5d19093f06a1870c55b553ab6b7563f1f9a5e68?s=96&d=mm&r=g\",\"contentUrl\":\"https:\/\/secure.gravatar.com\/avatar\/e108a3dc18766f719b2f797dc5d19093f06a1870c55b553ab6b7563f1f9a5e68?s=96&d=mm&r=g\",\"caption\":\"Tom Sundermann\"},\"sameAs\":[\"https:\/\/twitter.com\/messeticker\"],\"url\":\"https:\/\/blog.zeit.de\/nsu-prozess-blog\/author\/tsundermann\/\"}]}<\/script>\n<!-- \/ Yoast SEO plugin. -->","yoast_head_json":{"title":"Zsch\u00e4pe k\u00f6nnte sich mit ihrer Aussage schaden \u2013 Das Medienlog vom Dienstag, 10. November 2015 - Das NSU-Prozess-Blog","robots":{"index":"index","follow":"follow","max-snippet":"max-snippet:-1","max-image-preview":"max-image-preview:large","max-video-preview":"max-video-preview:-1"},"canonical":"https:\/\/blog.zeit.de\/nsu-prozess-blog\/2015\/11\/10\/medienlog-nsu-zschaepe-aussage-geplant\/","og_locale":"de_DE","og_type":"article","og_title":"Zsch\u00e4pe k\u00f6nnte sich mit ihrer Aussage schaden \u2013 Das Medienlog vom Dienstag, 10. November 2015 - Das NSU-Prozess-Blog","og_description":"Zwei S\u00e4tze von Beate Zsch\u00e4pe gewinnen schlagartig an Bedeutung: &#8222;Ich habe mich nicht gestellt, um nicht auszusagen.&#8220; Und: &#8222;Da ich mich durchaus mit dem Gedanken besch\u00e4ftige, etwas auszusagen (&#8230;).&#8220; Am Montag wurde durch einen Spiegel-Online-Bericht der Autorin Wiebke Ramm bekannt, dass die Hauptangeklagte sich morgen \u00e4u\u00dfern will \u2013 jedenfalls durch eine Erkl\u00e4rung, die ihr Anwalt [&hellip;]","og_url":"https:\/\/blog.zeit.de\/nsu-prozess-blog\/2015\/11\/10\/medienlog-nsu-zschaepe-aussage-geplant\/","og_site_name":"Das NSU-Prozess-Blog","article_published_time":"2015-11-10T07:12:08+00:00","article_modified_time":"2015-11-10T07:30:54+00:00","author":"Tom Sundermann","twitter_misc":{"Geschrieben von":"Tom Sundermann","Gesch\u00e4tzte Lesezeit":"4\u00a0Minuten"},"schema":{"@context":"https:\/\/schema.org","@graph":[{"@type":"WebPage","@id":"https:\/\/blog.zeit.de\/nsu-prozess-blog\/2015\/11\/10\/medienlog-nsu-zschaepe-aussage-geplant\/","url":"https:\/\/blog.zeit.de\/nsu-prozess-blog\/2015\/11\/10\/medienlog-nsu-zschaepe-aussage-geplant\/","name":"Zsch\u00e4pe k\u00f6nnte sich mit ihrer Aussage schaden \u2013 Das Medienlog vom Dienstag, 10. November 2015 - Das NSU-Prozess-Blog","isPartOf":{"@id":"https:\/\/blog.zeit.de\/nsu-prozess-blog\/#website"},"datePublished":"2015-11-10T07:12:08+00:00","dateModified":"2015-11-10T07:30:54+00:00","author":{"@id":"https:\/\/blog.zeit.de\/nsu-prozess-blog\/#\/schema\/person\/553ea9bb5d1fc2ae054c589bd59380a5"},"breadcrumb":{"@id":"https:\/\/blog.zeit.de\/nsu-prozess-blog\/2015\/11\/10\/medienlog-nsu-zschaepe-aussage-geplant\/#breadcrumb"},"inLanguage":"de","potentialAction":[{"@type":"ReadAction","target":["https:\/\/blog.zeit.de\/nsu-prozess-blog\/2015\/11\/10\/medienlog-nsu-zschaepe-aussage-geplant\/"]}]},{"@type":"BreadcrumbList","@id":"https:\/\/blog.zeit.de\/nsu-prozess-blog\/2015\/11\/10\/medienlog-nsu-zschaepe-aussage-geplant\/#breadcrumb","itemListElement":[{"@type":"ListItem","position":1,"name":"Startseite","item":"https:\/\/blog.zeit.de\/nsu-prozess-blog\/"},{"@type":"ListItem","position":2,"name":"Zsch\u00e4pe k\u00f6nnte sich mit ihrer Aussage schaden \u2013 Das Medienlog vom Dienstag, 10. November 2015"}]},{"@type":"WebSite","@id":"https:\/\/blog.zeit.de\/nsu-prozess-blog\/#website","url":"https:\/\/blog.zeit.de\/nsu-prozess-blog\/","name":"Das NSU-Prozess-Blog","description":"Alle Berichte zum Terrorverfahren in M\u00fcnchen","potentialAction":[{"@type":"SearchAction","target":{"@type":"EntryPoint","urlTemplate":"https:\/\/blog.zeit.de\/nsu-prozess-blog\/?s={search_term_string}"},"query-input":"required name=search_term_string"}],"inLanguage":"de"},{"@type":"Person","@id":"https:\/\/blog.zeit.de\/nsu-prozess-blog\/#\/schema\/person\/553ea9bb5d1fc2ae054c589bd59380a5","name":"Tom Sundermann","image":{"@type":"ImageObject","inLanguage":"de","@id":"https:\/\/blog.zeit.de\/nsu-prozess-blog\/#\/schema\/person\/image\/","url":"https:\/\/secure.gravatar.com\/avatar\/e108a3dc18766f719b2f797dc5d19093f06a1870c55b553ab6b7563f1f9a5e68?s=96&d=mm&r=g","contentUrl":"https:\/\/secure.gravatar.com\/avatar\/e108a3dc18766f719b2f797dc5d19093f06a1870c55b553ab6b7563f1f9a5e68?s=96&d=mm&r=g","caption":"Tom Sundermann"},"sameAs":["https:\/\/twitter.com\/messeticker"],"url":"https:\/\/blog.zeit.de\/nsu-prozess-blog\/author\/tsundermann\/"}]}},"jetpack_featured_media_url":"","jetpack_sharing_enabled":true,"_links":{"self":[{"href":"https:\/\/blog.zeit.de\/nsu-prozess-blog\/wp-json\/wp\/v2\/posts\/10281","targetHints":{"allow":["GET"]}}],"collection":[{"href":"https:\/\/blog.zeit.de\/nsu-prozess-blog\/wp-json\/wp\/v2\/posts"}],"about":[{"href":"https:\/\/blog.zeit.de\/nsu-prozess-blog\/wp-json\/wp\/v2\/types\/post"}],"author":[{"embeddable":true,"href":"https:\/\/blog.zeit.de\/nsu-prozess-blog\/wp-json\/wp\/v2\/users\/435"}],"replies":[{"embeddable":true,"href":"https:\/\/blog.zeit.de\/nsu-prozess-blog\/wp-json\/wp\/v2\/comments?post=10281"}],"version-history":[{"count":13,"href":"https:\/\/blog.zeit.de\/nsu-prozess-blog\/wp-json\/wp\/v2\/posts\/10281\/revisions"}],"predecessor-version":[{"id":10294,"href":"https:\/\/blog.zeit.de\/nsu-prozess-blog\/wp-json\/wp\/v2\/posts\/10281\/revisions\/10294"}],"wp:attachment":[{"href":"https:\/\/blog.zeit.de\/nsu-prozess-blog\/wp-json\/wp\/v2\/media?parent=10281"}],"wp:term":[{"taxonomy":"category","embeddable":true,"href":"https:\/\/blog.zeit.de\/nsu-prozess-blog\/wp-json\/wp\/v2\/categories?post=10281"},{"taxonomy":"post_tag","embeddable":true,"href":"https:\/\/blog.zeit.de\/nsu-prozess-blog\/wp-json\/wp\/v2\/tags?post=10281"}],"curies":[{"name":"wp","href":"https:\/\/api.w.org\/{rel}","templated":true}]}}