{"id":10330,"date":"2015-11-13T17:54:12","date_gmt":"2015-11-13T16:54:12","guid":{"rendered":"http:\/\/blog.zeit.de\/nsu-prozess-blog\/?p=10330"},"modified":"2015-11-13T17:54:12","modified_gmt":"2015-11-13T16:54:12","slug":"medienlog-wohlleben-aussage-ankuendigung-nsu","status":"publish","type":"post","link":"https:\/\/blog.zeit.de\/nsu-prozess-blog\/2015\/11\/13\/medienlog-wohlleben-aussage-ankuendigung-nsu\/","title":{"rendered":"Jetzt auch noch Wohlleben \u2013 Das Medienlog vom Freitag, 13. November 2015"},"content":{"rendered":"<p>Der NSU-Prozess wird ganz anders verlaufen, als das noch vor wenigen Monaten vorstellbar war. <a href=\"https:\/\/blog.zeit.de\/nsu-prozess-blog\/2015\/11\/11\/medienlog-nsu-zschaepe-aussage-verschoben\/\">Nach Beate Zsch\u00e4pe<\/a> will nun auch der mutma\u00dfliche Waffenbeschaffer <a href=\"https:\/\/blog.zeit.de\/nsu-prozess-blog\/2015\/10\/09\/medienlog-wohlleben-nsu-antrag-zschaepe\/\">Ralf Wohlleben<\/a> sein Schweigen brechen und eine Aussage abgeben, wie <a href=\"http:\/\/www.spiegel.de\/panorama\/justiz\/nsu-prozess-wohlleben-plant-aussage-im-nsu-prozess-a-1062428.html\" target=\"_blank\">der <em>Spiegel<\/em><\/a> berichtet. Unterdessen wurde durch einen Bericht <a href=\"http:\/\/www.br.de\/nachrichten\/nsu-prozess\/nsu-prozess-zschaepe-aussage-dezember-100.html\" target=\"_blank\">von BR und SWR bekannt<\/a>, dass sich Zsch\u00e4pes Aussage auf den 8. Dezember verschiebt \u2013 weil ihr <a href=\"https:\/\/blog.zeit.de\/nsu-prozess-blog\/2015\/11\/11\/zschapes-schattenmann\/\">neuer Anwalt Hermann Borchert<\/a> zuvor in Urlaub f\u00e4hrt.<\/p>\n<p><!--more--><\/p>\n<p><em>An jedem Werktag sichten wir f\u00fcr das NSU-Prozess-Blog die Medien und stellen wichtige Berichte, Blogs, Videos und Tweets zusammen. Wir freuen uns \u00fcber Hinweise via Twitter mit dem Hashtag #nsublog \u2013 oder per E-Mail an <a href=\"mailto:nsublog@zeit.de\">nsublog@zeit.de<\/a>.<\/em><\/p>\n<p>Wohlleben ist angeklagt, dem NSU durch seine Kontakte die <a href=\"http:\/\/www.zeit.de\/gesellschaft\/zeitgeschehen\/2013-10\/nsu-prozess-tag47\">Pistole vom Typ Ceska 83<\/a> beschafft zu haben. Mit der Waffe wurden neun Menschen erschossen. Der 40-J\u00e4hrige ist daher wegen der Beihilfe zum Mord angeklagt. Er sitzt in Untersuchungshaft.<\/p>\n<p>Wann Wohlleben aussagen wird und ob er sich wie Zsch\u00e4pe durch eine vom Anwalt verlesene Erkl\u00e4rung oder selbst \u00e4u\u00dfert, geht aus den Berichten nicht hervor. Dass seine Aussagebereitschaft ausgerechnet zu diesem Zeitpunkt publik wird, ist wohl kein Zufall: Es sei &#8222;zu vermuten, dass die Anw\u00e4lte mit Zsch\u00e4pes Verteidiger Grasel \u00fcber eine m\u00f6gliche Aussage Wohllebens gesprochen haben&#8220;, schreibt Frank Jansen vom <a href=\"http:\/\/www.tagesspiegel.de\/politik\/nsu-prozess-in-muenchen-zschaepe-anwalt-im-urlaub-aussage-nicht-vor-8-dezember\/12579518.html\" target=\"_blank\"><em>Tagesspiegel<\/em><\/a>.<\/p>\n<p>Mit Zsch\u00e4pes neuem Anwalt Borchert besch\u00e4ftigt sich ein Bericht der <a href=\"http:\/\/www.sueddeutsche.de\/politik\/nsu-prozess-zschaepe-aussage-verschiebt-sich-weil-ihr-neuer-anwalt-in-den-urlaub-faehrt-1.2733944\" target=\"_blank\"><em>S\u00fcddeutsche<\/em><\/a>-Autoren Annette Ramelsberger und Tanjev Schultz. Diese stellen auch die bislang unbeantwortete Frage, wie der als Wahlverteidiger von Zsch\u00e4pe bestellte Anwalt bezahlt wird. In <a href=\"http:\/\/www.sueddeutsche.de\/politik\/profil-mathias-grasel-1.2554542\" target=\"_blank\">einem Portrait<\/a> skizziert Ramelsberger zudem den vierten Anwalt der Hauptangeklagten, <a href=\"https:\/\/blog.zeit.de\/nsu-prozess-blog\/2015\/07\/28\/die-aufklaerung-darf-nicht-aufhoeren\/\">Mathias Grasel<\/a>.<\/p>\n<p>Unter dem bedeutungsschweren Titel &#8222;Ich klage an&#8220; setzt sich der Nebenklageanwalt Mehmet Daimag\u00fcler in einem Artikel <a href=\"http:\/\/www.zeit.de\/2015\/44\/nsu-prozess-wut\" target=\"_blank\">in der ZEIT<\/a> mit Verfehlungen vor und nach dem NSU-Prozess auseinander. Die Anklage richtet er zun\u00e4chst gegen sich selbst, weil er in seiner Zeit als FDP-Vorstandsmitglied nie die damals noch ungekl\u00e4rte Mordserie thematisierte: &#8222;Ich habe Schuld auf mich geladen, Schuld durch Unterlassen.&#8220; Gleichsam hegt er Wut gegen die Vertreter der Anklage. &#8222;Nicht die Kaltschn\u00e4uzigkeit einer Beate Zsch\u00e4pe macht mich fassungslos, sondern die Dreistigkeit einer Bundesanwaltschaft, die behauptet, der NSU-Komplex sei &#8218;ausermittelt'&#8220;, schreibt der Anwalt. Dies gelte insbesondere, da die Bundespolitik zuvor Aufkl\u00e4rung in der Aff\u00e4re versprochen hatte.<\/p>\n<p><em>Das n\u00e4chste Medienlog erscheint am Montag, 16. November 2015.<\/em><\/p>\n","protected":false},"excerpt":{"rendered":"<p>Der NSU-Prozess wird ganz anders verlaufen, als das noch vor wenigen Monaten vorstellbar war. Nach Beate Zsch\u00e4pe will nun auch der mutma\u00dfliche Waffenbeschaffer Ralf Wohlleben sein Schweigen brechen und eine Aussage abgeben, wie der Spiegel berichtet. Unterdessen wurde durch einen Bericht von BR und SWR bekannt, dass sich Zsch\u00e4pes Aussage auf den 8. Dezember verschiebt [&hellip;]<\/p>\n","protected":false},"author":435,"featured_media":0,"comment_status":"open","ping_status":"open","sticky":false,"template":"","format":"standard","meta":{"_jetpack_memberships_contains_paid_content":false,"footnotes":""},"categories":[27531],"tags":[29424,35361,17793,35392,17772,35393,35391],"class_list":["post-10330","post","type-post","status-publish","format-standard","hentry","category-medienschau","tag-anwalte","tag-aussage","tag-beate-zschape","tag-hermann-borchert","tag-ralf-wohlleben","tag-wohlleben-aussage","tag-zschape-aussage"],"yoast_head":"<!-- This site is optimized with the Yoast SEO plugin v21.0 - https:\/\/yoast.com\/wordpress\/plugins\/seo\/ -->\n<title>Jetzt auch noch Wohlleben \u2013 Das Medienlog vom Freitag, 13. November 2015 - Das NSU-Prozess-Blog<\/title>\n<meta name=\"robots\" content=\"index, follow, max-snippet:-1, max-image-preview:large, max-video-preview:-1\" \/>\n<link rel=\"canonical\" href=\"https:\/\/blog.zeit.de\/nsu-prozess-blog\/2015\/11\/13\/medienlog-wohlleben-aussage-ankuendigung-nsu\/\" \/>\n<meta property=\"og:locale\" content=\"de_DE\" \/>\n<meta property=\"og:type\" content=\"article\" \/>\n<meta property=\"og:title\" content=\"Jetzt auch noch Wohlleben \u2013 Das Medienlog vom Freitag, 13. November 2015 - Das NSU-Prozess-Blog\" \/>\n<meta property=\"og:description\" content=\"Der NSU-Prozess wird ganz anders verlaufen, als das noch vor wenigen Monaten vorstellbar war. Nach Beate Zsch\u00e4pe will nun auch der mutma\u00dfliche Waffenbeschaffer Ralf Wohlleben sein Schweigen brechen und eine Aussage abgeben, wie der Spiegel berichtet. Unterdessen wurde durch einen Bericht von BR und SWR bekannt, dass sich Zsch\u00e4pes Aussage auf den 8. Dezember verschiebt [&hellip;]\" \/>\n<meta property=\"og:url\" content=\"https:\/\/blog.zeit.de\/nsu-prozess-blog\/2015\/11\/13\/medienlog-wohlleben-aussage-ankuendigung-nsu\/\" \/>\n<meta property=\"og:site_name\" content=\"Das NSU-Prozess-Blog\" \/>\n<meta property=\"article:published_time\" content=\"2015-11-13T16:54:12+00:00\" \/>\n<meta name=\"author\" content=\"Tom Sundermann\" \/>\n<meta name=\"twitter:label1\" content=\"Geschrieben von\" \/>\n\t<meta name=\"twitter:data1\" content=\"Tom Sundermann\" \/>\n\t<meta name=\"twitter:label2\" content=\"Gesch\u00e4tzte Lesezeit\" \/>\n\t<meta name=\"twitter:data2\" content=\"2\u00a0Minuten\" \/>\n<script type=\"application\/ld+json\" class=\"yoast-schema-graph\">{\"@context\":\"https:\/\/schema.org\",\"@graph\":[{\"@type\":\"WebPage\",\"@id\":\"https:\/\/blog.zeit.de\/nsu-prozess-blog\/2015\/11\/13\/medienlog-wohlleben-aussage-ankuendigung-nsu\/\",\"url\":\"https:\/\/blog.zeit.de\/nsu-prozess-blog\/2015\/11\/13\/medienlog-wohlleben-aussage-ankuendigung-nsu\/\",\"name\":\"Jetzt auch noch Wohlleben \u2013 Das Medienlog vom Freitag, 13. November 2015 - Das NSU-Prozess-Blog\",\"isPartOf\":{\"@id\":\"https:\/\/blog.zeit.de\/nsu-prozess-blog\/#website\"},\"datePublished\":\"2015-11-13T16:54:12+00:00\",\"dateModified\":\"2015-11-13T16:54:12+00:00\",\"author\":{\"@id\":\"https:\/\/blog.zeit.de\/nsu-prozess-blog\/#\/schema\/person\/553ea9bb5d1fc2ae054c589bd59380a5\"},\"breadcrumb\":{\"@id\":\"https:\/\/blog.zeit.de\/nsu-prozess-blog\/2015\/11\/13\/medienlog-wohlleben-aussage-ankuendigung-nsu\/#breadcrumb\"},\"inLanguage\":\"de\",\"potentialAction\":[{\"@type\":\"ReadAction\",\"target\":[\"https:\/\/blog.zeit.de\/nsu-prozess-blog\/2015\/11\/13\/medienlog-wohlleben-aussage-ankuendigung-nsu\/\"]}]},{\"@type\":\"BreadcrumbList\",\"@id\":\"https:\/\/blog.zeit.de\/nsu-prozess-blog\/2015\/11\/13\/medienlog-wohlleben-aussage-ankuendigung-nsu\/#breadcrumb\",\"itemListElement\":[{\"@type\":\"ListItem\",\"position\":1,\"name\":\"Startseite\",\"item\":\"https:\/\/blog.zeit.de\/nsu-prozess-blog\/\"},{\"@type\":\"ListItem\",\"position\":2,\"name\":\"Jetzt auch noch Wohlleben \u2013 Das Medienlog vom Freitag, 13. November 2015\"}]},{\"@type\":\"WebSite\",\"@id\":\"https:\/\/blog.zeit.de\/nsu-prozess-blog\/#website\",\"url\":\"https:\/\/blog.zeit.de\/nsu-prozess-blog\/\",\"name\":\"Das NSU-Prozess-Blog\",\"description\":\"Alle Berichte zum Terrorverfahren in M\u00fcnchen\",\"potentialAction\":[{\"@type\":\"SearchAction\",\"target\":{\"@type\":\"EntryPoint\",\"urlTemplate\":\"https:\/\/blog.zeit.de\/nsu-prozess-blog\/?s={search_term_string}\"},\"query-input\":\"required name=search_term_string\"}],\"inLanguage\":\"de\"},{\"@type\":\"Person\",\"@id\":\"https:\/\/blog.zeit.de\/nsu-prozess-blog\/#\/schema\/person\/553ea9bb5d1fc2ae054c589bd59380a5\",\"name\":\"Tom Sundermann\",\"image\":{\"@type\":\"ImageObject\",\"inLanguage\":\"de\",\"@id\":\"https:\/\/blog.zeit.de\/nsu-prozess-blog\/#\/schema\/person\/image\/\",\"url\":\"https:\/\/secure.gravatar.com\/avatar\/e108a3dc18766f719b2f797dc5d19093f06a1870c55b553ab6b7563f1f9a5e68?s=96&d=mm&r=g\",\"contentUrl\":\"https:\/\/secure.gravatar.com\/avatar\/e108a3dc18766f719b2f797dc5d19093f06a1870c55b553ab6b7563f1f9a5e68?s=96&d=mm&r=g\",\"caption\":\"Tom Sundermann\"},\"sameAs\":[\"https:\/\/twitter.com\/messeticker\"],\"url\":\"https:\/\/blog.zeit.de\/nsu-prozess-blog\/author\/tsundermann\/\"}]}<\/script>\n<!-- \/ Yoast SEO plugin. -->","yoast_head_json":{"title":"Jetzt auch noch Wohlleben \u2013 Das Medienlog vom Freitag, 13. November 2015 - Das NSU-Prozess-Blog","robots":{"index":"index","follow":"follow","max-snippet":"max-snippet:-1","max-image-preview":"max-image-preview:large","max-video-preview":"max-video-preview:-1"},"canonical":"https:\/\/blog.zeit.de\/nsu-prozess-blog\/2015\/11\/13\/medienlog-wohlleben-aussage-ankuendigung-nsu\/","og_locale":"de_DE","og_type":"article","og_title":"Jetzt auch noch Wohlleben \u2013 Das Medienlog vom Freitag, 13. November 2015 - Das NSU-Prozess-Blog","og_description":"Der NSU-Prozess wird ganz anders verlaufen, als das noch vor wenigen Monaten vorstellbar war. Nach Beate Zsch\u00e4pe will nun auch der mutma\u00dfliche Waffenbeschaffer Ralf Wohlleben sein Schweigen brechen und eine Aussage abgeben, wie der Spiegel berichtet. Unterdessen wurde durch einen Bericht von BR und SWR bekannt, dass sich Zsch\u00e4pes Aussage auf den 8. Dezember verschiebt [&hellip;]","og_url":"https:\/\/blog.zeit.de\/nsu-prozess-blog\/2015\/11\/13\/medienlog-wohlleben-aussage-ankuendigung-nsu\/","og_site_name":"Das NSU-Prozess-Blog","article_published_time":"2015-11-13T16:54:12+00:00","author":"Tom Sundermann","twitter_misc":{"Geschrieben von":"Tom Sundermann","Gesch\u00e4tzte Lesezeit":"2\u00a0Minuten"},"schema":{"@context":"https:\/\/schema.org","@graph":[{"@type":"WebPage","@id":"https:\/\/blog.zeit.de\/nsu-prozess-blog\/2015\/11\/13\/medienlog-wohlleben-aussage-ankuendigung-nsu\/","url":"https:\/\/blog.zeit.de\/nsu-prozess-blog\/2015\/11\/13\/medienlog-wohlleben-aussage-ankuendigung-nsu\/","name":"Jetzt auch noch Wohlleben \u2013 Das Medienlog vom Freitag, 13. November 2015 - Das NSU-Prozess-Blog","isPartOf":{"@id":"https:\/\/blog.zeit.de\/nsu-prozess-blog\/#website"},"datePublished":"2015-11-13T16:54:12+00:00","dateModified":"2015-11-13T16:54:12+00:00","author":{"@id":"https:\/\/blog.zeit.de\/nsu-prozess-blog\/#\/schema\/person\/553ea9bb5d1fc2ae054c589bd59380a5"},"breadcrumb":{"@id":"https:\/\/blog.zeit.de\/nsu-prozess-blog\/2015\/11\/13\/medienlog-wohlleben-aussage-ankuendigung-nsu\/#breadcrumb"},"inLanguage":"de","potentialAction":[{"@type":"ReadAction","target":["https:\/\/blog.zeit.de\/nsu-prozess-blog\/2015\/11\/13\/medienlog-wohlleben-aussage-ankuendigung-nsu\/"]}]},{"@type":"BreadcrumbList","@id":"https:\/\/blog.zeit.de\/nsu-prozess-blog\/2015\/11\/13\/medienlog-wohlleben-aussage-ankuendigung-nsu\/#breadcrumb","itemListElement":[{"@type":"ListItem","position":1,"name":"Startseite","item":"https:\/\/blog.zeit.de\/nsu-prozess-blog\/"},{"@type":"ListItem","position":2,"name":"Jetzt auch noch Wohlleben \u2013 Das Medienlog vom Freitag, 13. November 2015"}]},{"@type":"WebSite","@id":"https:\/\/blog.zeit.de\/nsu-prozess-blog\/#website","url":"https:\/\/blog.zeit.de\/nsu-prozess-blog\/","name":"Das NSU-Prozess-Blog","description":"Alle Berichte zum Terrorverfahren in M\u00fcnchen","potentialAction":[{"@type":"SearchAction","target":{"@type":"EntryPoint","urlTemplate":"https:\/\/blog.zeit.de\/nsu-prozess-blog\/?s={search_term_string}"},"query-input":"required name=search_term_string"}],"inLanguage":"de"},{"@type":"Person","@id":"https:\/\/blog.zeit.de\/nsu-prozess-blog\/#\/schema\/person\/553ea9bb5d1fc2ae054c589bd59380a5","name":"Tom Sundermann","image":{"@type":"ImageObject","inLanguage":"de","@id":"https:\/\/blog.zeit.de\/nsu-prozess-blog\/#\/schema\/person\/image\/","url":"https:\/\/secure.gravatar.com\/avatar\/e108a3dc18766f719b2f797dc5d19093f06a1870c55b553ab6b7563f1f9a5e68?s=96&d=mm&r=g","contentUrl":"https:\/\/secure.gravatar.com\/avatar\/e108a3dc18766f719b2f797dc5d19093f06a1870c55b553ab6b7563f1f9a5e68?s=96&d=mm&r=g","caption":"Tom Sundermann"},"sameAs":["https:\/\/twitter.com\/messeticker"],"url":"https:\/\/blog.zeit.de\/nsu-prozess-blog\/author\/tsundermann\/"}]}},"jetpack_featured_media_url":"","jetpack_sharing_enabled":true,"_links":{"self":[{"href":"https:\/\/blog.zeit.de\/nsu-prozess-blog\/wp-json\/wp\/v2\/posts\/10330","targetHints":{"allow":["GET"]}}],"collection":[{"href":"https:\/\/blog.zeit.de\/nsu-prozess-blog\/wp-json\/wp\/v2\/posts"}],"about":[{"href":"https:\/\/blog.zeit.de\/nsu-prozess-blog\/wp-json\/wp\/v2\/types\/post"}],"author":[{"embeddable":true,"href":"https:\/\/blog.zeit.de\/nsu-prozess-blog\/wp-json\/wp\/v2\/users\/435"}],"replies":[{"embeddable":true,"href":"https:\/\/blog.zeit.de\/nsu-prozess-blog\/wp-json\/wp\/v2\/comments?post=10330"}],"version-history":[{"count":1,"href":"https:\/\/blog.zeit.de\/nsu-prozess-blog\/wp-json\/wp\/v2\/posts\/10330\/revisions"}],"predecessor-version":[{"id":10331,"href":"https:\/\/blog.zeit.de\/nsu-prozess-blog\/wp-json\/wp\/v2\/posts\/10330\/revisions\/10331"}],"wp:attachment":[{"href":"https:\/\/blog.zeit.de\/nsu-prozess-blog\/wp-json\/wp\/v2\/media?parent=10330"}],"wp:term":[{"taxonomy":"category","embeddable":true,"href":"https:\/\/blog.zeit.de\/nsu-prozess-blog\/wp-json\/wp\/v2\/categories?post=10330"},{"taxonomy":"post_tag","embeddable":true,"href":"https:\/\/blog.zeit.de\/nsu-prozess-blog\/wp-json\/wp\/v2\/tags?post=10330"}],"curies":[{"name":"wp","href":"https:\/\/api.w.org\/{rel}","templated":true}]}}