{"id":10335,"date":"2015-11-16T09:08:34","date_gmt":"2015-11-16T08:08:34","guid":{"rendered":"http:\/\/blog.zeit.de\/nsu-prozess-blog\/?p=10335"},"modified":"2015-11-16T09:08:34","modified_gmt":"2015-11-16T08:08:34","slug":"medienlog-nsu-zschaepe-aussage-erwartungen","status":"publish","type":"post","link":"https:\/\/blog.zeit.de\/nsu-prozess-blog\/2015\/11\/16\/medienlog-nsu-zschaepe-aussage-erwartungen\/","title":{"rendered":"Was ist wirklich dran an Zsch\u00e4pes Aussage? \u2013 Das Medienlog vom Montag, 16. November 2015"},"content":{"rendered":"<p>Wird <a href=\"https:\/\/blog.zeit.de\/nsu-prozess-blog\/2015\/11\/11\/medienlog-nsu-zschaepe-aussage-verschoben\/\">Beate Zsch\u00e4pes Aussage<\/a> so explosiv wie allgemein erwartet? Terrorismus-Reporter Holger Schmidt <a href=\"http:\/\/www.swr.de\/blog\/terrorismus\/2015\/11\/13\/zschaepe-erklaerung-der-entlarvende-urlaub-des-dr-borchert\/\" target=\"_blank\">vom SWR<\/a> meldet Zweifel an: Die Verlesung ihrer 57-seitigen Erkl\u00e4rung <a href=\"https:\/\/blog.zeit.de\/nsu-prozess-blog\/2015\/11\/13\/medienlog-wohlleben-aussage-ankuendigung-nsu\/\">verschiebt sich<\/a> wegen eines Urlaubs ihres <a href=\"https:\/\/blog.zeit.de\/nsu-prozess-blog\/2015\/11\/11\/zschapes-schattenmann\/\">neuen Anwalts Hermann Borchert<\/a> auf den 8. Dezember \u2013 dadurch h\u00e4tte jedoch auch die urspr\u00fcnglich geplante Aussage h\u00f6chstens zwei Tage gedauert. &#8222;F\u00fcr mich ist das ein weiteres Indiz daf\u00fcr, dass man an die Erkl\u00e4rung von Beate Zsch\u00e4pe keine gro\u00dfen Erwartungen kn\u00fcpfen darf&#8220;, schreibt Schmidt. Schlie\u00dflich h\u00e4tten die gew\u00f6hnlicherweise sehr ausf\u00fchrlichen Fragen von Richter Manfred G\u00f6tzl sehr viel Zeit beansprucht. Zsch\u00e4pe h\u00e4tte sich demnach nur sehr knapp \u00e4u\u00dfern wollen.<\/p>\n<p><!--more--><\/p>\n<p><em>An jedem Werktag sichten wir f\u00fcr das NSU-Prozess-Blog die Medien und stellen wichtige Berichte, Blogs, Videos und Tweets zusammen. Wir freuen uns \u00fcber Hinweise via Twitter mit dem Hashtag #nsublog \u2013 oder per E-Mail an <a href=\"mailto:nsublog@zeit.de\">nsublog@zeit.de<\/a>.<\/em><\/p>\n<p>Die Entscheidung, \u00fcberhaupt aussagen zu wollen, befindet Solveig Bach auf <a href=\"http:\/\/www.n-tv.de\/politik\/Zschaepe-wandelt-auf-einem-schmalen-Grat-article16321736.html\" target=\"_blank\"><em>n-tv.de<\/em><\/a> f\u00fcr &#8222;m\u00f6glicherweise taktisch gar nicht so unklug&#8220; \u2013 schlie\u00dflich hatte Zsch\u00e4pe zuvor argumentiert, sie w\u00fcrde durch ihre bisherigen Anw\u00e4lte <a href=\"https:\/\/blog.zeit.de\/nsu-prozess-blog\/2015\/06\/22\/zschaepe-spielt-auf-risiko\/\">an einer Aussage gehindert<\/a>. W\u00e4hrend aber rein juristisch die sp\u00e4te Einlassung nicht zum Nachteil der Angeklagten sein sollte, m\u00fcsse Zsch\u00e4pe nun gegen ein zunehmend gefestigtes Bild der Taten in den K\u00f6pfen der Richter k\u00e4mpfen. &#8222;Mit zunehmender Verfahrensdauer nimmt die Offenheit, dieses Bild zu revidieren, immer weiter ab.&#8220;<\/p>\n<p><em>Das n\u00e4chste Medienlog erscheint am Dienstag, 17. November 2015.<\/em><\/p>\n","protected":false},"excerpt":{"rendered":"<p>Wird Beate Zsch\u00e4pes Aussage so explosiv wie allgemein erwartet? Terrorismus-Reporter Holger Schmidt vom SWR meldet Zweifel an: Die Verlesung ihrer 57-seitigen Erkl\u00e4rung verschiebt sich wegen eines Urlaubs ihres neuen Anwalts Hermann Borchert auf den 8. Dezember \u2013 dadurch h\u00e4tte jedoch auch die urspr\u00fcnglich geplante Aussage h\u00f6chstens zwei Tage gedauert. &#8222;F\u00fcr mich ist das ein weiteres [&hellip;]<\/p>\n","protected":false},"author":435,"featured_media":0,"comment_status":"open","ping_status":"open","sticky":false,"template":"","format":"standard","meta":{"_jetpack_memberships_contains_paid_content":false,"footnotes":""},"categories":[27531],"tags":[29424,29507,17793,35392,27559,35391],"class_list":["post-10335","post","type-post","status-publish","format-standard","hentry","category-medienschau","tag-anwalte","tag-aussageverweigerung","tag-beate-zschape","tag-hermann-borchert","tag-manfred-gotzl","tag-zschape-aussage"],"yoast_head":"<!-- This site is optimized with the Yoast SEO plugin v21.0 - https:\/\/yoast.com\/wordpress\/plugins\/seo\/ -->\n<title>Was ist wirklich dran an Zsch\u00e4pes Aussage? \u2013 Das Medienlog vom Montag, 16. November 2015 - Das NSU-Prozess-Blog<\/title>\n<meta name=\"robots\" content=\"index, follow, max-snippet:-1, max-image-preview:large, max-video-preview:-1\" \/>\n<link rel=\"canonical\" href=\"https:\/\/blog.zeit.de\/nsu-prozess-blog\/2015\/11\/16\/medienlog-nsu-zschaepe-aussage-erwartungen\/\" \/>\n<meta property=\"og:locale\" content=\"de_DE\" \/>\n<meta property=\"og:type\" content=\"article\" \/>\n<meta property=\"og:title\" content=\"Was ist wirklich dran an Zsch\u00e4pes Aussage? \u2013 Das Medienlog vom Montag, 16. November 2015 - Das NSU-Prozess-Blog\" \/>\n<meta property=\"og:description\" content=\"Wird Beate Zsch\u00e4pes Aussage so explosiv wie allgemein erwartet? Terrorismus-Reporter Holger Schmidt vom SWR meldet Zweifel an: Die Verlesung ihrer 57-seitigen Erkl\u00e4rung verschiebt sich wegen eines Urlaubs ihres neuen Anwalts Hermann Borchert auf den 8. Dezember \u2013 dadurch h\u00e4tte jedoch auch die urspr\u00fcnglich geplante Aussage h\u00f6chstens zwei Tage gedauert. &#8222;F\u00fcr mich ist das ein weiteres [&hellip;]\" \/>\n<meta property=\"og:url\" content=\"https:\/\/blog.zeit.de\/nsu-prozess-blog\/2015\/11\/16\/medienlog-nsu-zschaepe-aussage-erwartungen\/\" \/>\n<meta property=\"og:site_name\" content=\"Das NSU-Prozess-Blog\" \/>\n<meta property=\"article:published_time\" content=\"2015-11-16T08:08:34+00:00\" \/>\n<meta name=\"author\" content=\"Tom Sundermann\" \/>\n<meta name=\"twitter:label1\" content=\"Geschrieben von\" \/>\n\t<meta name=\"twitter:data1\" content=\"Tom Sundermann\" \/>\n\t<meta name=\"twitter:label2\" content=\"Gesch\u00e4tzte Lesezeit\" \/>\n\t<meta name=\"twitter:data2\" content=\"1\u00a0Minute\" \/>\n<script type=\"application\/ld+json\" class=\"yoast-schema-graph\">{\"@context\":\"https:\/\/schema.org\",\"@graph\":[{\"@type\":\"WebPage\",\"@id\":\"https:\/\/blog.zeit.de\/nsu-prozess-blog\/2015\/11\/16\/medienlog-nsu-zschaepe-aussage-erwartungen\/\",\"url\":\"https:\/\/blog.zeit.de\/nsu-prozess-blog\/2015\/11\/16\/medienlog-nsu-zschaepe-aussage-erwartungen\/\",\"name\":\"Was ist wirklich dran an Zsch\u00e4pes Aussage? \u2013 Das Medienlog vom Montag, 16. November 2015 - Das NSU-Prozess-Blog\",\"isPartOf\":{\"@id\":\"https:\/\/blog.zeit.de\/nsu-prozess-blog\/#website\"},\"datePublished\":\"2015-11-16T08:08:34+00:00\",\"dateModified\":\"2015-11-16T08:08:34+00:00\",\"author\":{\"@id\":\"https:\/\/blog.zeit.de\/nsu-prozess-blog\/#\/schema\/person\/553ea9bb5d1fc2ae054c589bd59380a5\"},\"breadcrumb\":{\"@id\":\"https:\/\/blog.zeit.de\/nsu-prozess-blog\/2015\/11\/16\/medienlog-nsu-zschaepe-aussage-erwartungen\/#breadcrumb\"},\"inLanguage\":\"de\",\"potentialAction\":[{\"@type\":\"ReadAction\",\"target\":[\"https:\/\/blog.zeit.de\/nsu-prozess-blog\/2015\/11\/16\/medienlog-nsu-zschaepe-aussage-erwartungen\/\"]}]},{\"@type\":\"BreadcrumbList\",\"@id\":\"https:\/\/blog.zeit.de\/nsu-prozess-blog\/2015\/11\/16\/medienlog-nsu-zschaepe-aussage-erwartungen\/#breadcrumb\",\"itemListElement\":[{\"@type\":\"ListItem\",\"position\":1,\"name\":\"Startseite\",\"item\":\"https:\/\/blog.zeit.de\/nsu-prozess-blog\/\"},{\"@type\":\"ListItem\",\"position\":2,\"name\":\"Was ist wirklich dran an Zsch\u00e4pes Aussage? \u2013 Das Medienlog vom Montag, 16. November 2015\"}]},{\"@type\":\"WebSite\",\"@id\":\"https:\/\/blog.zeit.de\/nsu-prozess-blog\/#website\",\"url\":\"https:\/\/blog.zeit.de\/nsu-prozess-blog\/\",\"name\":\"Das NSU-Prozess-Blog\",\"description\":\"Alle Berichte zum Terrorverfahren in M\u00fcnchen\",\"potentialAction\":[{\"@type\":\"SearchAction\",\"target\":{\"@type\":\"EntryPoint\",\"urlTemplate\":\"https:\/\/blog.zeit.de\/nsu-prozess-blog\/?s={search_term_string}\"},\"query-input\":\"required name=search_term_string\"}],\"inLanguage\":\"de\"},{\"@type\":\"Person\",\"@id\":\"https:\/\/blog.zeit.de\/nsu-prozess-blog\/#\/schema\/person\/553ea9bb5d1fc2ae054c589bd59380a5\",\"name\":\"Tom Sundermann\",\"image\":{\"@type\":\"ImageObject\",\"inLanguage\":\"de\",\"@id\":\"https:\/\/blog.zeit.de\/nsu-prozess-blog\/#\/schema\/person\/image\/\",\"url\":\"https:\/\/secure.gravatar.com\/avatar\/e108a3dc18766f719b2f797dc5d19093f06a1870c55b553ab6b7563f1f9a5e68?s=96&d=mm&r=g\",\"contentUrl\":\"https:\/\/secure.gravatar.com\/avatar\/e108a3dc18766f719b2f797dc5d19093f06a1870c55b553ab6b7563f1f9a5e68?s=96&d=mm&r=g\",\"caption\":\"Tom Sundermann\"},\"sameAs\":[\"https:\/\/twitter.com\/messeticker\"],\"url\":\"https:\/\/blog.zeit.de\/nsu-prozess-blog\/author\/tsundermann\/\"}]}<\/script>\n<!-- \/ Yoast SEO plugin. -->","yoast_head_json":{"title":"Was ist wirklich dran an Zsch\u00e4pes Aussage? \u2013 Das Medienlog vom Montag, 16. November 2015 - Das NSU-Prozess-Blog","robots":{"index":"index","follow":"follow","max-snippet":"max-snippet:-1","max-image-preview":"max-image-preview:large","max-video-preview":"max-video-preview:-1"},"canonical":"https:\/\/blog.zeit.de\/nsu-prozess-blog\/2015\/11\/16\/medienlog-nsu-zschaepe-aussage-erwartungen\/","og_locale":"de_DE","og_type":"article","og_title":"Was ist wirklich dran an Zsch\u00e4pes Aussage? \u2013 Das Medienlog vom Montag, 16. November 2015 - Das NSU-Prozess-Blog","og_description":"Wird Beate Zsch\u00e4pes Aussage so explosiv wie allgemein erwartet? Terrorismus-Reporter Holger Schmidt vom SWR meldet Zweifel an: Die Verlesung ihrer 57-seitigen Erkl\u00e4rung verschiebt sich wegen eines Urlaubs ihres neuen Anwalts Hermann Borchert auf den 8. Dezember \u2013 dadurch h\u00e4tte jedoch auch die urspr\u00fcnglich geplante Aussage h\u00f6chstens zwei Tage gedauert. &#8222;F\u00fcr mich ist das ein weiteres [&hellip;]","og_url":"https:\/\/blog.zeit.de\/nsu-prozess-blog\/2015\/11\/16\/medienlog-nsu-zschaepe-aussage-erwartungen\/","og_site_name":"Das NSU-Prozess-Blog","article_published_time":"2015-11-16T08:08:34+00:00","author":"Tom Sundermann","twitter_misc":{"Geschrieben von":"Tom Sundermann","Gesch\u00e4tzte Lesezeit":"1\u00a0Minute"},"schema":{"@context":"https:\/\/schema.org","@graph":[{"@type":"WebPage","@id":"https:\/\/blog.zeit.de\/nsu-prozess-blog\/2015\/11\/16\/medienlog-nsu-zschaepe-aussage-erwartungen\/","url":"https:\/\/blog.zeit.de\/nsu-prozess-blog\/2015\/11\/16\/medienlog-nsu-zschaepe-aussage-erwartungen\/","name":"Was ist wirklich dran an Zsch\u00e4pes Aussage? \u2013 Das Medienlog vom Montag, 16. November 2015 - Das NSU-Prozess-Blog","isPartOf":{"@id":"https:\/\/blog.zeit.de\/nsu-prozess-blog\/#website"},"datePublished":"2015-11-16T08:08:34+00:00","dateModified":"2015-11-16T08:08:34+00:00","author":{"@id":"https:\/\/blog.zeit.de\/nsu-prozess-blog\/#\/schema\/person\/553ea9bb5d1fc2ae054c589bd59380a5"},"breadcrumb":{"@id":"https:\/\/blog.zeit.de\/nsu-prozess-blog\/2015\/11\/16\/medienlog-nsu-zschaepe-aussage-erwartungen\/#breadcrumb"},"inLanguage":"de","potentialAction":[{"@type":"ReadAction","target":["https:\/\/blog.zeit.de\/nsu-prozess-blog\/2015\/11\/16\/medienlog-nsu-zschaepe-aussage-erwartungen\/"]}]},{"@type":"BreadcrumbList","@id":"https:\/\/blog.zeit.de\/nsu-prozess-blog\/2015\/11\/16\/medienlog-nsu-zschaepe-aussage-erwartungen\/#breadcrumb","itemListElement":[{"@type":"ListItem","position":1,"name":"Startseite","item":"https:\/\/blog.zeit.de\/nsu-prozess-blog\/"},{"@type":"ListItem","position":2,"name":"Was ist wirklich dran an Zsch\u00e4pes Aussage? \u2013 Das Medienlog vom Montag, 16. November 2015"}]},{"@type":"WebSite","@id":"https:\/\/blog.zeit.de\/nsu-prozess-blog\/#website","url":"https:\/\/blog.zeit.de\/nsu-prozess-blog\/","name":"Das NSU-Prozess-Blog","description":"Alle Berichte zum Terrorverfahren in M\u00fcnchen","potentialAction":[{"@type":"SearchAction","target":{"@type":"EntryPoint","urlTemplate":"https:\/\/blog.zeit.de\/nsu-prozess-blog\/?s={search_term_string}"},"query-input":"required name=search_term_string"}],"inLanguage":"de"},{"@type":"Person","@id":"https:\/\/blog.zeit.de\/nsu-prozess-blog\/#\/schema\/person\/553ea9bb5d1fc2ae054c589bd59380a5","name":"Tom Sundermann","image":{"@type":"ImageObject","inLanguage":"de","@id":"https:\/\/blog.zeit.de\/nsu-prozess-blog\/#\/schema\/person\/image\/","url":"https:\/\/secure.gravatar.com\/avatar\/e108a3dc18766f719b2f797dc5d19093f06a1870c55b553ab6b7563f1f9a5e68?s=96&d=mm&r=g","contentUrl":"https:\/\/secure.gravatar.com\/avatar\/e108a3dc18766f719b2f797dc5d19093f06a1870c55b553ab6b7563f1f9a5e68?s=96&d=mm&r=g","caption":"Tom Sundermann"},"sameAs":["https:\/\/twitter.com\/messeticker"],"url":"https:\/\/blog.zeit.de\/nsu-prozess-blog\/author\/tsundermann\/"}]}},"jetpack_featured_media_url":"","jetpack_sharing_enabled":true,"_links":{"self":[{"href":"https:\/\/blog.zeit.de\/nsu-prozess-blog\/wp-json\/wp\/v2\/posts\/10335","targetHints":{"allow":["GET"]}}],"collection":[{"href":"https:\/\/blog.zeit.de\/nsu-prozess-blog\/wp-json\/wp\/v2\/posts"}],"about":[{"href":"https:\/\/blog.zeit.de\/nsu-prozess-blog\/wp-json\/wp\/v2\/types\/post"}],"author":[{"embeddable":true,"href":"https:\/\/blog.zeit.de\/nsu-prozess-blog\/wp-json\/wp\/v2\/users\/435"}],"replies":[{"embeddable":true,"href":"https:\/\/blog.zeit.de\/nsu-prozess-blog\/wp-json\/wp\/v2\/comments?post=10335"}],"version-history":[{"count":1,"href":"https:\/\/blog.zeit.de\/nsu-prozess-blog\/wp-json\/wp\/v2\/posts\/10335\/revisions"}],"predecessor-version":[{"id":10336,"href":"https:\/\/blog.zeit.de\/nsu-prozess-blog\/wp-json\/wp\/v2\/posts\/10335\/revisions\/10336"}],"wp:attachment":[{"href":"https:\/\/blog.zeit.de\/nsu-prozess-blog\/wp-json\/wp\/v2\/media?parent=10335"}],"wp:term":[{"taxonomy":"category","embeddable":true,"href":"https:\/\/blog.zeit.de\/nsu-prozess-blog\/wp-json\/wp\/v2\/categories?post=10335"},{"taxonomy":"post_tag","embeddable":true,"href":"https:\/\/blog.zeit.de\/nsu-prozess-blog\/wp-json\/wp\/v2\/tags?post=10335"}],"curies":[{"name":"wp","href":"https:\/\/api.w.org\/{rel}","templated":true}]}}