{"id":10361,"date":"2015-11-20T08:42:08","date_gmt":"2015-11-20T07:42:08","guid":{"rendered":"http:\/\/blog.zeit.de\/nsu-prozess-blog\/?p=10361"},"modified":"2015-11-20T09:37:02","modified_gmt":"2015-11-20T08:37:02","slug":"medienlog-misstrauen-zschaepe-fingerabdruecke-nsu","status":"publish","type":"post","link":"https:\/\/blog.zeit.de\/nsu-prozess-blog\/2015\/11\/20\/medienlog-misstrauen-zschaepe-fingerabdruecke-nsu\/","title":{"rendered":"Ein tiefer Graben des Misstrauens \u2013 Das Medienlog vom Freitag, 20. November 2015"},"content":{"rendered":"<p>Die Ungewissheit dauert an: Auch nach einer Woche gibt es noch keine Entscheidung \u00fcber den j\u00fcngsten <a href=\"https:\/\/blog.zeit.de\/nsu-prozess-blog\/2015\/11\/11\/medienlog-nsu-zschaepe-aussage-verschoben\/\">Befangenheitsantrag der Anw\u00e4lte des Mitangeklagten Ralf Wohlleben<\/a>. Diese ist fr\u00fchestens am kommenden Dienstag zu erwarten. Der Streit um die <a href=\"https:\/\/blog.zeit.de\/nsu-prozess-blog\/2015\/08\/03\/medienlog-zschaepe-antrag-abgelehnt-grasel-nsu\/\">angemessene Verteidigung der Hauptangeklagten Beate Zsch\u00e4pe<\/a>, Grundlage des Antrags, schwelte am Donnerstag unterdessen weiter \u2013 vor allem, weil Zsch\u00e4pes neuer Verteidiger Mathias Grasel und ihre drei Stammanw\u00e4lte nicht miteinander kommunizieren. &#8222;Zwischen den alten und den neuen Verteidigern liegt ein tiefer Graben, sie sprechen sich offensichtlich nicht ab&#8220;, bilanziert Alf Meier vom <a href=\"http:\/\/www.br.de\/nachrichten\/nsu-prozess\/151119-tagebuch-gerichtsreporter-100.html\" target=\"_blank\">Bayerischen Rundfunk<\/a>.<\/p>\n<p><!--more--><\/p>\n<p><em>An jedem Werktag sichten wir f\u00fcr das NSU-Prozess-Blog die Medien und stellen wichtige Berichte, Blogs, Videos und Tweets zusammen. Wir freuen uns \u00fcber Hinweise via Twitter mit dem Hashtag #nsublog \u2013 oder per E-Mail an <a href=\"mailto:nsublog@zeit.de\">nsublog@zeit.de<\/a>.<\/em><\/p>\n<p>Die alten Anw\u00e4lte wollten die Aussage eines BKA-Beamten verhindern, weil sie sich zu einer ausreichenden Verteidigung nicht in der Lage sehen. Aus demselben Grund hatten sie bereits in der vergangenen Woche ihre eigene Entlassung beantragt. Zur Aussage des Ermittlers kam es schlie\u00dflich doch, der Zeuge wurde auf Antrag hin jedoch nicht offiziell entlassen und muss noch einmal nach M\u00fcnchen kommen. Einen Revisionsgrund schuf der Vorsitzende Richter Manfred G\u00f6tzl mit seiner unbeirrbaren Strategie nicht, schreibt Meier: &#8222;Schlie\u00dflich hat die Angeklagte sich selbst in den Schlamassel man\u00f6vriert.&#8220;<\/p>\n<p>Solange der Misstrauensantrag gegen die Richter in der Luft h\u00e4ngt, leidet das Verfahren unter einer gewissen L\u00e4hmung, wie Gisela Friedrichsen auf <a href=\"http:\/\/www.spiegel.de\/panorama\/justiz\/beate-zschaepe-verteidigung-im-nsu-prozess-fragen-die-niemand-stellen-will-a-1063664.html\" target=\"_blank\"><em>Spiegel Online<\/em><\/a> berichtet: &#8222;Da der Senat sich also noch immer in einer Situation befindet, in der er wichtige prozessuale Schritte nicht vornehmen darf, pl\u00e4tschert der NSU-Prozess gegenw\u00e4rtig vor sich hin.&#8220; Sie merkt an, dass an diesem Tag ein Fingerabdruck auf einem Zeitungsartikel gesichtet wurde \u2013 doch niemand fragte, zu wem die Spur geh\u00f6rt. Von der Befragung des BKA-Zeugen berichtet auch Annette Ramelsberger in der <a href=\"http:\/\/www.sueddeutsche.de\/politik\/nsu-prozess-beate-zschaepes-fingerabdruecke-liefern-neue-indizien-1.2745263\" target=\"_blank\"><em>S\u00fcddeutschen Zeitung<\/em><\/a>.<\/p>\n<p>In einem weiteren Bericht setzt sich Friedrichsen auf <a href=\"http:\/\/www.spiegel.de\/panorama\/justiz\/nsu-prozess-zschaepe-verteidiger-borcherts-zweifelhafte-strategie-a-1063493.html\" target=\"_blank\"><em>Spiegel Online<\/em><\/a> mit Zsch\u00e4pes <a href=\"https:\/\/blog.zeit.de\/nsu-prozess-blog\/2015\/11\/11\/zschapes-schattenmann\/\">f\u00fcnftem Verteidiger Hermann Borchert<\/a> auseinander \u2013 und kommt zu dem Schluss, dass die Hauptangeklagte von ihm wom\u00f6glich schlecht beraten ist. So hatte Borchert bereits im Jahr 2012 einem M\u00f6rder gegen den Rat von dessen urspr\u00fcnglichen Verteidigern zu einer Aussage geraten \u2013 der Mann <a href=\"http:\/\/www.zeit.de\/gesellschaft\/2012-04\/urteil-doppelmord-krailling\">besiegelte damit die H\u00f6chststrafe<\/a> f\u00fcr sich selbst.<\/p>\n<p>Beate Zsch\u00e4pe soll mit Borcherts Hilfe f\u00fcr den 8. Dezember ihre Aussage geplant haben. In einem Interview mit der M\u00fcnchner <a href=\"http:\/\/www.abendzeitung-muenchen.de\/inhalt.nsu-opferanwalt-im-az-interview-zschaepe-aussage-die-qual-des-wartens.915c5722-dbe0-4854-8af1-c332934227ab.html\" target=\"_blank\"><em>Abendzeitung<\/em><\/a> spricht der Nebenklageanwalt Stephan Lucas, der die Kinder des <a href=\"http:\/\/www.zeit.de\/gesellschaft\/2013-07\/nsu-prozess-simsek\">ersten NSU-Opfers Enver \u015eim\u015fek<\/a> vertritt, \u00fcber die vorgesehene Einlassung. Lucas bezweifelt demnach, dass die Angeklagte umf\u00e4nglich reinen Tisch machen wird: &#8222;Da es f\u00fcr ein Gest\u00e4ndnis bislang keine Anzeichen gibt, wird es der Verteidigung vermutlich darum gehen, die Rolle Zsch\u00e4pes in ein f\u00fcr sie g\u00fcnstiges Licht zu r\u00fccken.&#8220;<\/p>\n<p>Die Verstrickungen des <a href=\"https:\/\/blog.zeit.de\/nsu-prozess-blog\/2014\/01\/21\/der-schatten-des-nsu\/\">Mitangeklagten Andr\u00e9 E. und seiner Frau<\/a> beleuchtet Andrea R\u00f6pke in einem Artikel im <a href=\"http:\/\/www.bnr.de\/artikel\/hintergrund\/verstricktes-nsu-unterst-tzernetzwerk\" target=\"_blank\"><em>Blick nach Rechts<\/em><\/a>. Einer der Belege f\u00fcr die enge Verbundenheit: Das Ehepaar hatte in seiner Wohnung eine Art Schrein f\u00fcr die verstorbenen NSU-Mitglieder Uwe Mundlos und Uwe B\u00f6hnhardt errichtet, die sich am 4. November 2011 <a href=\"https:\/\/blog.zeit.de\/nsu-prozess-blog\/2015\/11\/19\/medienlog-nsu-fotos-eisenach-polizei\/\">in Eisenach erschossen hatten<\/a>.<\/p>\n<p><em>Das n\u00e4chste Medienlog erscheint am Montag, 23. November 2015.<\/em><\/p>\n","protected":false},"excerpt":{"rendered":"<p>Die Ungewissheit dauert an: Auch nach einer Woche gibt es noch keine Entscheidung \u00fcber den j\u00fcngsten Befangenheitsantrag der Anw\u00e4lte des Mitangeklagten Ralf Wohlleben. Diese ist fr\u00fchestens am kommenden Dienstag zu erwarten. Der Streit um die angemessene Verteidigung der Hauptangeklagten Beate Zsch\u00e4pe, Grundlage des Antrags, schwelte am Donnerstag unterdessen weiter \u2013 vor allem, weil Zsch\u00e4pes neuer [&hellip;]<\/p>\n","protected":false},"author":435,"featured_media":0,"comment_status":"open","ping_status":"open","sticky":false,"template":"","format":"standard","meta":{"_jetpack_memberships_contains_paid_content":false,"footnotes":""},"categories":[27531],"tags":[27561,17793,27562,27571,29447,35392,29446,35391],"class_list":["post-10361","post","type-post","status-publish","format-standard","hentry","category-medienschau","tag-andre-e","tag-beate-zschape","tag-bka","tag-enver-simsek","tag-fingerabdrucke","tag-hermann-borchert","tag-zeitungsartikel","tag-zschape-aussage"],"yoast_head":"<!-- This site is optimized with the Yoast SEO plugin v21.0 - https:\/\/yoast.com\/wordpress\/plugins\/seo\/ -->\n<title>Ein tiefer Graben des Misstrauens \u2013 Das Medienlog vom Freitag, 20. November 2015 - Das NSU-Prozess-Blog<\/title>\n<meta name=\"robots\" content=\"index, follow, max-snippet:-1, max-image-preview:large, max-video-preview:-1\" \/>\n<link rel=\"canonical\" href=\"https:\/\/blog.zeit.de\/nsu-prozess-blog\/2015\/11\/20\/medienlog-misstrauen-zschaepe-fingerabdruecke-nsu\/\" \/>\n<meta property=\"og:locale\" content=\"de_DE\" \/>\n<meta property=\"og:type\" content=\"article\" \/>\n<meta property=\"og:title\" content=\"Ein tiefer Graben des Misstrauens \u2013 Das Medienlog vom Freitag, 20. November 2015 - Das NSU-Prozess-Blog\" \/>\n<meta property=\"og:description\" content=\"Die Ungewissheit dauert an: Auch nach einer Woche gibt es noch keine Entscheidung \u00fcber den j\u00fcngsten Befangenheitsantrag der Anw\u00e4lte des Mitangeklagten Ralf Wohlleben. Diese ist fr\u00fchestens am kommenden Dienstag zu erwarten. Der Streit um die angemessene Verteidigung der Hauptangeklagten Beate Zsch\u00e4pe, Grundlage des Antrags, schwelte am Donnerstag unterdessen weiter \u2013 vor allem, weil Zsch\u00e4pes neuer [&hellip;]\" \/>\n<meta property=\"og:url\" content=\"https:\/\/blog.zeit.de\/nsu-prozess-blog\/2015\/11\/20\/medienlog-misstrauen-zschaepe-fingerabdruecke-nsu\/\" \/>\n<meta property=\"og:site_name\" content=\"Das NSU-Prozess-Blog\" \/>\n<meta property=\"article:published_time\" content=\"2015-11-20T07:42:08+00:00\" \/>\n<meta property=\"article:modified_time\" content=\"2015-11-20T08:37:02+00:00\" \/>\n<meta name=\"author\" content=\"Tom Sundermann\" \/>\n<meta name=\"twitter:label1\" content=\"Geschrieben von\" \/>\n\t<meta name=\"twitter:data1\" content=\"Tom Sundermann\" \/>\n\t<meta name=\"twitter:label2\" content=\"Gesch\u00e4tzte Lesezeit\" \/>\n\t<meta name=\"twitter:data2\" content=\"3\u00a0Minuten\" \/>\n<script type=\"application\/ld+json\" class=\"yoast-schema-graph\">{\"@context\":\"https:\/\/schema.org\",\"@graph\":[{\"@type\":\"WebPage\",\"@id\":\"https:\/\/blog.zeit.de\/nsu-prozess-blog\/2015\/11\/20\/medienlog-misstrauen-zschaepe-fingerabdruecke-nsu\/\",\"url\":\"https:\/\/blog.zeit.de\/nsu-prozess-blog\/2015\/11\/20\/medienlog-misstrauen-zschaepe-fingerabdruecke-nsu\/\",\"name\":\"Ein tiefer Graben des Misstrauens \u2013 Das Medienlog vom Freitag, 20. November 2015 - Das NSU-Prozess-Blog\",\"isPartOf\":{\"@id\":\"https:\/\/blog.zeit.de\/nsu-prozess-blog\/#website\"},\"datePublished\":\"2015-11-20T07:42:08+00:00\",\"dateModified\":\"2015-11-20T08:37:02+00:00\",\"author\":{\"@id\":\"https:\/\/blog.zeit.de\/nsu-prozess-blog\/#\/schema\/person\/553ea9bb5d1fc2ae054c589bd59380a5\"},\"breadcrumb\":{\"@id\":\"https:\/\/blog.zeit.de\/nsu-prozess-blog\/2015\/11\/20\/medienlog-misstrauen-zschaepe-fingerabdruecke-nsu\/#breadcrumb\"},\"inLanguage\":\"de\",\"potentialAction\":[{\"@type\":\"ReadAction\",\"target\":[\"https:\/\/blog.zeit.de\/nsu-prozess-blog\/2015\/11\/20\/medienlog-misstrauen-zschaepe-fingerabdruecke-nsu\/\"]}]},{\"@type\":\"BreadcrumbList\",\"@id\":\"https:\/\/blog.zeit.de\/nsu-prozess-blog\/2015\/11\/20\/medienlog-misstrauen-zschaepe-fingerabdruecke-nsu\/#breadcrumb\",\"itemListElement\":[{\"@type\":\"ListItem\",\"position\":1,\"name\":\"Startseite\",\"item\":\"https:\/\/blog.zeit.de\/nsu-prozess-blog\/\"},{\"@type\":\"ListItem\",\"position\":2,\"name\":\"Ein tiefer Graben des Misstrauens \u2013 Das Medienlog vom Freitag, 20. November 2015\"}]},{\"@type\":\"WebSite\",\"@id\":\"https:\/\/blog.zeit.de\/nsu-prozess-blog\/#website\",\"url\":\"https:\/\/blog.zeit.de\/nsu-prozess-blog\/\",\"name\":\"Das NSU-Prozess-Blog\",\"description\":\"Alle Berichte zum Terrorverfahren in M\u00fcnchen\",\"potentialAction\":[{\"@type\":\"SearchAction\",\"target\":{\"@type\":\"EntryPoint\",\"urlTemplate\":\"https:\/\/blog.zeit.de\/nsu-prozess-blog\/?s={search_term_string}\"},\"query-input\":\"required name=search_term_string\"}],\"inLanguage\":\"de\"},{\"@type\":\"Person\",\"@id\":\"https:\/\/blog.zeit.de\/nsu-prozess-blog\/#\/schema\/person\/553ea9bb5d1fc2ae054c589bd59380a5\",\"name\":\"Tom Sundermann\",\"image\":{\"@type\":\"ImageObject\",\"inLanguage\":\"de\",\"@id\":\"https:\/\/blog.zeit.de\/nsu-prozess-blog\/#\/schema\/person\/image\/\",\"url\":\"https:\/\/secure.gravatar.com\/avatar\/e108a3dc18766f719b2f797dc5d19093f06a1870c55b553ab6b7563f1f9a5e68?s=96&d=mm&r=g\",\"contentUrl\":\"https:\/\/secure.gravatar.com\/avatar\/e108a3dc18766f719b2f797dc5d19093f06a1870c55b553ab6b7563f1f9a5e68?s=96&d=mm&r=g\",\"caption\":\"Tom Sundermann\"},\"sameAs\":[\"https:\/\/twitter.com\/messeticker\"],\"url\":\"https:\/\/blog.zeit.de\/nsu-prozess-blog\/author\/tsundermann\/\"}]}<\/script>\n<!-- \/ Yoast SEO plugin. -->","yoast_head_json":{"title":"Ein tiefer Graben des Misstrauens \u2013 Das Medienlog vom Freitag, 20. November 2015 - Das NSU-Prozess-Blog","robots":{"index":"index","follow":"follow","max-snippet":"max-snippet:-1","max-image-preview":"max-image-preview:large","max-video-preview":"max-video-preview:-1"},"canonical":"https:\/\/blog.zeit.de\/nsu-prozess-blog\/2015\/11\/20\/medienlog-misstrauen-zschaepe-fingerabdruecke-nsu\/","og_locale":"de_DE","og_type":"article","og_title":"Ein tiefer Graben des Misstrauens \u2013 Das Medienlog vom Freitag, 20. November 2015 - Das NSU-Prozess-Blog","og_description":"Die Ungewissheit dauert an: Auch nach einer Woche gibt es noch keine Entscheidung \u00fcber den j\u00fcngsten Befangenheitsantrag der Anw\u00e4lte des Mitangeklagten Ralf Wohlleben. Diese ist fr\u00fchestens am kommenden Dienstag zu erwarten. Der Streit um die angemessene Verteidigung der Hauptangeklagten Beate Zsch\u00e4pe, Grundlage des Antrags, schwelte am Donnerstag unterdessen weiter \u2013 vor allem, weil Zsch\u00e4pes neuer [&hellip;]","og_url":"https:\/\/blog.zeit.de\/nsu-prozess-blog\/2015\/11\/20\/medienlog-misstrauen-zschaepe-fingerabdruecke-nsu\/","og_site_name":"Das NSU-Prozess-Blog","article_published_time":"2015-11-20T07:42:08+00:00","article_modified_time":"2015-11-20T08:37:02+00:00","author":"Tom Sundermann","twitter_misc":{"Geschrieben von":"Tom Sundermann","Gesch\u00e4tzte Lesezeit":"3\u00a0Minuten"},"schema":{"@context":"https:\/\/schema.org","@graph":[{"@type":"WebPage","@id":"https:\/\/blog.zeit.de\/nsu-prozess-blog\/2015\/11\/20\/medienlog-misstrauen-zschaepe-fingerabdruecke-nsu\/","url":"https:\/\/blog.zeit.de\/nsu-prozess-blog\/2015\/11\/20\/medienlog-misstrauen-zschaepe-fingerabdruecke-nsu\/","name":"Ein tiefer Graben des Misstrauens \u2013 Das Medienlog vom Freitag, 20. November 2015 - Das NSU-Prozess-Blog","isPartOf":{"@id":"https:\/\/blog.zeit.de\/nsu-prozess-blog\/#website"},"datePublished":"2015-11-20T07:42:08+00:00","dateModified":"2015-11-20T08:37:02+00:00","author":{"@id":"https:\/\/blog.zeit.de\/nsu-prozess-blog\/#\/schema\/person\/553ea9bb5d1fc2ae054c589bd59380a5"},"breadcrumb":{"@id":"https:\/\/blog.zeit.de\/nsu-prozess-blog\/2015\/11\/20\/medienlog-misstrauen-zschaepe-fingerabdruecke-nsu\/#breadcrumb"},"inLanguage":"de","potentialAction":[{"@type":"ReadAction","target":["https:\/\/blog.zeit.de\/nsu-prozess-blog\/2015\/11\/20\/medienlog-misstrauen-zschaepe-fingerabdruecke-nsu\/"]}]},{"@type":"BreadcrumbList","@id":"https:\/\/blog.zeit.de\/nsu-prozess-blog\/2015\/11\/20\/medienlog-misstrauen-zschaepe-fingerabdruecke-nsu\/#breadcrumb","itemListElement":[{"@type":"ListItem","position":1,"name":"Startseite","item":"https:\/\/blog.zeit.de\/nsu-prozess-blog\/"},{"@type":"ListItem","position":2,"name":"Ein tiefer Graben des Misstrauens \u2013 Das Medienlog vom Freitag, 20. November 2015"}]},{"@type":"WebSite","@id":"https:\/\/blog.zeit.de\/nsu-prozess-blog\/#website","url":"https:\/\/blog.zeit.de\/nsu-prozess-blog\/","name":"Das NSU-Prozess-Blog","description":"Alle Berichte zum Terrorverfahren in M\u00fcnchen","potentialAction":[{"@type":"SearchAction","target":{"@type":"EntryPoint","urlTemplate":"https:\/\/blog.zeit.de\/nsu-prozess-blog\/?s={search_term_string}"},"query-input":"required name=search_term_string"}],"inLanguage":"de"},{"@type":"Person","@id":"https:\/\/blog.zeit.de\/nsu-prozess-blog\/#\/schema\/person\/553ea9bb5d1fc2ae054c589bd59380a5","name":"Tom Sundermann","image":{"@type":"ImageObject","inLanguage":"de","@id":"https:\/\/blog.zeit.de\/nsu-prozess-blog\/#\/schema\/person\/image\/","url":"https:\/\/secure.gravatar.com\/avatar\/e108a3dc18766f719b2f797dc5d19093f06a1870c55b553ab6b7563f1f9a5e68?s=96&d=mm&r=g","contentUrl":"https:\/\/secure.gravatar.com\/avatar\/e108a3dc18766f719b2f797dc5d19093f06a1870c55b553ab6b7563f1f9a5e68?s=96&d=mm&r=g","caption":"Tom Sundermann"},"sameAs":["https:\/\/twitter.com\/messeticker"],"url":"https:\/\/blog.zeit.de\/nsu-prozess-blog\/author\/tsundermann\/"}]}},"jetpack_featured_media_url":"","jetpack_sharing_enabled":true,"_links":{"self":[{"href":"https:\/\/blog.zeit.de\/nsu-prozess-blog\/wp-json\/wp\/v2\/posts\/10361","targetHints":{"allow":["GET"]}}],"collection":[{"href":"https:\/\/blog.zeit.de\/nsu-prozess-blog\/wp-json\/wp\/v2\/posts"}],"about":[{"href":"https:\/\/blog.zeit.de\/nsu-prozess-blog\/wp-json\/wp\/v2\/types\/post"}],"author":[{"embeddable":true,"href":"https:\/\/blog.zeit.de\/nsu-prozess-blog\/wp-json\/wp\/v2\/users\/435"}],"replies":[{"embeddable":true,"href":"https:\/\/blog.zeit.de\/nsu-prozess-blog\/wp-json\/wp\/v2\/comments?post=10361"}],"version-history":[{"count":5,"href":"https:\/\/blog.zeit.de\/nsu-prozess-blog\/wp-json\/wp\/v2\/posts\/10361\/revisions"}],"predecessor-version":[{"id":10366,"href":"https:\/\/blog.zeit.de\/nsu-prozess-blog\/wp-json\/wp\/v2\/posts\/10361\/revisions\/10366"}],"wp:attachment":[{"href":"https:\/\/blog.zeit.de\/nsu-prozess-blog\/wp-json\/wp\/v2\/media?parent=10361"}],"wp:term":[{"taxonomy":"category","embeddable":true,"href":"https:\/\/blog.zeit.de\/nsu-prozess-blog\/wp-json\/wp\/v2\/categories?post=10361"},{"taxonomy":"post_tag","embeddable":true,"href":"https:\/\/blog.zeit.de\/nsu-prozess-blog\/wp-json\/wp\/v2\/tags?post=10361"}],"curies":[{"name":"wp","href":"https:\/\/api.w.org\/{rel}","templated":true}]}}