{"id":10368,"date":"2015-11-23T08:24:01","date_gmt":"2015-11-23T07:24:01","guid":{"rendered":"http:\/\/blog.zeit.de\/nsu-prozess-blog\/?p=10368"},"modified":"2015-11-23T11:21:14","modified_gmt":"2015-11-23T10:21:14","slug":"medienlog-nsu-zschaepe-aussage-theorien","status":"publish","type":"post","link":"https:\/\/blog.zeit.de\/nsu-prozess-blog\/2015\/11\/23\/medienlog-nsu-zschaepe-aussage-theorien\/","title":{"rendered":"Das k\u00f6nnte Beate Zsch\u00e4pe aussagen \u2013 Das Medienlog vom Montag, 23. November 2015"},"content":{"rendered":"<p>Der geplante Tag von <a href=\"https:\/\/blog.zeit.de\/nsu-prozess-blog\/2015\/11\/11\/medienlog-nsu-zschaepe-aussage-verschoben\/\">Beate Zsch\u00e4pes Aussage vor Gericht<\/a>, der 8. Dezember, r\u00fcckt n\u00e4her. Unterdessen mehren sich \u00dcberlegungen, was Zsch\u00e4pe im Gericht durch ihren Anwalt verlesen lassen will. M\u00f6gliche Aussagestrategien fasst Jens Eumann von der <a href=\"http:\/\/www.freiepresse.de\/NACHRICHTEN\/TOP-THEMA\/Die-Wandlung-der-Beate-Zschaepe-artikel9360705.php\" target=\"_blank\"><em>Chemnitzer Freien Presse<\/em><\/a> zusammen. Geradezu abwegig scheint demnach angesichts zahlreicher Beweise, dass Zsch\u00e4pe sich unwissend gibt. &#8222;13 Jahre gemeinsam im Untergrund ohne jede Ahnung? Eine solche Erkl\u00e4rung ist sehr unwahrscheinlich&#8220;, schreibt der Autor. Wahrscheinlicher sei, dass sie den NSU als eine Art Familie darstellt, aus dessen F\u00e4ngen sie nicht ausbrechen konnte. Zudem k\u00f6nnte sie versuchen, in ihrer Einlassung m\u00f6gliche Unterst\u00fctzer der Terrorzelle reinzuwaschen.<\/p>\n<p><!--more--><\/p>\n<p><em>An jedem Werktag sichten wir f\u00fcr das NSU-Prozess-Blog die Medien und stellen wichtige Berichte, Blogs, Videos und Tweets zusammen. Wir freuen uns \u00fcber Hinweise via Twitter mit dem Hashtag #nsublog \u2013 oder per E-Mail an <a href=\"mailto:nsublog@zeit.de\">nsublog@zeit.de<\/a>.<\/em><\/p>\n<p>Zur angek\u00fcndigten Aussage von Zsch\u00e4pe hat sich nun auch der Pr\u00e4sident des Bundesverfassungsschutzes, Hans-Georg Maa\u00dfen, ge\u00e4u\u00dfert. &#8222;Es ist ganz wichtig auch mit Blick auf die Angeh\u00f6rigen der Opfer, dass Frau Zsch\u00e4pe redet, damit endlich Klarheit besteht&#8220;, <a href=\"http:\/\/www.n-tv.de\/politik\/Maassen-setzt-voll-auf-Zschaepes-Aussage-article16406771.html\" target=\"_blank\">sagte er<\/a> der Funke-Mediengruppe. Maa\u00dfen ging auch auf den Fall ein, dass sich Zsch\u00e4pe zu einer kolportierten Zusammenarbeit mit dem Verfassungsschutz \u00e4u\u00dfern k\u00f6nnte: &#8222;Ich hoffe, dass es nicht zu weiteren Spekulationen \u00fcber die Rolle der Sicherheitsbeh\u00f6rden kommt. Ihre Aussage ist auch eine Chance, Verschw\u00f6rungstheorien zu entkr\u00e4ften.&#8220;<\/p>\n<p><em>Das n\u00e4chste Medienlog erscheint am Dienstag, 24. November 2015.<\/em><\/p>\n","protected":false},"excerpt":{"rendered":"<p>Der geplante Tag von Beate Zsch\u00e4pes Aussage vor Gericht, der 8. Dezember, r\u00fcckt n\u00e4her. Unterdessen mehren sich \u00dcberlegungen, was Zsch\u00e4pe im Gericht durch ihren Anwalt verlesen lassen will. M\u00f6gliche Aussagestrategien fasst Jens Eumann von der Chemnitzer Freien Presse zusammen. Geradezu abwegig scheint demnach angesichts zahlreicher Beweise, dass Zsch\u00e4pe sich unwissend gibt. &#8222;13 Jahre gemeinsam im [&hellip;]<\/p>\n","protected":false},"author":435,"featured_media":0,"comment_status":"open","ping_status":"open","sticky":false,"template":"","format":"standard","meta":{"_jetpack_memberships_contains_paid_content":false,"footnotes":""},"categories":[27531],"tags":[17793,27772,35395,1836,35391],"class_list":["post-10368","post","type-post","status-publish","format-standard","hentry","category-medienschau","tag-beate-zschape","tag-bundesverfassungsschutz","tag-hans-georg-maasen","tag-verfassungsschutz","tag-zschape-aussage"],"yoast_head":"<!-- This site is optimized with the Yoast SEO plugin v21.0 - https:\/\/yoast.com\/wordpress\/plugins\/seo\/ -->\n<title>Das k\u00f6nnte Beate Zsch\u00e4pe aussagen \u2013 Das Medienlog vom Montag, 23. November 2015 - Das NSU-Prozess-Blog<\/title>\n<meta name=\"robots\" content=\"index, follow, max-snippet:-1, max-image-preview:large, max-video-preview:-1\" \/>\n<link rel=\"canonical\" href=\"https:\/\/blog.zeit.de\/nsu-prozess-blog\/2015\/11\/23\/medienlog-nsu-zschaepe-aussage-theorien\/\" \/>\n<meta property=\"og:locale\" content=\"de_DE\" \/>\n<meta property=\"og:type\" content=\"article\" \/>\n<meta property=\"og:title\" content=\"Das k\u00f6nnte Beate Zsch\u00e4pe aussagen \u2013 Das Medienlog vom Montag, 23. November 2015 - Das NSU-Prozess-Blog\" \/>\n<meta property=\"og:description\" content=\"Der geplante Tag von Beate Zsch\u00e4pes Aussage vor Gericht, der 8. Dezember, r\u00fcckt n\u00e4her. Unterdessen mehren sich \u00dcberlegungen, was Zsch\u00e4pe im Gericht durch ihren Anwalt verlesen lassen will. M\u00f6gliche Aussagestrategien fasst Jens Eumann von der Chemnitzer Freien Presse zusammen. Geradezu abwegig scheint demnach angesichts zahlreicher Beweise, dass Zsch\u00e4pe sich unwissend gibt. &#8222;13 Jahre gemeinsam im [&hellip;]\" \/>\n<meta property=\"og:url\" content=\"https:\/\/blog.zeit.de\/nsu-prozess-blog\/2015\/11\/23\/medienlog-nsu-zschaepe-aussage-theorien\/\" \/>\n<meta property=\"og:site_name\" content=\"Das NSU-Prozess-Blog\" \/>\n<meta property=\"article:published_time\" content=\"2015-11-23T07:24:01+00:00\" \/>\n<meta property=\"article:modified_time\" content=\"2015-11-23T10:21:14+00:00\" \/>\n<meta name=\"author\" content=\"Tom Sundermann\" \/>\n<meta name=\"twitter:label1\" content=\"Geschrieben von\" \/>\n\t<meta name=\"twitter:data1\" content=\"Tom Sundermann\" \/>\n\t<meta name=\"twitter:label2\" content=\"Gesch\u00e4tzte Lesezeit\" \/>\n\t<meta name=\"twitter:data2\" content=\"1\u00a0Minute\" \/>\n<script type=\"application\/ld+json\" class=\"yoast-schema-graph\">{\"@context\":\"https:\/\/schema.org\",\"@graph\":[{\"@type\":\"WebPage\",\"@id\":\"https:\/\/blog.zeit.de\/nsu-prozess-blog\/2015\/11\/23\/medienlog-nsu-zschaepe-aussage-theorien\/\",\"url\":\"https:\/\/blog.zeit.de\/nsu-prozess-blog\/2015\/11\/23\/medienlog-nsu-zschaepe-aussage-theorien\/\",\"name\":\"Das k\u00f6nnte Beate Zsch\u00e4pe aussagen \u2013 Das Medienlog vom Montag, 23. November 2015 - Das NSU-Prozess-Blog\",\"isPartOf\":{\"@id\":\"https:\/\/blog.zeit.de\/nsu-prozess-blog\/#website\"},\"datePublished\":\"2015-11-23T07:24:01+00:00\",\"dateModified\":\"2015-11-23T10:21:14+00:00\",\"author\":{\"@id\":\"https:\/\/blog.zeit.de\/nsu-prozess-blog\/#\/schema\/person\/553ea9bb5d1fc2ae054c589bd59380a5\"},\"breadcrumb\":{\"@id\":\"https:\/\/blog.zeit.de\/nsu-prozess-blog\/2015\/11\/23\/medienlog-nsu-zschaepe-aussage-theorien\/#breadcrumb\"},\"inLanguage\":\"de\",\"potentialAction\":[{\"@type\":\"ReadAction\",\"target\":[\"https:\/\/blog.zeit.de\/nsu-prozess-blog\/2015\/11\/23\/medienlog-nsu-zschaepe-aussage-theorien\/\"]}]},{\"@type\":\"BreadcrumbList\",\"@id\":\"https:\/\/blog.zeit.de\/nsu-prozess-blog\/2015\/11\/23\/medienlog-nsu-zschaepe-aussage-theorien\/#breadcrumb\",\"itemListElement\":[{\"@type\":\"ListItem\",\"position\":1,\"name\":\"Startseite\",\"item\":\"https:\/\/blog.zeit.de\/nsu-prozess-blog\/\"},{\"@type\":\"ListItem\",\"position\":2,\"name\":\"Das k\u00f6nnte Beate Zsch\u00e4pe aussagen \u2013 Das Medienlog vom Montag, 23. November 2015\"}]},{\"@type\":\"WebSite\",\"@id\":\"https:\/\/blog.zeit.de\/nsu-prozess-blog\/#website\",\"url\":\"https:\/\/blog.zeit.de\/nsu-prozess-blog\/\",\"name\":\"Das NSU-Prozess-Blog\",\"description\":\"Alle Berichte zum Terrorverfahren in M\u00fcnchen\",\"potentialAction\":[{\"@type\":\"SearchAction\",\"target\":{\"@type\":\"EntryPoint\",\"urlTemplate\":\"https:\/\/blog.zeit.de\/nsu-prozess-blog\/?s={search_term_string}\"},\"query-input\":\"required name=search_term_string\"}],\"inLanguage\":\"de\"},{\"@type\":\"Person\",\"@id\":\"https:\/\/blog.zeit.de\/nsu-prozess-blog\/#\/schema\/person\/553ea9bb5d1fc2ae054c589bd59380a5\",\"name\":\"Tom Sundermann\",\"image\":{\"@type\":\"ImageObject\",\"inLanguage\":\"de\",\"@id\":\"https:\/\/blog.zeit.de\/nsu-prozess-blog\/#\/schema\/person\/image\/\",\"url\":\"https:\/\/secure.gravatar.com\/avatar\/e108a3dc18766f719b2f797dc5d19093f06a1870c55b553ab6b7563f1f9a5e68?s=96&d=mm&r=g\",\"contentUrl\":\"https:\/\/secure.gravatar.com\/avatar\/e108a3dc18766f719b2f797dc5d19093f06a1870c55b553ab6b7563f1f9a5e68?s=96&d=mm&r=g\",\"caption\":\"Tom Sundermann\"},\"sameAs\":[\"https:\/\/twitter.com\/messeticker\"],\"url\":\"https:\/\/blog.zeit.de\/nsu-prozess-blog\/author\/tsundermann\/\"}]}<\/script>\n<!-- \/ Yoast SEO plugin. -->","yoast_head_json":{"title":"Das k\u00f6nnte Beate Zsch\u00e4pe aussagen \u2013 Das Medienlog vom Montag, 23. November 2015 - Das NSU-Prozess-Blog","robots":{"index":"index","follow":"follow","max-snippet":"max-snippet:-1","max-image-preview":"max-image-preview:large","max-video-preview":"max-video-preview:-1"},"canonical":"https:\/\/blog.zeit.de\/nsu-prozess-blog\/2015\/11\/23\/medienlog-nsu-zschaepe-aussage-theorien\/","og_locale":"de_DE","og_type":"article","og_title":"Das k\u00f6nnte Beate Zsch\u00e4pe aussagen \u2013 Das Medienlog vom Montag, 23. November 2015 - Das NSU-Prozess-Blog","og_description":"Der geplante Tag von Beate Zsch\u00e4pes Aussage vor Gericht, der 8. Dezember, r\u00fcckt n\u00e4her. Unterdessen mehren sich \u00dcberlegungen, was Zsch\u00e4pe im Gericht durch ihren Anwalt verlesen lassen will. M\u00f6gliche Aussagestrategien fasst Jens Eumann von der Chemnitzer Freien Presse zusammen. Geradezu abwegig scheint demnach angesichts zahlreicher Beweise, dass Zsch\u00e4pe sich unwissend gibt. &#8222;13 Jahre gemeinsam im [&hellip;]","og_url":"https:\/\/blog.zeit.de\/nsu-prozess-blog\/2015\/11\/23\/medienlog-nsu-zschaepe-aussage-theorien\/","og_site_name":"Das NSU-Prozess-Blog","article_published_time":"2015-11-23T07:24:01+00:00","article_modified_time":"2015-11-23T10:21:14+00:00","author":"Tom Sundermann","twitter_misc":{"Geschrieben von":"Tom Sundermann","Gesch\u00e4tzte Lesezeit":"1\u00a0Minute"},"schema":{"@context":"https:\/\/schema.org","@graph":[{"@type":"WebPage","@id":"https:\/\/blog.zeit.de\/nsu-prozess-blog\/2015\/11\/23\/medienlog-nsu-zschaepe-aussage-theorien\/","url":"https:\/\/blog.zeit.de\/nsu-prozess-blog\/2015\/11\/23\/medienlog-nsu-zschaepe-aussage-theorien\/","name":"Das k\u00f6nnte Beate Zsch\u00e4pe aussagen \u2013 Das Medienlog vom Montag, 23. November 2015 - Das NSU-Prozess-Blog","isPartOf":{"@id":"https:\/\/blog.zeit.de\/nsu-prozess-blog\/#website"},"datePublished":"2015-11-23T07:24:01+00:00","dateModified":"2015-11-23T10:21:14+00:00","author":{"@id":"https:\/\/blog.zeit.de\/nsu-prozess-blog\/#\/schema\/person\/553ea9bb5d1fc2ae054c589bd59380a5"},"breadcrumb":{"@id":"https:\/\/blog.zeit.de\/nsu-prozess-blog\/2015\/11\/23\/medienlog-nsu-zschaepe-aussage-theorien\/#breadcrumb"},"inLanguage":"de","potentialAction":[{"@type":"ReadAction","target":["https:\/\/blog.zeit.de\/nsu-prozess-blog\/2015\/11\/23\/medienlog-nsu-zschaepe-aussage-theorien\/"]}]},{"@type":"BreadcrumbList","@id":"https:\/\/blog.zeit.de\/nsu-prozess-blog\/2015\/11\/23\/medienlog-nsu-zschaepe-aussage-theorien\/#breadcrumb","itemListElement":[{"@type":"ListItem","position":1,"name":"Startseite","item":"https:\/\/blog.zeit.de\/nsu-prozess-blog\/"},{"@type":"ListItem","position":2,"name":"Das k\u00f6nnte Beate Zsch\u00e4pe aussagen \u2013 Das Medienlog vom Montag, 23. November 2015"}]},{"@type":"WebSite","@id":"https:\/\/blog.zeit.de\/nsu-prozess-blog\/#website","url":"https:\/\/blog.zeit.de\/nsu-prozess-blog\/","name":"Das NSU-Prozess-Blog","description":"Alle Berichte zum Terrorverfahren in M\u00fcnchen","potentialAction":[{"@type":"SearchAction","target":{"@type":"EntryPoint","urlTemplate":"https:\/\/blog.zeit.de\/nsu-prozess-blog\/?s={search_term_string}"},"query-input":"required name=search_term_string"}],"inLanguage":"de"},{"@type":"Person","@id":"https:\/\/blog.zeit.de\/nsu-prozess-blog\/#\/schema\/person\/553ea9bb5d1fc2ae054c589bd59380a5","name":"Tom Sundermann","image":{"@type":"ImageObject","inLanguage":"de","@id":"https:\/\/blog.zeit.de\/nsu-prozess-blog\/#\/schema\/person\/image\/","url":"https:\/\/secure.gravatar.com\/avatar\/e108a3dc18766f719b2f797dc5d19093f06a1870c55b553ab6b7563f1f9a5e68?s=96&d=mm&r=g","contentUrl":"https:\/\/secure.gravatar.com\/avatar\/e108a3dc18766f719b2f797dc5d19093f06a1870c55b553ab6b7563f1f9a5e68?s=96&d=mm&r=g","caption":"Tom Sundermann"},"sameAs":["https:\/\/twitter.com\/messeticker"],"url":"https:\/\/blog.zeit.de\/nsu-prozess-blog\/author\/tsundermann\/"}]}},"jetpack_featured_media_url":"","jetpack_sharing_enabled":true,"_links":{"self":[{"href":"https:\/\/blog.zeit.de\/nsu-prozess-blog\/wp-json\/wp\/v2\/posts\/10368","targetHints":{"allow":["GET"]}}],"collection":[{"href":"https:\/\/blog.zeit.de\/nsu-prozess-blog\/wp-json\/wp\/v2\/posts"}],"about":[{"href":"https:\/\/blog.zeit.de\/nsu-prozess-blog\/wp-json\/wp\/v2\/types\/post"}],"author":[{"embeddable":true,"href":"https:\/\/blog.zeit.de\/nsu-prozess-blog\/wp-json\/wp\/v2\/users\/435"}],"replies":[{"embeddable":true,"href":"https:\/\/blog.zeit.de\/nsu-prozess-blog\/wp-json\/wp\/v2\/comments?post=10368"}],"version-history":[{"count":4,"href":"https:\/\/blog.zeit.de\/nsu-prozess-blog\/wp-json\/wp\/v2\/posts\/10368\/revisions"}],"predecessor-version":[{"id":10374,"href":"https:\/\/blog.zeit.de\/nsu-prozess-blog\/wp-json\/wp\/v2\/posts\/10368\/revisions\/10374"}],"wp:attachment":[{"href":"https:\/\/blog.zeit.de\/nsu-prozess-blog\/wp-json\/wp\/v2\/media?parent=10368"}],"wp:term":[{"taxonomy":"category","embeddable":true,"href":"https:\/\/blog.zeit.de\/nsu-prozess-blog\/wp-json\/wp\/v2\/categories?post=10368"},{"taxonomy":"post_tag","embeddable":true,"href":"https:\/\/blog.zeit.de\/nsu-prozess-blog\/wp-json\/wp\/v2\/tags?post=10368"}],"curies":[{"name":"wp","href":"https:\/\/api.w.org\/{rel}","templated":true}]}}