{"id":10382,"date":"2015-11-25T07:55:31","date_gmt":"2015-11-25T06:55:31","guid":{"rendered":"http:\/\/blog.zeit.de\/nsu-prozess-blog\/?p=10382"},"modified":"2015-11-25T08:59:07","modified_gmt":"2015-11-25T07:59:07","slug":"medienlog-antrag-abgelehnt-wohlleben-nsu","status":"publish","type":"post","link":"https:\/\/blog.zeit.de\/nsu-prozess-blog\/2015\/11\/25\/medienlog-antrag-abgelehnt-wohlleben-nsu\/","title":{"rendered":"Der Prozess kann weitergehen \u2013 Das Medienlog vom Mittwoch, 25. November 2015"},"content":{"rendered":"<p>Die meisten Prozessbeobachter hatten das Ergebnis erwartet, nun hat das Gericht entschieden: Der Befangenheitsantrag der Anw\u00e4lte von Ralf Wohlleben <a href=\"http:\/\/www.zeit.de\/gesellschaft\/zeitgeschehen\/2015-11\/nsu-prozess-befangenheitsantrag-beate-zschaepe\">gegen alle f\u00fcnf NSU-Richter ist abgelehnt<\/a>, ebenso die Forderung von Beate Zsch\u00e4pes Verteidigern <a href=\"https:\/\/blog.zeit.de\/nsu-prozess-blog\/2015\/11\/11\/medienlog-nsu-zschaepe-aussage-verschoben\/\">nach ihrer eigenen Entlassung<\/a>. F\u00fcr Gisela Friedrichsen von <a href=\"http:\/\/www.spiegel.de\/panorama\/justiz\/nsu-prozess-richter-lehnen-befangenheitsantrag-ab-a-1064378.html\" target=\"_blank\"><em>Spiegel Online<\/em><\/a> eine gute Nachricht: &#8222;Nun geht es endlich mit der Beweisaufnahme voran.&#8220;<\/p>\n<p><!--more--><\/p>\n<p>\u00dcber den Befangenheitsantrag hatten drei andere Richter des Oberlandesgerichts entschieden, die nicht mit dem Fall NSU befasst sind. Wohllebens Anw\u00e4lte hatten sich darauf berufen, dass ihrem Mandanten Nachteile entst\u00fcnden, da Zsch\u00e4pe wegen des <a href=\"https:\/\/blog.zeit.de\/nsu-prozess-blog\/2015\/07\/28\/die-aufklaerung-darf-nicht-aufhoeren\/\">Konflikts mit ihren drei Stammverteidigern<\/a> Wolfgang Stahl, Wolfgang Heer und Anja Sturm nicht ordnungsgem\u00e4\u00df verteidigt werde. Ob das tats\u00e4chlich der Fall ist, sei derzeit unklar, schreibt Friedrichsen: &#8222;Das wird sich m\u00f6glicherweise erst am Ende des NSU-Prozesses beantworten lassen.&#8220;<\/p>\n<p>Mit der Ablehnung der Gesuche bleibe zun\u00e4chst alles beim Alten, kommentiert Mira Barthelmann vom <a href=\"http:\/\/www.br.de\/nachrichten\/nsu-prozess\/151124-tagebuch-gerichtsreporter-100.html\" target=\"_blank\">Bayerischen Rundfunk<\/a>. &#8222;Denn mit der <a href=\"https:\/\/blog.zeit.de\/nsu-prozess-blog\/2015\/11\/10\/medienlog-nsu-zschaepe-aussage-geplant\/\">Aussage von Zsch\u00e4pe<\/a> k\u00f6nnte dieser Prozess noch einmal erheblich in Bewegung geraten.&#8220;<\/p>\n<p><em>An jedem Werktag sichten wir f\u00fcr das NSU-Prozess-Blog die Medien und stellen wichtige Berichte, Blogs, Videos und Tweets zusammen. Wir freuen uns \u00fcber Hinweise via Twitter mit dem Hashtag #nsublog \u2013 oder per E-Mail an <a href=\"mailto:nsublog@zeit.de\">nsublog@zeit.de<\/a>.<\/em><\/p>\n<p><em>Das n\u00e4chste Medienlog erscheint am Donnerstag, 26. November 2015.<\/em><\/p>\n","protected":false},"excerpt":{"rendered":"<p>Die meisten Prozessbeobachter hatten das Ergebnis erwartet, nun hat das Gericht entschieden: Der Befangenheitsantrag der Anw\u00e4lte von Ralf Wohlleben gegen alle f\u00fcnf NSU-Richter ist abgelehnt, ebenso die Forderung von Beate Zsch\u00e4pes Verteidigern nach ihrer eigenen Entlassung. F\u00fcr Gisela Friedrichsen von Spiegel Online eine gute Nachricht: &#8222;Nun geht es endlich mit der Beweisaufnahme voran.&#8220;<\/p>\n","protected":false},"author":435,"featured_media":10391,"comment_status":"open","ping_status":"open","sticky":false,"template":"","format":"standard","meta":{"_jetpack_memberships_contains_paid_content":false,"footnotes":""},"categories":[27531],"tags":[27575,29430,29533,27565,29427],"class_list":["post-10382","post","type-post","status-publish","format-standard","has-post-thumbnail","hentry","category-medienschau","tag-anja-sturm","tag-befangenheitsantrag","tag-entpflichtung","tag-wolfgang-heer","tag-wolfgang-stahl"],"yoast_head":"<!-- This site is optimized with the Yoast SEO plugin v21.0 - https:\/\/yoast.com\/wordpress\/plugins\/seo\/ -->\n<title>Der Prozess kann weitergehen \u2013 Das Medienlog vom Mittwoch, 25. November 2015 - Das NSU-Prozess-Blog<\/title>\n<meta name=\"robots\" content=\"index, follow, max-snippet:-1, max-image-preview:large, max-video-preview:-1\" \/>\n<link rel=\"canonical\" href=\"https:\/\/blog.zeit.de\/nsu-prozess-blog\/2015\/11\/25\/medienlog-antrag-abgelehnt-wohlleben-nsu\/\" \/>\n<meta property=\"og:locale\" content=\"de_DE\" \/>\n<meta property=\"og:type\" content=\"article\" \/>\n<meta property=\"og:title\" content=\"Der Prozess kann weitergehen \u2013 Das Medienlog vom Mittwoch, 25. November 2015 - Das NSU-Prozess-Blog\" \/>\n<meta property=\"og:description\" content=\"Die meisten Prozessbeobachter hatten das Ergebnis erwartet, nun hat das Gericht entschieden: Der Befangenheitsantrag der Anw\u00e4lte von Ralf Wohlleben gegen alle f\u00fcnf NSU-Richter ist abgelehnt, ebenso die Forderung von Beate Zsch\u00e4pes Verteidigern nach ihrer eigenen Entlassung. F\u00fcr Gisela Friedrichsen von Spiegel Online eine gute Nachricht: &#8222;Nun geht es endlich mit der Beweisaufnahme voran.&#8220;\" \/>\n<meta property=\"og:url\" content=\"https:\/\/blog.zeit.de\/nsu-prozess-blog\/2015\/11\/25\/medienlog-antrag-abgelehnt-wohlleben-nsu\/\" \/>\n<meta property=\"og:site_name\" content=\"Das NSU-Prozess-Blog\" \/>\n<meta property=\"article:published_time\" content=\"2015-11-25T06:55:31+00:00\" \/>\n<meta property=\"article:modified_time\" content=\"2015-11-25T07:59:07+00:00\" \/>\n<meta property=\"og:image\" content=\"https:\/\/blog.zeit.de\/nsu-prozess-blog\/files\/2015\/11\/raw.jpg\" \/>\n\t<meta property=\"og:image:width\" content=\"1000\" \/>\n\t<meta property=\"og:image:height\" content=\"562\" \/>\n\t<meta property=\"og:image:type\" content=\"image\/jpeg\" \/>\n<meta name=\"author\" content=\"Tom Sundermann\" \/>\n<meta name=\"twitter:label1\" content=\"Geschrieben von\" \/>\n\t<meta name=\"twitter:data1\" content=\"Tom Sundermann\" \/>\n\t<meta name=\"twitter:label2\" content=\"Gesch\u00e4tzte Lesezeit\" \/>\n\t<meta name=\"twitter:data2\" content=\"1\u00a0Minute\" \/>\n<script type=\"application\/ld+json\" class=\"yoast-schema-graph\">{\"@context\":\"https:\/\/schema.org\",\"@graph\":[{\"@type\":\"WebPage\",\"@id\":\"https:\/\/blog.zeit.de\/nsu-prozess-blog\/2015\/11\/25\/medienlog-antrag-abgelehnt-wohlleben-nsu\/\",\"url\":\"https:\/\/blog.zeit.de\/nsu-prozess-blog\/2015\/11\/25\/medienlog-antrag-abgelehnt-wohlleben-nsu\/\",\"name\":\"Der Prozess kann weitergehen \u2013 Das Medienlog vom Mittwoch, 25. November 2015 - Das NSU-Prozess-Blog\",\"isPartOf\":{\"@id\":\"https:\/\/blog.zeit.de\/nsu-prozess-blog\/#website\"},\"datePublished\":\"2015-11-25T06:55:31+00:00\",\"dateModified\":\"2015-11-25T07:59:07+00:00\",\"author\":{\"@id\":\"https:\/\/blog.zeit.de\/nsu-prozess-blog\/#\/schema\/person\/553ea9bb5d1fc2ae054c589bd59380a5\"},\"breadcrumb\":{\"@id\":\"https:\/\/blog.zeit.de\/nsu-prozess-blog\/2015\/11\/25\/medienlog-antrag-abgelehnt-wohlleben-nsu\/#breadcrumb\"},\"inLanguage\":\"de\",\"potentialAction\":[{\"@type\":\"ReadAction\",\"target\":[\"https:\/\/blog.zeit.de\/nsu-prozess-blog\/2015\/11\/25\/medienlog-antrag-abgelehnt-wohlleben-nsu\/\"]}]},{\"@type\":\"BreadcrumbList\",\"@id\":\"https:\/\/blog.zeit.de\/nsu-prozess-blog\/2015\/11\/25\/medienlog-antrag-abgelehnt-wohlleben-nsu\/#breadcrumb\",\"itemListElement\":[{\"@type\":\"ListItem\",\"position\":1,\"name\":\"Startseite\",\"item\":\"https:\/\/blog.zeit.de\/nsu-prozess-blog\/\"},{\"@type\":\"ListItem\",\"position\":2,\"name\":\"Der Prozess kann weitergehen \u2013 Das Medienlog vom Mittwoch, 25. November 2015\"}]},{\"@type\":\"WebSite\",\"@id\":\"https:\/\/blog.zeit.de\/nsu-prozess-blog\/#website\",\"url\":\"https:\/\/blog.zeit.de\/nsu-prozess-blog\/\",\"name\":\"Das NSU-Prozess-Blog\",\"description\":\"Alle Berichte zum Terrorverfahren in M\u00fcnchen\",\"potentialAction\":[{\"@type\":\"SearchAction\",\"target\":{\"@type\":\"EntryPoint\",\"urlTemplate\":\"https:\/\/blog.zeit.de\/nsu-prozess-blog\/?s={search_term_string}\"},\"query-input\":\"required name=search_term_string\"}],\"inLanguage\":\"de\"},{\"@type\":\"Person\",\"@id\":\"https:\/\/blog.zeit.de\/nsu-prozess-blog\/#\/schema\/person\/553ea9bb5d1fc2ae054c589bd59380a5\",\"name\":\"Tom Sundermann\",\"image\":{\"@type\":\"ImageObject\",\"inLanguage\":\"de\",\"@id\":\"https:\/\/blog.zeit.de\/nsu-prozess-blog\/#\/schema\/person\/image\/\",\"url\":\"https:\/\/secure.gravatar.com\/avatar\/e108a3dc18766f719b2f797dc5d19093f06a1870c55b553ab6b7563f1f9a5e68?s=96&d=mm&r=g\",\"contentUrl\":\"https:\/\/secure.gravatar.com\/avatar\/e108a3dc18766f719b2f797dc5d19093f06a1870c55b553ab6b7563f1f9a5e68?s=96&d=mm&r=g\",\"caption\":\"Tom Sundermann\"},\"sameAs\":[\"https:\/\/twitter.com\/messeticker\"],\"url\":\"https:\/\/blog.zeit.de\/nsu-prozess-blog\/author\/tsundermann\/\"}]}<\/script>\n<!-- \/ Yoast SEO plugin. -->","yoast_head_json":{"title":"Der Prozess kann weitergehen \u2013 Das Medienlog vom Mittwoch, 25. November 2015 - Das NSU-Prozess-Blog","robots":{"index":"index","follow":"follow","max-snippet":"max-snippet:-1","max-image-preview":"max-image-preview:large","max-video-preview":"max-video-preview:-1"},"canonical":"https:\/\/blog.zeit.de\/nsu-prozess-blog\/2015\/11\/25\/medienlog-antrag-abgelehnt-wohlleben-nsu\/","og_locale":"de_DE","og_type":"article","og_title":"Der Prozess kann weitergehen \u2013 Das Medienlog vom Mittwoch, 25. November 2015 - Das NSU-Prozess-Blog","og_description":"Die meisten Prozessbeobachter hatten das Ergebnis erwartet, nun hat das Gericht entschieden: Der Befangenheitsantrag der Anw\u00e4lte von Ralf Wohlleben gegen alle f\u00fcnf NSU-Richter ist abgelehnt, ebenso die Forderung von Beate Zsch\u00e4pes Verteidigern nach ihrer eigenen Entlassung. F\u00fcr Gisela Friedrichsen von Spiegel Online eine gute Nachricht: &#8222;Nun geht es endlich mit der Beweisaufnahme voran.&#8220;","og_url":"https:\/\/blog.zeit.de\/nsu-prozess-blog\/2015\/11\/25\/medienlog-antrag-abgelehnt-wohlleben-nsu\/","og_site_name":"Das NSU-Prozess-Blog","article_published_time":"2015-11-25T06:55:31+00:00","article_modified_time":"2015-11-25T07:59:07+00:00","og_image":[{"width":1000,"height":562,"url":"https:\/\/blog.zeit.de\/nsu-prozess-blog\/files\/2015\/11\/raw.jpg","type":"image\/jpeg"}],"author":"Tom Sundermann","twitter_misc":{"Geschrieben von":"Tom Sundermann","Gesch\u00e4tzte Lesezeit":"1\u00a0Minute"},"schema":{"@context":"https:\/\/schema.org","@graph":[{"@type":"WebPage","@id":"https:\/\/blog.zeit.de\/nsu-prozess-blog\/2015\/11\/25\/medienlog-antrag-abgelehnt-wohlleben-nsu\/","url":"https:\/\/blog.zeit.de\/nsu-prozess-blog\/2015\/11\/25\/medienlog-antrag-abgelehnt-wohlleben-nsu\/","name":"Der Prozess kann weitergehen \u2013 Das Medienlog vom Mittwoch, 25. November 2015 - Das NSU-Prozess-Blog","isPartOf":{"@id":"https:\/\/blog.zeit.de\/nsu-prozess-blog\/#website"},"datePublished":"2015-11-25T06:55:31+00:00","dateModified":"2015-11-25T07:59:07+00:00","author":{"@id":"https:\/\/blog.zeit.de\/nsu-prozess-blog\/#\/schema\/person\/553ea9bb5d1fc2ae054c589bd59380a5"},"breadcrumb":{"@id":"https:\/\/blog.zeit.de\/nsu-prozess-blog\/2015\/11\/25\/medienlog-antrag-abgelehnt-wohlleben-nsu\/#breadcrumb"},"inLanguage":"de","potentialAction":[{"@type":"ReadAction","target":["https:\/\/blog.zeit.de\/nsu-prozess-blog\/2015\/11\/25\/medienlog-antrag-abgelehnt-wohlleben-nsu\/"]}]},{"@type":"BreadcrumbList","@id":"https:\/\/blog.zeit.de\/nsu-prozess-blog\/2015\/11\/25\/medienlog-antrag-abgelehnt-wohlleben-nsu\/#breadcrumb","itemListElement":[{"@type":"ListItem","position":1,"name":"Startseite","item":"https:\/\/blog.zeit.de\/nsu-prozess-blog\/"},{"@type":"ListItem","position":2,"name":"Der Prozess kann weitergehen \u2013 Das Medienlog vom Mittwoch, 25. November 2015"}]},{"@type":"WebSite","@id":"https:\/\/blog.zeit.de\/nsu-prozess-blog\/#website","url":"https:\/\/blog.zeit.de\/nsu-prozess-blog\/","name":"Das NSU-Prozess-Blog","description":"Alle Berichte zum Terrorverfahren in M\u00fcnchen","potentialAction":[{"@type":"SearchAction","target":{"@type":"EntryPoint","urlTemplate":"https:\/\/blog.zeit.de\/nsu-prozess-blog\/?s={search_term_string}"},"query-input":"required name=search_term_string"}],"inLanguage":"de"},{"@type":"Person","@id":"https:\/\/blog.zeit.de\/nsu-prozess-blog\/#\/schema\/person\/553ea9bb5d1fc2ae054c589bd59380a5","name":"Tom Sundermann","image":{"@type":"ImageObject","inLanguage":"de","@id":"https:\/\/blog.zeit.de\/nsu-prozess-blog\/#\/schema\/person\/image\/","url":"https:\/\/secure.gravatar.com\/avatar\/e108a3dc18766f719b2f797dc5d19093f06a1870c55b553ab6b7563f1f9a5e68?s=96&d=mm&r=g","contentUrl":"https:\/\/secure.gravatar.com\/avatar\/e108a3dc18766f719b2f797dc5d19093f06a1870c55b553ab6b7563f1f9a5e68?s=96&d=mm&r=g","caption":"Tom Sundermann"},"sameAs":["https:\/\/twitter.com\/messeticker"],"url":"https:\/\/blog.zeit.de\/nsu-prozess-blog\/author\/tsundermann\/"}]}},"jetpack_featured_media_url":"https:\/\/blog.zeit.de\/nsu-prozess-blog\/files\/2015\/11\/raw.jpg","jetpack_sharing_enabled":true,"_links":{"self":[{"href":"https:\/\/blog.zeit.de\/nsu-prozess-blog\/wp-json\/wp\/v2\/posts\/10382","targetHints":{"allow":["GET"]}}],"collection":[{"href":"https:\/\/blog.zeit.de\/nsu-prozess-blog\/wp-json\/wp\/v2\/posts"}],"about":[{"href":"https:\/\/blog.zeit.de\/nsu-prozess-blog\/wp-json\/wp\/v2\/types\/post"}],"author":[{"embeddable":true,"href":"https:\/\/blog.zeit.de\/nsu-prozess-blog\/wp-json\/wp\/v2\/users\/435"}],"replies":[{"embeddable":true,"href":"https:\/\/blog.zeit.de\/nsu-prozess-blog\/wp-json\/wp\/v2\/comments?post=10382"}],"version-history":[{"count":8,"href":"https:\/\/blog.zeit.de\/nsu-prozess-blog\/wp-json\/wp\/v2\/posts\/10382\/revisions"}],"predecessor-version":[{"id":10393,"href":"https:\/\/blog.zeit.de\/nsu-prozess-blog\/wp-json\/wp\/v2\/posts\/10382\/revisions\/10393"}],"wp:featuredmedia":[{"embeddable":true,"href":"https:\/\/blog.zeit.de\/nsu-prozess-blog\/wp-json\/wp\/v2\/media\/10391"}],"wp:attachment":[{"href":"https:\/\/blog.zeit.de\/nsu-prozess-blog\/wp-json\/wp\/v2\/media?parent=10382"}],"wp:term":[{"taxonomy":"category","embeddable":true,"href":"https:\/\/blog.zeit.de\/nsu-prozess-blog\/wp-json\/wp\/v2\/categories?post=10382"},{"taxonomy":"post_tag","embeddable":true,"href":"https:\/\/blog.zeit.de\/nsu-prozess-blog\/wp-json\/wp\/v2\/tags?post=10382"}],"curies":[{"name":"wp","href":"https:\/\/api.w.org\/{rel}","templated":true}]}}