{"id":10394,"date":"2015-11-26T08:23:42","date_gmt":"2015-11-26T07:23:42","guid":{"rendered":"http:\/\/blog.zeit.de\/nsu-prozess-blog\/?p=10394"},"modified":"2015-11-27T23:55:59","modified_gmt":"2015-11-27T22:55:59","slug":"medienlog-holger-g-beweise-szene-nsu","status":"publish","type":"post","link":"https:\/\/blog.zeit.de\/nsu-prozess-blog\/2015\/11\/26\/medienlog-holger-g-beweise-szene-nsu\/","title":{"rendered":"Gef\u00e4hrliche Beweise f\u00fcr den Angeklagten \u2013 Das Medienlog vom Donnerstag, 26. November 2015"},"content":{"rendered":"<p>Der Angeklagte Holger G. stand im Fokus des 246. Prozesstags \u2013 was <a href=\"http:\/\/www.zeit.de\/gesellschaft\/zeitgeschehen\/2013-06\/nsu-prozess-aussage-holger-g\">dem mutma\u00dflichen NSU-Helfer<\/a> nicht gefallen haben d\u00fcrfte: Beamte stellten Beweise von Festplatten und Handys aus G.s Besitz vor, die andeuteten, dass er bis zuletzt rechtsextremem Gedankengut anhing und Kontakt zur Nazi-Szene pflegte. G. selbst hatte zu Prozessbeginn ausgesagt, er sei 2004 aus der Szene ausgestiegen. Die Belege h\u00e4tten gezeigt, &#8222;dass dies eine reine Schutzbehauptung gewesen sein k\u00f6nnte&#8220;, bilanziert Oliver Bendixen vom <a href=\"http:\/\/www.br.de\/nachrichten\/nsu-prozess\/151125-tagebuch-gerichtsreporter-100.html\" target=\"_blank\">Bayerischen Rundfunk<\/a>.<\/p>\n<p><!--more--><\/p>\n<p><em>An jedem Werktag sichten wir f\u00fcr das NSU-Prozess-Blog die Medien und stellen wichtige Berichte, Blogs, Videos und Tweets zusammen. Wir freuen uns \u00fcber Hinweise via Twitter mit dem Hashtag #nsublog \u2013 oder per E-Mail an <a href=\"mailto:nsublog@zeit.de\">nsublog@zeit.de<\/a>.<\/em><\/p>\n<p>G. soll dem NSU Ausweispapiere \u00fcberlassen haben, die das in den Untergrund abgetauchte Trio zur Tarnung nutzte. Er selbst stritt dies in einer knappen Erkl\u00e4rung ab. Nun sei G.s Glaubw\u00fcrdigkeit ersch\u00fcttert, schreibt Bendixen. F\u00fcr die Anw\u00e4lte von Beate Zsch\u00e4pe sei dies &#8222;ein erfreulicher Tag&#8220; gewesen. G. hatte Zsch\u00e4pe in seiner Aussage belastet, was auch deren Verteidiger Wolfgang Stahl dazu veranlasste, den Mitangeklagten unglaubw\u00fcrdig zu nennen, <a href=\"http:\/\/www.welt.de\/politik\/deutschland\/article149263853\/Die-zweite-Identitaet-des-Uwe-Mundlos.html\" target=\"_blank\">berichtet die dpa<\/a>.<\/p>\n<p>Zsch\u00e4pe vertraut offenbar nur noch <a href=\"https:\/\/blog.zeit.de\/nsu-prozess-blog\/2015\/07\/07\/anwalt-im-blindflug\/\">ihrem neuen Verteidiger Mathias Grasel<\/a>, mit den drei alten Anw\u00e4lten wechselt sie kein Wort mehr. Tats\u00e4chlich gelte aber, &#8222;dass ihr Schicksal mehr denn je von deren Einsatz abh\u00e4ngt&#8220;, kommentiert Gisela Friedrichsen auf <a href=\"http:\/\/www.spiegel.de\/panorama\/justiz\/nsu-prozess-die-neue-strategie-von-zschaepe-verteidiger-stahl-a-1064540.html\" target=\"_blank\"><em>Spiegel Online<\/em><\/a>. Anwalt Stahl etwa &#8222;verteidigt nach den Regeln der Kunst und macht damit immer \u00f6fter ein St\u00fcck Boden f\u00fcr die Angeklagte gut&#8220;. So \u00e4u\u00dfere er sich immer wieder nach Zeugenbefragungen, statt auf ein einziges Schlusspl\u00e4doyer zu vertrauen. Sein heutiger Einwurf habe wie eine subtile Warnung an seine Mandantin geklungen, die <a href=\"https:\/\/blog.zeit.de\/nsu-prozess-blog\/2015\/11\/16\/medienlog-nsu-zschaepe-aussage-erwartungen\/\">gegen den Willen der Stammverteidiger aussagen will<\/a>.<\/p>\n<p>Eine Reportage im <a href=\"http:\/\/www.donaukurier.de\/nachrichten\/bayern\/Muenchen-Der-NSU-Prozess-abseits-der-Justiz-Wie-Besucher-einen-Tag-im-Muenchner-Oberlandesgericht-erleben;art155371,3150280\" target=\"_blank\"><em>Donaukurier<\/em><\/a> zeichnet nach, wie man als Besucher einen Tag im NSU-Prozess erlebt.<\/p>\n<p><em>Das n\u00e4chste Medienlog erscheint am Freitag, 27. November 2015.<\/em><\/p>\n","protected":false},"excerpt":{"rendered":"<p>Der Angeklagte Holger G. stand im Fokus des 246. Prozesstags \u2013 was dem mutma\u00dflichen NSU-Helfer nicht gefallen haben d\u00fcrfte: Beamte stellten Beweise von Festplatten und Handys aus G.s Besitz vor, die andeuteten, dass er bis zuletzt rechtsextremem Gedankengut anhing und Kontakt zur Nazi-Szene pflegte. G. selbst hatte zu Prozessbeginn ausgesagt, er sei 2004 aus der [&hellip;]<\/p>\n","protected":false},"author":435,"featured_media":0,"comment_status":"open","ping_status":"open","sticky":false,"template":"","format":"standard","meta":{"_jetpack_memberships_contains_paid_content":false,"footnotes":""},"categories":[27531],"tags":[29424,17793,27548,29510,29427],"class_list":["post-10394","post","type-post","status-publish","format-standard","hentry","category-medienschau","tag-anwalte","tag-beate-zschape","tag-holger-g","tag-szene","tag-wolfgang-stahl"],"yoast_head":"<!-- This site is optimized with the Yoast SEO plugin v21.0 - https:\/\/yoast.com\/wordpress\/plugins\/seo\/ -->\n<title>Gef\u00e4hrliche Beweise f\u00fcr den Angeklagten \u2013 Das Medienlog vom Donnerstag, 26. November 2015 - Das NSU-Prozess-Blog<\/title>\n<meta name=\"robots\" content=\"index, follow, max-snippet:-1, max-image-preview:large, max-video-preview:-1\" \/>\n<link rel=\"canonical\" href=\"https:\/\/blog.zeit.de\/nsu-prozess-blog\/2015\/11\/26\/medienlog-holger-g-beweise-szene-nsu\/\" \/>\n<meta property=\"og:locale\" content=\"de_DE\" \/>\n<meta property=\"og:type\" content=\"article\" \/>\n<meta property=\"og:title\" content=\"Gef\u00e4hrliche Beweise f\u00fcr den Angeklagten \u2013 Das Medienlog vom Donnerstag, 26. November 2015 - Das NSU-Prozess-Blog\" \/>\n<meta property=\"og:description\" content=\"Der Angeklagte Holger G. stand im Fokus des 246. Prozesstags \u2013 was dem mutma\u00dflichen NSU-Helfer nicht gefallen haben d\u00fcrfte: Beamte stellten Beweise von Festplatten und Handys aus G.s Besitz vor, die andeuteten, dass er bis zuletzt rechtsextremem Gedankengut anhing und Kontakt zur Nazi-Szene pflegte. G. selbst hatte zu Prozessbeginn ausgesagt, er sei 2004 aus der [&hellip;]\" \/>\n<meta property=\"og:url\" content=\"https:\/\/blog.zeit.de\/nsu-prozess-blog\/2015\/11\/26\/medienlog-holger-g-beweise-szene-nsu\/\" \/>\n<meta property=\"og:site_name\" content=\"Das NSU-Prozess-Blog\" \/>\n<meta property=\"article:published_time\" content=\"2015-11-26T07:23:42+00:00\" \/>\n<meta property=\"article:modified_time\" content=\"2015-11-27T22:55:59+00:00\" \/>\n<meta name=\"author\" content=\"Tom Sundermann\" \/>\n<meta name=\"twitter:label1\" content=\"Geschrieben von\" \/>\n\t<meta name=\"twitter:data1\" content=\"Tom Sundermann\" \/>\n\t<meta name=\"twitter:label2\" content=\"Gesch\u00e4tzte Lesezeit\" \/>\n\t<meta name=\"twitter:data2\" content=\"2\u00a0Minuten\" \/>\n<script type=\"application\/ld+json\" class=\"yoast-schema-graph\">{\"@context\":\"https:\/\/schema.org\",\"@graph\":[{\"@type\":\"WebPage\",\"@id\":\"https:\/\/blog.zeit.de\/nsu-prozess-blog\/2015\/11\/26\/medienlog-holger-g-beweise-szene-nsu\/\",\"url\":\"https:\/\/blog.zeit.de\/nsu-prozess-blog\/2015\/11\/26\/medienlog-holger-g-beweise-szene-nsu\/\",\"name\":\"Gef\u00e4hrliche Beweise f\u00fcr den Angeklagten \u2013 Das Medienlog vom Donnerstag, 26. November 2015 - Das NSU-Prozess-Blog\",\"isPartOf\":{\"@id\":\"https:\/\/blog.zeit.de\/nsu-prozess-blog\/#website\"},\"datePublished\":\"2015-11-26T07:23:42+00:00\",\"dateModified\":\"2015-11-27T22:55:59+00:00\",\"author\":{\"@id\":\"https:\/\/blog.zeit.de\/nsu-prozess-blog\/#\/schema\/person\/553ea9bb5d1fc2ae054c589bd59380a5\"},\"breadcrumb\":{\"@id\":\"https:\/\/blog.zeit.de\/nsu-prozess-blog\/2015\/11\/26\/medienlog-holger-g-beweise-szene-nsu\/#breadcrumb\"},\"inLanguage\":\"de\",\"potentialAction\":[{\"@type\":\"ReadAction\",\"target\":[\"https:\/\/blog.zeit.de\/nsu-prozess-blog\/2015\/11\/26\/medienlog-holger-g-beweise-szene-nsu\/\"]}]},{\"@type\":\"BreadcrumbList\",\"@id\":\"https:\/\/blog.zeit.de\/nsu-prozess-blog\/2015\/11\/26\/medienlog-holger-g-beweise-szene-nsu\/#breadcrumb\",\"itemListElement\":[{\"@type\":\"ListItem\",\"position\":1,\"name\":\"Startseite\",\"item\":\"https:\/\/blog.zeit.de\/nsu-prozess-blog\/\"},{\"@type\":\"ListItem\",\"position\":2,\"name\":\"Gef\u00e4hrliche Beweise f\u00fcr den Angeklagten \u2013 Das Medienlog vom Donnerstag, 26. November 2015\"}]},{\"@type\":\"WebSite\",\"@id\":\"https:\/\/blog.zeit.de\/nsu-prozess-blog\/#website\",\"url\":\"https:\/\/blog.zeit.de\/nsu-prozess-blog\/\",\"name\":\"Das NSU-Prozess-Blog\",\"description\":\"Alle Berichte zum Terrorverfahren in M\u00fcnchen\",\"potentialAction\":[{\"@type\":\"SearchAction\",\"target\":{\"@type\":\"EntryPoint\",\"urlTemplate\":\"https:\/\/blog.zeit.de\/nsu-prozess-blog\/?s={search_term_string}\"},\"query-input\":\"required name=search_term_string\"}],\"inLanguage\":\"de\"},{\"@type\":\"Person\",\"@id\":\"https:\/\/blog.zeit.de\/nsu-prozess-blog\/#\/schema\/person\/553ea9bb5d1fc2ae054c589bd59380a5\",\"name\":\"Tom Sundermann\",\"image\":{\"@type\":\"ImageObject\",\"inLanguage\":\"de\",\"@id\":\"https:\/\/blog.zeit.de\/nsu-prozess-blog\/#\/schema\/person\/image\/\",\"url\":\"https:\/\/secure.gravatar.com\/avatar\/e108a3dc18766f719b2f797dc5d19093f06a1870c55b553ab6b7563f1f9a5e68?s=96&d=mm&r=g\",\"contentUrl\":\"https:\/\/secure.gravatar.com\/avatar\/e108a3dc18766f719b2f797dc5d19093f06a1870c55b553ab6b7563f1f9a5e68?s=96&d=mm&r=g\",\"caption\":\"Tom Sundermann\"},\"sameAs\":[\"https:\/\/twitter.com\/messeticker\"],\"url\":\"https:\/\/blog.zeit.de\/nsu-prozess-blog\/author\/tsundermann\/\"}]}<\/script>\n<!-- \/ Yoast SEO plugin. -->","yoast_head_json":{"title":"Gef\u00e4hrliche Beweise f\u00fcr den Angeklagten \u2013 Das Medienlog vom Donnerstag, 26. November 2015 - Das NSU-Prozess-Blog","robots":{"index":"index","follow":"follow","max-snippet":"max-snippet:-1","max-image-preview":"max-image-preview:large","max-video-preview":"max-video-preview:-1"},"canonical":"https:\/\/blog.zeit.de\/nsu-prozess-blog\/2015\/11\/26\/medienlog-holger-g-beweise-szene-nsu\/","og_locale":"de_DE","og_type":"article","og_title":"Gef\u00e4hrliche Beweise f\u00fcr den Angeklagten \u2013 Das Medienlog vom Donnerstag, 26. November 2015 - Das NSU-Prozess-Blog","og_description":"Der Angeklagte Holger G. stand im Fokus des 246. Prozesstags \u2013 was dem mutma\u00dflichen NSU-Helfer nicht gefallen haben d\u00fcrfte: Beamte stellten Beweise von Festplatten und Handys aus G.s Besitz vor, die andeuteten, dass er bis zuletzt rechtsextremem Gedankengut anhing und Kontakt zur Nazi-Szene pflegte. G. selbst hatte zu Prozessbeginn ausgesagt, er sei 2004 aus der [&hellip;]","og_url":"https:\/\/blog.zeit.de\/nsu-prozess-blog\/2015\/11\/26\/medienlog-holger-g-beweise-szene-nsu\/","og_site_name":"Das NSU-Prozess-Blog","article_published_time":"2015-11-26T07:23:42+00:00","article_modified_time":"2015-11-27T22:55:59+00:00","author":"Tom Sundermann","twitter_misc":{"Geschrieben von":"Tom Sundermann","Gesch\u00e4tzte Lesezeit":"2\u00a0Minuten"},"schema":{"@context":"https:\/\/schema.org","@graph":[{"@type":"WebPage","@id":"https:\/\/blog.zeit.de\/nsu-prozess-blog\/2015\/11\/26\/medienlog-holger-g-beweise-szene-nsu\/","url":"https:\/\/blog.zeit.de\/nsu-prozess-blog\/2015\/11\/26\/medienlog-holger-g-beweise-szene-nsu\/","name":"Gef\u00e4hrliche Beweise f\u00fcr den Angeklagten \u2013 Das Medienlog vom Donnerstag, 26. November 2015 - Das NSU-Prozess-Blog","isPartOf":{"@id":"https:\/\/blog.zeit.de\/nsu-prozess-blog\/#website"},"datePublished":"2015-11-26T07:23:42+00:00","dateModified":"2015-11-27T22:55:59+00:00","author":{"@id":"https:\/\/blog.zeit.de\/nsu-prozess-blog\/#\/schema\/person\/553ea9bb5d1fc2ae054c589bd59380a5"},"breadcrumb":{"@id":"https:\/\/blog.zeit.de\/nsu-prozess-blog\/2015\/11\/26\/medienlog-holger-g-beweise-szene-nsu\/#breadcrumb"},"inLanguage":"de","potentialAction":[{"@type":"ReadAction","target":["https:\/\/blog.zeit.de\/nsu-prozess-blog\/2015\/11\/26\/medienlog-holger-g-beweise-szene-nsu\/"]}]},{"@type":"BreadcrumbList","@id":"https:\/\/blog.zeit.de\/nsu-prozess-blog\/2015\/11\/26\/medienlog-holger-g-beweise-szene-nsu\/#breadcrumb","itemListElement":[{"@type":"ListItem","position":1,"name":"Startseite","item":"https:\/\/blog.zeit.de\/nsu-prozess-blog\/"},{"@type":"ListItem","position":2,"name":"Gef\u00e4hrliche Beweise f\u00fcr den Angeklagten \u2013 Das Medienlog vom Donnerstag, 26. November 2015"}]},{"@type":"WebSite","@id":"https:\/\/blog.zeit.de\/nsu-prozess-blog\/#website","url":"https:\/\/blog.zeit.de\/nsu-prozess-blog\/","name":"Das NSU-Prozess-Blog","description":"Alle Berichte zum Terrorverfahren in M\u00fcnchen","potentialAction":[{"@type":"SearchAction","target":{"@type":"EntryPoint","urlTemplate":"https:\/\/blog.zeit.de\/nsu-prozess-blog\/?s={search_term_string}"},"query-input":"required name=search_term_string"}],"inLanguage":"de"},{"@type":"Person","@id":"https:\/\/blog.zeit.de\/nsu-prozess-blog\/#\/schema\/person\/553ea9bb5d1fc2ae054c589bd59380a5","name":"Tom Sundermann","image":{"@type":"ImageObject","inLanguage":"de","@id":"https:\/\/blog.zeit.de\/nsu-prozess-blog\/#\/schema\/person\/image\/","url":"https:\/\/secure.gravatar.com\/avatar\/e108a3dc18766f719b2f797dc5d19093f06a1870c55b553ab6b7563f1f9a5e68?s=96&d=mm&r=g","contentUrl":"https:\/\/secure.gravatar.com\/avatar\/e108a3dc18766f719b2f797dc5d19093f06a1870c55b553ab6b7563f1f9a5e68?s=96&d=mm&r=g","caption":"Tom Sundermann"},"sameAs":["https:\/\/twitter.com\/messeticker"],"url":"https:\/\/blog.zeit.de\/nsu-prozess-blog\/author\/tsundermann\/"}]}},"jetpack_featured_media_url":"","jetpack_sharing_enabled":true,"_links":{"self":[{"href":"https:\/\/blog.zeit.de\/nsu-prozess-blog\/wp-json\/wp\/v2\/posts\/10394","targetHints":{"allow":["GET"]}}],"collection":[{"href":"https:\/\/blog.zeit.de\/nsu-prozess-blog\/wp-json\/wp\/v2\/posts"}],"about":[{"href":"https:\/\/blog.zeit.de\/nsu-prozess-blog\/wp-json\/wp\/v2\/types\/post"}],"author":[{"embeddable":true,"href":"https:\/\/blog.zeit.de\/nsu-prozess-blog\/wp-json\/wp\/v2\/users\/435"}],"replies":[{"embeddable":true,"href":"https:\/\/blog.zeit.de\/nsu-prozess-blog\/wp-json\/wp\/v2\/comments?post=10394"}],"version-history":[{"count":6,"href":"https:\/\/blog.zeit.de\/nsu-prozess-blog\/wp-json\/wp\/v2\/posts\/10394\/revisions"}],"predecessor-version":[{"id":10421,"href":"https:\/\/blog.zeit.de\/nsu-prozess-blog\/wp-json\/wp\/v2\/posts\/10394\/revisions\/10421"}],"wp:attachment":[{"href":"https:\/\/blog.zeit.de\/nsu-prozess-blog\/wp-json\/wp\/v2\/media?parent=10394"}],"wp:term":[{"taxonomy":"category","embeddable":true,"href":"https:\/\/blog.zeit.de\/nsu-prozess-blog\/wp-json\/wp\/v2\/categories?post=10394"},{"taxonomy":"post_tag","embeddable":true,"href":"https:\/\/blog.zeit.de\/nsu-prozess-blog\/wp-json\/wp\/v2\/tags?post=10394"}],"curies":[{"name":"wp","href":"https:\/\/api.w.org\/{rel}","templated":true}]}}