{"id":10482,"date":"2015-12-08T08:38:38","date_gmt":"2015-12-08T07:38:38","guid":{"rendered":"http:\/\/blog.zeit.de\/nsu-prozess-blog\/?p=10482"},"modified":"2015-12-08T09:59:08","modified_gmt":"2015-12-08T08:59:08","slug":"medienlog-zschaepe-aussage-grasel-nsu","status":"publish","type":"post","link":"https:\/\/blog.zeit.de\/nsu-prozess-blog\/2015\/12\/08\/medienlog-zschaepe-aussage-grasel-nsu\/","title":{"rendered":"Beate Zsch\u00e4pe: Nerv\u00f6s, aber in Redelaune \u2013 Das Medienlog vom Dienstag, 8. Dezember 2015"},"content":{"rendered":"<p>Die NSU-Nachrichten des gestrigen Tages, chronologisch: <a href=\"http:\/\/www.zeit.de\/gesellschaft\/zeitgeschehen\/2015-12\/nsu-prozess-beate-zschaepe-aussage\">Beate Zsch\u00e4pe will umfassend aussagen<\/a>. Beate Zsch\u00e4pe will erst am Mittwoch aussagen. Beate Zsch\u00e4pe erlitt einen Nervenzusammenbruch \u2013 und ihr <a href=\"https:\/\/blog.zeit.de\/nsu-prozess-blog\/2015\/11\/11\/zschapes-schattenmann\/\">neuer Anwalt Hermann Borchert<\/a> bat das Gericht, die Verhandlung am Donnerstag abzusagen.<\/p>\n<p>Kommt es dazu, bleibt es zun\u00e4chst bei einer eint\u00e4gigen Aussage. &#8222;Ob sich die Richter darauf einlassen werden, ist eine andere Frage. Das h\u00e4ngt auch von der Einsch\u00e4tzung eines Arztes ab&#8220;, merkt Tanjev Schultz von der <a href=\"http:\/\/www.sueddeutsche.de\/politik\/nsu-prozess-der-angeklagten-geht-es-schlecht-1.2772655\" target=\"_blank\"><em>S\u00fcddeutschen Zeitung<\/em><\/a> an. Zsch\u00e4pes Anwalt Mathias Grasel, der die schriftliche Aussage verlesen soll, teilte Medien mit, es habe &#8222;Vorf\u00e4lle&#8220; in der Untersuchungshaft gegeben. Den Zusammenbruch best\u00e4tigte er nicht.<\/p>\n<p><!--more--><\/p>\n<p><em>An jedem Werktag sichten wir f\u00fcr das NSU-Prozess-Blog die Medien und stellen wichtige Berichte, Blogs, Videos und Tweets zusammen. Wir freuen uns \u00fcber Hinweise via Twitter mit dem Hashtag #nsublog \u2013 oder per E-Mail an <a href=\"mailto:nsublog@zeit.de\">nsublog@zeit.de<\/a>.<\/em><\/p>\n<p>Weitergehende Informationen von <a href=\"http:\/\/www.spiegel.de\/panorama\/justiz\/nsu-prozess-beate-zschaepe-erlitt-offenbar-nervenzusammenbruch-vor-aussage-a-1066520.html\" target=\"_blank\"><em>Spiegel Online<\/em><\/a> besagen, dass der von Borchert gestellte Antrag Grundlage eines neuen <a href=\"https:\/\/blog.zeit.de\/nsu-prozess-blog\/2015\/08\/03\/medienlog-zschaepe-antrag-abgelehnt-grasel-nsu\/\">Entlassungsantrags<\/a> gegen Zsch\u00e4pes drei Altverteidiger Wolfgang Heer, Wolfgang Stahl und Anja Sturm sein soll.<\/p>\n<p>Warum aber will Zsch\u00e4pe \u00fcberhaupt aussagen? &#8222;Kurz vor der Aussage der Hauptangeklagten im M\u00fcnchner NSU-Prozess wird getrommelt, gestichelt und spekuliert&#8220;, bemerkt Per Hinrichs von der <a href=\"http:\/\/www.welt.de\/politik\/deutschland\/article149723656\/Zschaepe-steht-das-Wasser-bis-zum-Hals.html\" target=\"_blank\"><em>Welt<\/em><\/a>. Klar sei mittlerweile: &#8222;Die Rolle der &#8218;reuigen S\u00fcnderin&#8216;, die Bu\u00dfe tut und ihre Lebensbeichte der vergangenen 20 Jahre ablegt, wird Zsch\u00e4pe nicht annehmen.&#8220; Wom\u00f6glich st\u00f6re sie sich eher daran, dass nicht jede Tat in <a href=\"http:\/\/www.zeit.de\/gesellschaft\/zeitgeschehen\/2013-05\/nsu-prozess-nebenklaeger\">der Anklageschrift<\/a> pr\u00e4zise wiedergegeben wird. Ob Grasels Vortrag die Vorw\u00fcrfe entkr\u00e4ften kann, sei ungewiss.<\/p>\n<p>Der Anwalt hatte angek\u00fcndigt, Zsch\u00e4pe werde zu jedem einzelnen Anklagepunkt Stellung nehmen. &#8222;Es wird in der Erkl\u00e4rung genau dargestellt, was sie von den Aktionen gewusst hat und was nicht&#8220;, sagte er der <a href=\"http:\/\/www.sueddeutsche.de\/politik\/nsu-prozess-aus-ihrem-mund-und-aus-meiner-feder-1.2772039\" target=\"_blank\"><em>SZ<\/em><\/a>. Er habe das Dokument nach ihren Angaben verfasst.<\/p>\n<p>Will Zsch\u00e4pe umfassend reinen Tisch machen, sogar zur Aufkl\u00e4rung der rechtsextremen Serie aus zehn Morden und zwei Sprengstoffanschl\u00e4gen beitragen, muss sie auch umfangreich <a href=\"https:\/\/blog.zeit.de\/nsu-prozess-blog\/die-helfer\/\">\u00fcber das Netzwerk<\/a> sprechen, das dem NSU bei seinem Leben im Untergrund half. Auch der Verfassungsschutz k\u00f6nnte ein Thema sein. F\u00fcnf Fragen, die Zsch\u00e4pe unbedingt beantworten sollte, haben wir in einer \u00dcbersicht auf <a href=\"http:\/\/www.zeit.de\/gesellschaft\/zeitgeschehen\/2015-12\/beate-zschaepe-nsu-prozess-aussage-offene-fragen\" target=\"_blank\">ZEIT ONLINE<\/a> zusammengetragen. M\u00f6gliche Inhalte der Erkl\u00e4rung listet auch Karin Truscheit von der <a href=\"http:\/\/www.faz.net\/aktuell\/politik\/nsu-prozess\/nsu-prozess-zschaepe-will-am-mittwoch-ihr-schweigen-brechen-13953135.html\" target=\"_blank\"><em>FAZ<\/em><\/a> auf. Demnach k\u00f6nnte Zsch\u00e4pe die Mitangeklagten <a href=\"https:\/\/blog.zeit.de\/nsu-prozess-blog\/2015\/11\/30\/medienlog-wohlleben-aussage-bestaetigt-nsu\/\">Ralf Wohlleben<\/a> und <a href=\"https:\/\/blog.zeit.de\/nsu-prozess-blog\/2014\/01\/21\/der-schatten-des-nsu\/\">Andr\u00e9 E.<\/a> entlasten.<\/p>\n<p>Erwartet wird die Aussage der Hauptangeklagten vor allem von den Nebenkl\u00e4gern, den Angeh\u00f6rigen der NSU-Opfer. Doch hoch sind ihre Erwartungen nicht unbedingt: &#8222;Warum macht sie das erst jetzt? Warum hat sie dann solange nichts gesagt und uns alle mit unseren qu\u00e4lenden Fragen ohne Antworten gelassen&#8220;, fragt Gamze Kuba\u015f\u0131k, Tochter des 2005 in Dortmund erschossenen <a href=\"http:\/\/www.zeit.de\/gesellschaft\/zeitgeschehen\/2013-09\/nsu-prozesstag-zeugin-dortmund\">Mehmet Kuba\u015f\u0131k<\/a>, im Interview mit dem <a href=\"http:\/\/www.tagesspiegel.de\/politik\/nebenklaegerin-im-nsu-prozess-ich-erwarte-von-zschaepes-aussage-nicht-viel\/12688924.html\" target=\"_blank\"><em>Tagesspiegel<\/em><\/a>. W\u00fcrde sich die Angeklagte reum\u00fctig zeigen, k\u00e4me dies &#8222;reichlich sp\u00e4t&#8220;.<\/p>\n<p>Das aktuelle Wissen \u00fcber Taten und Hintergr\u00fcnde der NSU-Serie stellt dieser Artikel in der <a href=\"http:\/\/www.dw.com\/de\/fakten-und-fragen-zum-nsu-prozess\/a-18846889\" target=\"_blank\">Deutschen Welle<\/a> noch einmal zusammen.<\/p>\n<p><em>Das n\u00e4chste Medienlog erscheint am Mittwoch, 9. Dezember 2015.<\/em><\/p>\n","protected":false},"excerpt":{"rendered":"<p>Die NSU-Nachrichten des gestrigen Tages, chronologisch: Beate Zsch\u00e4pe will umfassend aussagen. Beate Zsch\u00e4pe will erst am Mittwoch aussagen. Beate Zsch\u00e4pe erlitt einen Nervenzusammenbruch \u2013 und ihr neuer Anwalt Hermann Borchert bat das Gericht, die Verhandlung am Donnerstag abzusagen. Kommt es dazu, bleibt es zun\u00e4chst bei einer eint\u00e4gigen Aussage. &#8222;Ob sich die Richter darauf einlassen werden, [&hellip;]<\/p>\n","protected":false},"author":435,"featured_media":0,"comment_status":"open","ping_status":"open","sticky":false,"template":"","format":"standard","meta":{"_jetpack_memberships_contains_paid_content":false,"footnotes":""},"categories":[27531],"tags":[17793,29533,29455,29431,29545,35391],"class_list":["post-10482","post","type-post","status-publish","format-standard","hentry","category-medienschau","tag-beate-zschape","tag-entpflichtung","tag-gamze-kubasik","tag-mehmet-kubasik","tag-untersuchungshaft","tag-zschape-aussage"],"yoast_head":"<!-- This site is optimized with the Yoast SEO plugin v21.0 - https:\/\/yoast.com\/wordpress\/plugins\/seo\/ -->\n<title>Beate Zsch\u00e4pe: Nerv\u00f6s, aber in Redelaune \u2013 Das Medienlog vom Dienstag, 8. Dezember 2015 - Das NSU-Prozess-Blog<\/title>\n<meta name=\"robots\" content=\"index, follow, max-snippet:-1, max-image-preview:large, max-video-preview:-1\" \/>\n<link rel=\"canonical\" href=\"https:\/\/blog.zeit.de\/nsu-prozess-blog\/2015\/12\/08\/medienlog-zschaepe-aussage-grasel-nsu\/\" \/>\n<meta property=\"og:locale\" content=\"de_DE\" \/>\n<meta property=\"og:type\" content=\"article\" \/>\n<meta property=\"og:title\" content=\"Beate Zsch\u00e4pe: Nerv\u00f6s, aber in Redelaune \u2013 Das Medienlog vom Dienstag, 8. Dezember 2015 - Das NSU-Prozess-Blog\" \/>\n<meta property=\"og:description\" content=\"Die NSU-Nachrichten des gestrigen Tages, chronologisch: Beate Zsch\u00e4pe will umfassend aussagen. Beate Zsch\u00e4pe will erst am Mittwoch aussagen. Beate Zsch\u00e4pe erlitt einen Nervenzusammenbruch \u2013 und ihr neuer Anwalt Hermann Borchert bat das Gericht, die Verhandlung am Donnerstag abzusagen. Kommt es dazu, bleibt es zun\u00e4chst bei einer eint\u00e4gigen Aussage. &#8222;Ob sich die Richter darauf einlassen werden, [&hellip;]\" \/>\n<meta property=\"og:url\" content=\"https:\/\/blog.zeit.de\/nsu-prozess-blog\/2015\/12\/08\/medienlog-zschaepe-aussage-grasel-nsu\/\" \/>\n<meta property=\"og:site_name\" content=\"Das NSU-Prozess-Blog\" \/>\n<meta property=\"article:published_time\" content=\"2015-12-08T07:38:38+00:00\" \/>\n<meta property=\"article:modified_time\" content=\"2015-12-08T08:59:08+00:00\" \/>\n<meta name=\"author\" content=\"Tom Sundermann\" \/>\n<meta name=\"twitter:label1\" content=\"Geschrieben von\" \/>\n\t<meta name=\"twitter:data1\" content=\"Tom Sundermann\" \/>\n\t<meta name=\"twitter:label2\" content=\"Gesch\u00e4tzte Lesezeit\" \/>\n\t<meta name=\"twitter:data2\" content=\"3\u00a0Minuten\" \/>\n<script type=\"application\/ld+json\" class=\"yoast-schema-graph\">{\"@context\":\"https:\/\/schema.org\",\"@graph\":[{\"@type\":\"WebPage\",\"@id\":\"https:\/\/blog.zeit.de\/nsu-prozess-blog\/2015\/12\/08\/medienlog-zschaepe-aussage-grasel-nsu\/\",\"url\":\"https:\/\/blog.zeit.de\/nsu-prozess-blog\/2015\/12\/08\/medienlog-zschaepe-aussage-grasel-nsu\/\",\"name\":\"Beate Zsch\u00e4pe: Nerv\u00f6s, aber in Redelaune \u2013 Das Medienlog vom Dienstag, 8. Dezember 2015 - Das NSU-Prozess-Blog\",\"isPartOf\":{\"@id\":\"https:\/\/blog.zeit.de\/nsu-prozess-blog\/#website\"},\"datePublished\":\"2015-12-08T07:38:38+00:00\",\"dateModified\":\"2015-12-08T08:59:08+00:00\",\"author\":{\"@id\":\"https:\/\/blog.zeit.de\/nsu-prozess-blog\/#\/schema\/person\/553ea9bb5d1fc2ae054c589bd59380a5\"},\"breadcrumb\":{\"@id\":\"https:\/\/blog.zeit.de\/nsu-prozess-blog\/2015\/12\/08\/medienlog-zschaepe-aussage-grasel-nsu\/#breadcrumb\"},\"inLanguage\":\"de\",\"potentialAction\":[{\"@type\":\"ReadAction\",\"target\":[\"https:\/\/blog.zeit.de\/nsu-prozess-blog\/2015\/12\/08\/medienlog-zschaepe-aussage-grasel-nsu\/\"]}]},{\"@type\":\"BreadcrumbList\",\"@id\":\"https:\/\/blog.zeit.de\/nsu-prozess-blog\/2015\/12\/08\/medienlog-zschaepe-aussage-grasel-nsu\/#breadcrumb\",\"itemListElement\":[{\"@type\":\"ListItem\",\"position\":1,\"name\":\"Startseite\",\"item\":\"https:\/\/blog.zeit.de\/nsu-prozess-blog\/\"},{\"@type\":\"ListItem\",\"position\":2,\"name\":\"Beate Zsch\u00e4pe: Nerv\u00f6s, aber in Redelaune \u2013 Das Medienlog vom Dienstag, 8. Dezember 2015\"}]},{\"@type\":\"WebSite\",\"@id\":\"https:\/\/blog.zeit.de\/nsu-prozess-blog\/#website\",\"url\":\"https:\/\/blog.zeit.de\/nsu-prozess-blog\/\",\"name\":\"Das NSU-Prozess-Blog\",\"description\":\"Alle Berichte zum Terrorverfahren in M\u00fcnchen\",\"potentialAction\":[{\"@type\":\"SearchAction\",\"target\":{\"@type\":\"EntryPoint\",\"urlTemplate\":\"https:\/\/blog.zeit.de\/nsu-prozess-blog\/?s={search_term_string}\"},\"query-input\":\"required name=search_term_string\"}],\"inLanguage\":\"de\"},{\"@type\":\"Person\",\"@id\":\"https:\/\/blog.zeit.de\/nsu-prozess-blog\/#\/schema\/person\/553ea9bb5d1fc2ae054c589bd59380a5\",\"name\":\"Tom Sundermann\",\"image\":{\"@type\":\"ImageObject\",\"inLanguage\":\"de\",\"@id\":\"https:\/\/blog.zeit.de\/nsu-prozess-blog\/#\/schema\/person\/image\/\",\"url\":\"https:\/\/secure.gravatar.com\/avatar\/e108a3dc18766f719b2f797dc5d19093f06a1870c55b553ab6b7563f1f9a5e68?s=96&d=mm&r=g\",\"contentUrl\":\"https:\/\/secure.gravatar.com\/avatar\/e108a3dc18766f719b2f797dc5d19093f06a1870c55b553ab6b7563f1f9a5e68?s=96&d=mm&r=g\",\"caption\":\"Tom Sundermann\"},\"sameAs\":[\"https:\/\/twitter.com\/messeticker\"],\"url\":\"https:\/\/blog.zeit.de\/nsu-prozess-blog\/author\/tsundermann\/\"}]}<\/script>\n<!-- \/ Yoast SEO plugin. -->","yoast_head_json":{"title":"Beate Zsch\u00e4pe: Nerv\u00f6s, aber in Redelaune \u2013 Das Medienlog vom Dienstag, 8. Dezember 2015 - Das NSU-Prozess-Blog","robots":{"index":"index","follow":"follow","max-snippet":"max-snippet:-1","max-image-preview":"max-image-preview:large","max-video-preview":"max-video-preview:-1"},"canonical":"https:\/\/blog.zeit.de\/nsu-prozess-blog\/2015\/12\/08\/medienlog-zschaepe-aussage-grasel-nsu\/","og_locale":"de_DE","og_type":"article","og_title":"Beate Zsch\u00e4pe: Nerv\u00f6s, aber in Redelaune \u2013 Das Medienlog vom Dienstag, 8. Dezember 2015 - Das NSU-Prozess-Blog","og_description":"Die NSU-Nachrichten des gestrigen Tages, chronologisch: Beate Zsch\u00e4pe will umfassend aussagen. Beate Zsch\u00e4pe will erst am Mittwoch aussagen. Beate Zsch\u00e4pe erlitt einen Nervenzusammenbruch \u2013 und ihr neuer Anwalt Hermann Borchert bat das Gericht, die Verhandlung am Donnerstag abzusagen. Kommt es dazu, bleibt es zun\u00e4chst bei einer eint\u00e4gigen Aussage. &#8222;Ob sich die Richter darauf einlassen werden, [&hellip;]","og_url":"https:\/\/blog.zeit.de\/nsu-prozess-blog\/2015\/12\/08\/medienlog-zschaepe-aussage-grasel-nsu\/","og_site_name":"Das NSU-Prozess-Blog","article_published_time":"2015-12-08T07:38:38+00:00","article_modified_time":"2015-12-08T08:59:08+00:00","author":"Tom Sundermann","twitter_misc":{"Geschrieben von":"Tom Sundermann","Gesch\u00e4tzte Lesezeit":"3\u00a0Minuten"},"schema":{"@context":"https:\/\/schema.org","@graph":[{"@type":"WebPage","@id":"https:\/\/blog.zeit.de\/nsu-prozess-blog\/2015\/12\/08\/medienlog-zschaepe-aussage-grasel-nsu\/","url":"https:\/\/blog.zeit.de\/nsu-prozess-blog\/2015\/12\/08\/medienlog-zschaepe-aussage-grasel-nsu\/","name":"Beate Zsch\u00e4pe: Nerv\u00f6s, aber in Redelaune \u2013 Das Medienlog vom Dienstag, 8. Dezember 2015 - Das NSU-Prozess-Blog","isPartOf":{"@id":"https:\/\/blog.zeit.de\/nsu-prozess-blog\/#website"},"datePublished":"2015-12-08T07:38:38+00:00","dateModified":"2015-12-08T08:59:08+00:00","author":{"@id":"https:\/\/blog.zeit.de\/nsu-prozess-blog\/#\/schema\/person\/553ea9bb5d1fc2ae054c589bd59380a5"},"breadcrumb":{"@id":"https:\/\/blog.zeit.de\/nsu-prozess-blog\/2015\/12\/08\/medienlog-zschaepe-aussage-grasel-nsu\/#breadcrumb"},"inLanguage":"de","potentialAction":[{"@type":"ReadAction","target":["https:\/\/blog.zeit.de\/nsu-prozess-blog\/2015\/12\/08\/medienlog-zschaepe-aussage-grasel-nsu\/"]}]},{"@type":"BreadcrumbList","@id":"https:\/\/blog.zeit.de\/nsu-prozess-blog\/2015\/12\/08\/medienlog-zschaepe-aussage-grasel-nsu\/#breadcrumb","itemListElement":[{"@type":"ListItem","position":1,"name":"Startseite","item":"https:\/\/blog.zeit.de\/nsu-prozess-blog\/"},{"@type":"ListItem","position":2,"name":"Beate Zsch\u00e4pe: Nerv\u00f6s, aber in Redelaune \u2013 Das Medienlog vom Dienstag, 8. Dezember 2015"}]},{"@type":"WebSite","@id":"https:\/\/blog.zeit.de\/nsu-prozess-blog\/#website","url":"https:\/\/blog.zeit.de\/nsu-prozess-blog\/","name":"Das NSU-Prozess-Blog","description":"Alle Berichte zum Terrorverfahren in M\u00fcnchen","potentialAction":[{"@type":"SearchAction","target":{"@type":"EntryPoint","urlTemplate":"https:\/\/blog.zeit.de\/nsu-prozess-blog\/?s={search_term_string}"},"query-input":"required name=search_term_string"}],"inLanguage":"de"},{"@type":"Person","@id":"https:\/\/blog.zeit.de\/nsu-prozess-blog\/#\/schema\/person\/553ea9bb5d1fc2ae054c589bd59380a5","name":"Tom Sundermann","image":{"@type":"ImageObject","inLanguage":"de","@id":"https:\/\/blog.zeit.de\/nsu-prozess-blog\/#\/schema\/person\/image\/","url":"https:\/\/secure.gravatar.com\/avatar\/e108a3dc18766f719b2f797dc5d19093f06a1870c55b553ab6b7563f1f9a5e68?s=96&d=mm&r=g","contentUrl":"https:\/\/secure.gravatar.com\/avatar\/e108a3dc18766f719b2f797dc5d19093f06a1870c55b553ab6b7563f1f9a5e68?s=96&d=mm&r=g","caption":"Tom Sundermann"},"sameAs":["https:\/\/twitter.com\/messeticker"],"url":"https:\/\/blog.zeit.de\/nsu-prozess-blog\/author\/tsundermann\/"}]}},"jetpack_featured_media_url":"","jetpack_sharing_enabled":true,"_links":{"self":[{"href":"https:\/\/blog.zeit.de\/nsu-prozess-blog\/wp-json\/wp\/v2\/posts\/10482","targetHints":{"allow":["GET"]}}],"collection":[{"href":"https:\/\/blog.zeit.de\/nsu-prozess-blog\/wp-json\/wp\/v2\/posts"}],"about":[{"href":"https:\/\/blog.zeit.de\/nsu-prozess-blog\/wp-json\/wp\/v2\/types\/post"}],"author":[{"embeddable":true,"href":"https:\/\/blog.zeit.de\/nsu-prozess-blog\/wp-json\/wp\/v2\/users\/435"}],"replies":[{"embeddable":true,"href":"https:\/\/blog.zeit.de\/nsu-prozess-blog\/wp-json\/wp\/v2\/comments?post=10482"}],"version-history":[{"count":12,"href":"https:\/\/blog.zeit.de\/nsu-prozess-blog\/wp-json\/wp\/v2\/posts\/10482\/revisions"}],"predecessor-version":[{"id":10498,"href":"https:\/\/blog.zeit.de\/nsu-prozess-blog\/wp-json\/wp\/v2\/posts\/10482\/revisions\/10498"}],"wp:attachment":[{"href":"https:\/\/blog.zeit.de\/nsu-prozess-blog\/wp-json\/wp\/v2\/media?parent=10482"}],"wp:term":[{"taxonomy":"category","embeddable":true,"href":"https:\/\/blog.zeit.de\/nsu-prozess-blog\/wp-json\/wp\/v2\/categories?post=10482"},{"taxonomy":"post_tag","embeddable":true,"href":"https:\/\/blog.zeit.de\/nsu-prozess-blog\/wp-json\/wp\/v2\/tags?post=10482"}],"curies":[{"name":"wp","href":"https:\/\/api.w.org\/{rel}","templated":true}]}}