{"id":10527,"date":"2015-12-10T07:52:49","date_gmt":"2015-12-10T06:52:49","guid":{"rendered":"http:\/\/blog.zeit.de\/nsu-prozess-blog\/?p=10527"},"modified":"2015-12-10T08:13:28","modified_gmt":"2015-12-10T07:13:28","slug":"schweigen-ware-schlauer-gewesen-das-medienlog-vom-donnerstag-10-dezember-2015","status":"publish","type":"post","link":"https:\/\/blog.zeit.de\/nsu-prozess-blog\/2015\/12\/10\/schweigen-ware-schlauer-gewesen-das-medienlog-vom-donnerstag-10-dezember-2015\/","title":{"rendered":"Schweigen w\u00e4re schlauer gewesen \u2013 Das Medienlog vom Donnerstag, 10. Dezember 2015"},"content":{"rendered":"<p>Die Opfer des NSU und deren Anw\u00e4lte sind emp\u00f6rt \u2013 und wohl doch wenig \u00fcberrascht: Beate Zsch\u00e4pes Aussage (<a href=\"http:\/\/www.zeit.de\/gesellschaft\/zeitgeschehen\/2015-11\/beate-zschaepe-nsu-prozess-aussage-live\" target=\"_blank\">hier in unserem Live-Blog dokumentiert<\/a>) war ein einziges Ausweichen. Zsch\u00e4pe stellte sich als Opfer der M\u00f6rder Uwe Mundlos und Uwe B\u00f6hnhardt dar, von deren Morden sie immer erst hinterher erfuhr \u2013 eine offenbar taktisch motivierte Einlassung. &#8222;So viel gespielte Ahnungslosigkeit ist eine Verh\u00f6hnung der Opfer und ihrer Angeh\u00f6rigen&#8220;, kommentiert Marcel F\u00fcrstenau von der <a href=\"http:\/\/www.dw.com\/de\/kommentar-treu-bis-in-den-tod\/a-18904261\" target=\"_blank\">Deutschen Welle<\/a>. Die knappe Entschuldigung, die sie wie die gesamte Aussage von ihrem Anwalt Mathias Grasel vortragen lie\u00df, wirke &#8222;aufgesetzt angesichts der monstr\u00f6sen NSU-Verbrechen&#8220;.<\/p>\n<p><!--more--><\/p>\n<p><em>An jedem Werktag sichten wir f\u00fcr das NSU-Prozess-Blog die Medien und stellen wichtige Berichte, Blogs, Videos und Tweets zusammen. Wir freuen uns \u00fcber Hinweise via Twitter mit dem Hashtag #nsublog \u2013 oder per E-Mail an <a href=\"mailto:nsublog@zeit.de\">nsublog@zeit.de<\/a>.<\/em><\/p>\n<p>Annette Ramelsberger fasst die Aussage in der <a href=\"http:\/\/www.sueddeutsche.de\/politik\/zschaepe-unlogisch-unglaubwuerdig-jaemmerlich-1.2774599\" target=\"_blank\"><em>S\u00fcddeutschen Zeitung<\/em><\/a> als &#8222;unlogisch, unglaubw\u00fcrdig, j\u00e4mmerlich&#8220; zusammen. Zsch\u00e4pe habe sich dargestellt &#8222;als w\u00e4re sie die eingebaute Opposition im NSU gewesen&#8220;, weil sie \u00fcber die Morde immer wieder entsetzt gewesen sein will. Aus Liebe zu den M\u00e4nnern und Angst vor dem Gef\u00e4ngnis will sie jedoch nicht eingegriffen haben. Fraglich ist nur, wieso sie dann nicht zu Beginn des Prozesses im Mai 2013 das Wort ergriff. Ramelsberger schreibt, die Hauptangeklagte habe &#8222;zum letzten Strohhalm gegriffen, der ihr blieb \u2013 auf keinen Fall will sie als Mitt\u00e4terin verurteilt werden&#8220;.<\/p>\n<p>Die Chancen daf\u00fcr stehen nun jedoch schlechter als zuvor, meinen wir von <a href=\"http:\/\/www.zeit.de\/politik\/ausland\/2015-12\/beate-schaepe-aussage-bewertung\/\" target=\"_blank\">ZEIT ONLINE<\/a>: Mit ihren Verteidigern versuchte Zsch\u00e4pe, &#8222;auf bequeme Weise an einen Strafrabatt zu kommen: keine Unterst\u00fctzer nennen, kein Gest\u00e4ndnis riskieren, keine Verantwortung \u00fcbernehmen&#8220;. Die Aussage war demnach &#8222;ein juristisches Himmelfahrtskommando&#8220;. Zsch\u00e4pes Argumentation sei nicht einmal dann \u00fcberzeugend, wenn man annehme, sie sei wahr, schreibt <a href=\"http:\/\/www.zeit.de\/gesellschaft\/zeitgeschehen\/2015-12\/beate-zschaepe-nsu-aussage\" target=\"_blank\">ZEIT-Autorin \u00d6zlem Top\u00e7u<\/a>: &#8222;Dass ein Mensch das kann, obwohl er die Taten abscheulich findet, schockiert und entsetzt ist dar\u00fcber, ist nicht sehr plausibel.&#8220; Es sei kaum m\u00f6glich, die Taten &#8222;an einen Ort im hintersten Winkel von Herz und Gehirn zu verschieben&#8220;.<\/p>\n<p>Patrick Gensing von <a href=\"http:\/\/www.tagesschau.de\/kommentar\/zschaepe-nsu-103.html\" target=\"_blank\"><em>tagesschau.de<\/em><\/a> vergleicht Zsch\u00e4pe, wie sie sich in der Aussage dargestellt habe, mit einem Abziehbild: &#8222;Der Erkl\u00e4rung zufolge ist die Pers\u00f6nlichkeit von Beate Zsch\u00e4pe exakt die Summe von s\u00e4mtlichen g\u00e4ngigen Klischees \u00fcber Frauen&#8220; \u2013 die Rechtsextremistin als Anh\u00e4ngsel der beiden Uwes. Sie selbst, sagte sie, sei nicht Mitglied des NSU gewesen, eine solche Gruppe sei auch nicht gegr\u00fcndet worden. Die Selbstdarstellung passe nicht zu den Aussagen zahlreicher Zeugen, die im Laufe des Prozesses ausgesagt hatten. Auch Jost M\u00fcller-Neuhof vom <a href=\"http:\/\/www.tagesspiegel.de\/politik\/beate-zschaepe-sagt-im-nsu-prozess-aus-viele-worte-keine-taten\/12702004.html\" target=\"_blank\"><em>Tagesspiegel<\/em><\/a> findet, &#8222;dass ihr Zutun kaum jene Muster \u00fcberdecken kann, die nach langen Zeugenverh\u00f6ren erkennbar wurden&#8220;.<\/p>\n<blockquote class=\"twitter-tweet\" lang=\"de\">\n<p dir=\"ltr\" lang=\"de\"><a href=\"https:\/\/twitter.com\/hashtag\/NSU?src=hash\">#NSU<\/a> <a href=\"https:\/\/twitter.com\/hashtag\/Zsch%C3%A4pe?src=hash\">#Zsch\u00e4pe<\/a>:L\u00fcgen en Masse.Die letzten Zweifel an ihrer Schuld hat sie heute pers\u00f6nlich beseitigt.Hohles Entschuldigungsgerede obendrauf.<\/p>\n<p>\u2014 Mehmet G. Daimag\u00fcler (@DaimagM) <a href=\"https:\/\/twitter.com\/DaimagM\/status\/674533930608017408\">9. Dezember 2015<\/a><\/p><\/blockquote>\n<p><script src=\"\/\/platform.twitter.com\/widgets.js\" async=\"\" charset=\"utf-8\"><\/script><\/p>\n<p>Die Realit\u00e4t und die von Zsch\u00e4pe samt Anw\u00e4lten formulierte Version davon klaffen bemerkenswert auseinander \u2013 nicht nur, weil so viele Punkte offenblieben, sondern weil etliche Punkte schlicht nicht zu den Belegen passen, die im Prozess pr\u00e4sentiert wurden. Ungereimtheiten in der Aussage stellt J\u00f6rg Diehl von <a href=\"http:\/\/www.spiegel.de\/panorama\/justiz\/beate-zschaepes-einlassung-im-nsu-prozess-im-faktencheck-a-1066953.html\" target=\"_blank\"><em>Spiegel Online<\/em><\/a> heraus. Aus anwaltlicher Sicht w\u00e4re es vermutlich kl\u00fcger gewesen, diese Punkte schlicht unbeantwortet zu lassen. Dementsprechend h\u00e4tten Zsch\u00e4pes alte drei Verteidiger Wolfgang Stahl, Wolfgang Heer und Anja Sturm w\u00e4hrend der Aussage immer fassungsloser gewirkt, beobachtet Wiebke Ramm auf <a href=\"http:\/\/www.spiegel.de\/panorama\/justiz\/beate-zschaepe-im-nsu-prozess-tatenlos-zehn-morde-lang-a-1066928.html\" target=\"_blank\"><em>Spiegel Online<\/em><\/a>: &#8222;Sie wollten, dass Zsch\u00e4pe schweigt. Angesichts der Einlassung ahnt man, warum sie das f\u00fcr die bessere Strategie hielten.&#8220;<\/p>\n<p>&#8222;Ja, eine mit L\u00fcgen versetzte Entschuldigung verkehrt sich in ihr Gegenteil&#8220;, kommentiert Markus Decker vom <a href=\"http:\/\/www.ksta.de\/politik\/zschaepe-kommentar-entschuldigung-sote,15187246,32890978.html\" target=\"_blank\"><em>K\u00f6lner Stadtanzeiger<\/em><\/a>. Da sie auf diese Weise bereits angenommene Charakterz\u00fcge best\u00e4tigte, habe sie &#8222;der Wahrheitsfindung auf verschlungene Weise gedient, ganz ohne es zu wollen&#8220;.<\/p>\n<p>Tim A\u00dfmann vom <a href=\"http:\/\/www.br.de\/nachrichten\/nsu-prozess\/151209-tagebuch-gerichtsreporter-100.html\" target=\"_blank\">Bayerischen Rundfunk<\/a> vergleicht die Zsch\u00e4pe-Darstellung mit ihren bisherigen Auftritten vor Gericht: &#8222;Doch dieses Bild von der fremdbestimmten Frau, es will so \u00fcberhaupt nicht passen zu dem Profil von Beate Zsch\u00e4pe, das sich im Verlauf der 248. Verhandlungstage vor der Erkl\u00e4rung herauskristallisierte.&#8220; Es entstehe &#8222;nicht der Eindruck einer Mitl\u00e4uferin, sondern der einer durchaus selbstbestimmten Person&#8220;. Das Gericht m\u00fcsse sich in seiner Bewertung zwischen zwei Zsch\u00e4pe-Bildern entscheiden.<\/p>\n<blockquote class=\"twitter-tweet\" lang=\"de\"><p>\nKarikatur zu <a href=\"https:\/\/twitter.com\/hashtag\/Zsch%C3%A4pe?src=hash\">#Zsch\u00e4pe<\/a> im <a href=\"https:\/\/twitter.com\/hashtag\/NSU?src=hash\">#NSU<\/a>-Prozess I 09. Dezember 2015 (Luff): &#8222;Glaubw\u00fcrdig?&#8220; <a href=\"https:\/\/t.co\/7iYE4igZlw\">pic.twitter.com\/7iYE4igZlw<\/a><\/p>\n<p>\u2014 Stuttgarter Zeitung (@StZ_NEWS) <a href=\"https:\/\/twitter.com\/StZ_NEWS\/status\/674587443064995840\">9. Dezember 2015<\/a>\n<\/p><\/blockquote>\n<p><script src=\"\/\/platform.twitter.com\/widgets.js\" async=\"\" charset=\"utf-8\"><\/script><\/p>\n<p>&#8222;Sowieso kam die Erkl\u00e4rung erst, nachdem die meisten Vorw\u00fcrfe bewiesen wirken. Und dass sie nur ihren Anwalt sprechen lie\u00df und keine Nachfragen der Opfer und der Ankl\u00e4ger erlauben will, mindert den Wert ihrer angeblichen Aussage zus\u00e4tzlich&#8220;, meint Martin Debes von der <a href=\"http:\/\/www.thueringer-allgemeine.de\/startseite\/detail\/-\/specific\/Meinung-Zschaepes-Groschenroman-1281730414\" target=\"_blank\"><em>Th\u00fcringer Allgemeinen<\/em>.<\/a> Die Erkl\u00e4rung lese &#8222;sich in Teilen wie ein Groschenroman&#8220;.<\/p>\n<p>Einen treffenden Kommentar zur Aussage gibt das Satiremagazin <a href=\"http:\/\/www.der-postillon.com\/2015\/12\/nach-ihrer-aussage-beate-zschape.html\" target=\"_blank\"><em>Der Postillon<\/em><\/a> ab, das feststellt, dass Zsch\u00e4pe wegen ihrer angeblichen Anti-Haltung zu den Morden &#8222;nicht nur unschuldig sei, sondern ein rund 15-j\u00e4hriges Martyrium in der Gewalt zweier diabolischer Neonazis erleiden musste&#8220;. Zsch\u00e4pe sei heiliggesprochen worden.<\/p>\n<p>Wer sich von der 53-seitigen Erkl\u00e4rung selbst ein Bild machen m\u00f6chte, kann sie <a href=\"http:\/\/www.welt.de\/politik\/deutschland\/article149803799\/Dokumentation-Die-Aussage-der-Beate-Zschaepe.html\" target=\"_blank\">im Wortlaut nachlesen<\/a>.<\/p>\n<p><em>Das n\u00e4chste Medienlog erscheint am Freitag, 11. Dezember 2015.<\/em><\/p>\n","protected":false},"excerpt":{"rendered":"<p>Die Opfer des NSU und deren Anw\u00e4lte sind emp\u00f6rt \u2013 und wohl doch wenig \u00fcberrascht: Beate Zsch\u00e4pes Aussage (hier in unserem Live-Blog dokumentiert) war ein einziges Ausweichen. Zsch\u00e4pe stellte sich als Opfer der M\u00f6rder Uwe Mundlos und Uwe B\u00f6hnhardt dar, von deren Morden sie immer erst hinterher erfuhr \u2013 eine offenbar taktisch motivierte Einlassung. &#8222;So [&hellip;]<\/p>\n","protected":false},"author":435,"featured_media":0,"comment_status":"open","ping_status":"open","sticky":false,"template":"","format":"standard","meta":{"_jetpack_memberships_contains_paid_content":false,"footnotes":""},"categories":[27531],"tags":[17793,35363,35391],"class_list":["post-10527","post","type-post","status-publish","format-standard","hentry","category-medienschau","tag-beate-zschape","tag-mathias-grasel","tag-zschape-aussage"],"yoast_head":"<!-- This site is optimized with the Yoast SEO plugin v21.0 - https:\/\/yoast.com\/wordpress\/plugins\/seo\/ -->\n<title>Schweigen w\u00e4re schlauer gewesen \u2013 Das Medienlog vom Donnerstag, 10. Dezember 2015 - Das NSU-Prozess-Blog<\/title>\n<meta name=\"robots\" content=\"index, follow, max-snippet:-1, max-image-preview:large, max-video-preview:-1\" \/>\n<link rel=\"canonical\" href=\"https:\/\/blog.zeit.de\/nsu-prozess-blog\/2015\/12\/10\/schweigen-ware-schlauer-gewesen-das-medienlog-vom-donnerstag-10-dezember-2015\/\" \/>\n<meta property=\"og:locale\" content=\"de_DE\" \/>\n<meta property=\"og:type\" content=\"article\" \/>\n<meta property=\"og:title\" content=\"Schweigen w\u00e4re schlauer gewesen \u2013 Das Medienlog vom Donnerstag, 10. Dezember 2015 - Das NSU-Prozess-Blog\" \/>\n<meta property=\"og:description\" content=\"Die Opfer des NSU und deren Anw\u00e4lte sind emp\u00f6rt \u2013 und wohl doch wenig \u00fcberrascht: Beate Zsch\u00e4pes Aussage (hier in unserem Live-Blog dokumentiert) war ein einziges Ausweichen. Zsch\u00e4pe stellte sich als Opfer der M\u00f6rder Uwe Mundlos und Uwe B\u00f6hnhardt dar, von deren Morden sie immer erst hinterher erfuhr \u2013 eine offenbar taktisch motivierte Einlassung. &#8222;So [&hellip;]\" \/>\n<meta property=\"og:url\" content=\"https:\/\/blog.zeit.de\/nsu-prozess-blog\/2015\/12\/10\/schweigen-ware-schlauer-gewesen-das-medienlog-vom-donnerstag-10-dezember-2015\/\" \/>\n<meta property=\"og:site_name\" content=\"Das NSU-Prozess-Blog\" \/>\n<meta property=\"article:published_time\" content=\"2015-12-10T06:52:49+00:00\" \/>\n<meta property=\"article:modified_time\" content=\"2015-12-10T07:13:28+00:00\" \/>\n<meta name=\"author\" content=\"Tom Sundermann\" \/>\n<meta name=\"twitter:label1\" content=\"Geschrieben von\" \/>\n\t<meta name=\"twitter:data1\" content=\"Tom Sundermann\" \/>\n\t<meta name=\"twitter:label2\" content=\"Gesch\u00e4tzte Lesezeit\" \/>\n\t<meta name=\"twitter:data2\" content=\"4\u00a0Minuten\" \/>\n<script type=\"application\/ld+json\" class=\"yoast-schema-graph\">{\"@context\":\"https:\/\/schema.org\",\"@graph\":[{\"@type\":\"WebPage\",\"@id\":\"https:\/\/blog.zeit.de\/nsu-prozess-blog\/2015\/12\/10\/schweigen-ware-schlauer-gewesen-das-medienlog-vom-donnerstag-10-dezember-2015\/\",\"url\":\"https:\/\/blog.zeit.de\/nsu-prozess-blog\/2015\/12\/10\/schweigen-ware-schlauer-gewesen-das-medienlog-vom-donnerstag-10-dezember-2015\/\",\"name\":\"Schweigen w\u00e4re schlauer gewesen \u2013 Das Medienlog vom Donnerstag, 10. Dezember 2015 - Das NSU-Prozess-Blog\",\"isPartOf\":{\"@id\":\"https:\/\/blog.zeit.de\/nsu-prozess-blog\/#website\"},\"datePublished\":\"2015-12-10T06:52:49+00:00\",\"dateModified\":\"2015-12-10T07:13:28+00:00\",\"author\":{\"@id\":\"https:\/\/blog.zeit.de\/nsu-prozess-blog\/#\/schema\/person\/553ea9bb5d1fc2ae054c589bd59380a5\"},\"breadcrumb\":{\"@id\":\"https:\/\/blog.zeit.de\/nsu-prozess-blog\/2015\/12\/10\/schweigen-ware-schlauer-gewesen-das-medienlog-vom-donnerstag-10-dezember-2015\/#breadcrumb\"},\"inLanguage\":\"de\",\"potentialAction\":[{\"@type\":\"ReadAction\",\"target\":[\"https:\/\/blog.zeit.de\/nsu-prozess-blog\/2015\/12\/10\/schweigen-ware-schlauer-gewesen-das-medienlog-vom-donnerstag-10-dezember-2015\/\"]}]},{\"@type\":\"BreadcrumbList\",\"@id\":\"https:\/\/blog.zeit.de\/nsu-prozess-blog\/2015\/12\/10\/schweigen-ware-schlauer-gewesen-das-medienlog-vom-donnerstag-10-dezember-2015\/#breadcrumb\",\"itemListElement\":[{\"@type\":\"ListItem\",\"position\":1,\"name\":\"Startseite\",\"item\":\"https:\/\/blog.zeit.de\/nsu-prozess-blog\/\"},{\"@type\":\"ListItem\",\"position\":2,\"name\":\"Schweigen w\u00e4re schlauer gewesen \u2013 Das Medienlog vom Donnerstag, 10. Dezember 2015\"}]},{\"@type\":\"WebSite\",\"@id\":\"https:\/\/blog.zeit.de\/nsu-prozess-blog\/#website\",\"url\":\"https:\/\/blog.zeit.de\/nsu-prozess-blog\/\",\"name\":\"Das NSU-Prozess-Blog\",\"description\":\"Alle Berichte zum Terrorverfahren in M\u00fcnchen\",\"potentialAction\":[{\"@type\":\"SearchAction\",\"target\":{\"@type\":\"EntryPoint\",\"urlTemplate\":\"https:\/\/blog.zeit.de\/nsu-prozess-blog\/?s={search_term_string}\"},\"query-input\":\"required name=search_term_string\"}],\"inLanguage\":\"de\"},{\"@type\":\"Person\",\"@id\":\"https:\/\/blog.zeit.de\/nsu-prozess-blog\/#\/schema\/person\/553ea9bb5d1fc2ae054c589bd59380a5\",\"name\":\"Tom Sundermann\",\"image\":{\"@type\":\"ImageObject\",\"inLanguage\":\"de\",\"@id\":\"https:\/\/blog.zeit.de\/nsu-prozess-blog\/#\/schema\/person\/image\/\",\"url\":\"https:\/\/secure.gravatar.com\/avatar\/e108a3dc18766f719b2f797dc5d19093f06a1870c55b553ab6b7563f1f9a5e68?s=96&d=mm&r=g\",\"contentUrl\":\"https:\/\/secure.gravatar.com\/avatar\/e108a3dc18766f719b2f797dc5d19093f06a1870c55b553ab6b7563f1f9a5e68?s=96&d=mm&r=g\",\"caption\":\"Tom Sundermann\"},\"sameAs\":[\"https:\/\/twitter.com\/messeticker\"],\"url\":\"https:\/\/blog.zeit.de\/nsu-prozess-blog\/author\/tsundermann\/\"}]}<\/script>\n<!-- \/ Yoast SEO plugin. -->","yoast_head_json":{"title":"Schweigen w\u00e4re schlauer gewesen \u2013 Das Medienlog vom Donnerstag, 10. Dezember 2015 - Das NSU-Prozess-Blog","robots":{"index":"index","follow":"follow","max-snippet":"max-snippet:-1","max-image-preview":"max-image-preview:large","max-video-preview":"max-video-preview:-1"},"canonical":"https:\/\/blog.zeit.de\/nsu-prozess-blog\/2015\/12\/10\/schweigen-ware-schlauer-gewesen-das-medienlog-vom-donnerstag-10-dezember-2015\/","og_locale":"de_DE","og_type":"article","og_title":"Schweigen w\u00e4re schlauer gewesen \u2013 Das Medienlog vom Donnerstag, 10. Dezember 2015 - Das NSU-Prozess-Blog","og_description":"Die Opfer des NSU und deren Anw\u00e4lte sind emp\u00f6rt \u2013 und wohl doch wenig \u00fcberrascht: Beate Zsch\u00e4pes Aussage (hier in unserem Live-Blog dokumentiert) war ein einziges Ausweichen. Zsch\u00e4pe stellte sich als Opfer der M\u00f6rder Uwe Mundlos und Uwe B\u00f6hnhardt dar, von deren Morden sie immer erst hinterher erfuhr \u2013 eine offenbar taktisch motivierte Einlassung. &#8222;So [&hellip;]","og_url":"https:\/\/blog.zeit.de\/nsu-prozess-blog\/2015\/12\/10\/schweigen-ware-schlauer-gewesen-das-medienlog-vom-donnerstag-10-dezember-2015\/","og_site_name":"Das NSU-Prozess-Blog","article_published_time":"2015-12-10T06:52:49+00:00","article_modified_time":"2015-12-10T07:13:28+00:00","author":"Tom Sundermann","twitter_misc":{"Geschrieben von":"Tom Sundermann","Gesch\u00e4tzte Lesezeit":"4\u00a0Minuten"},"schema":{"@context":"https:\/\/schema.org","@graph":[{"@type":"WebPage","@id":"https:\/\/blog.zeit.de\/nsu-prozess-blog\/2015\/12\/10\/schweigen-ware-schlauer-gewesen-das-medienlog-vom-donnerstag-10-dezember-2015\/","url":"https:\/\/blog.zeit.de\/nsu-prozess-blog\/2015\/12\/10\/schweigen-ware-schlauer-gewesen-das-medienlog-vom-donnerstag-10-dezember-2015\/","name":"Schweigen w\u00e4re schlauer gewesen \u2013 Das Medienlog vom Donnerstag, 10. Dezember 2015 - Das NSU-Prozess-Blog","isPartOf":{"@id":"https:\/\/blog.zeit.de\/nsu-prozess-blog\/#website"},"datePublished":"2015-12-10T06:52:49+00:00","dateModified":"2015-12-10T07:13:28+00:00","author":{"@id":"https:\/\/blog.zeit.de\/nsu-prozess-blog\/#\/schema\/person\/553ea9bb5d1fc2ae054c589bd59380a5"},"breadcrumb":{"@id":"https:\/\/blog.zeit.de\/nsu-prozess-blog\/2015\/12\/10\/schweigen-ware-schlauer-gewesen-das-medienlog-vom-donnerstag-10-dezember-2015\/#breadcrumb"},"inLanguage":"de","potentialAction":[{"@type":"ReadAction","target":["https:\/\/blog.zeit.de\/nsu-prozess-blog\/2015\/12\/10\/schweigen-ware-schlauer-gewesen-das-medienlog-vom-donnerstag-10-dezember-2015\/"]}]},{"@type":"BreadcrumbList","@id":"https:\/\/blog.zeit.de\/nsu-prozess-blog\/2015\/12\/10\/schweigen-ware-schlauer-gewesen-das-medienlog-vom-donnerstag-10-dezember-2015\/#breadcrumb","itemListElement":[{"@type":"ListItem","position":1,"name":"Startseite","item":"https:\/\/blog.zeit.de\/nsu-prozess-blog\/"},{"@type":"ListItem","position":2,"name":"Schweigen w\u00e4re schlauer gewesen \u2013 Das Medienlog vom Donnerstag, 10. Dezember 2015"}]},{"@type":"WebSite","@id":"https:\/\/blog.zeit.de\/nsu-prozess-blog\/#website","url":"https:\/\/blog.zeit.de\/nsu-prozess-blog\/","name":"Das NSU-Prozess-Blog","description":"Alle Berichte zum Terrorverfahren in M\u00fcnchen","potentialAction":[{"@type":"SearchAction","target":{"@type":"EntryPoint","urlTemplate":"https:\/\/blog.zeit.de\/nsu-prozess-blog\/?s={search_term_string}"},"query-input":"required name=search_term_string"}],"inLanguage":"de"},{"@type":"Person","@id":"https:\/\/blog.zeit.de\/nsu-prozess-blog\/#\/schema\/person\/553ea9bb5d1fc2ae054c589bd59380a5","name":"Tom Sundermann","image":{"@type":"ImageObject","inLanguage":"de","@id":"https:\/\/blog.zeit.de\/nsu-prozess-blog\/#\/schema\/person\/image\/","url":"https:\/\/secure.gravatar.com\/avatar\/e108a3dc18766f719b2f797dc5d19093f06a1870c55b553ab6b7563f1f9a5e68?s=96&d=mm&r=g","contentUrl":"https:\/\/secure.gravatar.com\/avatar\/e108a3dc18766f719b2f797dc5d19093f06a1870c55b553ab6b7563f1f9a5e68?s=96&d=mm&r=g","caption":"Tom Sundermann"},"sameAs":["https:\/\/twitter.com\/messeticker"],"url":"https:\/\/blog.zeit.de\/nsu-prozess-blog\/author\/tsundermann\/"}]}},"jetpack_featured_media_url":"","jetpack_sharing_enabled":true,"_links":{"self":[{"href":"https:\/\/blog.zeit.de\/nsu-prozess-blog\/wp-json\/wp\/v2\/posts\/10527","targetHints":{"allow":["GET"]}}],"collection":[{"href":"https:\/\/blog.zeit.de\/nsu-prozess-blog\/wp-json\/wp\/v2\/posts"}],"about":[{"href":"https:\/\/blog.zeit.de\/nsu-prozess-blog\/wp-json\/wp\/v2\/types\/post"}],"author":[{"embeddable":true,"href":"https:\/\/blog.zeit.de\/nsu-prozess-blog\/wp-json\/wp\/v2\/users\/435"}],"replies":[{"embeddable":true,"href":"https:\/\/blog.zeit.de\/nsu-prozess-blog\/wp-json\/wp\/v2\/comments?post=10527"}],"version-history":[{"count":8,"href":"https:\/\/blog.zeit.de\/nsu-prozess-blog\/wp-json\/wp\/v2\/posts\/10527\/revisions"}],"predecessor-version":[{"id":10535,"href":"https:\/\/blog.zeit.de\/nsu-prozess-blog\/wp-json\/wp\/v2\/posts\/10527\/revisions\/10535"}],"wp:attachment":[{"href":"https:\/\/blog.zeit.de\/nsu-prozess-blog\/wp-json\/wp\/v2\/media?parent=10527"}],"wp:term":[{"taxonomy":"category","embeddable":true,"href":"https:\/\/blog.zeit.de\/nsu-prozess-blog\/wp-json\/wp\/v2\/categories?post=10527"},{"taxonomy":"post_tag","embeddable":true,"href":"https:\/\/blog.zeit.de\/nsu-prozess-blog\/wp-json\/wp\/v2\/tags?post=10527"}],"curies":[{"name":"wp","href":"https:\/\/api.w.org\/{rel}","templated":true}]}}