{"id":10544,"date":"2015-12-11T08:34:23","date_gmt":"2015-12-11T07:34:23","guid":{"rendered":"http:\/\/blog.zeit.de\/nsu-prozess-blog\/?p=10544"},"modified":"2015-12-11T09:06:37","modified_gmt":"2015-12-11T08:06:37","slug":"medienlog-zschaepe-aussage-nsu","status":"publish","type":"post","link":"https:\/\/blog.zeit.de\/nsu-prozess-blog\/2015\/12\/11\/medienlog-zschaepe-aussage-nsu\/","title":{"rendered":"Kein Wort \u00fcber das rechte Netzwerk \u2013 Das Medienlog vom Freitag, 11. Dezember 2015"},"content":{"rendered":"<p>Rund 90 Minuten lang <a href=\"https:\/\/blog.zeit.de\/nsu-prozess-blog\/2015\/12\/10\/schweigen-ware-schlauer-gewesen-das-medienlog-vom-donnerstag-10-dezember-2015\/\">sagte Beate Zsch\u00e4pe<\/a> am Mittwoch \u2013 per Verlesung durch ihren Anwalt \u2013 im NSU-Prozess aus. Die Einlassung wurde in der Berichterstattung durch die Bank als Farce und L\u00fcge aufgenommen. Doch steckt in den knappen Worten auch etwas Greifbares? &#8222;G\u00e4nzlich wertlos ist die Aussage nicht&#8220;, merkt Frank Jansen vom <a href=\"http:\/\/www.tagesspiegel.de\/politik\/nsu-prozess-was-die-aussage-von-beate-zschaepe-gebracht-hat\/12706494.html\" target=\"_blank\"><em>Tagesspiegel<\/em><\/a> an.<\/p>\n<p><!--more--><\/p>\n<p><em>An jedem Werktag sichten wir f\u00fcr das NSU-Prozess-Blog die Medien und stellen wichtige Berichte, Blogs, Videos und Tweets zusammen. Wir freuen uns \u00fcber Hinweise via Twitter mit dem Hashtag #nsublog \u2013 oder per E-Mail an <a href=\"mailto:nsublog@zeit.de\">nsublog@zeit.de<\/a>.<\/em><\/p>\n<p>So h\u00e4tte ihre Aussage in zwei F\u00e4llen den Verdacht geschw\u00e4cht, es k\u00f6nnten Dritte beteiligt sein: beim <a href=\"https:\/\/blog.zeit.de\/nsu-prozess-blog\/2014\/06\/26\/wer-brachte-die-bombe-in-den-lebensmittelladen\/\">Bombenanschlag auf ein Lebensmittelgesch\u00e4ft in K\u00f6ln<\/a> und beim <a href=\"http:\/\/www.zeit.de\/gesellschaft\/2013-11\/nsu-prozess-menzel\">Tod von Uwe Mundlos und Uwe B\u00f6hnhardt<\/a> am 4. November 2011 in einem Wohnmobil. Auff\u00e4llig sei gewesen, dass sie von den Mitangeklagten nur <a href=\"https:\/\/blog.zeit.de\/nsu-prozess-blog\/2015\/10\/29\/medienlog-nsu-holger-g-nebenklage-aussage\/\">Holger G.<\/a> erw\u00e4hnte, nicht aber etwa den langj\u00e4hrigen mutma\u00dflichen <a href=\"https:\/\/blog.zeit.de\/nsu-prozess-blog\/2014\/01\/21\/der-schatten-des-nsu\/\">Helfer Andr\u00e9 E.<\/a><\/p>\n<p>Bei E. wie auch beim ebenfalls angeklagten <a href=\"https:\/\/blog.zeit.de\/nsu-prozess-blog\/2015\/11\/13\/medienlog-wohlleben-aussage-ankuendigung-nsu\/\">Ralf Wohlleben<\/a> seien bei der Aussage keine Zeichen von Anspannung zu sehen gewesen, hat Andreas Speit f\u00fcr den <a href=\"http:\/\/www.bnr.de\/artikel\/hintergrund\/nsu-terror-ihre-uwes-warens\" target=\"_blank\"><em>Blick nach rechts<\/em><\/a> beobachtet: &#8222;Vertrauten sie ihrer langj\u00e4hrigen Mitstreiterin einfach, weiterhin nichts zu verraten, was nicht schon \u00f6ffentlich verhandelt wurde?&#8220; Zsch\u00e4pe habe ihren Anwalt nichts vom weithin vermuteten Unterst\u00fctzernetzwerk verlauten lassen.<\/p>\n<p>War Zsch\u00e4pe aktives NSU-Mitglied oder eine untergeordnete Mitl\u00e4uferin, wie sie behauptet? Bekam sie von den Mordvorbereitungen nichts mit, obwohl sie mit den Uwes auf engstem Raum lebte? Die Widerspr\u00fcche in ihrer Aussage fasst ein <a href=\"http:\/\/www.abendzeitung-muenchen.de\/inhalt.nsu-prozess-nach-zschaepes-aussage-die-widersprueche-und-offenen-fragen.6ccda36a-9ecb-4790-98e8-d3357a71da93.html\" target=\"_blank\">Artikel der dpa<\/a> zusammen.<\/p>\n<p>Zwei Interviews beleuchten, wie die Aussage bei den Anw\u00e4lten der Nebenklage wahrgenommen wurde \u2013 n\u00e4mlich wie in der Presse als halbherziger Vertuschungsversuch. Thielko Grie\u00df sprach im <a href=\"http:\/\/www.deutschlandfunk.de\/zschaepe-im-nsu-prozess-ein-wirklich-jaemmerlicher.694.de.html?dram:article_id=339313\" target=\"_blank\">Deutschlandradio<\/a> mit Thomas Bliwier, der die Eltern des <a href=\"http:\/\/www.zeit.de\/gesellschaft\/zeitgeschehen\/2013-10\/ismail-yozgat-nsu-prozess-antworten-kassel-verfassungschutz\">in Kassel get\u00f6teten Halit Yozgat<\/a> vertritt. Stephan Heller interviewte im <a href=\"http:\/\/www.ndr.de\/nachrichten\/hamburg\/NSU-Opfer-Anwaeltin-Das-klingt-nach-Taktik,pinar104.html\" target=\"_blank\">NDR<\/a>, deren Mandanten die Angeh\u00f6rigen des Hamburger Mordopfers <a href=\"http:\/\/www.zeit.de\/gesellschaft\/zeitgeschehen\/2013-09\/nsu-prozess-3\">S\u00fcleyman Task\u00f6pr\u00fc<\/a> sind.<\/p>\n<p>Unter dem Titel &#8222;Entpolitisierung rechter Gewalt&#8220; analysiert Maximilian Pichl Zsch\u00e4pes Aussage im <a href=\"http:\/\/verfassungsblog.de\/entpolitisierung-rechter-gewalt-zur-aussage-von-beate-zschaepe-im-nsu-prozess\/\" target=\"_blank\"><em>Verfassungsblog<\/em><\/a>.<\/p>\n<p><em>Das n\u00e4chste Medienlog erscheint am Montag, 13. Dezember 2015.<\/em><\/p>\n","protected":false},"excerpt":{"rendered":"<p>Rund 90 Minuten lang sagte Beate Zsch\u00e4pe am Mittwoch \u2013 per Verlesung durch ihren Anwalt \u2013 im NSU-Prozess aus. Die Einlassung wurde in der Berichterstattung durch die Bank als Farce und L\u00fcge aufgenommen. Doch steckt in den knappen Worten auch etwas Greifbares? &#8222;G\u00e4nzlich wertlos ist die Aussage nicht&#8220;, merkt Frank Jansen vom Tagesspiegel an.<\/p>\n","protected":false},"author":435,"featured_media":0,"comment_status":"open","ping_status":"open","sticky":false,"template":"","format":"standard","meta":{"_jetpack_memberships_contains_paid_content":false,"footnotes":""},"categories":[27531],"tags":[27561,29424,17793,26571,27548,24914,29426,29521,17772,35391],"class_list":["post-10544","post","type-post","status-publish","format-standard","hentry","category-medienschau","tag-andre-e","tag-anwalte","tag-beate-zschape","tag-bombe","tag-holger-g","tag-koln","tag-nebenklage","tag-probsteigasse","tag-ralf-wohlleben","tag-zschape-aussage"],"yoast_head":"<!-- This site is optimized with the Yoast SEO plugin v21.0 - https:\/\/yoast.com\/wordpress\/plugins\/seo\/ -->\n<title>Kein Wort \u00fcber das rechte Netzwerk \u2013 Das Medienlog vom Freitag, 11. Dezember 2015 - Das NSU-Prozess-Blog<\/title>\n<meta name=\"robots\" content=\"index, follow, max-snippet:-1, max-image-preview:large, max-video-preview:-1\" \/>\n<link rel=\"canonical\" href=\"https:\/\/blog.zeit.de\/nsu-prozess-blog\/2015\/12\/11\/medienlog-zschaepe-aussage-nsu\/\" \/>\n<meta property=\"og:locale\" content=\"de_DE\" \/>\n<meta property=\"og:type\" content=\"article\" \/>\n<meta property=\"og:title\" content=\"Kein Wort \u00fcber das rechte Netzwerk \u2013 Das Medienlog vom Freitag, 11. Dezember 2015 - Das NSU-Prozess-Blog\" \/>\n<meta property=\"og:description\" content=\"Rund 90 Minuten lang sagte Beate Zsch\u00e4pe am Mittwoch \u2013 per Verlesung durch ihren Anwalt \u2013 im NSU-Prozess aus. Die Einlassung wurde in der Berichterstattung durch die Bank als Farce und L\u00fcge aufgenommen. Doch steckt in den knappen Worten auch etwas Greifbares? &#8222;G\u00e4nzlich wertlos ist die Aussage nicht&#8220;, merkt Frank Jansen vom Tagesspiegel an.\" \/>\n<meta property=\"og:url\" content=\"https:\/\/blog.zeit.de\/nsu-prozess-blog\/2015\/12\/11\/medienlog-zschaepe-aussage-nsu\/\" \/>\n<meta property=\"og:site_name\" content=\"Das NSU-Prozess-Blog\" \/>\n<meta property=\"article:published_time\" content=\"2015-12-11T07:34:23+00:00\" \/>\n<meta property=\"article:modified_time\" content=\"2015-12-11T08:06:37+00:00\" \/>\n<meta name=\"author\" content=\"Tom Sundermann\" \/>\n<meta name=\"twitter:label1\" content=\"Geschrieben von\" \/>\n\t<meta name=\"twitter:data1\" content=\"Tom Sundermann\" \/>\n\t<meta name=\"twitter:label2\" content=\"Gesch\u00e4tzte Lesezeit\" \/>\n\t<meta name=\"twitter:data2\" content=\"2\u00a0Minuten\" \/>\n<script type=\"application\/ld+json\" class=\"yoast-schema-graph\">{\"@context\":\"https:\/\/schema.org\",\"@graph\":[{\"@type\":\"WebPage\",\"@id\":\"https:\/\/blog.zeit.de\/nsu-prozess-blog\/2015\/12\/11\/medienlog-zschaepe-aussage-nsu\/\",\"url\":\"https:\/\/blog.zeit.de\/nsu-prozess-blog\/2015\/12\/11\/medienlog-zschaepe-aussage-nsu\/\",\"name\":\"Kein Wort \u00fcber das rechte Netzwerk \u2013 Das Medienlog vom Freitag, 11. Dezember 2015 - Das NSU-Prozess-Blog\",\"isPartOf\":{\"@id\":\"https:\/\/blog.zeit.de\/nsu-prozess-blog\/#website\"},\"datePublished\":\"2015-12-11T07:34:23+00:00\",\"dateModified\":\"2015-12-11T08:06:37+00:00\",\"author\":{\"@id\":\"https:\/\/blog.zeit.de\/nsu-prozess-blog\/#\/schema\/person\/553ea9bb5d1fc2ae054c589bd59380a5\"},\"breadcrumb\":{\"@id\":\"https:\/\/blog.zeit.de\/nsu-prozess-blog\/2015\/12\/11\/medienlog-zschaepe-aussage-nsu\/#breadcrumb\"},\"inLanguage\":\"de\",\"potentialAction\":[{\"@type\":\"ReadAction\",\"target\":[\"https:\/\/blog.zeit.de\/nsu-prozess-blog\/2015\/12\/11\/medienlog-zschaepe-aussage-nsu\/\"]}]},{\"@type\":\"BreadcrumbList\",\"@id\":\"https:\/\/blog.zeit.de\/nsu-prozess-blog\/2015\/12\/11\/medienlog-zschaepe-aussage-nsu\/#breadcrumb\",\"itemListElement\":[{\"@type\":\"ListItem\",\"position\":1,\"name\":\"Startseite\",\"item\":\"https:\/\/blog.zeit.de\/nsu-prozess-blog\/\"},{\"@type\":\"ListItem\",\"position\":2,\"name\":\"Kein Wort \u00fcber das rechte Netzwerk \u2013 Das Medienlog vom Freitag, 11. Dezember 2015\"}]},{\"@type\":\"WebSite\",\"@id\":\"https:\/\/blog.zeit.de\/nsu-prozess-blog\/#website\",\"url\":\"https:\/\/blog.zeit.de\/nsu-prozess-blog\/\",\"name\":\"Das NSU-Prozess-Blog\",\"description\":\"Alle Berichte zum Terrorverfahren in M\u00fcnchen\",\"potentialAction\":[{\"@type\":\"SearchAction\",\"target\":{\"@type\":\"EntryPoint\",\"urlTemplate\":\"https:\/\/blog.zeit.de\/nsu-prozess-blog\/?s={search_term_string}\"},\"query-input\":\"required name=search_term_string\"}],\"inLanguage\":\"de\"},{\"@type\":\"Person\",\"@id\":\"https:\/\/blog.zeit.de\/nsu-prozess-blog\/#\/schema\/person\/553ea9bb5d1fc2ae054c589bd59380a5\",\"name\":\"Tom Sundermann\",\"image\":{\"@type\":\"ImageObject\",\"inLanguage\":\"de\",\"@id\":\"https:\/\/blog.zeit.de\/nsu-prozess-blog\/#\/schema\/person\/image\/\",\"url\":\"https:\/\/secure.gravatar.com\/avatar\/e108a3dc18766f719b2f797dc5d19093f06a1870c55b553ab6b7563f1f9a5e68?s=96&d=mm&r=g\",\"contentUrl\":\"https:\/\/secure.gravatar.com\/avatar\/e108a3dc18766f719b2f797dc5d19093f06a1870c55b553ab6b7563f1f9a5e68?s=96&d=mm&r=g\",\"caption\":\"Tom Sundermann\"},\"sameAs\":[\"https:\/\/twitter.com\/messeticker\"],\"url\":\"https:\/\/blog.zeit.de\/nsu-prozess-blog\/author\/tsundermann\/\"}]}<\/script>\n<!-- \/ Yoast SEO plugin. -->","yoast_head_json":{"title":"Kein Wort \u00fcber das rechte Netzwerk \u2013 Das Medienlog vom Freitag, 11. Dezember 2015 - Das NSU-Prozess-Blog","robots":{"index":"index","follow":"follow","max-snippet":"max-snippet:-1","max-image-preview":"max-image-preview:large","max-video-preview":"max-video-preview:-1"},"canonical":"https:\/\/blog.zeit.de\/nsu-prozess-blog\/2015\/12\/11\/medienlog-zschaepe-aussage-nsu\/","og_locale":"de_DE","og_type":"article","og_title":"Kein Wort \u00fcber das rechte Netzwerk \u2013 Das Medienlog vom Freitag, 11. Dezember 2015 - Das NSU-Prozess-Blog","og_description":"Rund 90 Minuten lang sagte Beate Zsch\u00e4pe am Mittwoch \u2013 per Verlesung durch ihren Anwalt \u2013 im NSU-Prozess aus. Die Einlassung wurde in der Berichterstattung durch die Bank als Farce und L\u00fcge aufgenommen. Doch steckt in den knappen Worten auch etwas Greifbares? &#8222;G\u00e4nzlich wertlos ist die Aussage nicht&#8220;, merkt Frank Jansen vom Tagesspiegel an.","og_url":"https:\/\/blog.zeit.de\/nsu-prozess-blog\/2015\/12\/11\/medienlog-zschaepe-aussage-nsu\/","og_site_name":"Das NSU-Prozess-Blog","article_published_time":"2015-12-11T07:34:23+00:00","article_modified_time":"2015-12-11T08:06:37+00:00","author":"Tom Sundermann","twitter_misc":{"Geschrieben von":"Tom Sundermann","Gesch\u00e4tzte Lesezeit":"2\u00a0Minuten"},"schema":{"@context":"https:\/\/schema.org","@graph":[{"@type":"WebPage","@id":"https:\/\/blog.zeit.de\/nsu-prozess-blog\/2015\/12\/11\/medienlog-zschaepe-aussage-nsu\/","url":"https:\/\/blog.zeit.de\/nsu-prozess-blog\/2015\/12\/11\/medienlog-zschaepe-aussage-nsu\/","name":"Kein Wort \u00fcber das rechte Netzwerk \u2013 Das Medienlog vom Freitag, 11. Dezember 2015 - Das NSU-Prozess-Blog","isPartOf":{"@id":"https:\/\/blog.zeit.de\/nsu-prozess-blog\/#website"},"datePublished":"2015-12-11T07:34:23+00:00","dateModified":"2015-12-11T08:06:37+00:00","author":{"@id":"https:\/\/blog.zeit.de\/nsu-prozess-blog\/#\/schema\/person\/553ea9bb5d1fc2ae054c589bd59380a5"},"breadcrumb":{"@id":"https:\/\/blog.zeit.de\/nsu-prozess-blog\/2015\/12\/11\/medienlog-zschaepe-aussage-nsu\/#breadcrumb"},"inLanguage":"de","potentialAction":[{"@type":"ReadAction","target":["https:\/\/blog.zeit.de\/nsu-prozess-blog\/2015\/12\/11\/medienlog-zschaepe-aussage-nsu\/"]}]},{"@type":"BreadcrumbList","@id":"https:\/\/blog.zeit.de\/nsu-prozess-blog\/2015\/12\/11\/medienlog-zschaepe-aussage-nsu\/#breadcrumb","itemListElement":[{"@type":"ListItem","position":1,"name":"Startseite","item":"https:\/\/blog.zeit.de\/nsu-prozess-blog\/"},{"@type":"ListItem","position":2,"name":"Kein Wort \u00fcber das rechte Netzwerk \u2013 Das Medienlog vom Freitag, 11. Dezember 2015"}]},{"@type":"WebSite","@id":"https:\/\/blog.zeit.de\/nsu-prozess-blog\/#website","url":"https:\/\/blog.zeit.de\/nsu-prozess-blog\/","name":"Das NSU-Prozess-Blog","description":"Alle Berichte zum Terrorverfahren in M\u00fcnchen","potentialAction":[{"@type":"SearchAction","target":{"@type":"EntryPoint","urlTemplate":"https:\/\/blog.zeit.de\/nsu-prozess-blog\/?s={search_term_string}"},"query-input":"required name=search_term_string"}],"inLanguage":"de"},{"@type":"Person","@id":"https:\/\/blog.zeit.de\/nsu-prozess-blog\/#\/schema\/person\/553ea9bb5d1fc2ae054c589bd59380a5","name":"Tom Sundermann","image":{"@type":"ImageObject","inLanguage":"de","@id":"https:\/\/blog.zeit.de\/nsu-prozess-blog\/#\/schema\/person\/image\/","url":"https:\/\/secure.gravatar.com\/avatar\/e108a3dc18766f719b2f797dc5d19093f06a1870c55b553ab6b7563f1f9a5e68?s=96&d=mm&r=g","contentUrl":"https:\/\/secure.gravatar.com\/avatar\/e108a3dc18766f719b2f797dc5d19093f06a1870c55b553ab6b7563f1f9a5e68?s=96&d=mm&r=g","caption":"Tom Sundermann"},"sameAs":["https:\/\/twitter.com\/messeticker"],"url":"https:\/\/blog.zeit.de\/nsu-prozess-blog\/author\/tsundermann\/"}]}},"jetpack_featured_media_url":"","jetpack_sharing_enabled":true,"_links":{"self":[{"href":"https:\/\/blog.zeit.de\/nsu-prozess-blog\/wp-json\/wp\/v2\/posts\/10544","targetHints":{"allow":["GET"]}}],"collection":[{"href":"https:\/\/blog.zeit.de\/nsu-prozess-blog\/wp-json\/wp\/v2\/posts"}],"about":[{"href":"https:\/\/blog.zeit.de\/nsu-prozess-blog\/wp-json\/wp\/v2\/types\/post"}],"author":[{"embeddable":true,"href":"https:\/\/blog.zeit.de\/nsu-prozess-blog\/wp-json\/wp\/v2\/users\/435"}],"replies":[{"embeddable":true,"href":"https:\/\/blog.zeit.de\/nsu-prozess-blog\/wp-json\/wp\/v2\/comments?post=10544"}],"version-history":[{"count":5,"href":"https:\/\/blog.zeit.de\/nsu-prozess-blog\/wp-json\/wp\/v2\/posts\/10544\/revisions"}],"predecessor-version":[{"id":10549,"href":"https:\/\/blog.zeit.de\/nsu-prozess-blog\/wp-json\/wp\/v2\/posts\/10544\/revisions\/10549"}],"wp:attachment":[{"href":"https:\/\/blog.zeit.de\/nsu-prozess-blog\/wp-json\/wp\/v2\/media?parent=10544"}],"wp:term":[{"taxonomy":"category","embeddable":true,"href":"https:\/\/blog.zeit.de\/nsu-prozess-blog\/wp-json\/wp\/v2\/categories?post=10544"},{"taxonomy":"post_tag","embeddable":true,"href":"https:\/\/blog.zeit.de\/nsu-prozess-blog\/wp-json\/wp\/v2\/tags?post=10544"}],"curies":[{"name":"wp","href":"https:\/\/api.w.org\/{rel}","templated":true}]}}