{"id":10551,"date":"2015-12-14T08:23:53","date_gmt":"2015-12-14T07:23:53","guid":{"rendered":"http:\/\/blog.zeit.de\/nsu-prozess-blog\/?p=10551"},"modified":"2015-12-14T10:13:16","modified_gmt":"2015-12-14T09:13:16","slug":"medienlog-zschaepe-aussage-justiz-fragen-nsu","status":"publish","type":"post","link":"https:\/\/blog.zeit.de\/nsu-prozess-blog\/2015\/12\/14\/medienlog-zschaepe-aussage-justiz-fragen-nsu\/","title":{"rendered":"Eine Sternstunde der Justiz \u2013 Das Medienlog vom Montag, 14. Dezember 2015"},"content":{"rendered":"<p><a href=\"http:\/\/www.zeit.de\/politik\/ausland\/2015-12\/beate-schaepe-aussage-bewertung\/\">Beate Zsch\u00e4pe hat ausgesagt<\/a> \u2013 und wirkte dabei alles andere als glaubw\u00fcrdig. Doch ist das nur negativ? &#8222;So armselig, absto\u00dfend und abstrus ihre Erkl\u00e4rung auch war \u2013 f\u00fcr die Justiz war es eine Sternstunde&#8220;, meint Peter Lange vom <a href=\"http:\/\/www.deutschlandradiokultur.de\/nsu-prozess-ein-starkes-stueck-rechtsstaat.996.de.html?dram:article_id=339555\" target=\"_blank\">Deutschlandradio<\/a>. Die Hauptangeklagte sei &#8222;mit einer peniblen Beweisaufnahme&#8220; und nicht etwa durch Zwang zur Aussage gebracht worden \u2013 was eine Errungenschaft des Rechtsstaats sei. Ausfl\u00fcchte und Halbwahrheiten w\u00fcrden Zsch\u00e4pe letztlich nichts nutzen.<\/p>\n<p><!--more--><\/p>\n<p><em>An jedem Werktag sichten wir f\u00fcr das NSU-Prozess-Blog die Medien und stellen wichtige Berichte, Blogs, Videos und Tweets zusammen. Wir freuen uns \u00fcber Hinweise via Twitter mit dem Hashtag #nsublog \u2013 oder per E-Mail an <a href=\"mailto:nsublog@zeit.de\">nsublog@zeit.de<\/a>.<\/em><\/p>\n<p>Auf die Aussage sollen noch Fragen des Gerichts folgen. Die will Zsch\u00e4pe jedoch nur in schriftlicher Form empfangen und beantworten. Heribert Prantl von der <a href=\"http:\/\/www.sueddeutsche.de\/politik\/nsu-prozess-zschaepe-will-alles-nur-schriftlich-aber-eine-strafverhandlung-ist-keine-vorlesung-1.2776525\" target=\"_blank\"><em>S\u00fcddeutschen Zeitung<\/em><\/a> glaubt nicht, dass die Richter dieses Vorgehen akzeptieren werden: &#8222;Man kann das Verlangen der Angeklagten, das Gericht m\u00fcsse schriftlich mit ihr verkehren, als hochn\u00e4sig bezeichnen.&#8220; Ihr Aussageverhalten komme einem Teilgest\u00e4ndnis gleich. Insgesamt allerdings habe die Verlesung ihres Gest\u00e4ndnisses durch ihren Anwalt den Prozess nicht ver\u00e4ndert.<\/p>\n<p>Den Grund daf\u00fcr nennt <a href=\"http:\/\/www.sueddeutsche.de\/politik\/zschaepe-aussage-nsu-prozess-haelt-dem-land-den-spiegel-vor-1.2778285\" target=\"_blank\"><em>S\u00fcddeutsche<\/em><\/a>-Autor Tanjev Schultz: &#8222;Dass Zsch\u00e4pes Aussage den meisten Beobachtern als plumpe Ausrede erscheint, entbindet die Richter nicht von der Aufgabe, alles penibel zu pr\u00fcfen.&#8220; Schultz erkennt in der Einlassung eine gr\u00f6\u00dfere Dimension: Zsch\u00e4pe will nach eigenen Angaben nach jedem neuen Mord erneut entsetzt gewesen sein und \u00e4nderte dennoch nichts. Erschreckend sei, &#8222;dass die Geschichte des Verdr\u00e4ngens und Resignierens, die Zsch\u00e4pe pr\u00e4sentiert hat, ein bisschen auch daran erinnert, wie die Gesellschaft auf rassistische Gewalt reagiert&#8220;.<\/p>\n<p>Ob es nun noch zu Fragen der Richter kommt oder nicht: &#8222;Von Zsch\u00e4pe jedenfalls scheint nicht mehr viel zu erwarten, was zur Aufkl\u00e4rung der Morde oder des NSU beitr\u00e4gt&#8220;, kommentiert Christoph Reisinger von der <a href=\"http:\/\/www.zvw.de\/inhalt.kommentar-zum-nsu-prozess-zschaepes-aussage-bleibt-ein-grosses-aergernis.68d2eb8f-27cd-445d-b54f-7a6722d4290f.html\" target=\"_blank\"><em>Waiblinger Kreiszeitung<\/em><\/a>. Es sei unklar, ob es \u00fcberhaupt gelingen werde, die Schuld der Angeklagten zu bemessen. Somit sei es &#8222;Zeit, die vielen Erwartungen fahren zu lassen, mit denen der NSU-Prozess seit Anbeginn \u00fcberfrachtet wird&#8220;.<\/p>\n<p>Zsch\u00e4pe ging in ihrer Aussage nur auf wenige Begleiter aus der rechten Szene ein. Ausf\u00fchrlich sprach sie allerdings von dem Th\u00fcringer Rechtsextremisten und <a href=\"https:\/\/blog.zeit.de\/nsu-prozess-blog\/2014\/07\/15\/v-mann-ueber-zschaepe-keine-dumme-hausfrau\/\">V-Mann Tino Brandt<\/a>, der sie in seiner Aussage ein St\u00fcck weit belastet hatte. Die Aktivit\u00e4ten in der Szene seien ohne ihn nicht m\u00f6glich gewesen, sagte die Hauptangeklagte. &#8222;Das Kalk\u00fcl ist durchsichtig. Zsch\u00e4pe benutzt Brandts Spitzelt\u00e4tigkeit, um den Verfassungsschutz als entscheidende Ursache f\u00fcr ihre eigene Radikalisierung in Jena zu zeichnen&#8220;, kommentiert Martin Debes von der <a href=\"http:\/\/www.thueringer-allgemeine.de\/web\/zgt\/leben\/detail\/-\/specific\/NSU-Prozess-Beate-Zschaepe-der-NSU-und-der-Verfassungsschutz-1061980157\" target=\"_blank\"><em>Th\u00fcringer Allgemeinen<\/em><\/a>. Sie wolle das Geheimdienstversagen nutzen, &#8222;um sich selbst freizusprechen&#8220;.<\/p>\n<p>Zsch\u00e4pes vierter Pflichtverteidiger Mathias Grasel beantragte am Tag der Aussage auch, die drei Altanw\u00e4lte Wolfgang Stahl, Wolfgang Heer und Anja Sturm zu entlassen \u2013 wie bereits <a href=\"https:\/\/blog.zeit.de\/nsu-prozess-blog\/2015\/07\/22\/medienlog-zschaepe-anwaelte-heer-krise\/\">in der Vergangenheit gefordert<\/a>. Die Konsequenzen erkl\u00e4rt eine <a href=\"http:\/\/www.ksta.de\/politik\/-sote-zschaepe-prozess-nsu,15187246,32916130.html\" target=\"_blank\">dpa-Meldung<\/a>.<\/p>\n<p><em>Das n\u00e4chste Medienlog erscheint am Dienstag, 15. Dezember 2015.<\/em><\/p>\n","protected":false},"excerpt":{"rendered":"<p>Beate Zsch\u00e4pe hat ausgesagt \u2013 und wirkte dabei alles andere als glaubw\u00fcrdig. Doch ist das nur negativ? &#8222;So armselig, absto\u00dfend und abstrus ihre Erkl\u00e4rung auch war \u2013 f\u00fcr die Justiz war es eine Sternstunde&#8220;, meint Peter Lange vom Deutschlandradio. Die Hauptangeklagte sei &#8222;mit einer peniblen Beweisaufnahme&#8220; und nicht etwa durch Zwang zur Aussage gebracht worden [&hellip;]<\/p>\n","protected":false},"author":435,"featured_media":0,"comment_status":"open","ping_status":"open","sticky":false,"template":"","format":"standard","meta":{"_jetpack_memberships_contains_paid_content":false,"footnotes":""},"categories":[27531],"tags":[17793,29533,35363,29510,12741,17899,1836,35391],"class_list":["post-10551","post","type-post","status-publish","format-standard","hentry","category-medienschau","tag-beate-zschape","tag-entpflichtung","tag-mathias-grasel","tag-szene","tag-tino-brandt","tag-v-mann","tag-verfassungsschutz","tag-zschape-aussage"],"yoast_head":"<!-- This site is optimized with the Yoast SEO plugin v21.0 - https:\/\/yoast.com\/wordpress\/plugins\/seo\/ -->\n<title>Eine Sternstunde der Justiz \u2013 Das Medienlog vom Montag, 14. Dezember 2015 - Das NSU-Prozess-Blog<\/title>\n<meta name=\"robots\" content=\"index, follow, max-snippet:-1, max-image-preview:large, max-video-preview:-1\" \/>\n<link rel=\"canonical\" href=\"https:\/\/blog.zeit.de\/nsu-prozess-blog\/2015\/12\/14\/medienlog-zschaepe-aussage-justiz-fragen-nsu\/\" \/>\n<meta property=\"og:locale\" content=\"de_DE\" \/>\n<meta property=\"og:type\" content=\"article\" \/>\n<meta property=\"og:title\" content=\"Eine Sternstunde der Justiz \u2013 Das Medienlog vom Montag, 14. Dezember 2015 - Das NSU-Prozess-Blog\" \/>\n<meta property=\"og:description\" content=\"Beate Zsch\u00e4pe hat ausgesagt \u2013 und wirkte dabei alles andere als glaubw\u00fcrdig. Doch ist das nur negativ? &#8222;So armselig, absto\u00dfend und abstrus ihre Erkl\u00e4rung auch war \u2013 f\u00fcr die Justiz war es eine Sternstunde&#8220;, meint Peter Lange vom Deutschlandradio. Die Hauptangeklagte sei &#8222;mit einer peniblen Beweisaufnahme&#8220; und nicht etwa durch Zwang zur Aussage gebracht worden [&hellip;]\" \/>\n<meta property=\"og:url\" content=\"https:\/\/blog.zeit.de\/nsu-prozess-blog\/2015\/12\/14\/medienlog-zschaepe-aussage-justiz-fragen-nsu\/\" \/>\n<meta property=\"og:site_name\" content=\"Das NSU-Prozess-Blog\" \/>\n<meta property=\"article:published_time\" content=\"2015-12-14T07:23:53+00:00\" \/>\n<meta property=\"article:modified_time\" content=\"2015-12-14T09:13:16+00:00\" \/>\n<meta name=\"author\" content=\"Tom Sundermann\" \/>\n<meta name=\"twitter:label1\" content=\"Geschrieben von\" \/>\n\t<meta name=\"twitter:data1\" content=\"Tom Sundermann\" \/>\n\t<meta name=\"twitter:label2\" content=\"Gesch\u00e4tzte Lesezeit\" \/>\n\t<meta name=\"twitter:data2\" content=\"2\u00a0Minuten\" \/>\n<script type=\"application\/ld+json\" class=\"yoast-schema-graph\">{\"@context\":\"https:\/\/schema.org\",\"@graph\":[{\"@type\":\"WebPage\",\"@id\":\"https:\/\/blog.zeit.de\/nsu-prozess-blog\/2015\/12\/14\/medienlog-zschaepe-aussage-justiz-fragen-nsu\/\",\"url\":\"https:\/\/blog.zeit.de\/nsu-prozess-blog\/2015\/12\/14\/medienlog-zschaepe-aussage-justiz-fragen-nsu\/\",\"name\":\"Eine Sternstunde der Justiz \u2013 Das Medienlog vom Montag, 14. Dezember 2015 - Das NSU-Prozess-Blog\",\"isPartOf\":{\"@id\":\"https:\/\/blog.zeit.de\/nsu-prozess-blog\/#website\"},\"datePublished\":\"2015-12-14T07:23:53+00:00\",\"dateModified\":\"2015-12-14T09:13:16+00:00\",\"author\":{\"@id\":\"https:\/\/blog.zeit.de\/nsu-prozess-blog\/#\/schema\/person\/553ea9bb5d1fc2ae054c589bd59380a5\"},\"breadcrumb\":{\"@id\":\"https:\/\/blog.zeit.de\/nsu-prozess-blog\/2015\/12\/14\/medienlog-zschaepe-aussage-justiz-fragen-nsu\/#breadcrumb\"},\"inLanguage\":\"de\",\"potentialAction\":[{\"@type\":\"ReadAction\",\"target\":[\"https:\/\/blog.zeit.de\/nsu-prozess-blog\/2015\/12\/14\/medienlog-zschaepe-aussage-justiz-fragen-nsu\/\"]}]},{\"@type\":\"BreadcrumbList\",\"@id\":\"https:\/\/blog.zeit.de\/nsu-prozess-blog\/2015\/12\/14\/medienlog-zschaepe-aussage-justiz-fragen-nsu\/#breadcrumb\",\"itemListElement\":[{\"@type\":\"ListItem\",\"position\":1,\"name\":\"Startseite\",\"item\":\"https:\/\/blog.zeit.de\/nsu-prozess-blog\/\"},{\"@type\":\"ListItem\",\"position\":2,\"name\":\"Eine Sternstunde der Justiz \u2013 Das Medienlog vom Montag, 14. Dezember 2015\"}]},{\"@type\":\"WebSite\",\"@id\":\"https:\/\/blog.zeit.de\/nsu-prozess-blog\/#website\",\"url\":\"https:\/\/blog.zeit.de\/nsu-prozess-blog\/\",\"name\":\"Das NSU-Prozess-Blog\",\"description\":\"Alle Berichte zum Terrorverfahren in M\u00fcnchen\",\"potentialAction\":[{\"@type\":\"SearchAction\",\"target\":{\"@type\":\"EntryPoint\",\"urlTemplate\":\"https:\/\/blog.zeit.de\/nsu-prozess-blog\/?s={search_term_string}\"},\"query-input\":\"required name=search_term_string\"}],\"inLanguage\":\"de\"},{\"@type\":\"Person\",\"@id\":\"https:\/\/blog.zeit.de\/nsu-prozess-blog\/#\/schema\/person\/553ea9bb5d1fc2ae054c589bd59380a5\",\"name\":\"Tom Sundermann\",\"image\":{\"@type\":\"ImageObject\",\"inLanguage\":\"de\",\"@id\":\"https:\/\/blog.zeit.de\/nsu-prozess-blog\/#\/schema\/person\/image\/\",\"url\":\"https:\/\/secure.gravatar.com\/avatar\/e108a3dc18766f719b2f797dc5d19093f06a1870c55b553ab6b7563f1f9a5e68?s=96&d=mm&r=g\",\"contentUrl\":\"https:\/\/secure.gravatar.com\/avatar\/e108a3dc18766f719b2f797dc5d19093f06a1870c55b553ab6b7563f1f9a5e68?s=96&d=mm&r=g\",\"caption\":\"Tom Sundermann\"},\"sameAs\":[\"https:\/\/twitter.com\/messeticker\"],\"url\":\"https:\/\/blog.zeit.de\/nsu-prozess-blog\/author\/tsundermann\/\"}]}<\/script>\n<!-- \/ Yoast SEO plugin. -->","yoast_head_json":{"title":"Eine Sternstunde der Justiz \u2013 Das Medienlog vom Montag, 14. Dezember 2015 - Das NSU-Prozess-Blog","robots":{"index":"index","follow":"follow","max-snippet":"max-snippet:-1","max-image-preview":"max-image-preview:large","max-video-preview":"max-video-preview:-1"},"canonical":"https:\/\/blog.zeit.de\/nsu-prozess-blog\/2015\/12\/14\/medienlog-zschaepe-aussage-justiz-fragen-nsu\/","og_locale":"de_DE","og_type":"article","og_title":"Eine Sternstunde der Justiz \u2013 Das Medienlog vom Montag, 14. Dezember 2015 - Das NSU-Prozess-Blog","og_description":"Beate Zsch\u00e4pe hat ausgesagt \u2013 und wirkte dabei alles andere als glaubw\u00fcrdig. Doch ist das nur negativ? &#8222;So armselig, absto\u00dfend und abstrus ihre Erkl\u00e4rung auch war \u2013 f\u00fcr die Justiz war es eine Sternstunde&#8220;, meint Peter Lange vom Deutschlandradio. Die Hauptangeklagte sei &#8222;mit einer peniblen Beweisaufnahme&#8220; und nicht etwa durch Zwang zur Aussage gebracht worden [&hellip;]","og_url":"https:\/\/blog.zeit.de\/nsu-prozess-blog\/2015\/12\/14\/medienlog-zschaepe-aussage-justiz-fragen-nsu\/","og_site_name":"Das NSU-Prozess-Blog","article_published_time":"2015-12-14T07:23:53+00:00","article_modified_time":"2015-12-14T09:13:16+00:00","author":"Tom Sundermann","twitter_misc":{"Geschrieben von":"Tom Sundermann","Gesch\u00e4tzte Lesezeit":"2\u00a0Minuten"},"schema":{"@context":"https:\/\/schema.org","@graph":[{"@type":"WebPage","@id":"https:\/\/blog.zeit.de\/nsu-prozess-blog\/2015\/12\/14\/medienlog-zschaepe-aussage-justiz-fragen-nsu\/","url":"https:\/\/blog.zeit.de\/nsu-prozess-blog\/2015\/12\/14\/medienlog-zschaepe-aussage-justiz-fragen-nsu\/","name":"Eine Sternstunde der Justiz \u2013 Das Medienlog vom Montag, 14. Dezember 2015 - Das NSU-Prozess-Blog","isPartOf":{"@id":"https:\/\/blog.zeit.de\/nsu-prozess-blog\/#website"},"datePublished":"2015-12-14T07:23:53+00:00","dateModified":"2015-12-14T09:13:16+00:00","author":{"@id":"https:\/\/blog.zeit.de\/nsu-prozess-blog\/#\/schema\/person\/553ea9bb5d1fc2ae054c589bd59380a5"},"breadcrumb":{"@id":"https:\/\/blog.zeit.de\/nsu-prozess-blog\/2015\/12\/14\/medienlog-zschaepe-aussage-justiz-fragen-nsu\/#breadcrumb"},"inLanguage":"de","potentialAction":[{"@type":"ReadAction","target":["https:\/\/blog.zeit.de\/nsu-prozess-blog\/2015\/12\/14\/medienlog-zschaepe-aussage-justiz-fragen-nsu\/"]}]},{"@type":"BreadcrumbList","@id":"https:\/\/blog.zeit.de\/nsu-prozess-blog\/2015\/12\/14\/medienlog-zschaepe-aussage-justiz-fragen-nsu\/#breadcrumb","itemListElement":[{"@type":"ListItem","position":1,"name":"Startseite","item":"https:\/\/blog.zeit.de\/nsu-prozess-blog\/"},{"@type":"ListItem","position":2,"name":"Eine Sternstunde der Justiz \u2013 Das Medienlog vom Montag, 14. Dezember 2015"}]},{"@type":"WebSite","@id":"https:\/\/blog.zeit.de\/nsu-prozess-blog\/#website","url":"https:\/\/blog.zeit.de\/nsu-prozess-blog\/","name":"Das NSU-Prozess-Blog","description":"Alle Berichte zum Terrorverfahren in M\u00fcnchen","potentialAction":[{"@type":"SearchAction","target":{"@type":"EntryPoint","urlTemplate":"https:\/\/blog.zeit.de\/nsu-prozess-blog\/?s={search_term_string}"},"query-input":"required name=search_term_string"}],"inLanguage":"de"},{"@type":"Person","@id":"https:\/\/blog.zeit.de\/nsu-prozess-blog\/#\/schema\/person\/553ea9bb5d1fc2ae054c589bd59380a5","name":"Tom Sundermann","image":{"@type":"ImageObject","inLanguage":"de","@id":"https:\/\/blog.zeit.de\/nsu-prozess-blog\/#\/schema\/person\/image\/","url":"https:\/\/secure.gravatar.com\/avatar\/e108a3dc18766f719b2f797dc5d19093f06a1870c55b553ab6b7563f1f9a5e68?s=96&d=mm&r=g","contentUrl":"https:\/\/secure.gravatar.com\/avatar\/e108a3dc18766f719b2f797dc5d19093f06a1870c55b553ab6b7563f1f9a5e68?s=96&d=mm&r=g","caption":"Tom Sundermann"},"sameAs":["https:\/\/twitter.com\/messeticker"],"url":"https:\/\/blog.zeit.de\/nsu-prozess-blog\/author\/tsundermann\/"}]}},"jetpack_featured_media_url":"","jetpack_sharing_enabled":true,"_links":{"self":[{"href":"https:\/\/blog.zeit.de\/nsu-prozess-blog\/wp-json\/wp\/v2\/posts\/10551","targetHints":{"allow":["GET"]}}],"collection":[{"href":"https:\/\/blog.zeit.de\/nsu-prozess-blog\/wp-json\/wp\/v2\/posts"}],"about":[{"href":"https:\/\/blog.zeit.de\/nsu-prozess-blog\/wp-json\/wp\/v2\/types\/post"}],"author":[{"embeddable":true,"href":"https:\/\/blog.zeit.de\/nsu-prozess-blog\/wp-json\/wp\/v2\/users\/435"}],"replies":[{"embeddable":true,"href":"https:\/\/blog.zeit.de\/nsu-prozess-blog\/wp-json\/wp\/v2\/comments?post=10551"}],"version-history":[{"count":7,"href":"https:\/\/blog.zeit.de\/nsu-prozess-blog\/wp-json\/wp\/v2\/posts\/10551\/revisions"}],"predecessor-version":[{"id":10558,"href":"https:\/\/blog.zeit.de\/nsu-prozess-blog\/wp-json\/wp\/v2\/posts\/10551\/revisions\/10558"}],"wp:attachment":[{"href":"https:\/\/blog.zeit.de\/nsu-prozess-blog\/wp-json\/wp\/v2\/media?parent=10551"}],"wp:term":[{"taxonomy":"category","embeddable":true,"href":"https:\/\/blog.zeit.de\/nsu-prozess-blog\/wp-json\/wp\/v2\/categories?post=10551"},{"taxonomy":"post_tag","embeddable":true,"href":"https:\/\/blog.zeit.de\/nsu-prozess-blog\/wp-json\/wp\/v2\/tags?post=10551"}],"curies":[{"name":"wp","href":"https:\/\/api.w.org\/{rel}","templated":true}]}}