{"id":10570,"date":"2015-12-15T16:50:55","date_gmt":"2015-12-15T15:50:55","guid":{"rendered":"http:\/\/blog.zeit.de\/nsu-prozess-blog\/?p=10570"},"modified":"2015-12-15T17:15:58","modified_gmt":"2015-12-15T16:15:58","slug":"zschape-empfangt-ihre-fragen","status":"publish","type":"post","link":"https:\/\/blog.zeit.de\/nsu-prozess-blog\/2015\/12\/15\/zschape-empfangt-ihre-fragen\/","title":{"rendered":"Zsch\u00e4pe empf\u00e4ngt ihre Fragen"},"content":{"rendered":"<p><strong>In ihrer Aussage im NSU-Prozess hat sich Zsch\u00e4pe bedeckt gehalten \u2013 wird sich das \u00e4ndern, wenn sie Fragen des Richters beantwortet? Das Gericht hat nun offenbart, welche Details es f\u00fcr die wichtigsten h\u00e4lt.<\/strong><\/p>\n<p>Wie entlockt man jemandem etwas, der vielleicht nur so tut, als wolle er etwas sagen? Die Hauptangeklagte im M\u00fcnchner NSU-Prozess, Beate Zsch\u00e4pe, hat ihren Anwalt vergangene Woche <a href=\"http:\/\/www.zeit.de\/politik\/ausland\/2015-12\/beate-schaepe-aussage-bewertung\">eine 53 Seiten starke Aussage<\/a> verlesen lassen. Schlauer war danach niemand: In dem Schriftst\u00fcck schiebt Zsch\u00e4pe alle Schuld an der rechtsextremen Mordserie auf ihre verstorbenen Komplizen Uwe Mundlos und Uwe B\u00f6hnhardt \u2013 etwas, was der 40-J\u00e4hrigen und ihrem Anwalt <a href=\"http:\/\/www.zeit.de\/gesellschaft\/zeitgeschehen\/2015-12\/beate-zschaepe-nsu-aussage\">kein Prozessbeobachter abkaufte<\/a>.<\/p>\n<p><!--more--><\/p>\n<p>In Wahrheit schwieg Zsch\u00e4pe also weiter \u2013 jedenfalls an den Stellen, an denen es ihr gut zu passen schien. Dem vorsitzenden Richter Manfred G\u00f6tzl reichte diese auf gr\u00f6\u00dftm\u00f6gliche Unschuld getrimmte Einlassung nicht, das war schnell klar. Zsch\u00e4pes Anw\u00e4lte jedoch k\u00fcndigten an, Fragen nur schriftlich beantworten zu wollen.<\/p>\n<p>Am Dienstag trat das Gericht nun neu zusammen. Und G\u00f6tzl versuchte es noch einmal und fragte Zsch\u00e4pe, ob sie zumindest Fragen zu ihren Lebensverh\u00e4ltnissen selbst beantworten wolle. Mathias Grasel, der Verteidiger, lehnte ab. Seine Mandantin treibe die Sorge um, &#8222;dass es aufgrund der Umst\u00e4nde nicht m\u00f6glich ist, die Worte so zu w\u00e4hlen, dass es nicht zu Fehl- oder Missinterpretationen kommen kann&#8220;. Zsch\u00e4pe hat Angst, sich zu verplappern, versehentlich ein St\u00fcck Wissen preiszugeben, das ihr am Ende als Schuldeingest\u00e4ndnis ausgelegt wird.<\/p>\n<p>Die Angeklagte geht auf Nummer sicher \u2013 auch, wenn sie so l\u00e4ngst deutlich gemacht hat, dass taktische Erw\u00e4gungen und nicht unbedingt das Bed\u00fcrfnis aufzukl\u00e4ren bei ihrer Aussagebereitschaft eine entscheidende Rolle spielen.<\/p>\n<p>Das Gericht l\u00e4sst sich dennoch auf die m\u00fchselige Prozedur ein. G\u00f6tzl verlas eine Liste von \u00fcber 50 Fragen an die Angeklagte \u2013 <a href=\"https:\/\/blog.zeit.de\/nsu-prozess-blog\/2015\/12\/15\/die-fragen-des-gerichts-an-beate-zschape\/\">den vollst\u00e4ndigen Katalog haben wir hier dokumentiert<\/a>. In dreien geht es um ihre Lebensumst\u00e4nde, in den restlichen um die Tatvorw\u00fcrfe. Anwalt Grasel schrieb mit und erbat sich einige Tage Zeit, um die Antworten in Abstimmung mit seiner Mandantin aufzuschreiben. Die Antworten wird er wohl im neuen Jahr verlesen.<\/p>\n<p>Zu den Taten an sich hat der vorsitzende Richter keinerlei Fragen \u2013 Zsch\u00e4pe hatte ausgesagt, dass Mundlos und B\u00f6hnhardt ihr von den Morden und Bombenanschl\u00e4gen immer erst hinterher erz\u00e4hlt h\u00e4tten. Umfangreich will sich Manfred G\u00f6tzl jedoch der rechten Szene widmen: So fragt er, mit welchen Freunden sich Zsch\u00e4pe zu der Zeit traf, als sie ihre sp\u00e4teren Komplizen in Jena kennenlernte. Auch m\u00f6chte er wissen, wer aus ihrer Sicht Mitglied der rechtsextremen Kameradschaft Jena war, einer Gruppierung, in der das sp\u00e4tere NSU-Trio verkehrte.<\/p>\n<p>Zwei weitere Fragen beziehen sich auf den Th\u00fcringer Neonazi-Vordenker und V-Mann des Verfassungsschutzes, Tino Brandt, den Zsch\u00e4pe in ihrer Aussage als wesentlichen Grund f\u00fcr ihre Radikalisierung dargestellt hatte. G\u00f6tzl fragt ansonsten aber nicht weiter nach m\u00f6glichen Verbindungen des Verfassungsschutzes oder anderer Geheimdienste zum NSU \u2013 was etwas verwundert, da er Nachfragen in diese Richtung lange Zeit im Prozess unterst\u00fctzt hatte. Denkbar ist allerdings, dass G\u00f6tzl es halten will wie schon bei vielen rechtsextremen Zeugen im Verfahren: sich \u00fcber mehrere Fragen so an den Kern der Sache heranzutasten, dass ein glaubhaftes Leugnen kaum mehr m\u00f6glich ist. Bei einer m\u00fcndlichen Vernehmung funktioniert das. Schriftlich erscheint es wesentlich schwerer.<\/p>\n<p>Fragen nach Zsch\u00e4pes eigener Beteiligung an den Aktivit\u00e4ten des NSU kommen etwas kurz. So fragt G\u00f6tzl nicht, ob Zsch\u00e4pe \u2013 mit welchen Mitteln auch immer \u2013 einmal versucht habe, der Mordlust ihrer Kameraden Mundlos und B\u00f6hnhardt Einhalt zu gebieten.<\/p>\n<p>Die Aussagekraft von Zsch\u00e4pes Antworten l\u00e4sst sich erahnen \u2013 wesentliche Erkenntnisse wird sie ihrer Einlassung jedenfalls nicht hinzuf\u00fcgen. Bleibt die Frage: Wieso l\u00e4sst sich das Gericht darauf ein? Im deutschen Strafprozess gilt das Prinzip der M\u00fcndlichkeit \u2013 von dem bei Aussagen allerdings bisweilen abgewichen wird. H\u00f6chst selten ist jedoch, dass s\u00e4mtliche Fragen zun\u00e4chst gestellt und dann mit reichlich Bedenkzeit schriftlich beantwortet werden, um dann von einem juristischen Profi vorgetragen zu werden. Denn zur Sache \u00e4u\u00dfern soll sich immer noch der Angeklagte selbst.<\/p>\n<p>Ist das fair etwa gegen\u00fcber dem Mitangeklagten Carsten S., der zu Prozessbeginn gleich neun Tage lang ausgesagt hatte \u2013 mit brutalstm\u00f6glicher Offenheit und ohne Netz und doppelten Boden? S. selbst sagte hinterher, er habe sich &#8222;nackig gemacht&#8220;: Erst entbl\u00e4tterte er Details wie die Entdeckung seiner Homosexualit\u00e4t, sp\u00e4ter weinte er, als er Hinweise auf einen m\u00f6glichen weiteren Bombenanschlag gab \u2013 dies \u00fcbrigens eine Erinnerung, die er seinen Anw\u00e4lten zuvor nicht erz\u00e4hlt hatte. Eine schriftliche Stellungnahme w\u00e4re wohl weitaus zahmer ausgefallen.<\/p>\n<p>Zsch\u00e4pe darf sich, wie es als Angeklagte ihr Recht ist, nach Belieben \u00e4u\u00dfern oder nicht \u00e4u\u00dfern. Die Art der Verhandlung aber darf sie nicht diktieren. Hat sich das Gericht nun das Heft aus der Hand nehmen und von ihrem Verteidiger vorf\u00fchren lassen? Nicht unbedingt. Schlie\u00dflich ist zu erwarten, dass der Mangel an wahrer Aussagebereitschaft eben nicht zu einem Strafrabatt f\u00fchrt, wie wohl von Zsch\u00e4pe erhofft.<\/p>\n<p>Zsch\u00e4pe aber hat gezeigt, dass eine Aussage aus eigenem Mund absolut ausgeschlossen ist. G\u00f6tzl hat das erkannt und versucht nun zumindest, weitere Namen aus der rechten Szene zu recherchieren und das Bild vom Innenleben des NSU abzurunden. Beim Urteil d\u00fcrfte der Richter noch genug Gelegenheit finden, seine Durchsetzungskraft zu demonstrieren.<\/p>\n","protected":false},"excerpt":{"rendered":"<p>In ihrer Aussage im NSU-Prozess hat sich Zsch\u00e4pe bedeckt gehalten \u2013 wird sich das \u00e4ndern, wenn sie Fragen des Richters beantwortet? Das Gericht hat nun offenbart, welche Details es f\u00fcr die wichtigsten h\u00e4lt. Wie entlockt man jemandem etwas, der vielleicht nur so tut, als wolle er etwas sagen? Die Hauptangeklagte im M\u00fcnchner NSU-Prozess, Beate Zsch\u00e4pe, [&hellip;]<\/p>\n","protected":false},"author":435,"featured_media":0,"comment_status":"open","ping_status":"open","sticky":false,"template":"","format":"standard","meta":{"_jetpack_memberships_contains_paid_content":false,"footnotes":""},"categories":[27532],"tags":[],"class_list":["post-10570","post","type-post","status-publish","format-standard","hentry","category-prozesstage"],"yoast_head":"<!-- This site is optimized with the Yoast SEO plugin v21.0 - https:\/\/yoast.com\/wordpress\/plugins\/seo\/ -->\n<title>Zsch\u00e4pe empf\u00e4ngt ihre Fragen - Das NSU-Prozess-Blog<\/title>\n<meta name=\"robots\" content=\"index, follow, max-snippet:-1, max-image-preview:large, max-video-preview:-1\" \/>\n<link rel=\"canonical\" href=\"https:\/\/blog.zeit.de\/nsu-prozess-blog\/2015\/12\/15\/zschape-empfangt-ihre-fragen\/\" \/>\n<meta property=\"og:locale\" content=\"de_DE\" \/>\n<meta property=\"og:type\" content=\"article\" \/>\n<meta property=\"og:title\" content=\"Zsch\u00e4pe empf\u00e4ngt ihre Fragen - Das NSU-Prozess-Blog\" \/>\n<meta property=\"og:description\" content=\"In ihrer Aussage im NSU-Prozess hat sich Zsch\u00e4pe bedeckt gehalten \u2013 wird sich das \u00e4ndern, wenn sie Fragen des Richters beantwortet? Das Gericht hat nun offenbart, welche Details es f\u00fcr die wichtigsten h\u00e4lt. Wie entlockt man jemandem etwas, der vielleicht nur so tut, als wolle er etwas sagen? Die Hauptangeklagte im M\u00fcnchner NSU-Prozess, Beate Zsch\u00e4pe, [&hellip;]\" \/>\n<meta property=\"og:url\" content=\"https:\/\/blog.zeit.de\/nsu-prozess-blog\/2015\/12\/15\/zschape-empfangt-ihre-fragen\/\" \/>\n<meta property=\"og:site_name\" content=\"Das NSU-Prozess-Blog\" \/>\n<meta property=\"article:published_time\" content=\"2015-12-15T15:50:55+00:00\" \/>\n<meta property=\"article:modified_time\" content=\"2015-12-15T16:15:58+00:00\" \/>\n<meta name=\"author\" content=\"Tom Sundermann\" \/>\n<meta name=\"twitter:label1\" content=\"Geschrieben von\" \/>\n\t<meta name=\"twitter:data1\" content=\"Tom Sundermann\" \/>\n\t<meta name=\"twitter:label2\" content=\"Gesch\u00e4tzte Lesezeit\" \/>\n\t<meta name=\"twitter:data2\" content=\"5\u00a0Minuten\" \/>\n<script type=\"application\/ld+json\" class=\"yoast-schema-graph\">{\"@context\":\"https:\/\/schema.org\",\"@graph\":[{\"@type\":\"WebPage\",\"@id\":\"https:\/\/blog.zeit.de\/nsu-prozess-blog\/2015\/12\/15\/zschape-empfangt-ihre-fragen\/\",\"url\":\"https:\/\/blog.zeit.de\/nsu-prozess-blog\/2015\/12\/15\/zschape-empfangt-ihre-fragen\/\",\"name\":\"Zsch\u00e4pe empf\u00e4ngt ihre Fragen - Das NSU-Prozess-Blog\",\"isPartOf\":{\"@id\":\"https:\/\/blog.zeit.de\/nsu-prozess-blog\/#website\"},\"datePublished\":\"2015-12-15T15:50:55+00:00\",\"dateModified\":\"2015-12-15T16:15:58+00:00\",\"author\":{\"@id\":\"https:\/\/blog.zeit.de\/nsu-prozess-blog\/#\/schema\/person\/553ea9bb5d1fc2ae054c589bd59380a5\"},\"breadcrumb\":{\"@id\":\"https:\/\/blog.zeit.de\/nsu-prozess-blog\/2015\/12\/15\/zschape-empfangt-ihre-fragen\/#breadcrumb\"},\"inLanguage\":\"de\",\"potentialAction\":[{\"@type\":\"ReadAction\",\"target\":[\"https:\/\/blog.zeit.de\/nsu-prozess-blog\/2015\/12\/15\/zschape-empfangt-ihre-fragen\/\"]}]},{\"@type\":\"BreadcrumbList\",\"@id\":\"https:\/\/blog.zeit.de\/nsu-prozess-blog\/2015\/12\/15\/zschape-empfangt-ihre-fragen\/#breadcrumb\",\"itemListElement\":[{\"@type\":\"ListItem\",\"position\":1,\"name\":\"Startseite\",\"item\":\"https:\/\/blog.zeit.de\/nsu-prozess-blog\/\"},{\"@type\":\"ListItem\",\"position\":2,\"name\":\"Zsch\u00e4pe empf\u00e4ngt ihre Fragen\"}]},{\"@type\":\"WebSite\",\"@id\":\"https:\/\/blog.zeit.de\/nsu-prozess-blog\/#website\",\"url\":\"https:\/\/blog.zeit.de\/nsu-prozess-blog\/\",\"name\":\"Das NSU-Prozess-Blog\",\"description\":\"Alle Berichte zum Terrorverfahren in M\u00fcnchen\",\"potentialAction\":[{\"@type\":\"SearchAction\",\"target\":{\"@type\":\"EntryPoint\",\"urlTemplate\":\"https:\/\/blog.zeit.de\/nsu-prozess-blog\/?s={search_term_string}\"},\"query-input\":\"required name=search_term_string\"}],\"inLanguage\":\"de\"},{\"@type\":\"Person\",\"@id\":\"https:\/\/blog.zeit.de\/nsu-prozess-blog\/#\/schema\/person\/553ea9bb5d1fc2ae054c589bd59380a5\",\"name\":\"Tom Sundermann\",\"image\":{\"@type\":\"ImageObject\",\"inLanguage\":\"de\",\"@id\":\"https:\/\/blog.zeit.de\/nsu-prozess-blog\/#\/schema\/person\/image\/\",\"url\":\"https:\/\/secure.gravatar.com\/avatar\/e108a3dc18766f719b2f797dc5d19093f06a1870c55b553ab6b7563f1f9a5e68?s=96&d=mm&r=g\",\"contentUrl\":\"https:\/\/secure.gravatar.com\/avatar\/e108a3dc18766f719b2f797dc5d19093f06a1870c55b553ab6b7563f1f9a5e68?s=96&d=mm&r=g\",\"caption\":\"Tom Sundermann\"},\"sameAs\":[\"https:\/\/twitter.com\/messeticker\"],\"url\":\"https:\/\/blog.zeit.de\/nsu-prozess-blog\/author\/tsundermann\/\"}]}<\/script>\n<!-- \/ Yoast SEO plugin. -->","yoast_head_json":{"title":"Zsch\u00e4pe empf\u00e4ngt ihre Fragen - Das NSU-Prozess-Blog","robots":{"index":"index","follow":"follow","max-snippet":"max-snippet:-1","max-image-preview":"max-image-preview:large","max-video-preview":"max-video-preview:-1"},"canonical":"https:\/\/blog.zeit.de\/nsu-prozess-blog\/2015\/12\/15\/zschape-empfangt-ihre-fragen\/","og_locale":"de_DE","og_type":"article","og_title":"Zsch\u00e4pe empf\u00e4ngt ihre Fragen - Das NSU-Prozess-Blog","og_description":"In ihrer Aussage im NSU-Prozess hat sich Zsch\u00e4pe bedeckt gehalten \u2013 wird sich das \u00e4ndern, wenn sie Fragen des Richters beantwortet? Das Gericht hat nun offenbart, welche Details es f\u00fcr die wichtigsten h\u00e4lt. Wie entlockt man jemandem etwas, der vielleicht nur so tut, als wolle er etwas sagen? Die Hauptangeklagte im M\u00fcnchner NSU-Prozess, Beate Zsch\u00e4pe, [&hellip;]","og_url":"https:\/\/blog.zeit.de\/nsu-prozess-blog\/2015\/12\/15\/zschape-empfangt-ihre-fragen\/","og_site_name":"Das NSU-Prozess-Blog","article_published_time":"2015-12-15T15:50:55+00:00","article_modified_time":"2015-12-15T16:15:58+00:00","author":"Tom Sundermann","twitter_misc":{"Geschrieben von":"Tom Sundermann","Gesch\u00e4tzte Lesezeit":"5\u00a0Minuten"},"schema":{"@context":"https:\/\/schema.org","@graph":[{"@type":"WebPage","@id":"https:\/\/blog.zeit.de\/nsu-prozess-blog\/2015\/12\/15\/zschape-empfangt-ihre-fragen\/","url":"https:\/\/blog.zeit.de\/nsu-prozess-blog\/2015\/12\/15\/zschape-empfangt-ihre-fragen\/","name":"Zsch\u00e4pe empf\u00e4ngt ihre Fragen - Das NSU-Prozess-Blog","isPartOf":{"@id":"https:\/\/blog.zeit.de\/nsu-prozess-blog\/#website"},"datePublished":"2015-12-15T15:50:55+00:00","dateModified":"2015-12-15T16:15:58+00:00","author":{"@id":"https:\/\/blog.zeit.de\/nsu-prozess-blog\/#\/schema\/person\/553ea9bb5d1fc2ae054c589bd59380a5"},"breadcrumb":{"@id":"https:\/\/blog.zeit.de\/nsu-prozess-blog\/2015\/12\/15\/zschape-empfangt-ihre-fragen\/#breadcrumb"},"inLanguage":"de","potentialAction":[{"@type":"ReadAction","target":["https:\/\/blog.zeit.de\/nsu-prozess-blog\/2015\/12\/15\/zschape-empfangt-ihre-fragen\/"]}]},{"@type":"BreadcrumbList","@id":"https:\/\/blog.zeit.de\/nsu-prozess-blog\/2015\/12\/15\/zschape-empfangt-ihre-fragen\/#breadcrumb","itemListElement":[{"@type":"ListItem","position":1,"name":"Startseite","item":"https:\/\/blog.zeit.de\/nsu-prozess-blog\/"},{"@type":"ListItem","position":2,"name":"Zsch\u00e4pe empf\u00e4ngt ihre Fragen"}]},{"@type":"WebSite","@id":"https:\/\/blog.zeit.de\/nsu-prozess-blog\/#website","url":"https:\/\/blog.zeit.de\/nsu-prozess-blog\/","name":"Das NSU-Prozess-Blog","description":"Alle Berichte zum Terrorverfahren in M\u00fcnchen","potentialAction":[{"@type":"SearchAction","target":{"@type":"EntryPoint","urlTemplate":"https:\/\/blog.zeit.de\/nsu-prozess-blog\/?s={search_term_string}"},"query-input":"required name=search_term_string"}],"inLanguage":"de"},{"@type":"Person","@id":"https:\/\/blog.zeit.de\/nsu-prozess-blog\/#\/schema\/person\/553ea9bb5d1fc2ae054c589bd59380a5","name":"Tom Sundermann","image":{"@type":"ImageObject","inLanguage":"de","@id":"https:\/\/blog.zeit.de\/nsu-prozess-blog\/#\/schema\/person\/image\/","url":"https:\/\/secure.gravatar.com\/avatar\/e108a3dc18766f719b2f797dc5d19093f06a1870c55b553ab6b7563f1f9a5e68?s=96&d=mm&r=g","contentUrl":"https:\/\/secure.gravatar.com\/avatar\/e108a3dc18766f719b2f797dc5d19093f06a1870c55b553ab6b7563f1f9a5e68?s=96&d=mm&r=g","caption":"Tom Sundermann"},"sameAs":["https:\/\/twitter.com\/messeticker"],"url":"https:\/\/blog.zeit.de\/nsu-prozess-blog\/author\/tsundermann\/"}]}},"jetpack_featured_media_url":"","jetpack_sharing_enabled":true,"_links":{"self":[{"href":"https:\/\/blog.zeit.de\/nsu-prozess-blog\/wp-json\/wp\/v2\/posts\/10570","targetHints":{"allow":["GET"]}}],"collection":[{"href":"https:\/\/blog.zeit.de\/nsu-prozess-blog\/wp-json\/wp\/v2\/posts"}],"about":[{"href":"https:\/\/blog.zeit.de\/nsu-prozess-blog\/wp-json\/wp\/v2\/types\/post"}],"author":[{"embeddable":true,"href":"https:\/\/blog.zeit.de\/nsu-prozess-blog\/wp-json\/wp\/v2\/users\/435"}],"replies":[{"embeddable":true,"href":"https:\/\/blog.zeit.de\/nsu-prozess-blog\/wp-json\/wp\/v2\/comments?post=10570"}],"version-history":[{"count":4,"href":"https:\/\/blog.zeit.de\/nsu-prozess-blog\/wp-json\/wp\/v2\/posts\/10570\/revisions"}],"predecessor-version":[{"id":10575,"href":"https:\/\/blog.zeit.de\/nsu-prozess-blog\/wp-json\/wp\/v2\/posts\/10570\/revisions\/10575"}],"wp:attachment":[{"href":"https:\/\/blog.zeit.de\/nsu-prozess-blog\/wp-json\/wp\/v2\/media?parent=10570"}],"wp:term":[{"taxonomy":"category","embeddable":true,"href":"https:\/\/blog.zeit.de\/nsu-prozess-blog\/wp-json\/wp\/v2\/categories?post=10570"},{"taxonomy":"post_tag","embeddable":true,"href":"https:\/\/blog.zeit.de\/nsu-prozess-blog\/wp-json\/wp\/v2\/tags?post=10570"}],"curies":[{"name":"wp","href":"https:\/\/api.w.org\/{rel}","templated":true}]}}