{"id":10576,"date":"2015-12-16T09:13:42","date_gmt":"2015-12-16T08:13:42","guid":{"rendered":"http:\/\/blog.zeit.de\/nsu-prozess-blog\/?p=10576"},"modified":"2015-12-16T10:25:49","modified_gmt":"2015-12-16T09:25:49","slug":"medienlog-zschaepe-fragen-goetzl-nsu","status":"publish","type":"post","link":"https:\/\/blog.zeit.de\/nsu-prozess-blog\/2015\/12\/16\/medienlog-zschaepe-fragen-goetzl-nsu\/","title":{"rendered":"Eine Extrawurst f\u00fcr Zsch\u00e4pe? \u2013 Das Medienlog vom Mittwoch, 16. Dezember 2015"},"content":{"rendered":"<p>Beate Zsch\u00e4pes \u2013 \u00fcberaus d\u00fcrftig ausgefallene \u2013 <a href=\"https:\/\/blog.zeit.de\/nsu-prozess-blog\/2015\/12\/10\/schweigen-ware-schlauer-gewesen-das-medienlog-vom-donnerstag-10-dezember-2015\/\">Aussage ist vorr\u00fcber<\/a>, die Hauptangeklagte stellt sich nun den Fragen des Gerichts. Lange war jedoch unklar, in welcher Form Zsch\u00e4pe antworten wird. Nach dem Prozesstag am Dienstag steht die Prozedur fest: Der Vorsitzende Richter Manfred G\u00f6tzl verlas einen Katalog von rund 50 bis 60 Fragen (je nach Z\u00e4hlweise \u2013 <a href=\"https:\/\/blog.zeit.de\/nsu-prozess-blog\/2015\/12\/15\/die-fragen-des-gerichts-an-beate-zschape\/\" target=\"_blank\">hier bei uns protokolliert<\/a>). Auf diese will Zsch\u00e4pes Anwalt Mathias Grasel nun Antworten formulieren und im neuen Jahr vortragen. Es geht &#8222;um Fragen, deren Beantwortung Zsch\u00e4pe nicht leicht fallen wird&#8220;, bilanziert Gisela Friedrichsen auf <a href=\"http:\/\/www.spiegel.de\/panorama\/justiz\/nsu-prozess-gericht-stellt-55-fragen-an-beate-zschaepe-a-1067973.html\" target=\"_blank\"><em>Spiegel Online<\/em><\/a>. Denn nun werde sie \u2013 will sie nicht die Auskunft verweigern \u2013 &#8222;Namen und Details nennen m\u00fcssen&#8220;.<\/p>\n<p><!--more--><\/p>\n<p><em>An jedem Werktag sichten wir f\u00fcr das NSU-Prozess-Blog die Medien und stellen wichtige Berichte, Blogs, Videos und Tweets zusammen. Wir freuen uns \u00fcber Hinweise via Twitter mit dem Hashtag #nsublog \u2013 oder per E-Mail an <a href=\"mailto:nsublog@zeit.de\">nsublog@zeit.de<\/a>.<\/em><\/p>\n<p>Eine \u00dcberraschung in der Sitzung: G\u00f6tzl gestattete auch den Vertretern der Nebenklage, Fragen an Zsch\u00e4pe zu stellen \u2013 deren Beantwortung die Angeklagte zuvor ausgeschlossen hatte. Zun\u00e4chst formulierten die Opfervertreter noch keine Fragen, werden dies jedoch sicher demn\u00e4chst tun. &#8222;Wenn Zsch\u00e4pe dann jeweils schweigt, ist das ihre Entscheidung&#8220;, merkt Friedrichsen an \u2013 mit den entsprechenden Konsequenzen. Wenige weitere Fragen formulierten am Dienstag die Bundesanwaltschaft und die Verteidiger <a href=\"http:\/\/www.zeit.de\/politik\/deutschland\/2013-06\/nsu-carsten-s-aussage\">des Mitangeklagten Carsten S.<\/a><\/p>\n<p>In den Fragen geht es in weiten Teilen um Mitglieder der rechten Szene, um Waffen und um Kontakte zu mutma\u00dflichen Helfern des NSU. Damit &#8222;treibt der Richter Zsch\u00e4pe in die Enge&#8220;, kommentiert Per Hinrichs von der <a href=\"http:\/\/www.welt.de\/politik\/deutschland\/article150002762\/Jetzt-treibt-der-Richter-Zschaepe-in-die-Enge.html\" target=\"_blank\"><em>Welt<\/em><\/a>. Zudem handle es sich um eine L\u00f6sung, bei der die Fragen entgegen Zsch\u00e4pes Wunsch nicht schriftlich vorgelegt werden. G\u00f6tzl las sie Anwalt Grasel zum Mitschreiben vor. So lie\u00df er sich &#8222;nicht diktieren, wie er die Fragen stellen soll&#8220;.<\/p>\n<blockquote class=\"twitter-tweet\" lang=\"de\">\n<p dir=\"ltr\" lang=\"de\">G\u00f6tzl l\u00e4sst sich vorf\u00fchren, der Prozess verliert gerade jede strafprozessuale Ernsthaftigkeit. <a href=\"https:\/\/t.co\/ABzbHZTLzn\">https:\/\/t.co\/ABzbHZTLzn<\/a><\/p>\n<p>\u2014 Hannes Kling (@hakling) <a href=\"https:\/\/twitter.com\/hakling\/status\/676731365522546692\">15. Dezember 2015<\/a><\/p><\/blockquote>\n<p><script src=\"\/\/platform.twitter.com\/widgets.js\" async=\"\" charset=\"utf-8\"><\/script><\/p>\n<p>Anders interpretiert die Entscheidung des Strafsenats die Nachrichtenagentur <a href=\"http:\/\/www.handelsblatt.com\/politik\/deutschland\/nsu-prozess-gericht-akzeptiert-zschaepes-sonderregeln\/12727448.html\" target=\"_blank\">AFP<\/a>: Zsch\u00e4pe habe mit diesem Modus Operandi &#8222;eine Extrawurst verlangt&#8220; und bekommen: &#8222;Es erschien urspr\u00fcnglich schwer vorstellbar, dass sich der so selbstbewusst auftretende Vorsitzende Richter im NSU-Prozess von Zsch\u00e4pe die Regeln zur Befragung diktieren lassen w\u00fcrde.&#8220; Es sei offensichtlich, dass die Hauptangeklagte f\u00fcrchte, von G\u00f6tzl als L\u00fcgnerin \u00fcberf\u00fchrt zu werden.<\/p>\n<p>Als pragmatische Entscheidung des Richters fasst Konrad Litschko von der <a href=\"http:\/\/www.taz.de\/NSU-Prozess-in-Muenchen\/!5257538\/\" target=\"_blank\"><em>taz<\/em><\/a> die L\u00f6sung von G\u00f6tzl auf: &#8222;Zu wichtig ist ihm offenbar, die Chance zu wahren, doch noch offene Fragen im NSU-Komplex zu kl\u00e4ren.&#8220; Unterdessen habe er mit der Auswahl der Fragen angedeutet, dass er die vergangene Woche durch Grasel verlesene Erkl\u00e4rung Zsch\u00e4pes f\u00fcr wenig glaubhaft h\u00e4lt.<\/p>\n<p>&#8222;Fragen nach Zsch\u00e4pes eigener Beteiligung an den Aktivit\u00e4ten des NSU kommen etwas kurz&#8220;, finden wir von <a href=\"https:\/\/blog.zeit.de\/nsu-prozess-blog\/2015\/12\/15\/zschape-empfangt-ihre-fragen\/\" target=\"_blank\">ZEIT ONLINE<\/a>. Das Problem mit der gro\u00dfen Zeitspanne zwischen Frage und Antwort: &#8222;Die Aussagekraft von Zsch\u00e4pes Antworten l\u00e4sst sich erahnen \u2013 wesentliche Erkenntnisse wird sie ihrer Einlassung jedenfalls nicht hinzuf\u00fcgen.&#8220; So wird sie wohl auch keine mildere Strafe erreichen, was vermutlich der Zweck ihrer Aussage war.<\/p>\n<p>In seiner <a href=\"http:\/\/www.zeit.de\/gesellschaft\/zeitgeschehen\/2015-12\/nsu-prozess-zschaepe-medien-fischer-im-recht\" target=\"_blank\">Rechtskolumne auf ZEIT ONLINE<\/a> zieht der Bundesrichter Thomas Fischer Bilanz \u00fcber Zsch\u00e4pes Aussage und den \u00f6ffentlichen Umgang damit: Dieser sei &#8222;ein Aufheulen der Moral, ein Schlachtfest des gesunden Menschenverstands&#8220; gewesen. Die Berichterstattung in den Medien habe in weiten Teilen die Unschuldsvermutung gegen\u00fcber der Angeklagten ignoriert und sei eine &#8222;besch\u00e4mende Missachtung des Gerichts und des Rechtsstaats&#8220;.<\/p>\n<p><em>Das n\u00e4chste Medienlog erscheint am Donnerstag, 17. Dezember 2015.<\/em><\/p>\n","protected":false},"excerpt":{"rendered":"<p>Beate Zsch\u00e4pes \u2013 \u00fcberaus d\u00fcrftig ausgefallene \u2013 Aussage ist vorr\u00fcber, die Hauptangeklagte stellt sich nun den Fragen des Gerichts. Lange war jedoch unklar, in welcher Form Zsch\u00e4pe antworten wird. Nach dem Prozesstag am Dienstag steht die Prozedur fest: Der Vorsitzende Richter Manfred G\u00f6tzl verlas einen Katalog von rund 50 bis 60 Fragen (je nach Z\u00e4hlweise [&hellip;]<\/p>\n","protected":false},"author":435,"featured_media":0,"comment_status":"open","ping_status":"open","sticky":false,"template":"","format":"standard","meta":{"_jetpack_memberships_contains_paid_content":false,"footnotes":""},"categories":[27531],"tags":[17793,27559,35391],"class_list":["post-10576","post","type-post","status-publish","format-standard","hentry","category-medienschau","tag-beate-zschape","tag-manfred-gotzl","tag-zschape-aussage"],"yoast_head":"<!-- This site is optimized with the Yoast SEO plugin v21.0 - https:\/\/yoast.com\/wordpress\/plugins\/seo\/ -->\n<title>Eine Extrawurst f\u00fcr Zsch\u00e4pe? \u2013 Das Medienlog vom Mittwoch, 16. Dezember 2015 - Das NSU-Prozess-Blog<\/title>\n<meta name=\"robots\" content=\"index, follow, max-snippet:-1, max-image-preview:large, max-video-preview:-1\" \/>\n<link rel=\"canonical\" href=\"https:\/\/blog.zeit.de\/nsu-prozess-blog\/2015\/12\/16\/medienlog-zschaepe-fragen-goetzl-nsu\/\" \/>\n<meta property=\"og:locale\" content=\"de_DE\" \/>\n<meta property=\"og:type\" content=\"article\" \/>\n<meta property=\"og:title\" content=\"Eine Extrawurst f\u00fcr Zsch\u00e4pe? \u2013 Das Medienlog vom Mittwoch, 16. Dezember 2015 - Das NSU-Prozess-Blog\" \/>\n<meta property=\"og:description\" content=\"Beate Zsch\u00e4pes \u2013 \u00fcberaus d\u00fcrftig ausgefallene \u2013 Aussage ist vorr\u00fcber, die Hauptangeklagte stellt sich nun den Fragen des Gerichts. Lange war jedoch unklar, in welcher Form Zsch\u00e4pe antworten wird. Nach dem Prozesstag am Dienstag steht die Prozedur fest: Der Vorsitzende Richter Manfred G\u00f6tzl verlas einen Katalog von rund 50 bis 60 Fragen (je nach Z\u00e4hlweise [&hellip;]\" \/>\n<meta property=\"og:url\" content=\"https:\/\/blog.zeit.de\/nsu-prozess-blog\/2015\/12\/16\/medienlog-zschaepe-fragen-goetzl-nsu\/\" \/>\n<meta property=\"og:site_name\" content=\"Das NSU-Prozess-Blog\" \/>\n<meta property=\"article:published_time\" content=\"2015-12-16T08:13:42+00:00\" \/>\n<meta property=\"article:modified_time\" content=\"2015-12-16T09:25:49+00:00\" \/>\n<meta name=\"author\" content=\"Tom Sundermann\" \/>\n<meta name=\"twitter:label1\" content=\"Geschrieben von\" \/>\n\t<meta name=\"twitter:data1\" content=\"Tom Sundermann\" \/>\n\t<meta name=\"twitter:label2\" content=\"Gesch\u00e4tzte Lesezeit\" \/>\n\t<meta name=\"twitter:data2\" content=\"3\u00a0Minuten\" \/>\n<script type=\"application\/ld+json\" class=\"yoast-schema-graph\">{\"@context\":\"https:\/\/schema.org\",\"@graph\":[{\"@type\":\"WebPage\",\"@id\":\"https:\/\/blog.zeit.de\/nsu-prozess-blog\/2015\/12\/16\/medienlog-zschaepe-fragen-goetzl-nsu\/\",\"url\":\"https:\/\/blog.zeit.de\/nsu-prozess-blog\/2015\/12\/16\/medienlog-zschaepe-fragen-goetzl-nsu\/\",\"name\":\"Eine Extrawurst f\u00fcr Zsch\u00e4pe? \u2013 Das Medienlog vom Mittwoch, 16. Dezember 2015 - Das NSU-Prozess-Blog\",\"isPartOf\":{\"@id\":\"https:\/\/blog.zeit.de\/nsu-prozess-blog\/#website\"},\"datePublished\":\"2015-12-16T08:13:42+00:00\",\"dateModified\":\"2015-12-16T09:25:49+00:00\",\"author\":{\"@id\":\"https:\/\/blog.zeit.de\/nsu-prozess-blog\/#\/schema\/person\/553ea9bb5d1fc2ae054c589bd59380a5\"},\"breadcrumb\":{\"@id\":\"https:\/\/blog.zeit.de\/nsu-prozess-blog\/2015\/12\/16\/medienlog-zschaepe-fragen-goetzl-nsu\/#breadcrumb\"},\"inLanguage\":\"de\",\"potentialAction\":[{\"@type\":\"ReadAction\",\"target\":[\"https:\/\/blog.zeit.de\/nsu-prozess-blog\/2015\/12\/16\/medienlog-zschaepe-fragen-goetzl-nsu\/\"]}]},{\"@type\":\"BreadcrumbList\",\"@id\":\"https:\/\/blog.zeit.de\/nsu-prozess-blog\/2015\/12\/16\/medienlog-zschaepe-fragen-goetzl-nsu\/#breadcrumb\",\"itemListElement\":[{\"@type\":\"ListItem\",\"position\":1,\"name\":\"Startseite\",\"item\":\"https:\/\/blog.zeit.de\/nsu-prozess-blog\/\"},{\"@type\":\"ListItem\",\"position\":2,\"name\":\"Eine Extrawurst f\u00fcr Zsch\u00e4pe? \u2013 Das Medienlog vom Mittwoch, 16. Dezember 2015\"}]},{\"@type\":\"WebSite\",\"@id\":\"https:\/\/blog.zeit.de\/nsu-prozess-blog\/#website\",\"url\":\"https:\/\/blog.zeit.de\/nsu-prozess-blog\/\",\"name\":\"Das NSU-Prozess-Blog\",\"description\":\"Alle Berichte zum Terrorverfahren in M\u00fcnchen\",\"potentialAction\":[{\"@type\":\"SearchAction\",\"target\":{\"@type\":\"EntryPoint\",\"urlTemplate\":\"https:\/\/blog.zeit.de\/nsu-prozess-blog\/?s={search_term_string}\"},\"query-input\":\"required name=search_term_string\"}],\"inLanguage\":\"de\"},{\"@type\":\"Person\",\"@id\":\"https:\/\/blog.zeit.de\/nsu-prozess-blog\/#\/schema\/person\/553ea9bb5d1fc2ae054c589bd59380a5\",\"name\":\"Tom Sundermann\",\"image\":{\"@type\":\"ImageObject\",\"inLanguage\":\"de\",\"@id\":\"https:\/\/blog.zeit.de\/nsu-prozess-blog\/#\/schema\/person\/image\/\",\"url\":\"https:\/\/secure.gravatar.com\/avatar\/e108a3dc18766f719b2f797dc5d19093f06a1870c55b553ab6b7563f1f9a5e68?s=96&d=mm&r=g\",\"contentUrl\":\"https:\/\/secure.gravatar.com\/avatar\/e108a3dc18766f719b2f797dc5d19093f06a1870c55b553ab6b7563f1f9a5e68?s=96&d=mm&r=g\",\"caption\":\"Tom Sundermann\"},\"sameAs\":[\"https:\/\/twitter.com\/messeticker\"],\"url\":\"https:\/\/blog.zeit.de\/nsu-prozess-blog\/author\/tsundermann\/\"}]}<\/script>\n<!-- \/ Yoast SEO plugin. -->","yoast_head_json":{"title":"Eine Extrawurst f\u00fcr Zsch\u00e4pe? \u2013 Das Medienlog vom Mittwoch, 16. Dezember 2015 - Das NSU-Prozess-Blog","robots":{"index":"index","follow":"follow","max-snippet":"max-snippet:-1","max-image-preview":"max-image-preview:large","max-video-preview":"max-video-preview:-1"},"canonical":"https:\/\/blog.zeit.de\/nsu-prozess-blog\/2015\/12\/16\/medienlog-zschaepe-fragen-goetzl-nsu\/","og_locale":"de_DE","og_type":"article","og_title":"Eine Extrawurst f\u00fcr Zsch\u00e4pe? \u2013 Das Medienlog vom Mittwoch, 16. Dezember 2015 - Das NSU-Prozess-Blog","og_description":"Beate Zsch\u00e4pes \u2013 \u00fcberaus d\u00fcrftig ausgefallene \u2013 Aussage ist vorr\u00fcber, die Hauptangeklagte stellt sich nun den Fragen des Gerichts. Lange war jedoch unklar, in welcher Form Zsch\u00e4pe antworten wird. Nach dem Prozesstag am Dienstag steht die Prozedur fest: Der Vorsitzende Richter Manfred G\u00f6tzl verlas einen Katalog von rund 50 bis 60 Fragen (je nach Z\u00e4hlweise [&hellip;]","og_url":"https:\/\/blog.zeit.de\/nsu-prozess-blog\/2015\/12\/16\/medienlog-zschaepe-fragen-goetzl-nsu\/","og_site_name":"Das NSU-Prozess-Blog","article_published_time":"2015-12-16T08:13:42+00:00","article_modified_time":"2015-12-16T09:25:49+00:00","author":"Tom Sundermann","twitter_misc":{"Geschrieben von":"Tom Sundermann","Gesch\u00e4tzte Lesezeit":"3\u00a0Minuten"},"schema":{"@context":"https:\/\/schema.org","@graph":[{"@type":"WebPage","@id":"https:\/\/blog.zeit.de\/nsu-prozess-blog\/2015\/12\/16\/medienlog-zschaepe-fragen-goetzl-nsu\/","url":"https:\/\/blog.zeit.de\/nsu-prozess-blog\/2015\/12\/16\/medienlog-zschaepe-fragen-goetzl-nsu\/","name":"Eine Extrawurst f\u00fcr Zsch\u00e4pe? \u2013 Das Medienlog vom Mittwoch, 16. Dezember 2015 - Das NSU-Prozess-Blog","isPartOf":{"@id":"https:\/\/blog.zeit.de\/nsu-prozess-blog\/#website"},"datePublished":"2015-12-16T08:13:42+00:00","dateModified":"2015-12-16T09:25:49+00:00","author":{"@id":"https:\/\/blog.zeit.de\/nsu-prozess-blog\/#\/schema\/person\/553ea9bb5d1fc2ae054c589bd59380a5"},"breadcrumb":{"@id":"https:\/\/blog.zeit.de\/nsu-prozess-blog\/2015\/12\/16\/medienlog-zschaepe-fragen-goetzl-nsu\/#breadcrumb"},"inLanguage":"de","potentialAction":[{"@type":"ReadAction","target":["https:\/\/blog.zeit.de\/nsu-prozess-blog\/2015\/12\/16\/medienlog-zschaepe-fragen-goetzl-nsu\/"]}]},{"@type":"BreadcrumbList","@id":"https:\/\/blog.zeit.de\/nsu-prozess-blog\/2015\/12\/16\/medienlog-zschaepe-fragen-goetzl-nsu\/#breadcrumb","itemListElement":[{"@type":"ListItem","position":1,"name":"Startseite","item":"https:\/\/blog.zeit.de\/nsu-prozess-blog\/"},{"@type":"ListItem","position":2,"name":"Eine Extrawurst f\u00fcr Zsch\u00e4pe? \u2013 Das Medienlog vom Mittwoch, 16. Dezember 2015"}]},{"@type":"WebSite","@id":"https:\/\/blog.zeit.de\/nsu-prozess-blog\/#website","url":"https:\/\/blog.zeit.de\/nsu-prozess-blog\/","name":"Das NSU-Prozess-Blog","description":"Alle Berichte zum Terrorverfahren in M\u00fcnchen","potentialAction":[{"@type":"SearchAction","target":{"@type":"EntryPoint","urlTemplate":"https:\/\/blog.zeit.de\/nsu-prozess-blog\/?s={search_term_string}"},"query-input":"required name=search_term_string"}],"inLanguage":"de"},{"@type":"Person","@id":"https:\/\/blog.zeit.de\/nsu-prozess-blog\/#\/schema\/person\/553ea9bb5d1fc2ae054c589bd59380a5","name":"Tom Sundermann","image":{"@type":"ImageObject","inLanguage":"de","@id":"https:\/\/blog.zeit.de\/nsu-prozess-blog\/#\/schema\/person\/image\/","url":"https:\/\/secure.gravatar.com\/avatar\/e108a3dc18766f719b2f797dc5d19093f06a1870c55b553ab6b7563f1f9a5e68?s=96&d=mm&r=g","contentUrl":"https:\/\/secure.gravatar.com\/avatar\/e108a3dc18766f719b2f797dc5d19093f06a1870c55b553ab6b7563f1f9a5e68?s=96&d=mm&r=g","caption":"Tom Sundermann"},"sameAs":["https:\/\/twitter.com\/messeticker"],"url":"https:\/\/blog.zeit.de\/nsu-prozess-blog\/author\/tsundermann\/"}]}},"jetpack_featured_media_url":"","jetpack_sharing_enabled":true,"_links":{"self":[{"href":"https:\/\/blog.zeit.de\/nsu-prozess-blog\/wp-json\/wp\/v2\/posts\/10576","targetHints":{"allow":["GET"]}}],"collection":[{"href":"https:\/\/blog.zeit.de\/nsu-prozess-blog\/wp-json\/wp\/v2\/posts"}],"about":[{"href":"https:\/\/blog.zeit.de\/nsu-prozess-blog\/wp-json\/wp\/v2\/types\/post"}],"author":[{"embeddable":true,"href":"https:\/\/blog.zeit.de\/nsu-prozess-blog\/wp-json\/wp\/v2\/users\/435"}],"replies":[{"embeddable":true,"href":"https:\/\/blog.zeit.de\/nsu-prozess-blog\/wp-json\/wp\/v2\/comments?post=10576"}],"version-history":[{"count":5,"href":"https:\/\/blog.zeit.de\/nsu-prozess-blog\/wp-json\/wp\/v2\/posts\/10576\/revisions"}],"predecessor-version":[{"id":10582,"href":"https:\/\/blog.zeit.de\/nsu-prozess-blog\/wp-json\/wp\/v2\/posts\/10576\/revisions\/10582"}],"wp:attachment":[{"href":"https:\/\/blog.zeit.de\/nsu-prozess-blog\/wp-json\/wp\/v2\/media?parent=10576"}],"wp:term":[{"taxonomy":"category","embeddable":true,"href":"https:\/\/blog.zeit.de\/nsu-prozess-blog\/wp-json\/wp\/v2\/categories?post=10576"},{"taxonomy":"post_tag","embeddable":true,"href":"https:\/\/blog.zeit.de\/nsu-prozess-blog\/wp-json\/wp\/v2\/tags?post=10576"}],"curies":[{"name":"wp","href":"https:\/\/api.w.org\/{rel}","templated":true}]}}