{"id":1061,"date":"2013-06-11T05:37:12","date_gmt":"2013-06-11T03:37:12","guid":{"rendered":"http:\/\/blog.zeit.de\/nsu-prozess-blog\/?p=1061"},"modified":"2013-06-12T10:02:22","modified_gmt":"2013-06-12T08:02:22","slug":"8-prozesstag-befragung-carsten-s","status":"publish","type":"post","link":"https:\/\/blog.zeit.de\/nsu-prozess-blog\/2013\/06\/11\/8-prozesstag-befragung-carsten-s\/","title":{"rendered":"8. Prozesstag \u2013 Befragung Carsten S."},"content":{"rendered":"<p><a href=\"https:\/\/blog.zeit.de\/nsu-prozess-blog\/2013\/06\/11\/8-prozesstag-befragung-carsten-s\/foto-3\/\" rel=\"attachment wp-att-1088\"><img loading=\"lazy\" decoding=\"async\" class=\"aligncenter size-medium wp-image-1088\" alt=\"Foto\" src=\"https:\/\/blog.zeit.de\/nsu-prozess-blog\/files\/2013\/06\/Foto1-580x82.jpg\" width=\"580\" height=\"82\" srcset=\"https:\/\/blog.zeit.de\/nsu-prozess-blog\/files\/2013\/06\/Foto1-580x82.jpg 580w, https:\/\/blog.zeit.de\/nsu-prozess-blog\/files\/2013\/06\/Foto1-220x31.jpg 220w\" sizes=\"auto, (max-width: 580px) 100vw, 580px\" \/><\/a><\/p>\n<p>Voraussichtlich geht der NSU-Prozess mit der Aussage von Carsten S. weiter, der Fragen von Richter, Bundesanw\u00e4lten und Nebenkl\u00e4gern beantworten wird. Wie von der Verteidigung gew\u00fcnscht, wird der Gutachter Norbert Leygraf, der Carsten S. schon befragt hat, im Saal anwesend sein.<\/p>\n<p><a href=\"http:\/\/www.zeit.de\/gesellschaft\/zeitgeschehen\/2013-06\/nsu-prozess-carsten-s-anschlag\" target=\"_blank\">Hier<\/a> der Artikel unserers Autoren Tom Sundermann zum achten Prozesstag.<em><br \/>\n<\/em><\/p>\n","protected":false},"excerpt":{"rendered":"<p>Voraussichtlich geht der NSU-Prozess mit der Aussage von Carsten S. weiter, der Fragen von Richter, Bundesanw\u00e4lten und Nebenkl\u00e4gern beantworten wird. Wie von der Verteidigung gew\u00fcnscht, wird der Gutachter Norbert Leygraf, der Carsten S. schon befragt hat, im Saal anwesend sein. Hier der Artikel unserers Autoren Tom Sundermann zum achten Prozesstag.<\/p>\n","protected":false},"author":410,"featured_media":0,"comment_status":"open","ping_status":"open","sticky":false,"template":"","format":"standard","meta":{"_jetpack_memberships_contains_paid_content":false,"footnotes":""},"categories":[27532],"tags":[],"class_list":["post-1061","post","type-post","status-publish","format-standard","hentry","category-prozesstage"],"yoast_head":"<!-- This site is optimized with the Yoast SEO plugin v21.0 - https:\/\/yoast.com\/wordpress\/plugins\/seo\/ -->\n<title>8. Prozesstag \u2013 Befragung Carsten S. - Das NSU-Prozess-Blog<\/title>\n<meta name=\"robots\" content=\"index, follow, max-snippet:-1, max-image-preview:large, max-video-preview:-1\" \/>\n<link rel=\"canonical\" href=\"https:\/\/blog.zeit.de\/nsu-prozess-blog\/2013\/06\/11\/8-prozesstag-befragung-carsten-s\/\" \/>\n<meta property=\"og:locale\" content=\"de_DE\" \/>\n<meta property=\"og:type\" content=\"article\" \/>\n<meta property=\"og:title\" content=\"8. Prozesstag \u2013 Befragung Carsten S. - Das NSU-Prozess-Blog\" \/>\n<meta property=\"og:description\" content=\"Voraussichtlich geht der NSU-Prozess mit der Aussage von Carsten S. weiter, der Fragen von Richter, Bundesanw\u00e4lten und Nebenkl\u00e4gern beantworten wird. Wie von der Verteidigung gew\u00fcnscht, wird der Gutachter Norbert Leygraf, der Carsten S. schon befragt hat, im Saal anwesend sein. Hier der Artikel unserers Autoren Tom Sundermann zum achten Prozesstag.\" \/>\n<meta property=\"og:url\" content=\"https:\/\/blog.zeit.de\/nsu-prozess-blog\/2013\/06\/11\/8-prozesstag-befragung-carsten-s\/\" \/>\n<meta property=\"og:site_name\" content=\"Das NSU-Prozess-Blog\" \/>\n<meta property=\"article:published_time\" content=\"2013-06-11T03:37:12+00:00\" \/>\n<meta property=\"article:modified_time\" content=\"2013-06-12T08:02:22+00:00\" \/>\n<meta property=\"og:image\" content=\"https:\/\/blog.zeit.de\/nsu-prozess-blog\/files\/2013\/06\/Foto1-580x82.jpg\" \/>\n<meta name=\"author\" content=\"Mirjam Schmitt\" \/>\n<meta name=\"twitter:label1\" content=\"Geschrieben von\" \/>\n\t<meta name=\"twitter:data1\" content=\"Mirjam Schmitt\" \/>\n<script type=\"application\/ld+json\" class=\"yoast-schema-graph\">{\"@context\":\"https:\/\/schema.org\",\"@graph\":[{\"@type\":\"WebPage\",\"@id\":\"https:\/\/blog.zeit.de\/nsu-prozess-blog\/2013\/06\/11\/8-prozesstag-befragung-carsten-s\/\",\"url\":\"https:\/\/blog.zeit.de\/nsu-prozess-blog\/2013\/06\/11\/8-prozesstag-befragung-carsten-s\/\",\"name\":\"8. Prozesstag \u2013 Befragung Carsten S. - Das NSU-Prozess-Blog\",\"isPartOf\":{\"@id\":\"https:\/\/blog.zeit.de\/nsu-prozess-blog\/#website\"},\"datePublished\":\"2013-06-11T03:37:12+00:00\",\"dateModified\":\"2013-06-12T08:02:22+00:00\",\"author\":{\"@id\":\"https:\/\/blog.zeit.de\/nsu-prozess-blog\/#\/schema\/person\/45acffb344ee326a2ebea3f5c0ad3ae8\"},\"breadcrumb\":{\"@id\":\"https:\/\/blog.zeit.de\/nsu-prozess-blog\/2013\/06\/11\/8-prozesstag-befragung-carsten-s\/#breadcrumb\"},\"inLanguage\":\"de\",\"potentialAction\":[{\"@type\":\"ReadAction\",\"target\":[\"https:\/\/blog.zeit.de\/nsu-prozess-blog\/2013\/06\/11\/8-prozesstag-befragung-carsten-s\/\"]}]},{\"@type\":\"BreadcrumbList\",\"@id\":\"https:\/\/blog.zeit.de\/nsu-prozess-blog\/2013\/06\/11\/8-prozesstag-befragung-carsten-s\/#breadcrumb\",\"itemListElement\":[{\"@type\":\"ListItem\",\"position\":1,\"name\":\"Startseite\",\"item\":\"https:\/\/blog.zeit.de\/nsu-prozess-blog\/\"},{\"@type\":\"ListItem\",\"position\":2,\"name\":\"8. Prozesstag \u2013 Befragung Carsten S.\"}]},{\"@type\":\"WebSite\",\"@id\":\"https:\/\/blog.zeit.de\/nsu-prozess-blog\/#website\",\"url\":\"https:\/\/blog.zeit.de\/nsu-prozess-blog\/\",\"name\":\"Das NSU-Prozess-Blog\",\"description\":\"Alle Berichte zum Terrorverfahren in M\u00fcnchen\",\"potentialAction\":[{\"@type\":\"SearchAction\",\"target\":{\"@type\":\"EntryPoint\",\"urlTemplate\":\"https:\/\/blog.zeit.de\/nsu-prozess-blog\/?s={search_term_string}\"},\"query-input\":\"required name=search_term_string\"}],\"inLanguage\":\"de\"},{\"@type\":\"Person\",\"@id\":\"https:\/\/blog.zeit.de\/nsu-prozess-blog\/#\/schema\/person\/45acffb344ee326a2ebea3f5c0ad3ae8\",\"name\":\"Mirjam Schmitt\",\"image\":{\"@type\":\"ImageObject\",\"inLanguage\":\"de\",\"@id\":\"https:\/\/blog.zeit.de\/nsu-prozess-blog\/#\/schema\/person\/image\/\",\"url\":\"https:\/\/secure.gravatar.com\/avatar\/21ea3e922b6404f0cab7bb919e2b401850e5cef2e7155dba6caa935b66c5688b?s=96&d=mm&r=g\",\"contentUrl\":\"https:\/\/secure.gravatar.com\/avatar\/21ea3e922b6404f0cab7bb919e2b401850e5cef2e7155dba6caa935b66c5688b?s=96&d=mm&r=g\",\"caption\":\"Mirjam Schmitt\"},\"url\":\"https:\/\/blog.zeit.de\/nsu-prozess-blog\/author\/mschmitt\/\"}]}<\/script>\n<!-- \/ Yoast SEO plugin. -->","yoast_head_json":{"title":"8. Prozesstag \u2013 Befragung Carsten S. - Das NSU-Prozess-Blog","robots":{"index":"index","follow":"follow","max-snippet":"max-snippet:-1","max-image-preview":"max-image-preview:large","max-video-preview":"max-video-preview:-1"},"canonical":"https:\/\/blog.zeit.de\/nsu-prozess-blog\/2013\/06\/11\/8-prozesstag-befragung-carsten-s\/","og_locale":"de_DE","og_type":"article","og_title":"8. Prozesstag \u2013 Befragung Carsten S. - Das NSU-Prozess-Blog","og_description":"Voraussichtlich geht der NSU-Prozess mit der Aussage von Carsten S. weiter, der Fragen von Richter, Bundesanw\u00e4lten und Nebenkl\u00e4gern beantworten wird. Wie von der Verteidigung gew\u00fcnscht, wird der Gutachter Norbert Leygraf, der Carsten S. schon befragt hat, im Saal anwesend sein. Hier der Artikel unserers Autoren Tom Sundermann zum achten Prozesstag.","og_url":"https:\/\/blog.zeit.de\/nsu-prozess-blog\/2013\/06\/11\/8-prozesstag-befragung-carsten-s\/","og_site_name":"Das NSU-Prozess-Blog","article_published_time":"2013-06-11T03:37:12+00:00","article_modified_time":"2013-06-12T08:02:22+00:00","og_image":[{"url":"https:\/\/blog.zeit.de\/nsu-prozess-blog\/files\/2013\/06\/Foto1-580x82.jpg"}],"author":"Mirjam Schmitt","twitter_misc":{"Geschrieben von":"Mirjam Schmitt"},"schema":{"@context":"https:\/\/schema.org","@graph":[{"@type":"WebPage","@id":"https:\/\/blog.zeit.de\/nsu-prozess-blog\/2013\/06\/11\/8-prozesstag-befragung-carsten-s\/","url":"https:\/\/blog.zeit.de\/nsu-prozess-blog\/2013\/06\/11\/8-prozesstag-befragung-carsten-s\/","name":"8. Prozesstag \u2013 Befragung Carsten S. - Das NSU-Prozess-Blog","isPartOf":{"@id":"https:\/\/blog.zeit.de\/nsu-prozess-blog\/#website"},"datePublished":"2013-06-11T03:37:12+00:00","dateModified":"2013-06-12T08:02:22+00:00","author":{"@id":"https:\/\/blog.zeit.de\/nsu-prozess-blog\/#\/schema\/person\/45acffb344ee326a2ebea3f5c0ad3ae8"},"breadcrumb":{"@id":"https:\/\/blog.zeit.de\/nsu-prozess-blog\/2013\/06\/11\/8-prozesstag-befragung-carsten-s\/#breadcrumb"},"inLanguage":"de","potentialAction":[{"@type":"ReadAction","target":["https:\/\/blog.zeit.de\/nsu-prozess-blog\/2013\/06\/11\/8-prozesstag-befragung-carsten-s\/"]}]},{"@type":"BreadcrumbList","@id":"https:\/\/blog.zeit.de\/nsu-prozess-blog\/2013\/06\/11\/8-prozesstag-befragung-carsten-s\/#breadcrumb","itemListElement":[{"@type":"ListItem","position":1,"name":"Startseite","item":"https:\/\/blog.zeit.de\/nsu-prozess-blog\/"},{"@type":"ListItem","position":2,"name":"8. Prozesstag \u2013 Befragung Carsten S."}]},{"@type":"WebSite","@id":"https:\/\/blog.zeit.de\/nsu-prozess-blog\/#website","url":"https:\/\/blog.zeit.de\/nsu-prozess-blog\/","name":"Das NSU-Prozess-Blog","description":"Alle Berichte zum Terrorverfahren in M\u00fcnchen","potentialAction":[{"@type":"SearchAction","target":{"@type":"EntryPoint","urlTemplate":"https:\/\/blog.zeit.de\/nsu-prozess-blog\/?s={search_term_string}"},"query-input":"required name=search_term_string"}],"inLanguage":"de"},{"@type":"Person","@id":"https:\/\/blog.zeit.de\/nsu-prozess-blog\/#\/schema\/person\/45acffb344ee326a2ebea3f5c0ad3ae8","name":"Mirjam Schmitt","image":{"@type":"ImageObject","inLanguage":"de","@id":"https:\/\/blog.zeit.de\/nsu-prozess-blog\/#\/schema\/person\/image\/","url":"https:\/\/secure.gravatar.com\/avatar\/21ea3e922b6404f0cab7bb919e2b401850e5cef2e7155dba6caa935b66c5688b?s=96&d=mm&r=g","contentUrl":"https:\/\/secure.gravatar.com\/avatar\/21ea3e922b6404f0cab7bb919e2b401850e5cef2e7155dba6caa935b66c5688b?s=96&d=mm&r=g","caption":"Mirjam Schmitt"},"url":"https:\/\/blog.zeit.de\/nsu-prozess-blog\/author\/mschmitt\/"}]}},"jetpack_featured_media_url":"","jetpack_sharing_enabled":true,"_links":{"self":[{"href":"https:\/\/blog.zeit.de\/nsu-prozess-blog\/wp-json\/wp\/v2\/posts\/1061","targetHints":{"allow":["GET"]}}],"collection":[{"href":"https:\/\/blog.zeit.de\/nsu-prozess-blog\/wp-json\/wp\/v2\/posts"}],"about":[{"href":"https:\/\/blog.zeit.de\/nsu-prozess-blog\/wp-json\/wp\/v2\/types\/post"}],"author":[{"embeddable":true,"href":"https:\/\/blog.zeit.de\/nsu-prozess-blog\/wp-json\/wp\/v2\/users\/410"}],"replies":[{"embeddable":true,"href":"https:\/\/blog.zeit.de\/nsu-prozess-blog\/wp-json\/wp\/v2\/comments?post=1061"}],"version-history":[{"count":12,"href":"https:\/\/blog.zeit.de\/nsu-prozess-blog\/wp-json\/wp\/v2\/posts\/1061\/revisions"}],"predecessor-version":[{"id":1094,"href":"https:\/\/blog.zeit.de\/nsu-prozess-blog\/wp-json\/wp\/v2\/posts\/1061\/revisions\/1094"}],"wp:attachment":[{"href":"https:\/\/blog.zeit.de\/nsu-prozess-blog\/wp-json\/wp\/v2\/media?parent=1061"}],"wp:term":[{"taxonomy":"category","embeddable":true,"href":"https:\/\/blog.zeit.de\/nsu-prozess-blog\/wp-json\/wp\/v2\/categories?post=1061"},{"taxonomy":"post_tag","embeddable":true,"href":"https:\/\/blog.zeit.de\/nsu-prozess-blog\/wp-json\/wp\/v2\/tags?post=1061"}],"curies":[{"name":"wp","href":"https:\/\/api.w.org\/{rel}","templated":true}]}}