{"id":1063,"date":"2013-06-11T08:14:02","date_gmt":"2013-06-11T06:14:02","guid":{"rendered":"http:\/\/blog.zeit.de\/nsu-prozess-blog\/?p=1063"},"modified":"2013-06-11T14:22:22","modified_gmt":"2013-06-11T12:22:22","slug":"harmlose-spinne","status":"publish","type":"post","link":"https:\/\/blog.zeit.de\/nsu-prozess-blog\/2013\/06\/11\/harmlose-spinne\/","title":{"rendered":"&#8222;Harmlose Spinner&#8220; \u2013 das NSU-Medienlog vom Dienstag, 11. Juni 2013"},"content":{"rendered":"<p>Im NSU-Prozess wird das Gericht am Dienstag den <strong>Angeklagten Carsten S. befragen.<\/strong> Mit dessen Vernehmung befasst sich Tim A\u00dfmann im Bayerischen Rundfunk. Er thematisiert mehrere offene Fragen: Etwa, ob S. sich wirklich nichts dabei dachte, als er die Mordwaffe mit Schalld\u00e4mpfer kaufte. Oder, warum S. sich nicht bei der Polizei meldete, nachdem Medien ausf\u00fchrlich \u00fcber die Ceska-Mordserie berichteten.<\/p>\n<p><!--more--><\/p>\n<blockquote><p><em>An jedem Werktag fassen wir im NSU-Prozess-Blog die wichtigsten Medienberichte, Blogs, Videos und Tweets zusammen. Wir freuen uns \u00fcber Hinweise via Twitter mit dem Hashtag #nsublog \u2013 oder per E-Mail an nsublog@zeit.de.<\/em><\/p><\/blockquote>\n<p>Laut <a href=\"http:\/\/www.swr.de\/nachrichten\/-\/id=396\/nid=396\/did=11560624\/ptes3w\/\" target=\"_blank\">Bayerischem Rundfunk<\/a> kann Nebenkl\u00e4ger-Anw\u00e4ltin Angelika Lex zwar nachvollziehen, dass es S. schwer f\u00e4llt, sich nach so langer Zeit zu erinnern. Es &#8222;entstehe aber durchaus der Eindruck, dass er doch noch mehr wissen k\u00f6nnte, als er bisher preisgibt&#8220;.<\/p>\n<p><strong>Festnahmen in M\u00fcnchen:<\/strong> Seit Beginn des Prozesses ver\u00fcbten Unbekannte mehrere Anschl\u00e4ge auf linke Einrichtungen und das B\u00fcro einer Nebenkl\u00e4ger-Anw\u00e4ltin in M\u00fcnchen. <a href=\"http:\/\/www.taz.de\/Neonazi-Attacken-begleiten-NSU-Prozess\/!117783\/\" target=\"_blank\">Wie die <em>taz<\/em> berichtet<\/a>, hat die Polizei nun drei Verd\u00e4chtige festgenommen: drei M\u00e4nner und eine Frau. Einer von ihnen geh\u00f6rte demnach einst zur Gruppe um den Rechtsterroristen Martin Wiese, die einen Anschlag auf die Grundsteinlegung der M\u00fcnchner Synagoge am Jakobsplatz geplant hatte. Die <a href=\"http:\/\/www.sabah.de\/saldirganlar-yakalandi.html\" target=\"_blank\">Europa-Ausgabe der t\u00fcrkischen Tageszeitung <em>Sabah<\/em><\/a> berichtet ebenfalls von der Festnahme.<\/p>\n<style type=\"text\/css\"><!--\nP { margin-bottom: 0.21cm; }A:link {  }\n--><\/style>\n<p><strong>NSU-Ermittlungen:<\/strong> Der Leiter der Polizeiabteilung des Innenministeriums, Robert Ryczko, hat sich laut MDR im Namen der Th\u00fcringer Polizei <strong>f\u00fcr Ermittlungsfehler entschuldigt.<\/strong> Bei der Befragung im Th\u00fcringer NSU-Untersuchungsausschuss sagte Rychzko, er bedauere, dass die &#8222;abscheuliche Mordserie&#8220; nicht verhindert werden konnte. Er gab au\u00dferdem zu, die Rechtsterroristen untersch\u00e4tzt zu haben. Er habe die Untergetauchten f\u00fcr &#8222;harmlose Spinner gehalten&#8220;.<\/p>\n<p><strong>Erlahmendes Interesse am Prozess:<\/strong> Gert B\u00f6hm kommentiert in der <em>Neuen Presse<\/em>, es sei zwar gut, dass die Medien tagt\u00e4glich detailliert \u00fcber das NSU-Verfahren berichteten, das berge jedoch auch eine Gefahr: &#8222;Die st\u00e4ndige Informationsflut hat erfahrungsgem\u00e4\u00df zur Folge, dass das Interesse an dem Ereignis mit zunehmender Dauer erlahmt\u201c, schreibt B\u00f6hm. Wenn ein Thema ununterbrochen in Wort und Bild pr\u00e4sent sei, schlage die Anteilnahme oft sogar ins Gegenteil um: Man wolle nichts mehr davon h\u00f6ren. &#8222;Diese Gefahr droht auch dem NSU-Prozess in M\u00fcnchen\u201c, <a href=\"http:\/\/www.np-coburg.de\/meinung\/meinung\/np\/meinungenhinp\/Banalitaet-des-Boesen;art83488,2622300\">kommentiert B\u00f6hm.<\/a><\/p>\n<p>In englischsprachigen Onlinemedien wurden heute keine Berichte \u00fcber den NSU-Prozess ver\u00f6ffentlicht.<\/p>\n<p><em>Das n\u00e4chste Medienlog erscheint am Mittwoch, den 12. Juni.<\/em><\/p>\n","protected":false},"excerpt":{"rendered":"<p>Im NSU-Prozess wird das Gericht am Dienstag den Angeklagten Carsten S. befragen. Mit dessen Vernehmung befasst sich Tim A\u00dfmann im Bayerischen Rundfunk. Er thematisiert mehrere offene Fragen: Etwa, ob S. sich wirklich nichts dabei dachte, als er die Mordwaffe mit Schalld\u00e4mpfer kaufte. Oder, warum S. sich nicht bei der Polizei meldete, nachdem Medien ausf\u00fchrlich \u00fcber [&hellip;]<\/p>\n","protected":false},"author":410,"featured_media":0,"comment_status":"open","ping_status":"open","sticky":false,"template":"","format":"standard","meta":{"_jetpack_memberships_contains_paid_content":false,"footnotes":""},"categories":[27531],"tags":[],"class_list":["post-1063","post","type-post","status-publish","format-standard","hentry","category-medienschau"],"yoast_head":"<!-- This site is optimized with the Yoast SEO plugin v21.0 - https:\/\/yoast.com\/wordpress\/plugins\/seo\/ -->\n<title>&quot;Harmlose Spinner&quot; \u2013 das NSU-Medienlog vom Dienstag, 11. Juni 2013 - Das NSU-Prozess-Blog<\/title>\n<meta name=\"robots\" content=\"index, follow, max-snippet:-1, max-image-preview:large, max-video-preview:-1\" \/>\n<link rel=\"canonical\" href=\"https:\/\/blog.zeit.de\/nsu-prozess-blog\/2013\/06\/11\/harmlose-spinne\/\" \/>\n<meta property=\"og:locale\" content=\"de_DE\" \/>\n<meta property=\"og:type\" content=\"article\" \/>\n<meta property=\"og:title\" content=\"&quot;Harmlose Spinner&quot; \u2013 das NSU-Medienlog vom Dienstag, 11. Juni 2013 - Das NSU-Prozess-Blog\" \/>\n<meta property=\"og:description\" content=\"Im NSU-Prozess wird das Gericht am Dienstag den Angeklagten Carsten S. befragen. Mit dessen Vernehmung befasst sich Tim A\u00dfmann im Bayerischen Rundfunk. Er thematisiert mehrere offene Fragen: Etwa, ob S. sich wirklich nichts dabei dachte, als er die Mordwaffe mit Schalld\u00e4mpfer kaufte. Oder, warum S. sich nicht bei der Polizei meldete, nachdem Medien ausf\u00fchrlich \u00fcber [&hellip;]\" \/>\n<meta property=\"og:url\" content=\"https:\/\/blog.zeit.de\/nsu-prozess-blog\/2013\/06\/11\/harmlose-spinne\/\" \/>\n<meta property=\"og:site_name\" content=\"Das NSU-Prozess-Blog\" \/>\n<meta property=\"article:published_time\" content=\"2013-06-11T06:14:02+00:00\" \/>\n<meta property=\"article:modified_time\" content=\"2013-06-11T12:22:22+00:00\" \/>\n<meta name=\"author\" content=\"Mirjam Schmitt\" \/>\n<meta name=\"twitter:label1\" content=\"Geschrieben von\" \/>\n\t<meta name=\"twitter:data1\" content=\"Mirjam Schmitt\" \/>\n\t<meta name=\"twitter:label2\" content=\"Gesch\u00e4tzte Lesezeit\" \/>\n\t<meta name=\"twitter:data2\" content=\"2\u00a0Minuten\" \/>\n<script type=\"application\/ld+json\" class=\"yoast-schema-graph\">{\"@context\":\"https:\/\/schema.org\",\"@graph\":[{\"@type\":\"WebPage\",\"@id\":\"https:\/\/blog.zeit.de\/nsu-prozess-blog\/2013\/06\/11\/harmlose-spinne\/\",\"url\":\"https:\/\/blog.zeit.de\/nsu-prozess-blog\/2013\/06\/11\/harmlose-spinne\/\",\"name\":\"\\\"Harmlose Spinner\\\" \u2013 das NSU-Medienlog vom Dienstag, 11. Juni 2013 - Das NSU-Prozess-Blog\",\"isPartOf\":{\"@id\":\"https:\/\/blog.zeit.de\/nsu-prozess-blog\/#website\"},\"datePublished\":\"2013-06-11T06:14:02+00:00\",\"dateModified\":\"2013-06-11T12:22:22+00:00\",\"author\":{\"@id\":\"https:\/\/blog.zeit.de\/nsu-prozess-blog\/#\/schema\/person\/45acffb344ee326a2ebea3f5c0ad3ae8\"},\"breadcrumb\":{\"@id\":\"https:\/\/blog.zeit.de\/nsu-prozess-blog\/2013\/06\/11\/harmlose-spinne\/#breadcrumb\"},\"inLanguage\":\"de\",\"potentialAction\":[{\"@type\":\"ReadAction\",\"target\":[\"https:\/\/blog.zeit.de\/nsu-prozess-blog\/2013\/06\/11\/harmlose-spinne\/\"]}]},{\"@type\":\"BreadcrumbList\",\"@id\":\"https:\/\/blog.zeit.de\/nsu-prozess-blog\/2013\/06\/11\/harmlose-spinne\/#breadcrumb\",\"itemListElement\":[{\"@type\":\"ListItem\",\"position\":1,\"name\":\"Startseite\",\"item\":\"https:\/\/blog.zeit.de\/nsu-prozess-blog\/\"},{\"@type\":\"ListItem\",\"position\":2,\"name\":\"&#8222;Harmlose Spinner&#8220; \u2013 das NSU-Medienlog vom Dienstag, 11. Juni 2013\"}]},{\"@type\":\"WebSite\",\"@id\":\"https:\/\/blog.zeit.de\/nsu-prozess-blog\/#website\",\"url\":\"https:\/\/blog.zeit.de\/nsu-prozess-blog\/\",\"name\":\"Das NSU-Prozess-Blog\",\"description\":\"Alle Berichte zum Terrorverfahren in M\u00fcnchen\",\"potentialAction\":[{\"@type\":\"SearchAction\",\"target\":{\"@type\":\"EntryPoint\",\"urlTemplate\":\"https:\/\/blog.zeit.de\/nsu-prozess-blog\/?s={search_term_string}\"},\"query-input\":\"required name=search_term_string\"}],\"inLanguage\":\"de\"},{\"@type\":\"Person\",\"@id\":\"https:\/\/blog.zeit.de\/nsu-prozess-blog\/#\/schema\/person\/45acffb344ee326a2ebea3f5c0ad3ae8\",\"name\":\"Mirjam Schmitt\",\"image\":{\"@type\":\"ImageObject\",\"inLanguage\":\"de\",\"@id\":\"https:\/\/blog.zeit.de\/nsu-prozess-blog\/#\/schema\/person\/image\/\",\"url\":\"https:\/\/secure.gravatar.com\/avatar\/21ea3e922b6404f0cab7bb919e2b401850e5cef2e7155dba6caa935b66c5688b?s=96&d=mm&r=g\",\"contentUrl\":\"https:\/\/secure.gravatar.com\/avatar\/21ea3e922b6404f0cab7bb919e2b401850e5cef2e7155dba6caa935b66c5688b?s=96&d=mm&r=g\",\"caption\":\"Mirjam Schmitt\"},\"url\":\"https:\/\/blog.zeit.de\/nsu-prozess-blog\/author\/mschmitt\/\"}]}<\/script>\n<!-- \/ Yoast SEO plugin. -->","yoast_head_json":{"title":"\"Harmlose Spinner\" \u2013 das NSU-Medienlog vom Dienstag, 11. Juni 2013 - Das NSU-Prozess-Blog","robots":{"index":"index","follow":"follow","max-snippet":"max-snippet:-1","max-image-preview":"max-image-preview:large","max-video-preview":"max-video-preview:-1"},"canonical":"https:\/\/blog.zeit.de\/nsu-prozess-blog\/2013\/06\/11\/harmlose-spinne\/","og_locale":"de_DE","og_type":"article","og_title":"\"Harmlose Spinner\" \u2013 das NSU-Medienlog vom Dienstag, 11. Juni 2013 - Das NSU-Prozess-Blog","og_description":"Im NSU-Prozess wird das Gericht am Dienstag den Angeklagten Carsten S. befragen. Mit dessen Vernehmung befasst sich Tim A\u00dfmann im Bayerischen Rundfunk. Er thematisiert mehrere offene Fragen: Etwa, ob S. sich wirklich nichts dabei dachte, als er die Mordwaffe mit Schalld\u00e4mpfer kaufte. Oder, warum S. sich nicht bei der Polizei meldete, nachdem Medien ausf\u00fchrlich \u00fcber [&hellip;]","og_url":"https:\/\/blog.zeit.de\/nsu-prozess-blog\/2013\/06\/11\/harmlose-spinne\/","og_site_name":"Das NSU-Prozess-Blog","article_published_time":"2013-06-11T06:14:02+00:00","article_modified_time":"2013-06-11T12:22:22+00:00","author":"Mirjam Schmitt","twitter_misc":{"Geschrieben von":"Mirjam Schmitt","Gesch\u00e4tzte Lesezeit":"2\u00a0Minuten"},"schema":{"@context":"https:\/\/schema.org","@graph":[{"@type":"WebPage","@id":"https:\/\/blog.zeit.de\/nsu-prozess-blog\/2013\/06\/11\/harmlose-spinne\/","url":"https:\/\/blog.zeit.de\/nsu-prozess-blog\/2013\/06\/11\/harmlose-spinne\/","name":"\"Harmlose Spinner\" \u2013 das NSU-Medienlog vom Dienstag, 11. Juni 2013 - Das NSU-Prozess-Blog","isPartOf":{"@id":"https:\/\/blog.zeit.de\/nsu-prozess-blog\/#website"},"datePublished":"2013-06-11T06:14:02+00:00","dateModified":"2013-06-11T12:22:22+00:00","author":{"@id":"https:\/\/blog.zeit.de\/nsu-prozess-blog\/#\/schema\/person\/45acffb344ee326a2ebea3f5c0ad3ae8"},"breadcrumb":{"@id":"https:\/\/blog.zeit.de\/nsu-prozess-blog\/2013\/06\/11\/harmlose-spinne\/#breadcrumb"},"inLanguage":"de","potentialAction":[{"@type":"ReadAction","target":["https:\/\/blog.zeit.de\/nsu-prozess-blog\/2013\/06\/11\/harmlose-spinne\/"]}]},{"@type":"BreadcrumbList","@id":"https:\/\/blog.zeit.de\/nsu-prozess-blog\/2013\/06\/11\/harmlose-spinne\/#breadcrumb","itemListElement":[{"@type":"ListItem","position":1,"name":"Startseite","item":"https:\/\/blog.zeit.de\/nsu-prozess-blog\/"},{"@type":"ListItem","position":2,"name":"&#8222;Harmlose Spinner&#8220; \u2013 das NSU-Medienlog vom Dienstag, 11. Juni 2013"}]},{"@type":"WebSite","@id":"https:\/\/blog.zeit.de\/nsu-prozess-blog\/#website","url":"https:\/\/blog.zeit.de\/nsu-prozess-blog\/","name":"Das NSU-Prozess-Blog","description":"Alle Berichte zum Terrorverfahren in M\u00fcnchen","potentialAction":[{"@type":"SearchAction","target":{"@type":"EntryPoint","urlTemplate":"https:\/\/blog.zeit.de\/nsu-prozess-blog\/?s={search_term_string}"},"query-input":"required name=search_term_string"}],"inLanguage":"de"},{"@type":"Person","@id":"https:\/\/blog.zeit.de\/nsu-prozess-blog\/#\/schema\/person\/45acffb344ee326a2ebea3f5c0ad3ae8","name":"Mirjam Schmitt","image":{"@type":"ImageObject","inLanguage":"de","@id":"https:\/\/blog.zeit.de\/nsu-prozess-blog\/#\/schema\/person\/image\/","url":"https:\/\/secure.gravatar.com\/avatar\/21ea3e922b6404f0cab7bb919e2b401850e5cef2e7155dba6caa935b66c5688b?s=96&d=mm&r=g","contentUrl":"https:\/\/secure.gravatar.com\/avatar\/21ea3e922b6404f0cab7bb919e2b401850e5cef2e7155dba6caa935b66c5688b?s=96&d=mm&r=g","caption":"Mirjam Schmitt"},"url":"https:\/\/blog.zeit.de\/nsu-prozess-blog\/author\/mschmitt\/"}]}},"jetpack_featured_media_url":"","jetpack_sharing_enabled":true,"_links":{"self":[{"href":"https:\/\/blog.zeit.de\/nsu-prozess-blog\/wp-json\/wp\/v2\/posts\/1063","targetHints":{"allow":["GET"]}}],"collection":[{"href":"https:\/\/blog.zeit.de\/nsu-prozess-blog\/wp-json\/wp\/v2\/posts"}],"about":[{"href":"https:\/\/blog.zeit.de\/nsu-prozess-blog\/wp-json\/wp\/v2\/types\/post"}],"author":[{"embeddable":true,"href":"https:\/\/blog.zeit.de\/nsu-prozess-blog\/wp-json\/wp\/v2\/users\/410"}],"replies":[{"embeddable":true,"href":"https:\/\/blog.zeit.de\/nsu-prozess-blog\/wp-json\/wp\/v2\/comments?post=1063"}],"version-history":[{"count":31,"href":"https:\/\/blog.zeit.de\/nsu-prozess-blog\/wp-json\/wp\/v2\/posts\/1063\/revisions"}],"predecessor-version":[{"id":1097,"href":"https:\/\/blog.zeit.de\/nsu-prozess-blog\/wp-json\/wp\/v2\/posts\/1063\/revisions\/1097"}],"wp:attachment":[{"href":"https:\/\/blog.zeit.de\/nsu-prozess-blog\/wp-json\/wp\/v2\/media?parent=1063"}],"wp:term":[{"taxonomy":"category","embeddable":true,"href":"https:\/\/blog.zeit.de\/nsu-prozess-blog\/wp-json\/wp\/v2\/categories?post=1063"},{"taxonomy":"post_tag","embeddable":true,"href":"https:\/\/blog.zeit.de\/nsu-prozess-blog\/wp-json\/wp\/v2\/tags?post=1063"}],"curies":[{"name":"wp","href":"https:\/\/api.w.org\/{rel}","templated":true}]}}