{"id":10749,"date":"2016-01-20T08:19:11","date_gmt":"2016-01-20T07:19:11","guid":{"rendered":"http:\/\/blog.zeit.de\/nsu-prozess-blog\/?p=10749"},"modified":"2016-01-22T08:31:53","modified_gmt":"2016-01-22T07:31:53","slug":"medienlog-wohlleben-u-haft-antrag","status":"publish","type":"post","link":"https:\/\/blog.zeit.de\/nsu-prozess-blog\/2016\/01\/20\/medienlog-wohlleben-u-haft-antrag\/","title":{"rendered":"Wohlleben will aus dem Knast \u2013 Das Medienlog vom Mittwoch, 20. Januar 2016"},"content":{"rendered":"<p>Der Mitangeklagte Ralf Wohlleben will aus der Untersuchungshaft entlassen werden. Seine Anw\u00e4ltin Nicole Schneiders schrieb dem M\u00fcnchner Oberlandesgericht, dass nach <a href=\"https:\/\/blog.zeit.de\/nsu-prozess-blog\/2016\/01\/13\/krude-meinungen-und-krumme-geschafte\/\">der Aussage ihres Mandanten<\/a> kein dringender Tatverdacht gegen diesen mehr zu begr\u00fcnden sei, zudem bestehe weder Flucht- noch Verdunkelungsgefahr, wie unter anderem die <a href=\"http:\/\/www.sueddeutsche.de\/politik\/muenchen-nsu-prozess-wohlleben-will-aus-haft-entlassen-werden-1.2825263\" target=\"_blank\"><em>S\u00fcddeutsche Zeitung<\/em><\/a> berichtet. Wohlleben sitzt seit seiner Festnahme Ende November 2011 in Untersuchungshaft. Bereits Mitte 2014 hatte der Angeklagte durch seine Anw\u00e4lte versucht, per Antrag freizukommen. <a href=\"https:\/\/blog.zeit.de\/nsu-prozess-blog\/2014\/07\/02\/medienlog-wohlleben-untersuchungshaft\/\">Das Gericht lehnte jedoch ab<\/a>, eine Beschwerde vor dem Bundesgerichtshof blieb erfolglos.<!--more--><\/p>\n<p><em>An jedem Werktag sichten wir f\u00fcr das NSU-Prozess-Blog die Medien und stellen wichtige Berichte, Blogs, Videos und Tweets zusammen. Wir freuen uns \u00fcber Hinweise via Twitter mit dem Hashtag #nsublog \u2013 oder per E-Mail an <a href=\"mailto:nsublog@zeit.de\">nsublog@zeit.de<\/a>.<\/em><\/p>\n<p><em>Das n\u00e4chste Medienlog erscheint am Donnerstag, 21. Januar 2016.<\/em><\/p>\n","protected":false},"excerpt":{"rendered":"<p>Der Mitangeklagte Ralf Wohlleben will aus der Untersuchungshaft entlassen werden. Seine Anw\u00e4ltin Nicole Schneiders schrieb dem M\u00fcnchner Oberlandesgericht, dass nach der Aussage ihres Mandanten kein dringender Tatverdacht gegen diesen mehr zu begr\u00fcnden sei, zudem bestehe weder Flucht- noch Verdunkelungsgefahr, wie unter anderem die S\u00fcddeutsche Zeitung berichtet. Wohlleben sitzt seit seiner Festnahme Ende November 2011 in [&hellip;]<\/p>\n","protected":false},"author":435,"featured_media":0,"comment_status":"open","ping_status":"open","sticky":false,"template":"","format":"standard","meta":{"_jetpack_memberships_contains_paid_content":false,"footnotes":""},"categories":[27531],"tags":[17772,29545],"class_list":["post-10749","post","type-post","status-publish","format-standard","hentry","category-medienschau","tag-ralf-wohlleben","tag-untersuchungshaft"],"yoast_head":"<!-- This site is optimized with the Yoast SEO plugin v21.0 - https:\/\/yoast.com\/wordpress\/plugins\/seo\/ -->\n<title>Wohlleben will aus dem Knast \u2013 Das Medienlog vom Mittwoch, 20. Januar 2016 - Das NSU-Prozess-Blog<\/title>\n<meta name=\"robots\" content=\"index, follow, max-snippet:-1, max-image-preview:large, max-video-preview:-1\" \/>\n<link rel=\"canonical\" href=\"https:\/\/blog.zeit.de\/nsu-prozess-blog\/2016\/01\/20\/medienlog-wohlleben-u-haft-antrag\/\" \/>\n<meta property=\"og:locale\" content=\"de_DE\" \/>\n<meta property=\"og:type\" content=\"article\" \/>\n<meta property=\"og:title\" content=\"Wohlleben will aus dem Knast \u2013 Das Medienlog vom Mittwoch, 20. Januar 2016 - Das NSU-Prozess-Blog\" \/>\n<meta property=\"og:description\" content=\"Der Mitangeklagte Ralf Wohlleben will aus der Untersuchungshaft entlassen werden. Seine Anw\u00e4ltin Nicole Schneiders schrieb dem M\u00fcnchner Oberlandesgericht, dass nach der Aussage ihres Mandanten kein dringender Tatverdacht gegen diesen mehr zu begr\u00fcnden sei, zudem bestehe weder Flucht- noch Verdunkelungsgefahr, wie unter anderem die S\u00fcddeutsche Zeitung berichtet. Wohlleben sitzt seit seiner Festnahme Ende November 2011 in [&hellip;]\" \/>\n<meta property=\"og:url\" content=\"https:\/\/blog.zeit.de\/nsu-prozess-blog\/2016\/01\/20\/medienlog-wohlleben-u-haft-antrag\/\" \/>\n<meta property=\"og:site_name\" content=\"Das NSU-Prozess-Blog\" \/>\n<meta property=\"article:published_time\" content=\"2016-01-20T07:19:11+00:00\" \/>\n<meta property=\"article:modified_time\" content=\"2016-01-22T07:31:53+00:00\" \/>\n<meta name=\"author\" content=\"Tom Sundermann\" \/>\n<meta name=\"twitter:label1\" content=\"Geschrieben von\" \/>\n\t<meta name=\"twitter:data1\" content=\"Tom Sundermann\" \/>\n\t<meta name=\"twitter:label2\" content=\"Gesch\u00e4tzte Lesezeit\" \/>\n\t<meta name=\"twitter:data2\" content=\"1\u00a0Minute\" \/>\n<script type=\"application\/ld+json\" class=\"yoast-schema-graph\">{\"@context\":\"https:\/\/schema.org\",\"@graph\":[{\"@type\":\"WebPage\",\"@id\":\"https:\/\/blog.zeit.de\/nsu-prozess-blog\/2016\/01\/20\/medienlog-wohlleben-u-haft-antrag\/\",\"url\":\"https:\/\/blog.zeit.de\/nsu-prozess-blog\/2016\/01\/20\/medienlog-wohlleben-u-haft-antrag\/\",\"name\":\"Wohlleben will aus dem Knast \u2013 Das Medienlog vom Mittwoch, 20. Januar 2016 - Das NSU-Prozess-Blog\",\"isPartOf\":{\"@id\":\"https:\/\/blog.zeit.de\/nsu-prozess-blog\/#website\"},\"datePublished\":\"2016-01-20T07:19:11+00:00\",\"dateModified\":\"2016-01-22T07:31:53+00:00\",\"author\":{\"@id\":\"https:\/\/blog.zeit.de\/nsu-prozess-blog\/#\/schema\/person\/553ea9bb5d1fc2ae054c589bd59380a5\"},\"breadcrumb\":{\"@id\":\"https:\/\/blog.zeit.de\/nsu-prozess-blog\/2016\/01\/20\/medienlog-wohlleben-u-haft-antrag\/#breadcrumb\"},\"inLanguage\":\"de\",\"potentialAction\":[{\"@type\":\"ReadAction\",\"target\":[\"https:\/\/blog.zeit.de\/nsu-prozess-blog\/2016\/01\/20\/medienlog-wohlleben-u-haft-antrag\/\"]}]},{\"@type\":\"BreadcrumbList\",\"@id\":\"https:\/\/blog.zeit.de\/nsu-prozess-blog\/2016\/01\/20\/medienlog-wohlleben-u-haft-antrag\/#breadcrumb\",\"itemListElement\":[{\"@type\":\"ListItem\",\"position\":1,\"name\":\"Startseite\",\"item\":\"https:\/\/blog.zeit.de\/nsu-prozess-blog\/\"},{\"@type\":\"ListItem\",\"position\":2,\"name\":\"Wohlleben will aus dem Knast \u2013 Das Medienlog vom Mittwoch, 20. Januar 2016\"}]},{\"@type\":\"WebSite\",\"@id\":\"https:\/\/blog.zeit.de\/nsu-prozess-blog\/#website\",\"url\":\"https:\/\/blog.zeit.de\/nsu-prozess-blog\/\",\"name\":\"Das NSU-Prozess-Blog\",\"description\":\"Alle Berichte zum Terrorverfahren in M\u00fcnchen\",\"potentialAction\":[{\"@type\":\"SearchAction\",\"target\":{\"@type\":\"EntryPoint\",\"urlTemplate\":\"https:\/\/blog.zeit.de\/nsu-prozess-blog\/?s={search_term_string}\"},\"query-input\":\"required name=search_term_string\"}],\"inLanguage\":\"de\"},{\"@type\":\"Person\",\"@id\":\"https:\/\/blog.zeit.de\/nsu-prozess-blog\/#\/schema\/person\/553ea9bb5d1fc2ae054c589bd59380a5\",\"name\":\"Tom Sundermann\",\"image\":{\"@type\":\"ImageObject\",\"inLanguage\":\"de\",\"@id\":\"https:\/\/blog.zeit.de\/nsu-prozess-blog\/#\/schema\/person\/image\/\",\"url\":\"https:\/\/secure.gravatar.com\/avatar\/e108a3dc18766f719b2f797dc5d19093f06a1870c55b553ab6b7563f1f9a5e68?s=96&d=mm&r=g\",\"contentUrl\":\"https:\/\/secure.gravatar.com\/avatar\/e108a3dc18766f719b2f797dc5d19093f06a1870c55b553ab6b7563f1f9a5e68?s=96&d=mm&r=g\",\"caption\":\"Tom Sundermann\"},\"sameAs\":[\"https:\/\/twitter.com\/messeticker\"],\"url\":\"https:\/\/blog.zeit.de\/nsu-prozess-blog\/author\/tsundermann\/\"}]}<\/script>\n<!-- \/ Yoast SEO plugin. -->","yoast_head_json":{"title":"Wohlleben will aus dem Knast \u2013 Das Medienlog vom Mittwoch, 20. Januar 2016 - Das NSU-Prozess-Blog","robots":{"index":"index","follow":"follow","max-snippet":"max-snippet:-1","max-image-preview":"max-image-preview:large","max-video-preview":"max-video-preview:-1"},"canonical":"https:\/\/blog.zeit.de\/nsu-prozess-blog\/2016\/01\/20\/medienlog-wohlleben-u-haft-antrag\/","og_locale":"de_DE","og_type":"article","og_title":"Wohlleben will aus dem Knast \u2013 Das Medienlog vom Mittwoch, 20. Januar 2016 - Das NSU-Prozess-Blog","og_description":"Der Mitangeklagte Ralf Wohlleben will aus der Untersuchungshaft entlassen werden. Seine Anw\u00e4ltin Nicole Schneiders schrieb dem M\u00fcnchner Oberlandesgericht, dass nach der Aussage ihres Mandanten kein dringender Tatverdacht gegen diesen mehr zu begr\u00fcnden sei, zudem bestehe weder Flucht- noch Verdunkelungsgefahr, wie unter anderem die S\u00fcddeutsche Zeitung berichtet. Wohlleben sitzt seit seiner Festnahme Ende November 2011 in [&hellip;]","og_url":"https:\/\/blog.zeit.de\/nsu-prozess-blog\/2016\/01\/20\/medienlog-wohlleben-u-haft-antrag\/","og_site_name":"Das NSU-Prozess-Blog","article_published_time":"2016-01-20T07:19:11+00:00","article_modified_time":"2016-01-22T07:31:53+00:00","author":"Tom Sundermann","twitter_misc":{"Geschrieben von":"Tom Sundermann","Gesch\u00e4tzte Lesezeit":"1\u00a0Minute"},"schema":{"@context":"https:\/\/schema.org","@graph":[{"@type":"WebPage","@id":"https:\/\/blog.zeit.de\/nsu-prozess-blog\/2016\/01\/20\/medienlog-wohlleben-u-haft-antrag\/","url":"https:\/\/blog.zeit.de\/nsu-prozess-blog\/2016\/01\/20\/medienlog-wohlleben-u-haft-antrag\/","name":"Wohlleben will aus dem Knast \u2013 Das Medienlog vom Mittwoch, 20. Januar 2016 - Das NSU-Prozess-Blog","isPartOf":{"@id":"https:\/\/blog.zeit.de\/nsu-prozess-blog\/#website"},"datePublished":"2016-01-20T07:19:11+00:00","dateModified":"2016-01-22T07:31:53+00:00","author":{"@id":"https:\/\/blog.zeit.de\/nsu-prozess-blog\/#\/schema\/person\/553ea9bb5d1fc2ae054c589bd59380a5"},"breadcrumb":{"@id":"https:\/\/blog.zeit.de\/nsu-prozess-blog\/2016\/01\/20\/medienlog-wohlleben-u-haft-antrag\/#breadcrumb"},"inLanguage":"de","potentialAction":[{"@type":"ReadAction","target":["https:\/\/blog.zeit.de\/nsu-prozess-blog\/2016\/01\/20\/medienlog-wohlleben-u-haft-antrag\/"]}]},{"@type":"BreadcrumbList","@id":"https:\/\/blog.zeit.de\/nsu-prozess-blog\/2016\/01\/20\/medienlog-wohlleben-u-haft-antrag\/#breadcrumb","itemListElement":[{"@type":"ListItem","position":1,"name":"Startseite","item":"https:\/\/blog.zeit.de\/nsu-prozess-blog\/"},{"@type":"ListItem","position":2,"name":"Wohlleben will aus dem Knast \u2013 Das Medienlog vom Mittwoch, 20. Januar 2016"}]},{"@type":"WebSite","@id":"https:\/\/blog.zeit.de\/nsu-prozess-blog\/#website","url":"https:\/\/blog.zeit.de\/nsu-prozess-blog\/","name":"Das NSU-Prozess-Blog","description":"Alle Berichte zum Terrorverfahren in M\u00fcnchen","potentialAction":[{"@type":"SearchAction","target":{"@type":"EntryPoint","urlTemplate":"https:\/\/blog.zeit.de\/nsu-prozess-blog\/?s={search_term_string}"},"query-input":"required name=search_term_string"}],"inLanguage":"de"},{"@type":"Person","@id":"https:\/\/blog.zeit.de\/nsu-prozess-blog\/#\/schema\/person\/553ea9bb5d1fc2ae054c589bd59380a5","name":"Tom Sundermann","image":{"@type":"ImageObject","inLanguage":"de","@id":"https:\/\/blog.zeit.de\/nsu-prozess-blog\/#\/schema\/person\/image\/","url":"https:\/\/secure.gravatar.com\/avatar\/e108a3dc18766f719b2f797dc5d19093f06a1870c55b553ab6b7563f1f9a5e68?s=96&d=mm&r=g","contentUrl":"https:\/\/secure.gravatar.com\/avatar\/e108a3dc18766f719b2f797dc5d19093f06a1870c55b553ab6b7563f1f9a5e68?s=96&d=mm&r=g","caption":"Tom Sundermann"},"sameAs":["https:\/\/twitter.com\/messeticker"],"url":"https:\/\/blog.zeit.de\/nsu-prozess-blog\/author\/tsundermann\/"}]}},"jetpack_featured_media_url":"","jetpack_sharing_enabled":true,"_links":{"self":[{"href":"https:\/\/blog.zeit.de\/nsu-prozess-blog\/wp-json\/wp\/v2\/posts\/10749","targetHints":{"allow":["GET"]}}],"collection":[{"href":"https:\/\/blog.zeit.de\/nsu-prozess-blog\/wp-json\/wp\/v2\/posts"}],"about":[{"href":"https:\/\/blog.zeit.de\/nsu-prozess-blog\/wp-json\/wp\/v2\/types\/post"}],"author":[{"embeddable":true,"href":"https:\/\/blog.zeit.de\/nsu-prozess-blog\/wp-json\/wp\/v2\/users\/435"}],"replies":[{"embeddable":true,"href":"https:\/\/blog.zeit.de\/nsu-prozess-blog\/wp-json\/wp\/v2\/comments?post=10749"}],"version-history":[{"count":4,"href":"https:\/\/blog.zeit.de\/nsu-prozess-blog\/wp-json\/wp\/v2\/posts\/10749\/revisions"}],"predecessor-version":[{"id":10782,"href":"https:\/\/blog.zeit.de\/nsu-prozess-blog\/wp-json\/wp\/v2\/posts\/10749\/revisions\/10782"}],"wp:attachment":[{"href":"https:\/\/blog.zeit.de\/nsu-prozess-blog\/wp-json\/wp\/v2\/media?parent=10749"}],"wp:term":[{"taxonomy":"category","embeddable":true,"href":"https:\/\/blog.zeit.de\/nsu-prozess-blog\/wp-json\/wp\/v2\/categories?post=10749"},{"taxonomy":"post_tag","embeddable":true,"href":"https:\/\/blog.zeit.de\/nsu-prozess-blog\/wp-json\/wp\/v2\/tags?post=10749"}],"curies":[{"name":"wp","href":"https:\/\/api.w.org\/{rel}","templated":true}]}}