{"id":10785,"date":"2016-01-25T09:13:57","date_gmt":"2016-01-25T08:13:57","guid":{"rendered":"http:\/\/blog.zeit.de\/nsu-prozess-blog\/?p=10785"},"modified":"2016-01-25T09:26:46","modified_gmt":"2016-01-25T08:26:46","slug":"medienlog-jan-w-zschaepe-termine-nsu","status":"publish","type":"post","link":"https:\/\/blog.zeit.de\/nsu-prozess-blog\/2016\/01\/25\/medienlog-jan-w-zschaepe-termine-nsu\/","title":{"rendered":"NSU-Beschuldigter: Zsch\u00e4pes Aussage ist &#8222;v\u00f6llig verr\u00fcckt&#8220; \u2013 das Medienlog vom Montag, 25. Januar 2016"},"content":{"rendered":"<p>Kaum hat Beate Zsch\u00e4pe zum zweiten Mal ausgesagt und dabei <a href=\"https:\/\/blog.zeit.de\/nsu-prozess-blog\/2016\/01\/22\/medienlog-zschaepe-antworten-nsu\/\">Unterst\u00fctzer des NSU benannt<\/a>, kommt Widerspruch von den Betroffenen: Im <a href=\"http:\/\/www.spiegel.de\/panorama\/justiz\/nsu-prozess-beschuldigter-jan-w-widerspricht-beate-zschaepe-a-1073344.html\" target=\"_blank\"><em>Spiegel<\/em><\/a> \u00e4u\u00dfert sich der auch von der Bundesanwaltschaft beschuldigte <a href=\"https:\/\/blog.zeit.de\/nsu-prozess-blog\/2014\/10\/15\/der-zeuge-mit-dem-bums\/\">Rechtsextremist Jan W.<\/a>, der dem NSU laut Zsch\u00e4pe eine Pistole geliefert haben soll. Dem Magazin sagt er, er habe &#8222;nie eine Waffe besessen, geschweige denn an die drei weitergegeben&#8220;, die Behauptung der Angeklagten sei &#8222;vollkommen verr\u00fcckt&#8220;. Zsch\u00e4pe teilte mit, Uwe B\u00f6hnhardt habe ihr von der Lieferung erz\u00e4hlt.<\/p>\n<p><!--more--><\/p>\n<p><em>An jedem Werktag sichten wir f\u00fcr das NSU-Prozess-Blog die Medien und stellen wichtige Berichte, Blogs, Videos und Tweets zusammen. Wir freuen uns \u00fcber Hinweise via Twitter mit dem Hashtag #nsublog \u2013 oder per E-Mail an <a href=\"mailto:nsublog@zeit.de\">nsublog@zeit.de<\/a>.<\/em><\/p>\n<p>Als insgesamt unglaubw\u00fcrdig bewertet Gisela Friedrichsen auf <a href=\"http:\/\/www.spiegel.de\/panorama\/justiz\/a-1073433.html\" target=\"_blank\"><em>Spiegel Online<\/em><\/a> Zsch\u00e4pes Aussage: &#8222;Welchen B\u00e4ren bindet die Hauptangeklagte im M\u00fcnchner NSU-Prozess dem Gericht damit eigentlich auf?&#8220; So habe sie zwar mutma\u00dfliche Unterst\u00fctzer des NSU genannt \u2013 gegen diese wird aber ohnehin bereits ermittelt. &#8222;Mit der Aufkl\u00e4rung der Morde des NSU an neun Menschen ausl\u00e4ndischer Herkunft und einer Polizistin hat das nicht viel zu tun.&#8220;<\/p>\n<p>Zsch\u00e4pe versuchte nach Kr\u00e4ften, sich als unbeteiligt und unschuldig darzustellen. So sei sie nicht an einer Gruppe namens NSU beteiligt gewesen. Da sie jedoch nach eigenen Angaben mit den Raub\u00fcberf\u00e4llen von Uwe Mundlos und Uwe B\u00f6hnhardt einverstanden war, lief sie Gefahr, &#8222;sich ungewollt doch als Mitglied der Terrorzelle darzustellen&#8220;, kommentiert Frank Jansen vom <a href=\"http:\/\/m.tagesspiegel.de\/politik\/nsu-prozess-was-bezwecken-die-aussagen-von-beate-zschaepe\/12867866.html\" target=\"_blank\"><em>Tagesspiegel<\/em><\/a>. Damit k\u00f6nne sie &#8222;mehr \u00fcber ihre Rolle verraten, als ihr lieb ist&#8220;.<\/p>\n<p>In dieser Woche pausiert der NSU-Prozess \u2013 Grund daf\u00fcr sind <a href=\"https:\/\/blog.zeit.de\/nsu-prozess-blog\/2016\/01\/21\/zschapes-aussage-macht-nervos\/\">zwei Befangenheitsantr\u00e4ge<\/a> der Verteidiger des Mitangeklagten Ralf Wohlleben vom vergangenen Donnerstag gegen die Richter Manfred G\u00f6tzl und Michaela Odersky. Die Anw\u00e4lte beschuldigen die Richter, sie im Prozess zu unterdr\u00fccken und nicht ernst zu nehmen. Nach Mitteilung des M\u00fcnchner Oberlandesgerichts muss nun nacheinander \u00fcber beide Antr\u00e4ge entschieden werden \u2013 wie es im Verfahren weiter geht, entscheidet sich gegen Ende dieser Woche.<\/p>\n<p><em>Das n\u00e4chste Medienlog erscheint am Dienstag, 26. Januar 2016.<\/em><\/p>\n","protected":false},"excerpt":{"rendered":"<p>Kaum hat Beate Zsch\u00e4pe zum zweiten Mal ausgesagt und dabei Unterst\u00fctzer des NSU benannt, kommt Widerspruch von den Betroffenen: Im Spiegel \u00e4u\u00dfert sich der auch von der Bundesanwaltschaft beschuldigte Rechtsextremist Jan W., der dem NSU laut Zsch\u00e4pe eine Pistole geliefert haben soll. Dem Magazin sagt er, er habe &#8222;nie eine Waffe besessen, geschweige denn an [&hellip;]<\/p>\n","protected":false},"author":435,"featured_media":0,"comment_status":"open","ping_status":"open","sticky":false,"template":"","format":"standard","meta":{"_jetpack_memberships_contains_paid_content":false,"footnotes":""},"categories":[27531],"tags":[17793,29552,1449,29492,35391],"class_list":["post-10785","post","type-post","status-publish","format-standard","hentry","category-medienschau","tag-beate-zschape","tag-jan-w","tag-unterstutzer","tag-waffe","tag-zschape-aussage"],"yoast_head":"<!-- This site is optimized with the Yoast SEO plugin v21.0 - https:\/\/yoast.com\/wordpress\/plugins\/seo\/ -->\n<title>NSU-Beschuldigter: Zsch\u00e4pes Aussage ist &quot;v\u00f6llig verr\u00fcckt&quot; \u2013 das Medienlog vom Montag, 25. Januar 2016 - Das NSU-Prozess-Blog<\/title>\n<meta name=\"robots\" content=\"index, follow, max-snippet:-1, max-image-preview:large, max-video-preview:-1\" \/>\n<link rel=\"canonical\" href=\"https:\/\/blog.zeit.de\/nsu-prozess-blog\/2016\/01\/25\/medienlog-jan-w-zschaepe-termine-nsu\/\" \/>\n<meta property=\"og:locale\" content=\"de_DE\" \/>\n<meta property=\"og:type\" content=\"article\" \/>\n<meta property=\"og:title\" content=\"NSU-Beschuldigter: Zsch\u00e4pes Aussage ist &quot;v\u00f6llig verr\u00fcckt&quot; \u2013 das Medienlog vom Montag, 25. Januar 2016 - Das NSU-Prozess-Blog\" \/>\n<meta property=\"og:description\" content=\"Kaum hat Beate Zsch\u00e4pe zum zweiten Mal ausgesagt und dabei Unterst\u00fctzer des NSU benannt, kommt Widerspruch von den Betroffenen: Im Spiegel \u00e4u\u00dfert sich der auch von der Bundesanwaltschaft beschuldigte Rechtsextremist Jan W., der dem NSU laut Zsch\u00e4pe eine Pistole geliefert haben soll. Dem Magazin sagt er, er habe &#8222;nie eine Waffe besessen, geschweige denn an [&hellip;]\" \/>\n<meta property=\"og:url\" content=\"https:\/\/blog.zeit.de\/nsu-prozess-blog\/2016\/01\/25\/medienlog-jan-w-zschaepe-termine-nsu\/\" \/>\n<meta property=\"og:site_name\" content=\"Das NSU-Prozess-Blog\" \/>\n<meta property=\"article:published_time\" content=\"2016-01-25T08:13:57+00:00\" \/>\n<meta property=\"article:modified_time\" content=\"2016-01-25T08:26:46+00:00\" \/>\n<meta name=\"author\" content=\"Tom Sundermann\" \/>\n<meta name=\"twitter:label1\" content=\"Geschrieben von\" \/>\n\t<meta name=\"twitter:data1\" content=\"Tom Sundermann\" \/>\n\t<meta name=\"twitter:label2\" content=\"Gesch\u00e4tzte Lesezeit\" \/>\n\t<meta name=\"twitter:data2\" content=\"2\u00a0Minuten\" \/>\n<script type=\"application\/ld+json\" class=\"yoast-schema-graph\">{\"@context\":\"https:\/\/schema.org\",\"@graph\":[{\"@type\":\"WebPage\",\"@id\":\"https:\/\/blog.zeit.de\/nsu-prozess-blog\/2016\/01\/25\/medienlog-jan-w-zschaepe-termine-nsu\/\",\"url\":\"https:\/\/blog.zeit.de\/nsu-prozess-blog\/2016\/01\/25\/medienlog-jan-w-zschaepe-termine-nsu\/\",\"name\":\"NSU-Beschuldigter: Zsch\u00e4pes Aussage ist \\\"v\u00f6llig verr\u00fcckt\\\" \u2013 das Medienlog vom Montag, 25. Januar 2016 - Das NSU-Prozess-Blog\",\"isPartOf\":{\"@id\":\"https:\/\/blog.zeit.de\/nsu-prozess-blog\/#website\"},\"datePublished\":\"2016-01-25T08:13:57+00:00\",\"dateModified\":\"2016-01-25T08:26:46+00:00\",\"author\":{\"@id\":\"https:\/\/blog.zeit.de\/nsu-prozess-blog\/#\/schema\/person\/553ea9bb5d1fc2ae054c589bd59380a5\"},\"breadcrumb\":{\"@id\":\"https:\/\/blog.zeit.de\/nsu-prozess-blog\/2016\/01\/25\/medienlog-jan-w-zschaepe-termine-nsu\/#breadcrumb\"},\"inLanguage\":\"de\",\"potentialAction\":[{\"@type\":\"ReadAction\",\"target\":[\"https:\/\/blog.zeit.de\/nsu-prozess-blog\/2016\/01\/25\/medienlog-jan-w-zschaepe-termine-nsu\/\"]}]},{\"@type\":\"BreadcrumbList\",\"@id\":\"https:\/\/blog.zeit.de\/nsu-prozess-blog\/2016\/01\/25\/medienlog-jan-w-zschaepe-termine-nsu\/#breadcrumb\",\"itemListElement\":[{\"@type\":\"ListItem\",\"position\":1,\"name\":\"Startseite\",\"item\":\"https:\/\/blog.zeit.de\/nsu-prozess-blog\/\"},{\"@type\":\"ListItem\",\"position\":2,\"name\":\"NSU-Beschuldigter: Zsch\u00e4pes Aussage ist &#8222;v\u00f6llig verr\u00fcckt&#8220; \u2013 das Medienlog vom Montag, 25. Januar 2016\"}]},{\"@type\":\"WebSite\",\"@id\":\"https:\/\/blog.zeit.de\/nsu-prozess-blog\/#website\",\"url\":\"https:\/\/blog.zeit.de\/nsu-prozess-blog\/\",\"name\":\"Das NSU-Prozess-Blog\",\"description\":\"Alle Berichte zum Terrorverfahren in M\u00fcnchen\",\"potentialAction\":[{\"@type\":\"SearchAction\",\"target\":{\"@type\":\"EntryPoint\",\"urlTemplate\":\"https:\/\/blog.zeit.de\/nsu-prozess-blog\/?s={search_term_string}\"},\"query-input\":\"required name=search_term_string\"}],\"inLanguage\":\"de\"},{\"@type\":\"Person\",\"@id\":\"https:\/\/blog.zeit.de\/nsu-prozess-blog\/#\/schema\/person\/553ea9bb5d1fc2ae054c589bd59380a5\",\"name\":\"Tom Sundermann\",\"image\":{\"@type\":\"ImageObject\",\"inLanguage\":\"de\",\"@id\":\"https:\/\/blog.zeit.de\/nsu-prozess-blog\/#\/schema\/person\/image\/\",\"url\":\"https:\/\/secure.gravatar.com\/avatar\/e108a3dc18766f719b2f797dc5d19093f06a1870c55b553ab6b7563f1f9a5e68?s=96&d=mm&r=g\",\"contentUrl\":\"https:\/\/secure.gravatar.com\/avatar\/e108a3dc18766f719b2f797dc5d19093f06a1870c55b553ab6b7563f1f9a5e68?s=96&d=mm&r=g\",\"caption\":\"Tom Sundermann\"},\"sameAs\":[\"https:\/\/twitter.com\/messeticker\"],\"url\":\"https:\/\/blog.zeit.de\/nsu-prozess-blog\/author\/tsundermann\/\"}]}<\/script>\n<!-- \/ Yoast SEO plugin. -->","yoast_head_json":{"title":"NSU-Beschuldigter: Zsch\u00e4pes Aussage ist \"v\u00f6llig verr\u00fcckt\" \u2013 das Medienlog vom Montag, 25. Januar 2016 - Das NSU-Prozess-Blog","robots":{"index":"index","follow":"follow","max-snippet":"max-snippet:-1","max-image-preview":"max-image-preview:large","max-video-preview":"max-video-preview:-1"},"canonical":"https:\/\/blog.zeit.de\/nsu-prozess-blog\/2016\/01\/25\/medienlog-jan-w-zschaepe-termine-nsu\/","og_locale":"de_DE","og_type":"article","og_title":"NSU-Beschuldigter: Zsch\u00e4pes Aussage ist \"v\u00f6llig verr\u00fcckt\" \u2013 das Medienlog vom Montag, 25. Januar 2016 - Das NSU-Prozess-Blog","og_description":"Kaum hat Beate Zsch\u00e4pe zum zweiten Mal ausgesagt und dabei Unterst\u00fctzer des NSU benannt, kommt Widerspruch von den Betroffenen: Im Spiegel \u00e4u\u00dfert sich der auch von der Bundesanwaltschaft beschuldigte Rechtsextremist Jan W., der dem NSU laut Zsch\u00e4pe eine Pistole geliefert haben soll. Dem Magazin sagt er, er habe &#8222;nie eine Waffe besessen, geschweige denn an [&hellip;]","og_url":"https:\/\/blog.zeit.de\/nsu-prozess-blog\/2016\/01\/25\/medienlog-jan-w-zschaepe-termine-nsu\/","og_site_name":"Das NSU-Prozess-Blog","article_published_time":"2016-01-25T08:13:57+00:00","article_modified_time":"2016-01-25T08:26:46+00:00","author":"Tom Sundermann","twitter_misc":{"Geschrieben von":"Tom Sundermann","Gesch\u00e4tzte Lesezeit":"2\u00a0Minuten"},"schema":{"@context":"https:\/\/schema.org","@graph":[{"@type":"WebPage","@id":"https:\/\/blog.zeit.de\/nsu-prozess-blog\/2016\/01\/25\/medienlog-jan-w-zschaepe-termine-nsu\/","url":"https:\/\/blog.zeit.de\/nsu-prozess-blog\/2016\/01\/25\/medienlog-jan-w-zschaepe-termine-nsu\/","name":"NSU-Beschuldigter: Zsch\u00e4pes Aussage ist \"v\u00f6llig verr\u00fcckt\" \u2013 das Medienlog vom Montag, 25. Januar 2016 - Das NSU-Prozess-Blog","isPartOf":{"@id":"https:\/\/blog.zeit.de\/nsu-prozess-blog\/#website"},"datePublished":"2016-01-25T08:13:57+00:00","dateModified":"2016-01-25T08:26:46+00:00","author":{"@id":"https:\/\/blog.zeit.de\/nsu-prozess-blog\/#\/schema\/person\/553ea9bb5d1fc2ae054c589bd59380a5"},"breadcrumb":{"@id":"https:\/\/blog.zeit.de\/nsu-prozess-blog\/2016\/01\/25\/medienlog-jan-w-zschaepe-termine-nsu\/#breadcrumb"},"inLanguage":"de","potentialAction":[{"@type":"ReadAction","target":["https:\/\/blog.zeit.de\/nsu-prozess-blog\/2016\/01\/25\/medienlog-jan-w-zschaepe-termine-nsu\/"]}]},{"@type":"BreadcrumbList","@id":"https:\/\/blog.zeit.de\/nsu-prozess-blog\/2016\/01\/25\/medienlog-jan-w-zschaepe-termine-nsu\/#breadcrumb","itemListElement":[{"@type":"ListItem","position":1,"name":"Startseite","item":"https:\/\/blog.zeit.de\/nsu-prozess-blog\/"},{"@type":"ListItem","position":2,"name":"NSU-Beschuldigter: Zsch\u00e4pes Aussage ist &#8222;v\u00f6llig verr\u00fcckt&#8220; \u2013 das Medienlog vom Montag, 25. Januar 2016"}]},{"@type":"WebSite","@id":"https:\/\/blog.zeit.de\/nsu-prozess-blog\/#website","url":"https:\/\/blog.zeit.de\/nsu-prozess-blog\/","name":"Das NSU-Prozess-Blog","description":"Alle Berichte zum Terrorverfahren in M\u00fcnchen","potentialAction":[{"@type":"SearchAction","target":{"@type":"EntryPoint","urlTemplate":"https:\/\/blog.zeit.de\/nsu-prozess-blog\/?s={search_term_string}"},"query-input":"required name=search_term_string"}],"inLanguage":"de"},{"@type":"Person","@id":"https:\/\/blog.zeit.de\/nsu-prozess-blog\/#\/schema\/person\/553ea9bb5d1fc2ae054c589bd59380a5","name":"Tom Sundermann","image":{"@type":"ImageObject","inLanguage":"de","@id":"https:\/\/blog.zeit.de\/nsu-prozess-blog\/#\/schema\/person\/image\/","url":"https:\/\/secure.gravatar.com\/avatar\/e108a3dc18766f719b2f797dc5d19093f06a1870c55b553ab6b7563f1f9a5e68?s=96&d=mm&r=g","contentUrl":"https:\/\/secure.gravatar.com\/avatar\/e108a3dc18766f719b2f797dc5d19093f06a1870c55b553ab6b7563f1f9a5e68?s=96&d=mm&r=g","caption":"Tom Sundermann"},"sameAs":["https:\/\/twitter.com\/messeticker"],"url":"https:\/\/blog.zeit.de\/nsu-prozess-blog\/author\/tsundermann\/"}]}},"jetpack_featured_media_url":"","jetpack_sharing_enabled":true,"_links":{"self":[{"href":"https:\/\/blog.zeit.de\/nsu-prozess-blog\/wp-json\/wp\/v2\/posts\/10785","targetHints":{"allow":["GET"]}}],"collection":[{"href":"https:\/\/blog.zeit.de\/nsu-prozess-blog\/wp-json\/wp\/v2\/posts"}],"about":[{"href":"https:\/\/blog.zeit.de\/nsu-prozess-blog\/wp-json\/wp\/v2\/types\/post"}],"author":[{"embeddable":true,"href":"https:\/\/blog.zeit.de\/nsu-prozess-blog\/wp-json\/wp\/v2\/users\/435"}],"replies":[{"embeddable":true,"href":"https:\/\/blog.zeit.de\/nsu-prozess-blog\/wp-json\/wp\/v2\/comments?post=10785"}],"version-history":[{"count":7,"href":"https:\/\/blog.zeit.de\/nsu-prozess-blog\/wp-json\/wp\/v2\/posts\/10785\/revisions"}],"predecessor-version":[{"id":10793,"href":"https:\/\/blog.zeit.de\/nsu-prozess-blog\/wp-json\/wp\/v2\/posts\/10785\/revisions\/10793"}],"wp:attachment":[{"href":"https:\/\/blog.zeit.de\/nsu-prozess-blog\/wp-json\/wp\/v2\/media?parent=10785"}],"wp:term":[{"taxonomy":"category","embeddable":true,"href":"https:\/\/blog.zeit.de\/nsu-prozess-blog\/wp-json\/wp\/v2\/categories?post=10785"},{"taxonomy":"post_tag","embeddable":true,"href":"https:\/\/blog.zeit.de\/nsu-prozess-blog\/wp-json\/wp\/v2\/tags?post=10785"}],"curies":[{"name":"wp","href":"https:\/\/api.w.org\/{rel}","templated":true}]}}