{"id":10916,"date":"2016-02-18T08:57:48","date_gmt":"2016-02-18T07:57:48","guid":{"rendered":"http:\/\/blog.zeit.de\/nsu-prozess-blog\/?p=10916"},"modified":"2016-02-18T10:23:05","modified_gmt":"2016-02-18T09:23:05","slug":"medienlog-ueberfall-zwickau-boehnhardt-zschaepe-nsu","status":"publish","type":"post","link":"https:\/\/blog.zeit.de\/nsu-prozess-blog\/2016\/02\/18\/medienlog-ueberfall-zwickau-boehnhardt-zschaepe-nsu\/","title":{"rendered":"\u00dcberfall k\u00f6nnte Zsch\u00e4pe zum Verh\u00e4ngnis werden \u2013 Das Medienlog vom Donnerstag, 18. Februar 2016"},"content":{"rendered":"<p>Zwei Opfer und ein Arzt haben am Mittwoch von dem \u00dcberfall berichtet, den Uwe B\u00f6hnhardt am 5. Oktober 2006 nach \u00dcberzeugung der Anklage in einer Zwickauer Sparkasse beging. Der T\u00e4ter ging mit \u00e4u\u00dferster Brutalit\u00e4t vor, schlug eine Angestellte mit einem Ventilator und schoss einem Auszubildenden in den Bauch. &#8222;Dass Beate Zsch\u00e4pe in ihrer vor <a href=\"http:\/\/www.zeit.de\/politik\/ausland\/2015-12\/beate-schaepe-aussage-bewertung\">wenigen Wochen abgegebenen Erkl\u00e4rung<\/a> einger\u00e4umt hatte, von den \u00dcberfallen der beiden Uwes gewusst zu haben, aber nichts dagegen unternahm, k\u00f6nnte ihr im Zusammenhang mit dem Zwickauer Bank\u00fcberfall zum Verh\u00e4ngnis werden&#8220;, merkt Oliver Bendixen vom <a href=\"http:\/\/www.br.de\/nachrichten\/nsu-prozess\/160217-nsu-prozess-261-verhandlungstag-100.html\" target=\"_blank\">Bayerischen Rundfunk<\/a> an \u2013 denn auch f\u00fcr diese Tat k\u00f6nnte sie wegen versuchten Mords verurteilt werden.<\/p>\n<p><!--more--><\/p>\n<p><em>An jedem Werktag sichten wir f\u00fcr das NSU-Prozess-Blog die Medien und stellen wichtige Berichte, Blogs, Videos und Tweets zusammen. Wir freuen uns \u00fcber Hinweise via Twitter mit dem Hashtag #nsublog \u2013 oder per E-Mail an <a href=\"mailto:nsublog@zeit.de\">nsublog@zeit.de<\/a>.<\/em><\/p>\n<p>Tanjev Schultz von der <a href=\"http:\/\/www.sueddeutsche.de\/politik\/nsu-prozess-ein-ueberlebendes-nsu-opfer-spricht-1.2867773\" target=\"_blank\"><em>S\u00fcddeutschen Zeitung<\/em><\/a> weist darauf hin, dass der NSU nach \u00dcberzeugung der Anklage nicht nur Morde und Bombenanschl\u00e4ge durchf\u00fchrte, sondern eben auch raubte: &#8222;Das ger\u00e4t leicht in den Hintergrund, obwohl die mutma\u00dflich 15 \u00dcberf\u00e4lle auf Postfilialen, Banken und einen Edeka-Markt nicht nur materiell ein gro\u00dfer Schaden waren.&#8220; Viele Opfer seien traumatisiert. Auff\u00e4llig sei, dass Uwe B\u00f6hnhardt einmal auch alleine raubte \u2013 also nicht in Begleitung von Uwe Mundlos. So wollten die Terroristen wom\u00f6glich &#8222;die Ermittler verwirren&#8220;, vielleicht gingen sie zu dieser Zeit aber auch getrennte Wege.<\/p>\n<p>Die beiden k\u00f6nnten den Fahndungsdruck der Ermittler gef\u00fcrchtet haben, mutma\u00dft auch Frank Jansen vom <a href=\"http:\/\/www.tagesspiegel.de\/politik\/261-tag-im-nsu-prozess-ein-tag-der-die-ganze-dimension-des-schreckens-zeigt\/12977776.html\" target=\"_blank\"><em>Tagesspiegel<\/em><\/a>. So glaubten sie wahrscheinlich, &#8222;bei weiteren Auftritten als Duo in Bankfilialen sei die Gefahr zu gro\u00df, die Polizei k\u00f6nnte ihnen, den untergetauchten Neonazis aus Jena, auf die Spur kommen&#8220;. Ihrer Komplizin Zsch\u00e4pe h\u00e4tte unterdessen klar sein m\u00fcssen, &#8222;dass mit dem Geld auch die von ihr angeblich abgelehnten Morde und Sprengstoffanschl\u00e4ge finanziert wurden&#8220;.<\/p>\n<p>Dass der <a href=\"https:\/\/blog.zeit.de\/nsu-prozess-blog\/2014\/09\/22\/ich-hatte-angst-vor-uwe-boehnhardt\/\">als aufbrausend und hochaggressiv bekannte B\u00f6hnhardt<\/a> selbstst\u00e4ndig handelte, k\u00f6nnte der Grund f\u00fcr die au\u00dfergew\u00f6hnliche Brutalit\u00e4t des \u00dcberfalls gewesen sein, hei\u00dft es bei uns auf <a href=\"https:\/\/blog.zeit.de\/nsu-prozess-blog\/2016\/02\/17\/dann-knalle-ich-dich-ab\/\" target=\"_blank\">ZEIT ONLINE<\/a>: &#8222;Mundlos d\u00fcrfte bei vielen Taten das ausgleichende Moment gebildet haben. Doch diesmal entfaltete sich B\u00f6hnhardts explosives Wesen ohne jede Hemmung.&#8220;<\/p>\n<p>Den Mitarbeitern sitze &#8222;noch immer die Angst und der Schrecken in den Gliedern&#8220;, die Erinnerungen seien &#8222;noch l\u00e4ngst nicht verblasst&#8220;, beobachtet Gisela Friedrichsen auf <a href=\"http:\/\/www.spiegel.de\/panorama\/justiz\/nsu-prozess-zeugen-erzaehlen-wie-boehnhardt-bank-ausraubte-a-1077885.html\" target=\"_blank\"><em>Spiegel Online<\/em><\/a>. In den kommenden Wochen werde es im NSU-Prozess weiter um die Raub\u00fcberf\u00e4lle und somit um die mutma\u00dflichen T\u00e4ter Mundlos und B\u00f6hnhardt gehen. Zeugen w\u00fcrden dann berichten, &#8222;wie viel Angst und Schrecken sie verbreiteten&#8220;.<\/p>\n<p><em>Das n\u00e4chste Medienlog erscheint am Freitag, 19. Februar 2016.<\/em><\/p>\n","protected":false},"excerpt":{"rendered":"<p>Zwei Opfer und ein Arzt haben am Mittwoch von dem \u00dcberfall berichtet, den Uwe B\u00f6hnhardt am 5. Oktober 2006 nach \u00dcberzeugung der Anklage in einer Zwickauer Sparkasse beging. Der T\u00e4ter ging mit \u00e4u\u00dferster Brutalit\u00e4t vor, schlug eine Angestellte mit einem Ventilator und schoss einem Auszubildenden in den Bauch. &#8222;Dass Beate Zsch\u00e4pe in ihrer vor wenigen [&hellip;]<\/p>\n","protected":false},"author":435,"featured_media":0,"comment_status":"open","ping_status":"open","sticky":false,"template":"","format":"standard","meta":{"_jetpack_memberships_contains_paid_content":false,"footnotes":""},"categories":[27531],"tags":[29457,17793,29529,22860,35391,27560],"class_list":["post-10916","post","type-post","status-publish","format-standard","hentry","category-medienschau","tag-bankuberfall","tag-beate-zschape","tag-ueberfaelle","tag-uwe-bohnhardt","tag-zschape-aussage","tag-zwickau"],"yoast_head":"<!-- This site is optimized with the Yoast SEO plugin v21.0 - https:\/\/yoast.com\/wordpress\/plugins\/seo\/ -->\n<title>\u00dcberfall k\u00f6nnte Zsch\u00e4pe zum Verh\u00e4ngnis werden \u2013 Das Medienlog vom Donnerstag, 18. Februar 2016 - Das NSU-Prozess-Blog<\/title>\n<meta name=\"robots\" content=\"index, follow, max-snippet:-1, max-image-preview:large, max-video-preview:-1\" \/>\n<link rel=\"canonical\" href=\"https:\/\/blog.zeit.de\/nsu-prozess-blog\/2016\/02\/18\/medienlog-ueberfall-zwickau-boehnhardt-zschaepe-nsu\/\" \/>\n<meta property=\"og:locale\" content=\"de_DE\" \/>\n<meta property=\"og:type\" content=\"article\" \/>\n<meta property=\"og:title\" content=\"\u00dcberfall k\u00f6nnte Zsch\u00e4pe zum Verh\u00e4ngnis werden \u2013 Das Medienlog vom Donnerstag, 18. Februar 2016 - Das NSU-Prozess-Blog\" \/>\n<meta property=\"og:description\" content=\"Zwei Opfer und ein Arzt haben am Mittwoch von dem \u00dcberfall berichtet, den Uwe B\u00f6hnhardt am 5. Oktober 2006 nach \u00dcberzeugung der Anklage in einer Zwickauer Sparkasse beging. Der T\u00e4ter ging mit \u00e4u\u00dferster Brutalit\u00e4t vor, schlug eine Angestellte mit einem Ventilator und schoss einem Auszubildenden in den Bauch. &#8222;Dass Beate Zsch\u00e4pe in ihrer vor wenigen [&hellip;]\" \/>\n<meta property=\"og:url\" content=\"https:\/\/blog.zeit.de\/nsu-prozess-blog\/2016\/02\/18\/medienlog-ueberfall-zwickau-boehnhardt-zschaepe-nsu\/\" \/>\n<meta property=\"og:site_name\" content=\"Das NSU-Prozess-Blog\" \/>\n<meta property=\"article:published_time\" content=\"2016-02-18T07:57:48+00:00\" \/>\n<meta property=\"article:modified_time\" content=\"2016-02-18T09:23:05+00:00\" \/>\n<meta name=\"author\" content=\"Tom Sundermann\" \/>\n<meta name=\"twitter:label1\" content=\"Geschrieben von\" \/>\n\t<meta name=\"twitter:data1\" content=\"Tom Sundermann\" \/>\n\t<meta name=\"twitter:label2\" content=\"Gesch\u00e4tzte Lesezeit\" \/>\n\t<meta name=\"twitter:data2\" content=\"2\u00a0Minuten\" \/>\n<script type=\"application\/ld+json\" class=\"yoast-schema-graph\">{\"@context\":\"https:\/\/schema.org\",\"@graph\":[{\"@type\":\"WebPage\",\"@id\":\"https:\/\/blog.zeit.de\/nsu-prozess-blog\/2016\/02\/18\/medienlog-ueberfall-zwickau-boehnhardt-zschaepe-nsu\/\",\"url\":\"https:\/\/blog.zeit.de\/nsu-prozess-blog\/2016\/02\/18\/medienlog-ueberfall-zwickau-boehnhardt-zschaepe-nsu\/\",\"name\":\"\u00dcberfall k\u00f6nnte Zsch\u00e4pe zum Verh\u00e4ngnis werden \u2013 Das Medienlog vom Donnerstag, 18. Februar 2016 - Das NSU-Prozess-Blog\",\"isPartOf\":{\"@id\":\"https:\/\/blog.zeit.de\/nsu-prozess-blog\/#website\"},\"datePublished\":\"2016-02-18T07:57:48+00:00\",\"dateModified\":\"2016-02-18T09:23:05+00:00\",\"author\":{\"@id\":\"https:\/\/blog.zeit.de\/nsu-prozess-blog\/#\/schema\/person\/553ea9bb5d1fc2ae054c589bd59380a5\"},\"breadcrumb\":{\"@id\":\"https:\/\/blog.zeit.de\/nsu-prozess-blog\/2016\/02\/18\/medienlog-ueberfall-zwickau-boehnhardt-zschaepe-nsu\/#breadcrumb\"},\"inLanguage\":\"de\",\"potentialAction\":[{\"@type\":\"ReadAction\",\"target\":[\"https:\/\/blog.zeit.de\/nsu-prozess-blog\/2016\/02\/18\/medienlog-ueberfall-zwickau-boehnhardt-zschaepe-nsu\/\"]}]},{\"@type\":\"BreadcrumbList\",\"@id\":\"https:\/\/blog.zeit.de\/nsu-prozess-blog\/2016\/02\/18\/medienlog-ueberfall-zwickau-boehnhardt-zschaepe-nsu\/#breadcrumb\",\"itemListElement\":[{\"@type\":\"ListItem\",\"position\":1,\"name\":\"Startseite\",\"item\":\"https:\/\/blog.zeit.de\/nsu-prozess-blog\/\"},{\"@type\":\"ListItem\",\"position\":2,\"name\":\"\u00dcberfall k\u00f6nnte Zsch\u00e4pe zum Verh\u00e4ngnis werden \u2013 Das Medienlog vom Donnerstag, 18. Februar 2016\"}]},{\"@type\":\"WebSite\",\"@id\":\"https:\/\/blog.zeit.de\/nsu-prozess-blog\/#website\",\"url\":\"https:\/\/blog.zeit.de\/nsu-prozess-blog\/\",\"name\":\"Das NSU-Prozess-Blog\",\"description\":\"Alle Berichte zum Terrorverfahren in M\u00fcnchen\",\"potentialAction\":[{\"@type\":\"SearchAction\",\"target\":{\"@type\":\"EntryPoint\",\"urlTemplate\":\"https:\/\/blog.zeit.de\/nsu-prozess-blog\/?s={search_term_string}\"},\"query-input\":\"required name=search_term_string\"}],\"inLanguage\":\"de\"},{\"@type\":\"Person\",\"@id\":\"https:\/\/blog.zeit.de\/nsu-prozess-blog\/#\/schema\/person\/553ea9bb5d1fc2ae054c589bd59380a5\",\"name\":\"Tom Sundermann\",\"image\":{\"@type\":\"ImageObject\",\"inLanguage\":\"de\",\"@id\":\"https:\/\/blog.zeit.de\/nsu-prozess-blog\/#\/schema\/person\/image\/\",\"url\":\"https:\/\/secure.gravatar.com\/avatar\/e108a3dc18766f719b2f797dc5d19093f06a1870c55b553ab6b7563f1f9a5e68?s=96&d=mm&r=g\",\"contentUrl\":\"https:\/\/secure.gravatar.com\/avatar\/e108a3dc18766f719b2f797dc5d19093f06a1870c55b553ab6b7563f1f9a5e68?s=96&d=mm&r=g\",\"caption\":\"Tom Sundermann\"},\"sameAs\":[\"https:\/\/twitter.com\/messeticker\"],\"url\":\"https:\/\/blog.zeit.de\/nsu-prozess-blog\/author\/tsundermann\/\"}]}<\/script>\n<!-- \/ Yoast SEO plugin. -->","yoast_head_json":{"title":"\u00dcberfall k\u00f6nnte Zsch\u00e4pe zum Verh\u00e4ngnis werden \u2013 Das Medienlog vom Donnerstag, 18. Februar 2016 - Das NSU-Prozess-Blog","robots":{"index":"index","follow":"follow","max-snippet":"max-snippet:-1","max-image-preview":"max-image-preview:large","max-video-preview":"max-video-preview:-1"},"canonical":"https:\/\/blog.zeit.de\/nsu-prozess-blog\/2016\/02\/18\/medienlog-ueberfall-zwickau-boehnhardt-zschaepe-nsu\/","og_locale":"de_DE","og_type":"article","og_title":"\u00dcberfall k\u00f6nnte Zsch\u00e4pe zum Verh\u00e4ngnis werden \u2013 Das Medienlog vom Donnerstag, 18. Februar 2016 - Das NSU-Prozess-Blog","og_description":"Zwei Opfer und ein Arzt haben am Mittwoch von dem \u00dcberfall berichtet, den Uwe B\u00f6hnhardt am 5. Oktober 2006 nach \u00dcberzeugung der Anklage in einer Zwickauer Sparkasse beging. Der T\u00e4ter ging mit \u00e4u\u00dferster Brutalit\u00e4t vor, schlug eine Angestellte mit einem Ventilator und schoss einem Auszubildenden in den Bauch. &#8222;Dass Beate Zsch\u00e4pe in ihrer vor wenigen [&hellip;]","og_url":"https:\/\/blog.zeit.de\/nsu-prozess-blog\/2016\/02\/18\/medienlog-ueberfall-zwickau-boehnhardt-zschaepe-nsu\/","og_site_name":"Das NSU-Prozess-Blog","article_published_time":"2016-02-18T07:57:48+00:00","article_modified_time":"2016-02-18T09:23:05+00:00","author":"Tom Sundermann","twitter_misc":{"Geschrieben von":"Tom Sundermann","Gesch\u00e4tzte Lesezeit":"2\u00a0Minuten"},"schema":{"@context":"https:\/\/schema.org","@graph":[{"@type":"WebPage","@id":"https:\/\/blog.zeit.de\/nsu-prozess-blog\/2016\/02\/18\/medienlog-ueberfall-zwickau-boehnhardt-zschaepe-nsu\/","url":"https:\/\/blog.zeit.de\/nsu-prozess-blog\/2016\/02\/18\/medienlog-ueberfall-zwickau-boehnhardt-zschaepe-nsu\/","name":"\u00dcberfall k\u00f6nnte Zsch\u00e4pe zum Verh\u00e4ngnis werden \u2013 Das Medienlog vom Donnerstag, 18. Februar 2016 - Das NSU-Prozess-Blog","isPartOf":{"@id":"https:\/\/blog.zeit.de\/nsu-prozess-blog\/#website"},"datePublished":"2016-02-18T07:57:48+00:00","dateModified":"2016-02-18T09:23:05+00:00","author":{"@id":"https:\/\/blog.zeit.de\/nsu-prozess-blog\/#\/schema\/person\/553ea9bb5d1fc2ae054c589bd59380a5"},"breadcrumb":{"@id":"https:\/\/blog.zeit.de\/nsu-prozess-blog\/2016\/02\/18\/medienlog-ueberfall-zwickau-boehnhardt-zschaepe-nsu\/#breadcrumb"},"inLanguage":"de","potentialAction":[{"@type":"ReadAction","target":["https:\/\/blog.zeit.de\/nsu-prozess-blog\/2016\/02\/18\/medienlog-ueberfall-zwickau-boehnhardt-zschaepe-nsu\/"]}]},{"@type":"BreadcrumbList","@id":"https:\/\/blog.zeit.de\/nsu-prozess-blog\/2016\/02\/18\/medienlog-ueberfall-zwickau-boehnhardt-zschaepe-nsu\/#breadcrumb","itemListElement":[{"@type":"ListItem","position":1,"name":"Startseite","item":"https:\/\/blog.zeit.de\/nsu-prozess-blog\/"},{"@type":"ListItem","position":2,"name":"\u00dcberfall k\u00f6nnte Zsch\u00e4pe zum Verh\u00e4ngnis werden \u2013 Das Medienlog vom Donnerstag, 18. Februar 2016"}]},{"@type":"WebSite","@id":"https:\/\/blog.zeit.de\/nsu-prozess-blog\/#website","url":"https:\/\/blog.zeit.de\/nsu-prozess-blog\/","name":"Das NSU-Prozess-Blog","description":"Alle Berichte zum Terrorverfahren in M\u00fcnchen","potentialAction":[{"@type":"SearchAction","target":{"@type":"EntryPoint","urlTemplate":"https:\/\/blog.zeit.de\/nsu-prozess-blog\/?s={search_term_string}"},"query-input":"required name=search_term_string"}],"inLanguage":"de"},{"@type":"Person","@id":"https:\/\/blog.zeit.de\/nsu-prozess-blog\/#\/schema\/person\/553ea9bb5d1fc2ae054c589bd59380a5","name":"Tom Sundermann","image":{"@type":"ImageObject","inLanguage":"de","@id":"https:\/\/blog.zeit.de\/nsu-prozess-blog\/#\/schema\/person\/image\/","url":"https:\/\/secure.gravatar.com\/avatar\/e108a3dc18766f719b2f797dc5d19093f06a1870c55b553ab6b7563f1f9a5e68?s=96&d=mm&r=g","contentUrl":"https:\/\/secure.gravatar.com\/avatar\/e108a3dc18766f719b2f797dc5d19093f06a1870c55b553ab6b7563f1f9a5e68?s=96&d=mm&r=g","caption":"Tom Sundermann"},"sameAs":["https:\/\/twitter.com\/messeticker"],"url":"https:\/\/blog.zeit.de\/nsu-prozess-blog\/author\/tsundermann\/"}]}},"jetpack_featured_media_url":"","jetpack_sharing_enabled":true,"_links":{"self":[{"href":"https:\/\/blog.zeit.de\/nsu-prozess-blog\/wp-json\/wp\/v2\/posts\/10916","targetHints":{"allow":["GET"]}}],"collection":[{"href":"https:\/\/blog.zeit.de\/nsu-prozess-blog\/wp-json\/wp\/v2\/posts"}],"about":[{"href":"https:\/\/blog.zeit.de\/nsu-prozess-blog\/wp-json\/wp\/v2\/types\/post"}],"author":[{"embeddable":true,"href":"https:\/\/blog.zeit.de\/nsu-prozess-blog\/wp-json\/wp\/v2\/users\/435"}],"replies":[{"embeddable":true,"href":"https:\/\/blog.zeit.de\/nsu-prozess-blog\/wp-json\/wp\/v2\/comments?post=10916"}],"version-history":[{"count":6,"href":"https:\/\/blog.zeit.de\/nsu-prozess-blog\/wp-json\/wp\/v2\/posts\/10916\/revisions"}],"predecessor-version":[{"id":10924,"href":"https:\/\/blog.zeit.de\/nsu-prozess-blog\/wp-json\/wp\/v2\/posts\/10916\/revisions\/10924"}],"wp:attachment":[{"href":"https:\/\/blog.zeit.de\/nsu-prozess-blog\/wp-json\/wp\/v2\/media?parent=10916"}],"wp:term":[{"taxonomy":"category","embeddable":true,"href":"https:\/\/blog.zeit.de\/nsu-prozess-blog\/wp-json\/wp\/v2\/categories?post=10916"},{"taxonomy":"post_tag","embeddable":true,"href":"https:\/\/blog.zeit.de\/nsu-prozess-blog\/wp-json\/wp\/v2\/tags?post=10916"}],"curies":[{"name":"wp","href":"https:\/\/api.w.org\/{rel}","templated":true}]}}