{"id":10936,"date":"2016-02-22T08:29:41","date_gmt":"2016-02-22T07:29:41","guid":{"rendered":"http:\/\/blog.zeit.de\/nsu-prozess-blog\/?p=10936"},"modified":"2016-02-22T12:04:40","modified_gmt":"2016-02-22T11:04:40","slug":"medienlog-zschaepe-wohlleben-antraege-nsu","status":"publish","type":"post","link":"https:\/\/blog.zeit.de\/nsu-prozess-blog\/2016\/02\/22\/medienlog-zschaepe-wohlleben-antraege-nsu\/","title":{"rendered":"Ein Prozess wie ein Kaugummi \u2013 Das Medienlog vom Montag, 22. Februar 2016"},"content":{"rendered":"<p>Gegen die Richter im NSU-Prozess <a href=\"https:\/\/blog.zeit.de\/nsu-prozess-blog\/2016\/02\/19\/medienlog-befangenheitsantrag-nsu\/\">hagelt es derzeit Befangenheitsantr\u00e4ge<\/a> \u2013 wohl nicht zuf\u00e4llig kurz vor dem Ende der Beweisaufnahme. &#8222;Das Verfahren zieht sich damit wie ein ausgelutschter Kaugummi \u2013 fader Beigeschmack inklusive&#8220;, schreibt Iris Marx vom Onlinemagazin <a href=\"http:\/\/www.vice.com\/de\/read\/der-kaugummi-prozess-nsu-zschaepe-befangenheitsantrag-sturm-stahl-heer-gericht-justiz-856\" target=\"_blank\"><em>Vice<\/em><\/a>. Das liege allerdings auch an der umfassenden Pr\u00fcfung der Beweislage, denn &#8222;die obligatorische &#8217;smoking gun&#8216; in der Hand von Beate Zsch\u00e4pe gibt es nicht&#8220;. Auf diese Akribie h\u00e4tten die Angeklagten in einem fairen Verfahren einen Anspruch.<\/p>\n<p><em>An jedem Werktag sichten wir f\u00fcr das NSU-Prozess-Blog die Medien und stellen wichtige Berichte, Blogs, Videos und Tweets zusammen. Wir freuen uns \u00fcber Hinweise via Twitter mit dem Hashtag #nsublog \u2013 oder per E-Mail an <a href=\"mailto:nsublog@zeit.de\">nsublog@zeit.de<\/a>.<\/em><\/p>\n<p><!--more--><\/p>\n<p>&#8222;Bis zum Sommer, so ist zu h\u00f6ren, w\u00fcrde das Gericht den NSU-Prozess gern beenden. Aber nur wenige glauben noch, dass das gelingt&#8220;, hei\u00dft es in einem <a href=\"http:\/\/www.merkur.de\/politik\/nsu-prozess-richter-will-fertig-werden-zr-6142734.html\" target=\"_blank\">dpa-Beitrag<\/a>. Die Verteidiger von Zsch\u00e4pe und dem Mitangeklagten Ralf Wohlleben zeigten sich derzeit &#8222;immer streitlustiger&#8220; und k\u00e4mpften angesichts drohender hoher Strafen um jedes Jahr Gef\u00e4ngnis weniger.<\/p>\n<p><em>Das n\u00e4chste Medienlog erscheint am Dienstag, 23. Februar 2016.<\/em><\/p>\n","protected":false},"excerpt":{"rendered":"<p>Gegen die Richter im NSU-Prozess hagelt es derzeit Befangenheitsantr\u00e4ge \u2013 wohl nicht zuf\u00e4llig kurz vor dem Ende der Beweisaufnahme. &#8222;Das Verfahren zieht sich damit wie ein ausgelutschter Kaugummi \u2013 fader Beigeschmack inklusive&#8220;, schreibt Iris Marx vom Onlinemagazin Vice. Das liege allerdings auch an der umfassenden Pr\u00fcfung der Beweislage, denn &#8222;die obligatorische &#8217;smoking gun&#8216; in der [&hellip;]<\/p>\n","protected":false},"author":435,"featured_media":0,"comment_status":"open","ping_status":"open","sticky":false,"template":"","format":"standard","meta":{"_jetpack_memberships_contains_paid_content":false,"footnotes":""},"categories":[27531],"tags":[29430],"class_list":["post-10936","post","type-post","status-publish","format-standard","hentry","category-medienschau","tag-befangenheitsantrag"],"yoast_head":"<!-- This site is optimized with the Yoast SEO plugin v21.0 - https:\/\/yoast.com\/wordpress\/plugins\/seo\/ -->\n<title>Der NSU-Prozess \u2013 so z\u00e4h wie ein Kaugummi<\/title>\n<meta name=\"description\" content=\"Im NSU-Prozess k\u00e4mpfen die Verteidiger um jedes Jahr weniger Gef\u00e4ngnishaft f\u00fcr Beate Zsch\u00e4pe.\" \/>\n<meta name=\"robots\" content=\"index, follow, max-snippet:-1, max-image-preview:large, max-video-preview:-1\" \/>\n<link rel=\"canonical\" href=\"https:\/\/blog.zeit.de\/nsu-prozess-blog\/2016\/02\/22\/medienlog-zschaepe-wohlleben-antraege-nsu\/\" \/>\n<meta property=\"og:locale\" content=\"de_DE\" \/>\n<meta property=\"og:type\" content=\"article\" \/>\n<meta property=\"og:title\" content=\"Der NSU-Prozess \u2013 so z\u00e4h wie ein Kaugummi\" \/>\n<meta property=\"og:description\" content=\"Im NSU-Prozess k\u00e4mpfen die Verteidiger um jedes Jahr weniger Gef\u00e4ngnishaft f\u00fcr Beate Zsch\u00e4pe.\" \/>\n<meta property=\"og:url\" content=\"https:\/\/blog.zeit.de\/nsu-prozess-blog\/2016\/02\/22\/medienlog-zschaepe-wohlleben-antraege-nsu\/\" \/>\n<meta property=\"og:site_name\" content=\"Das NSU-Prozess-Blog\" \/>\n<meta property=\"article:published_time\" content=\"2016-02-22T07:29:41+00:00\" \/>\n<meta property=\"article:modified_time\" content=\"2016-02-22T11:04:40+00:00\" \/>\n<meta name=\"author\" content=\"Tom Sundermann\" \/>\n<meta name=\"twitter:label1\" content=\"Geschrieben von\" \/>\n\t<meta name=\"twitter:data1\" content=\"Tom Sundermann\" \/>\n\t<meta name=\"twitter:label2\" content=\"Gesch\u00e4tzte Lesezeit\" \/>\n\t<meta name=\"twitter:data2\" content=\"1\u00a0Minute\" \/>\n<script type=\"application\/ld+json\" class=\"yoast-schema-graph\">{\"@context\":\"https:\/\/schema.org\",\"@graph\":[{\"@type\":\"WebPage\",\"@id\":\"https:\/\/blog.zeit.de\/nsu-prozess-blog\/2016\/02\/22\/medienlog-zschaepe-wohlleben-antraege-nsu\/\",\"url\":\"https:\/\/blog.zeit.de\/nsu-prozess-blog\/2016\/02\/22\/medienlog-zschaepe-wohlleben-antraege-nsu\/\",\"name\":\"Der NSU-Prozess \u2013 so z\u00e4h wie ein Kaugummi\",\"isPartOf\":{\"@id\":\"https:\/\/blog.zeit.de\/nsu-prozess-blog\/#website\"},\"datePublished\":\"2016-02-22T07:29:41+00:00\",\"dateModified\":\"2016-02-22T11:04:40+00:00\",\"author\":{\"@id\":\"https:\/\/blog.zeit.de\/nsu-prozess-blog\/#\/schema\/person\/553ea9bb5d1fc2ae054c589bd59380a5\"},\"description\":\"Im NSU-Prozess k\u00e4mpfen die Verteidiger um jedes Jahr weniger Gef\u00e4ngnishaft f\u00fcr Beate Zsch\u00e4pe.\",\"breadcrumb\":{\"@id\":\"https:\/\/blog.zeit.de\/nsu-prozess-blog\/2016\/02\/22\/medienlog-zschaepe-wohlleben-antraege-nsu\/#breadcrumb\"},\"inLanguage\":\"de\",\"potentialAction\":[{\"@type\":\"ReadAction\",\"target\":[\"https:\/\/blog.zeit.de\/nsu-prozess-blog\/2016\/02\/22\/medienlog-zschaepe-wohlleben-antraege-nsu\/\"]}]},{\"@type\":\"BreadcrumbList\",\"@id\":\"https:\/\/blog.zeit.de\/nsu-prozess-blog\/2016\/02\/22\/medienlog-zschaepe-wohlleben-antraege-nsu\/#breadcrumb\",\"itemListElement\":[{\"@type\":\"ListItem\",\"position\":1,\"name\":\"Startseite\",\"item\":\"https:\/\/blog.zeit.de\/nsu-prozess-blog\/\"},{\"@type\":\"ListItem\",\"position\":2,\"name\":\"Ein Prozess wie ein Kaugummi \u2013 Das Medienlog vom Montag, 22. Februar 2016\"}]},{\"@type\":\"WebSite\",\"@id\":\"https:\/\/blog.zeit.de\/nsu-prozess-blog\/#website\",\"url\":\"https:\/\/blog.zeit.de\/nsu-prozess-blog\/\",\"name\":\"Das NSU-Prozess-Blog\",\"description\":\"Alle Berichte zum Terrorverfahren in M\u00fcnchen\",\"potentialAction\":[{\"@type\":\"SearchAction\",\"target\":{\"@type\":\"EntryPoint\",\"urlTemplate\":\"https:\/\/blog.zeit.de\/nsu-prozess-blog\/?s={search_term_string}\"},\"query-input\":\"required name=search_term_string\"}],\"inLanguage\":\"de\"},{\"@type\":\"Person\",\"@id\":\"https:\/\/blog.zeit.de\/nsu-prozess-blog\/#\/schema\/person\/553ea9bb5d1fc2ae054c589bd59380a5\",\"name\":\"Tom Sundermann\",\"image\":{\"@type\":\"ImageObject\",\"inLanguage\":\"de\",\"@id\":\"https:\/\/blog.zeit.de\/nsu-prozess-blog\/#\/schema\/person\/image\/\",\"url\":\"https:\/\/secure.gravatar.com\/avatar\/e108a3dc18766f719b2f797dc5d19093f06a1870c55b553ab6b7563f1f9a5e68?s=96&d=mm&r=g\",\"contentUrl\":\"https:\/\/secure.gravatar.com\/avatar\/e108a3dc18766f719b2f797dc5d19093f06a1870c55b553ab6b7563f1f9a5e68?s=96&d=mm&r=g\",\"caption\":\"Tom Sundermann\"},\"sameAs\":[\"https:\/\/twitter.com\/messeticker\"],\"url\":\"https:\/\/blog.zeit.de\/nsu-prozess-blog\/author\/tsundermann\/\"}]}<\/script>\n<!-- \/ Yoast SEO plugin. -->","yoast_head_json":{"title":"Der NSU-Prozess \u2013 so z\u00e4h wie ein Kaugummi","description":"Im NSU-Prozess k\u00e4mpfen die Verteidiger um jedes Jahr weniger Gef\u00e4ngnishaft f\u00fcr Beate Zsch\u00e4pe.","robots":{"index":"index","follow":"follow","max-snippet":"max-snippet:-1","max-image-preview":"max-image-preview:large","max-video-preview":"max-video-preview:-1"},"canonical":"https:\/\/blog.zeit.de\/nsu-prozess-blog\/2016\/02\/22\/medienlog-zschaepe-wohlleben-antraege-nsu\/","og_locale":"de_DE","og_type":"article","og_title":"Der NSU-Prozess \u2013 so z\u00e4h wie ein Kaugummi","og_description":"Im NSU-Prozess k\u00e4mpfen die Verteidiger um jedes Jahr weniger Gef\u00e4ngnishaft f\u00fcr Beate Zsch\u00e4pe.","og_url":"https:\/\/blog.zeit.de\/nsu-prozess-blog\/2016\/02\/22\/medienlog-zschaepe-wohlleben-antraege-nsu\/","og_site_name":"Das NSU-Prozess-Blog","article_published_time":"2016-02-22T07:29:41+00:00","article_modified_time":"2016-02-22T11:04:40+00:00","author":"Tom Sundermann","twitter_misc":{"Geschrieben von":"Tom Sundermann","Gesch\u00e4tzte Lesezeit":"1\u00a0Minute"},"schema":{"@context":"https:\/\/schema.org","@graph":[{"@type":"WebPage","@id":"https:\/\/blog.zeit.de\/nsu-prozess-blog\/2016\/02\/22\/medienlog-zschaepe-wohlleben-antraege-nsu\/","url":"https:\/\/blog.zeit.de\/nsu-prozess-blog\/2016\/02\/22\/medienlog-zschaepe-wohlleben-antraege-nsu\/","name":"Der NSU-Prozess \u2013 so z\u00e4h wie ein Kaugummi","isPartOf":{"@id":"https:\/\/blog.zeit.de\/nsu-prozess-blog\/#website"},"datePublished":"2016-02-22T07:29:41+00:00","dateModified":"2016-02-22T11:04:40+00:00","author":{"@id":"https:\/\/blog.zeit.de\/nsu-prozess-blog\/#\/schema\/person\/553ea9bb5d1fc2ae054c589bd59380a5"},"description":"Im NSU-Prozess k\u00e4mpfen die Verteidiger um jedes Jahr weniger Gef\u00e4ngnishaft f\u00fcr Beate Zsch\u00e4pe.","breadcrumb":{"@id":"https:\/\/blog.zeit.de\/nsu-prozess-blog\/2016\/02\/22\/medienlog-zschaepe-wohlleben-antraege-nsu\/#breadcrumb"},"inLanguage":"de","potentialAction":[{"@type":"ReadAction","target":["https:\/\/blog.zeit.de\/nsu-prozess-blog\/2016\/02\/22\/medienlog-zschaepe-wohlleben-antraege-nsu\/"]}]},{"@type":"BreadcrumbList","@id":"https:\/\/blog.zeit.de\/nsu-prozess-blog\/2016\/02\/22\/medienlog-zschaepe-wohlleben-antraege-nsu\/#breadcrumb","itemListElement":[{"@type":"ListItem","position":1,"name":"Startseite","item":"https:\/\/blog.zeit.de\/nsu-prozess-blog\/"},{"@type":"ListItem","position":2,"name":"Ein Prozess wie ein Kaugummi \u2013 Das Medienlog vom Montag, 22. Februar 2016"}]},{"@type":"WebSite","@id":"https:\/\/blog.zeit.de\/nsu-prozess-blog\/#website","url":"https:\/\/blog.zeit.de\/nsu-prozess-blog\/","name":"Das NSU-Prozess-Blog","description":"Alle Berichte zum Terrorverfahren in M\u00fcnchen","potentialAction":[{"@type":"SearchAction","target":{"@type":"EntryPoint","urlTemplate":"https:\/\/blog.zeit.de\/nsu-prozess-blog\/?s={search_term_string}"},"query-input":"required name=search_term_string"}],"inLanguage":"de"},{"@type":"Person","@id":"https:\/\/blog.zeit.de\/nsu-prozess-blog\/#\/schema\/person\/553ea9bb5d1fc2ae054c589bd59380a5","name":"Tom Sundermann","image":{"@type":"ImageObject","inLanguage":"de","@id":"https:\/\/blog.zeit.de\/nsu-prozess-blog\/#\/schema\/person\/image\/","url":"https:\/\/secure.gravatar.com\/avatar\/e108a3dc18766f719b2f797dc5d19093f06a1870c55b553ab6b7563f1f9a5e68?s=96&d=mm&r=g","contentUrl":"https:\/\/secure.gravatar.com\/avatar\/e108a3dc18766f719b2f797dc5d19093f06a1870c55b553ab6b7563f1f9a5e68?s=96&d=mm&r=g","caption":"Tom Sundermann"},"sameAs":["https:\/\/twitter.com\/messeticker"],"url":"https:\/\/blog.zeit.de\/nsu-prozess-blog\/author\/tsundermann\/"}]}},"jetpack_featured_media_url":"","jetpack_sharing_enabled":true,"_links":{"self":[{"href":"https:\/\/blog.zeit.de\/nsu-prozess-blog\/wp-json\/wp\/v2\/posts\/10936","targetHints":{"allow":["GET"]}}],"collection":[{"href":"https:\/\/blog.zeit.de\/nsu-prozess-blog\/wp-json\/wp\/v2\/posts"}],"about":[{"href":"https:\/\/blog.zeit.de\/nsu-prozess-blog\/wp-json\/wp\/v2\/types\/post"}],"author":[{"embeddable":true,"href":"https:\/\/blog.zeit.de\/nsu-prozess-blog\/wp-json\/wp\/v2\/users\/435"}],"replies":[{"embeddable":true,"href":"https:\/\/blog.zeit.de\/nsu-prozess-blog\/wp-json\/wp\/v2\/comments?post=10936"}],"version-history":[{"count":3,"href":"https:\/\/blog.zeit.de\/nsu-prozess-blog\/wp-json\/wp\/v2\/posts\/10936\/revisions"}],"predecessor-version":[{"id":10939,"href":"https:\/\/blog.zeit.de\/nsu-prozess-blog\/wp-json\/wp\/v2\/posts\/10936\/revisions\/10939"}],"wp:attachment":[{"href":"https:\/\/blog.zeit.de\/nsu-prozess-blog\/wp-json\/wp\/v2\/media?parent=10936"}],"wp:term":[{"taxonomy":"category","embeddable":true,"href":"https:\/\/blog.zeit.de\/nsu-prozess-blog\/wp-json\/wp\/v2\/categories?post=10936"},{"taxonomy":"post_tag","embeddable":true,"href":"https:\/\/blog.zeit.de\/nsu-prozess-blog\/wp-json\/wp\/v2\/tags?post=10936"}],"curies":[{"name":"wp","href":"https:\/\/api.w.org\/{rel}","templated":true}]}}