{"id":10974,"date":"2016-02-26T06:34:36","date_gmt":"2016-02-26T05:34:36","guid":{"rendered":"http:\/\/blog.zeit.de\/nsu-prozess-blog\/?p=10974"},"modified":"2016-02-26T06:34:36","modified_gmt":"2016-02-26T05:34:36","slug":"aufbaumen-vor-dem-urteil","status":"publish","type":"post","link":"https:\/\/blog.zeit.de\/nsu-prozess-blog\/2016\/02\/26\/aufbaumen-vor-dem-urteil\/","title":{"rendered":"Aufb\u00e4umen vor dem Urteil"},"content":{"rendered":"<p><strong>Erneut haben die Verteidiger im NSU-Prozess einen Befangenheitsantrag gegen die Richter gestellt \u2013 den Zw\u00f6lften. Hintergrund sind immer deutlichere Zeichen f\u00fcr einen Schuldspruch.<\/strong><\/p>\n<p>Es gab Vermutungen, nach denen k\u00f6nnte um Ostern die Beweisaufnahme im NSU-Prozess abgeschlossen sein, im Sommer bereits das Urteil fallen. Verhandlungstermine sind derzeit bis 1. September angesetzt, insgesamt ein stimmiges Bild.<\/p>\n<p>Doch wird es wirklich so kommen \u2013 oder enden die neuerlichen Mutma\u00dfungen \u00fcber ein nahendes Ende des bald drei Jahre dauernden Terrorverfahrens abermals als aus der Hoffnung geborene Falschprognosen? Es bringt wenig, \u00fcber ein Wann nachzudenken \u2013 entscheidender ist, dass das Was immer klarere Formen annimmt.<\/p>\n<p><!--more--><\/p>\n<p>Zuletzt deuten etliche Signale darauf hin, wie der Urteilstenor aus der Feder der f\u00fcnf NSU-Richter um den Vorsitzenden Manfred G\u00f6tzl ausfallen k\u00f6nnte. Zu sp\u00fcren bekommen das derzeit insbesondere die Verteidiger des Mitangeklagten Ralf Wohlleben, der dem Trio aus Beate Zsch\u00e4pe, Uwe Mundlos und Uwe B\u00f6hnhardt die Pistole beschafft haben soll, mit der die beiden M\u00e4nner laut Anklage neun Menschen erschossen. Wohlleben soll dem ebenfalls auf der Anklagebank sitzenden Carsten S. Geld gegeben und ihn instruiert haben, die Waffe aus einem Szenegesch\u00e4ft in Jena abzuholen und zu \u00fcberbringen.<\/p>\n<p>Der Angeklagte sitzt seit November 2011 in Untersuchungshaft. Zum zweiten Mal versuchten seine Anw\u00e4lte Olaf Klemke, Nicole Schneiders und Wolfram Nahrat k\u00fcrzlich, ihn per Antrag daraus zu befreien \u2013 immerhin hatte Wohlleben im Dezember kurz nach Beate Zsch\u00e4pe eine Aussage gemacht, in der er die Schuld weitgehend von sich wies. Am vorigen Mittwoch kam dann die Entscheidung: Wohlleben bleibt hinter Gittern.<\/p>\n<p>Die Folge am Donnerstag: ein neuer Befangenheitsantrag gegen alle f\u00fcnf Richter. F\u00fcr G\u00f6tzl ist es bereits der zw\u00f6lfte. Alle vorherigen waren erfolglos.<\/p>\n<p>Im Gerichtsbeschluss hei\u00dft es, dass der Tatverdacht gegen Wohlleben \u201eauch unter Ber\u00fccksichtigung der Einlassung nicht ersch\u00fcttert\u201c werde. Die Anw\u00e4lte monieren, dass die Richter anmerken, dass sich Wohlleben im gesamten Ermittlungsverfahren und anschlie\u00dfend 250 Tage im NSU-Prozess nicht ge\u00e4u\u00dfert hatte.<\/p>\n<p>Das daraus konstruierte Ablehnungsgesuch von Anwalt Klemke lie\u00df sich fast von der Besuchertrib\u00fcne mitsprechen, so erwartbar war es: Die Richter wollten \u201eSchl\u00fcsse zu seinem Nachteil ziehen\u201c, hie\u00df es, ein Angeklagter k\u00f6nne sich nicht unbefangen \u00e4u\u00dfern, wenn das gleich eine Bewertung nach sich ziehe. Darum sei sein Recht, vor Gericht zu Schweigen, verletzt worden.<\/p>\n<p>Nur: Eine Bewertung von Wohllebens Aussageverhalten hatten die Anw\u00e4lte ja vom Gericht angefordert, als sie forderten, ihn aus der Haft zu entlassen. Denn die Richter m\u00fcssen in diesem Fall pr\u00fcfen, wie schwer der Verdacht gegen den Angeklagten wiegt. Es ist eine Art Zwischenurteil, kurz vor dem tats\u00e4chlichen Urteil \u2013 und es f\u00e4llt stark in Richtung Schuld aus.<\/p>\n<p>Antr\u00e4ge, in denen alle Richter oder zumindest der Vorsitzende Manfred G\u00f6tzl wegen der Besorgnis der Befangenheit abgelehnt worden, kommen zuletzt beinahe regelm\u00e4\u00dfig \u2013 sowohl von Wohlleben als auch von der Hauptangeklagten Beate Zsch\u00e4pe. Das wird gemeinhin weniger als Versuch gesehen, den Prozess zu torpedieren, denn Material f\u00fcr eine Revision am Bundesgerichtshof zu sammeln. Es wirkt mehr, als b\u00e4ume sich die Verteidigungsriege in Erwartung eines harten Urteils noch einmal auf.<\/p>\n<p>Die Antr\u00e4ge der vergangenen Wochen:<\/p>\n<li>Am 21. Januar stellten die Wohlleben-Verteidiger erst einen Antrag gegen G\u00f6tzl, dann gegen seine Kollegin Michaela Odersky. Grund f\u00fcr Letzteren war, dass Odersky bei der Verlesung des Gesuchs gegen G\u00f6tzl \u201eden linken Mundwinkel hochzog und geringsch\u00e4tzig l\u00e4chelte\u201c \u2013 die Anw\u00e4lte hielten dies f\u00fcr ein Zeichen von Parteilichkeit.<\/li>\n<li>Am 2. Februar wurde bekannt, dass Beate Zsch\u00e4pes Verteidiger Mathis Grasel einen Antrag gegen G\u00f6tzl gestellt hatte, weil dieser ihre drei Altanw\u00e4lte Wolfgang Heer, Wolfgang Stahl und Anja Sturm nicht wie gefordert aus ihrem Mandat entlie\u00df.<\/li>\n<li>Am 12. Februar wurde \u00f6ffentlich, dass Zsch\u00e4pe mit einem weiteren Antrag nachgelegt hatte, den sie eigenh\u00e4ndig geschrieben hatte.<\/li>\n<li>Am 18. Februar schalteten sich erneut die Wohlleben-Anw\u00e4lte ein. Ihr Antrag bezog sich auf alle f\u00fcnf NSU-Richter und hatte durchaus Substanz: Im Ablehnungsbeschluss gegen einen Beweisantrag sprachen sie von \u201eder letzten Straftat der angeklagten Personen\u201c, als seien die Anklagevorw\u00fcrfe schon vor dem Urteil als bewiesen anzusehen.<\/li>\n<p>\nAll diese Gesuche wurden abgelehnt. Vieles spricht daf\u00fcr, dass es auch dem Antrag von Donnerstag so ergehen wird. Wohllebens Verteidiger h\u00e4tten in den Beschluss des Gerichts werde \u201eetwas hineininterpretiert, was da gar nicht drinsteht\u201c es handle sich um \u201eeine vors\u00e4tzliche, b\u00f6sartige Falschinterpretation\u201c.<\/p>\n<p>Die aber ist offensichtlich Recht, wenn sie dazu dient, einen weiteren Antrag zu untermauern. Anwalt Klemke sah denn auch gleich die verfassungsgem\u00e4\u00dfen Rechte seines Mandanten verletzt. Dementsprechend hatte er den ersten abgelehnten Antrag auf Entlassung von Wohlleben auch dem Bundesgerichtshof in Karlsruhe vorgelegt \u2013 und war gescheitert. W\u00fcrde er denselben Schritt noch einmal gehen und unterliegen, k\u00f6nnte G\u00f6tzl den Urteilstenor gegen Wohlleben beinahe von den Karlsruher Richtern abschreiben. Der Angeklagte kann sich auf einen Schuldspruch einstellen.<\/p>\n","protected":false},"excerpt":{"rendered":"<p>Erneut haben die Verteidiger im NSU-Prozess einen Befangenheitsantrag gegen die Richter gestellt \u2013 den Zw\u00f6lften. Hintergrund sind immer deutlichere Zeichen f\u00fcr einen Schuldspruch. Es gab Vermutungen, nach denen k\u00f6nnte um Ostern die Beweisaufnahme im NSU-Prozess abgeschlossen sein, im Sommer bereits das Urteil fallen. Verhandlungstermine sind derzeit bis 1. September angesetzt, insgesamt ein stimmiges Bild. Doch [&hellip;]<\/p>\n","protected":false},"author":435,"featured_media":0,"comment_status":"open","ping_status":"open","sticky":false,"template":"","format":"standard","meta":{"_jetpack_memberships_contains_paid_content":false,"footnotes":""},"categories":[27532],"tags":[],"class_list":["post-10974","post","type-post","status-publish","format-standard","hentry","category-prozesstage"],"yoast_head":"<!-- This site is optimized with the Yoast SEO plugin v21.0 - https:\/\/yoast.com\/wordpress\/plugins\/seo\/ -->\n<title>Aufb\u00e4umen vor dem Urteil - Das NSU-Prozess-Blog<\/title>\n<meta name=\"robots\" content=\"index, follow, max-snippet:-1, max-image-preview:large, max-video-preview:-1\" \/>\n<link rel=\"canonical\" href=\"https:\/\/blog.zeit.de\/nsu-prozess-blog\/2016\/02\/26\/aufbaumen-vor-dem-urteil\/\" \/>\n<meta property=\"og:locale\" content=\"de_DE\" \/>\n<meta property=\"og:type\" content=\"article\" \/>\n<meta property=\"og:title\" content=\"Aufb\u00e4umen vor dem Urteil - Das NSU-Prozess-Blog\" \/>\n<meta property=\"og:description\" content=\"Erneut haben die Verteidiger im NSU-Prozess einen Befangenheitsantrag gegen die Richter gestellt \u2013 den Zw\u00f6lften. Hintergrund sind immer deutlichere Zeichen f\u00fcr einen Schuldspruch. Es gab Vermutungen, nach denen k\u00f6nnte um Ostern die Beweisaufnahme im NSU-Prozess abgeschlossen sein, im Sommer bereits das Urteil fallen. Verhandlungstermine sind derzeit bis 1. September angesetzt, insgesamt ein stimmiges Bild. Doch [&hellip;]\" \/>\n<meta property=\"og:url\" content=\"https:\/\/blog.zeit.de\/nsu-prozess-blog\/2016\/02\/26\/aufbaumen-vor-dem-urteil\/\" \/>\n<meta property=\"og:site_name\" content=\"Das NSU-Prozess-Blog\" \/>\n<meta property=\"article:published_time\" content=\"2016-02-26T05:34:36+00:00\" \/>\n<meta name=\"author\" content=\"Tom Sundermann\" \/>\n<meta name=\"twitter:label1\" content=\"Geschrieben von\" \/>\n\t<meta name=\"twitter:data1\" content=\"Tom Sundermann\" \/>\n\t<meta name=\"twitter:label2\" content=\"Gesch\u00e4tzte Lesezeit\" \/>\n\t<meta name=\"twitter:data2\" content=\"4\u00a0Minuten\" \/>\n<script type=\"application\/ld+json\" class=\"yoast-schema-graph\">{\"@context\":\"https:\/\/schema.org\",\"@graph\":[{\"@type\":\"WebPage\",\"@id\":\"https:\/\/blog.zeit.de\/nsu-prozess-blog\/2016\/02\/26\/aufbaumen-vor-dem-urteil\/\",\"url\":\"https:\/\/blog.zeit.de\/nsu-prozess-blog\/2016\/02\/26\/aufbaumen-vor-dem-urteil\/\",\"name\":\"Aufb\u00e4umen vor dem Urteil - Das NSU-Prozess-Blog\",\"isPartOf\":{\"@id\":\"https:\/\/blog.zeit.de\/nsu-prozess-blog\/#website\"},\"datePublished\":\"2016-02-26T05:34:36+00:00\",\"dateModified\":\"2016-02-26T05:34:36+00:00\",\"author\":{\"@id\":\"https:\/\/blog.zeit.de\/nsu-prozess-blog\/#\/schema\/person\/553ea9bb5d1fc2ae054c589bd59380a5\"},\"breadcrumb\":{\"@id\":\"https:\/\/blog.zeit.de\/nsu-prozess-blog\/2016\/02\/26\/aufbaumen-vor-dem-urteil\/#breadcrumb\"},\"inLanguage\":\"de\",\"potentialAction\":[{\"@type\":\"ReadAction\",\"target\":[\"https:\/\/blog.zeit.de\/nsu-prozess-blog\/2016\/02\/26\/aufbaumen-vor-dem-urteil\/\"]}]},{\"@type\":\"BreadcrumbList\",\"@id\":\"https:\/\/blog.zeit.de\/nsu-prozess-blog\/2016\/02\/26\/aufbaumen-vor-dem-urteil\/#breadcrumb\",\"itemListElement\":[{\"@type\":\"ListItem\",\"position\":1,\"name\":\"Startseite\",\"item\":\"https:\/\/blog.zeit.de\/nsu-prozess-blog\/\"},{\"@type\":\"ListItem\",\"position\":2,\"name\":\"Aufb\u00e4umen vor dem Urteil\"}]},{\"@type\":\"WebSite\",\"@id\":\"https:\/\/blog.zeit.de\/nsu-prozess-blog\/#website\",\"url\":\"https:\/\/blog.zeit.de\/nsu-prozess-blog\/\",\"name\":\"Das NSU-Prozess-Blog\",\"description\":\"Alle Berichte zum Terrorverfahren in M\u00fcnchen\",\"potentialAction\":[{\"@type\":\"SearchAction\",\"target\":{\"@type\":\"EntryPoint\",\"urlTemplate\":\"https:\/\/blog.zeit.de\/nsu-prozess-blog\/?s={search_term_string}\"},\"query-input\":\"required name=search_term_string\"}],\"inLanguage\":\"de\"},{\"@type\":\"Person\",\"@id\":\"https:\/\/blog.zeit.de\/nsu-prozess-blog\/#\/schema\/person\/553ea9bb5d1fc2ae054c589bd59380a5\",\"name\":\"Tom Sundermann\",\"image\":{\"@type\":\"ImageObject\",\"inLanguage\":\"de\",\"@id\":\"https:\/\/blog.zeit.de\/nsu-prozess-blog\/#\/schema\/person\/image\/\",\"url\":\"https:\/\/secure.gravatar.com\/avatar\/e108a3dc18766f719b2f797dc5d19093f06a1870c55b553ab6b7563f1f9a5e68?s=96&d=mm&r=g\",\"contentUrl\":\"https:\/\/secure.gravatar.com\/avatar\/e108a3dc18766f719b2f797dc5d19093f06a1870c55b553ab6b7563f1f9a5e68?s=96&d=mm&r=g\",\"caption\":\"Tom Sundermann\"},\"sameAs\":[\"https:\/\/twitter.com\/messeticker\"],\"url\":\"https:\/\/blog.zeit.de\/nsu-prozess-blog\/author\/tsundermann\/\"}]}<\/script>\n<!-- \/ Yoast SEO plugin. -->","yoast_head_json":{"title":"Aufb\u00e4umen vor dem Urteil - Das NSU-Prozess-Blog","robots":{"index":"index","follow":"follow","max-snippet":"max-snippet:-1","max-image-preview":"max-image-preview:large","max-video-preview":"max-video-preview:-1"},"canonical":"https:\/\/blog.zeit.de\/nsu-prozess-blog\/2016\/02\/26\/aufbaumen-vor-dem-urteil\/","og_locale":"de_DE","og_type":"article","og_title":"Aufb\u00e4umen vor dem Urteil - Das NSU-Prozess-Blog","og_description":"Erneut haben die Verteidiger im NSU-Prozess einen Befangenheitsantrag gegen die Richter gestellt \u2013 den Zw\u00f6lften. Hintergrund sind immer deutlichere Zeichen f\u00fcr einen Schuldspruch. Es gab Vermutungen, nach denen k\u00f6nnte um Ostern die Beweisaufnahme im NSU-Prozess abgeschlossen sein, im Sommer bereits das Urteil fallen. Verhandlungstermine sind derzeit bis 1. September angesetzt, insgesamt ein stimmiges Bild. Doch [&hellip;]","og_url":"https:\/\/blog.zeit.de\/nsu-prozess-blog\/2016\/02\/26\/aufbaumen-vor-dem-urteil\/","og_site_name":"Das NSU-Prozess-Blog","article_published_time":"2016-02-26T05:34:36+00:00","author":"Tom Sundermann","twitter_misc":{"Geschrieben von":"Tom Sundermann","Gesch\u00e4tzte Lesezeit":"4\u00a0Minuten"},"schema":{"@context":"https:\/\/schema.org","@graph":[{"@type":"WebPage","@id":"https:\/\/blog.zeit.de\/nsu-prozess-blog\/2016\/02\/26\/aufbaumen-vor-dem-urteil\/","url":"https:\/\/blog.zeit.de\/nsu-prozess-blog\/2016\/02\/26\/aufbaumen-vor-dem-urteil\/","name":"Aufb\u00e4umen vor dem Urteil - Das NSU-Prozess-Blog","isPartOf":{"@id":"https:\/\/blog.zeit.de\/nsu-prozess-blog\/#website"},"datePublished":"2016-02-26T05:34:36+00:00","dateModified":"2016-02-26T05:34:36+00:00","author":{"@id":"https:\/\/blog.zeit.de\/nsu-prozess-blog\/#\/schema\/person\/553ea9bb5d1fc2ae054c589bd59380a5"},"breadcrumb":{"@id":"https:\/\/blog.zeit.de\/nsu-prozess-blog\/2016\/02\/26\/aufbaumen-vor-dem-urteil\/#breadcrumb"},"inLanguage":"de","potentialAction":[{"@type":"ReadAction","target":["https:\/\/blog.zeit.de\/nsu-prozess-blog\/2016\/02\/26\/aufbaumen-vor-dem-urteil\/"]}]},{"@type":"BreadcrumbList","@id":"https:\/\/blog.zeit.de\/nsu-prozess-blog\/2016\/02\/26\/aufbaumen-vor-dem-urteil\/#breadcrumb","itemListElement":[{"@type":"ListItem","position":1,"name":"Startseite","item":"https:\/\/blog.zeit.de\/nsu-prozess-blog\/"},{"@type":"ListItem","position":2,"name":"Aufb\u00e4umen vor dem Urteil"}]},{"@type":"WebSite","@id":"https:\/\/blog.zeit.de\/nsu-prozess-blog\/#website","url":"https:\/\/blog.zeit.de\/nsu-prozess-blog\/","name":"Das NSU-Prozess-Blog","description":"Alle Berichte zum Terrorverfahren in M\u00fcnchen","potentialAction":[{"@type":"SearchAction","target":{"@type":"EntryPoint","urlTemplate":"https:\/\/blog.zeit.de\/nsu-prozess-blog\/?s={search_term_string}"},"query-input":"required name=search_term_string"}],"inLanguage":"de"},{"@type":"Person","@id":"https:\/\/blog.zeit.de\/nsu-prozess-blog\/#\/schema\/person\/553ea9bb5d1fc2ae054c589bd59380a5","name":"Tom Sundermann","image":{"@type":"ImageObject","inLanguage":"de","@id":"https:\/\/blog.zeit.de\/nsu-prozess-blog\/#\/schema\/person\/image\/","url":"https:\/\/secure.gravatar.com\/avatar\/e108a3dc18766f719b2f797dc5d19093f06a1870c55b553ab6b7563f1f9a5e68?s=96&d=mm&r=g","contentUrl":"https:\/\/secure.gravatar.com\/avatar\/e108a3dc18766f719b2f797dc5d19093f06a1870c55b553ab6b7563f1f9a5e68?s=96&d=mm&r=g","caption":"Tom Sundermann"},"sameAs":["https:\/\/twitter.com\/messeticker"],"url":"https:\/\/blog.zeit.de\/nsu-prozess-blog\/author\/tsundermann\/"}]}},"jetpack_featured_media_url":"","jetpack_sharing_enabled":true,"_links":{"self":[{"href":"https:\/\/blog.zeit.de\/nsu-prozess-blog\/wp-json\/wp\/v2\/posts\/10974","targetHints":{"allow":["GET"]}}],"collection":[{"href":"https:\/\/blog.zeit.de\/nsu-prozess-blog\/wp-json\/wp\/v2\/posts"}],"about":[{"href":"https:\/\/blog.zeit.de\/nsu-prozess-blog\/wp-json\/wp\/v2\/types\/post"}],"author":[{"embeddable":true,"href":"https:\/\/blog.zeit.de\/nsu-prozess-blog\/wp-json\/wp\/v2\/users\/435"}],"replies":[{"embeddable":true,"href":"https:\/\/blog.zeit.de\/nsu-prozess-blog\/wp-json\/wp\/v2\/comments?post=10974"}],"version-history":[{"count":3,"href":"https:\/\/blog.zeit.de\/nsu-prozess-blog\/wp-json\/wp\/v2\/posts\/10974\/revisions"}],"predecessor-version":[{"id":10979,"href":"https:\/\/blog.zeit.de\/nsu-prozess-blog\/wp-json\/wp\/v2\/posts\/10974\/revisions\/10979"}],"wp:attachment":[{"href":"https:\/\/blog.zeit.de\/nsu-prozess-blog\/wp-json\/wp\/v2\/media?parent=10974"}],"wp:term":[{"taxonomy":"category","embeddable":true,"href":"https:\/\/blog.zeit.de\/nsu-prozess-blog\/wp-json\/wp\/v2\/categories?post=10974"},{"taxonomy":"post_tag","embeddable":true,"href":"https:\/\/blog.zeit.de\/nsu-prozess-blog\/wp-json\/wp\/v2\/tags?post=10974"}],"curies":[{"name":"wp","href":"https:\/\/api.w.org\/{rel}","templated":true}]}}