{"id":11007,"date":"2016-03-03T08:24:30","date_gmt":"2016-03-03T07:24:30","guid":{"rendered":"http:\/\/blog.zeit.de\/nsu-prozess-blog\/?p=11007"},"modified":"2016-03-03T10:51:00","modified_gmt":"2016-03-03T09:51:00","slug":"medienlog-piatto-verfassungsschutz-waffe-nsu","status":"publish","type":"post","link":"https:\/\/blog.zeit.de\/nsu-prozess-blog\/2016\/03\/03\/medienlog-piatto-verfassungsschutz-waffe-nsu\/","title":{"rendered":"Ein Verfassungssch\u00fctzer macht \u00c4rger \u2013 Das Medienlog vom Donnerstag, 3. M\u00e4rz 2016"},"content":{"rendered":"<p>Wieder war es ein denkw\u00fcrdiger Auftritt des <a href=\"https:\/\/blog.zeit.de\/nsu-prozess-blog\/2015\/07\/30\/medienlog-zschaepe-anzeige-abgelehnt-piatto\/\">Verfassungssch\u00fctzers Reiner G.<\/a>, vormals t\u00e4tig als Betreuer eines <a href=\"https:\/\/blog.zeit.de\/nsu-prozess-blog\/2014\/10\/15\/der-zeuge-mit-dem-bums\/\">V-Manns aus dem NSU-Umfeld<\/a>: Zu seiner mittlerweile dritten Vernehmung erschien G. vermummt, mit Kaugummi im Mund \u2013 und forderte, seine Aussage vom Blatt ablesen zu d\u00fcrfen. Das lehnte Richter Manfred G\u00f6tzl ver\u00e4rgert ab. &#8222;Es ist ein j\u00e4mmerlicher Auftritt&#8220;, beobachtet Tanjev Schultz von der <a href=\"http:\/\/www.sueddeutsche.de\/politik\/rechte-terrorgruppe-zeuge-im-nsu-prozess-geheimdienst-wusste-von-geplanter-waffenbeschaffung-1.2889895\" target=\"_blank\"><em>S\u00fcddeutschen Zeitung<\/em><\/a>.<\/p>\n<p><!--more--><\/p>\n<p><em>An jedem Werktag sichten wir f\u00fcr das NSU-Prozess-Blog die Medien und stellen wichtige Berichte, Blogs, Videos und Tweets zusammen. Wir freuen uns \u00fcber Hinweise via Twitter mit dem Hashtag #nsublog \u2013 oder per E-Mail an <a href=\"mailto:nsublog@zeit.de\">nsublog@zeit.de<\/a>.<\/em><\/p>\n<p>Der Komplex um den V-Mann <a href=\"https:\/\/blog.zeit.de\/nsu-prozess-blog\/2014\/12\/03\/ein-spion-mit-schlechtem-gewissen\/\">Piatto<\/a>, den G. als Quellenf\u00fchrer betreute, ist allerdings von Bedeutung: Der Brandenburger Verfassungssch\u00fctzer erfuhr, dass sich das 1998 untergetauchte NSU-Trio aus Beate Zsch\u00e4pe, Uwe Mundlos und Uwe B\u00f6hnhardt in Sachsen aufhielt. Auch erhielt Piatto offenbar die SMS eines anderen Rechtsextremisten, in der es um die Beschaffung einer Waffe ging.<\/p>\n<p>Nennenswerte Erinnerungen daran konnte G. in der bis in den Abend dauernden Vernehmung nicht mehr wiedergeben. &#8222;Er wirkt in einer Weise widerwillig, dass man sich fragen muss, wie so ein Mann f\u00fcr ein Amt arbeiten kann, das doch mitbekommen haben sollte, wie wichtig die Aufkl\u00e4rung des NSU-Komplexes ist&#8220;, schreibt Schultz. Die Spur wurde letztlich nicht verfolgt, zumindest nicht mit Nachdruck. Es sei schwer vorstellbar, dass der Beamte &#8222;angemessen mit den brisanten Informationen umzugehen wusste&#8220;.<\/p>\n<p>Tats\u00e4chlich erhielt Piatto die SMS mit der Frage nach einer Waffe auf ein Handy, das ihm offenbar der brandenburgische Verfassungsschutz zur Verf\u00fcgung gestellt hatte. Das Mobiltelefon wurde sodann eingezogen und gegen ein neues ausgetauscht, aber nicht ausgewertet. Bekannt wurde die Kurznachricht nur, weil der th\u00fcringische Verfassungsschutz sie abfing.<\/p>\n<p>Dazu befragt, habe sich G. jedoch dumm gestellt oder immer wieder auf Erinnerungsl\u00fccken verwiesen, berichtet Gisela Friedrichsen auf <a href=\"http:\/\/www.spiegel.de\/panorama\/justiz\/nsu-prozess-ralf-wohlleben-scheitert-erneut-mit-befangenheitsantrag-a-1080330.html\" target=\"_blank\"><em>Spiegel Online<\/em><\/a>, und zwar &#8222;offensichtlich mit Billigung seines Arbeitgebers&#8220;. Die Ermittlungsbeh\u00f6rden h\u00e4tten demnach bereits in dem Jahr, da der NSU abgetaucht war, einschreiten k\u00f6nnen. Das geschah nicht. &#8222;Was hat diese Beh\u00f6rde zu verbergen, wenn ihre Mitarbeiter ein solches Bild vor Gericht abgeben?&#8220;<\/p>\n<blockquote class=\"twitter-tweet\" data-lang=\"de\">\n<p dir=\"ltr\" lang=\"de\">Unkonzentriert, unwirsch, unwillig: V-Mann-F\u00fchrer mag nicht antworten. &#8222;Es ist schon sp\u00e4t. Ich bin m\u00fcde.&#8220; <a href=\"https:\/\/twitter.com\/hashtag\/NSU?src=hash\">#NSU<\/a><\/p>\n<p>\u2014 PZ hautnah (@PZhautnah) <a href=\"https:\/\/twitter.com\/PZhautnah\/status\/705076719565324288\">2. M\u00e4rz 2016<\/a><\/p><\/blockquote>\n<p><script src=\"\/\/platform.twitter.com\/widgets.js\" async=\"\" charset=\"utf-8\"><\/script><\/p>\n<p>Entschieden wurde mittlerweile \u00fcber den neuesten <a href=\"https:\/\/blog.zeit.de\/nsu-prozess-blog\/2016\/02\/26\/aufbaumen-vor-dem-urteil\/\">Befangenheitsantrag der Angeklagten Ralf Wohlleben<\/a> und Beate Zsch\u00e4pe gegen alle f\u00fcnf NSU-Richter: Das Gesuch wurde abgelehnt. Wohllebens Verteidiger hatten argumentiert, eine Formulierung in einem Beschluss des Gerichts deute darauf hin, dass das Urteil gegen ihren Mandanten bereits feststehe. F\u00fcr den Vorsitzenden Richter Manfred G\u00f6tzl ist es bereits der zw\u00f6lfte \u00fcberstandene Antrag. &#8222;So oft haben seine Verteidiger dieses Mittel einzusetzen versucht, dass es jede Wirkung verliert&#8220;, kommentiert Friedrichsen auf <em>Spiegel Online<\/em>.<\/p>\n<p>&#8222;Zwischen all den Antr\u00e4gen und den neuen Einf\u00e4llen der Verteidiger von Wohlleben und Zsch\u00e4pe geht es kaum noch um die Opfer&#8220;, wirft Eva Frisch vom <a href=\"http:\/\/www.br.de\/nachrichten\/nsu-prozess\/160302-tagebuch-gerichtsreporter-100.html\" target=\"_blank\">Bayerischen Rundfunk<\/a> ein. Sie zitiert den Nebenklageanwalt Mustafa Kaplan, dessen Mandant die Scharm\u00fctzel vor Gericht kaum noch nachvollziehen k\u00f6nne: &#8222;Er hat Bedenken, dass die angeklagten Taten dadurch in Vergessenheit geraten.&#8220;<\/p>\n<p><em>Das n\u00e4chste Medienlog erscheint am Freitag, 4. M\u00e4rz 2016.<\/em><\/p>\n","protected":false},"excerpt":{"rendered":"<p>Wieder war es ein denkw\u00fcrdiger Auftritt des Verfassungssch\u00fctzers Reiner G., vormals t\u00e4tig als Betreuer eines V-Manns aus dem NSU-Umfeld: Zu seiner mittlerweile dritten Vernehmung erschien G. vermummt, mit Kaugummi im Mund \u2013 und forderte, seine Aussage vom Blatt ablesen zu d\u00fcrfen. Das lehnte Richter Manfred G\u00f6tzl ver\u00e4rgert ab. &#8222;Es ist ein j\u00e4mmerlicher Auftritt&#8220;, beobachtet Tanjev [&hellip;]<\/p>\n","protected":false},"author":435,"featured_media":0,"comment_status":"open","ping_status":"open","sticky":false,"template":"","format":"standard","meta":{"_jetpack_memberships_contains_paid_content":false,"footnotes":""},"categories":[27531],"tags":[29430,27593,29554,17772,17899,1836,29492],"class_list":["post-11007","post","type-post","status-publish","format-standard","hentry","category-medienschau","tag-befangenheitsantrag","tag-nebenklager","tag-piatto","tag-ralf-wohlleben","tag-v-mann","tag-verfassungsschutz","tag-waffe"],"yoast_head":"<!-- This site is optimized with the Yoast SEO plugin v21.0 - https:\/\/yoast.com\/wordpress\/plugins\/seo\/ -->\n<title>Ein Verfassungssch\u00fctzer macht \u00c4rger<\/title>\n<meta name=\"description\" content=\"Verfassungssch\u00fctzer Reiner G. erschien mit Kaugummi und Maske vor Gericht. Er gab sich unkonzentriert und wollte seine Aussage ablesen.\" \/>\n<meta name=\"robots\" content=\"index, follow, max-snippet:-1, max-image-preview:large, max-video-preview:-1\" \/>\n<link rel=\"canonical\" href=\"https:\/\/blog.zeit.de\/nsu-prozess-blog\/2016\/03\/03\/medienlog-piatto-verfassungsschutz-waffe-nsu\/\" \/>\n<meta property=\"og:locale\" content=\"de_DE\" \/>\n<meta property=\"og:type\" content=\"article\" \/>\n<meta property=\"og:title\" content=\"Ein Verfassungssch\u00fctzer macht \u00c4rger\" \/>\n<meta property=\"og:description\" content=\"Verfassungssch\u00fctzer Reiner G. erschien mit Kaugummi und Maske vor Gericht. Er gab sich unkonzentriert und wollte seine Aussage ablesen.\" \/>\n<meta property=\"og:url\" content=\"https:\/\/blog.zeit.de\/nsu-prozess-blog\/2016\/03\/03\/medienlog-piatto-verfassungsschutz-waffe-nsu\/\" \/>\n<meta property=\"og:site_name\" content=\"Das NSU-Prozess-Blog\" \/>\n<meta property=\"article:published_time\" content=\"2016-03-03T07:24:30+00:00\" \/>\n<meta property=\"article:modified_time\" content=\"2016-03-03T09:51:00+00:00\" \/>\n<meta name=\"author\" content=\"Tom Sundermann\" \/>\n<meta name=\"twitter:label1\" content=\"Geschrieben von\" \/>\n\t<meta name=\"twitter:data1\" content=\"Tom Sundermann\" \/>\n\t<meta name=\"twitter:label2\" content=\"Gesch\u00e4tzte Lesezeit\" \/>\n\t<meta name=\"twitter:data2\" content=\"3\u00a0Minuten\" \/>\n<script type=\"application\/ld+json\" class=\"yoast-schema-graph\">{\"@context\":\"https:\/\/schema.org\",\"@graph\":[{\"@type\":\"WebPage\",\"@id\":\"https:\/\/blog.zeit.de\/nsu-prozess-blog\/2016\/03\/03\/medienlog-piatto-verfassungsschutz-waffe-nsu\/\",\"url\":\"https:\/\/blog.zeit.de\/nsu-prozess-blog\/2016\/03\/03\/medienlog-piatto-verfassungsschutz-waffe-nsu\/\",\"name\":\"Ein Verfassungssch\u00fctzer macht \u00c4rger\",\"isPartOf\":{\"@id\":\"https:\/\/blog.zeit.de\/nsu-prozess-blog\/#website\"},\"datePublished\":\"2016-03-03T07:24:30+00:00\",\"dateModified\":\"2016-03-03T09:51:00+00:00\",\"author\":{\"@id\":\"https:\/\/blog.zeit.de\/nsu-prozess-blog\/#\/schema\/person\/553ea9bb5d1fc2ae054c589bd59380a5\"},\"description\":\"Verfassungssch\u00fctzer Reiner G. erschien mit Kaugummi und Maske vor Gericht. Er gab sich unkonzentriert und wollte seine Aussage ablesen.\",\"breadcrumb\":{\"@id\":\"https:\/\/blog.zeit.de\/nsu-prozess-blog\/2016\/03\/03\/medienlog-piatto-verfassungsschutz-waffe-nsu\/#breadcrumb\"},\"inLanguage\":\"de\",\"potentialAction\":[{\"@type\":\"ReadAction\",\"target\":[\"https:\/\/blog.zeit.de\/nsu-prozess-blog\/2016\/03\/03\/medienlog-piatto-verfassungsschutz-waffe-nsu\/\"]}]},{\"@type\":\"BreadcrumbList\",\"@id\":\"https:\/\/blog.zeit.de\/nsu-prozess-blog\/2016\/03\/03\/medienlog-piatto-verfassungsschutz-waffe-nsu\/#breadcrumb\",\"itemListElement\":[{\"@type\":\"ListItem\",\"position\":1,\"name\":\"Startseite\",\"item\":\"https:\/\/blog.zeit.de\/nsu-prozess-blog\/\"},{\"@type\":\"ListItem\",\"position\":2,\"name\":\"Ein Verfassungssch\u00fctzer macht \u00c4rger \u2013 Das Medienlog vom Donnerstag, 3. M\u00e4rz 2016\"}]},{\"@type\":\"WebSite\",\"@id\":\"https:\/\/blog.zeit.de\/nsu-prozess-blog\/#website\",\"url\":\"https:\/\/blog.zeit.de\/nsu-prozess-blog\/\",\"name\":\"Das NSU-Prozess-Blog\",\"description\":\"Alle Berichte zum Terrorverfahren in M\u00fcnchen\",\"potentialAction\":[{\"@type\":\"SearchAction\",\"target\":{\"@type\":\"EntryPoint\",\"urlTemplate\":\"https:\/\/blog.zeit.de\/nsu-prozess-blog\/?s={search_term_string}\"},\"query-input\":\"required name=search_term_string\"}],\"inLanguage\":\"de\"},{\"@type\":\"Person\",\"@id\":\"https:\/\/blog.zeit.de\/nsu-prozess-blog\/#\/schema\/person\/553ea9bb5d1fc2ae054c589bd59380a5\",\"name\":\"Tom Sundermann\",\"image\":{\"@type\":\"ImageObject\",\"inLanguage\":\"de\",\"@id\":\"https:\/\/blog.zeit.de\/nsu-prozess-blog\/#\/schema\/person\/image\/\",\"url\":\"https:\/\/secure.gravatar.com\/avatar\/e108a3dc18766f719b2f797dc5d19093f06a1870c55b553ab6b7563f1f9a5e68?s=96&d=mm&r=g\",\"contentUrl\":\"https:\/\/secure.gravatar.com\/avatar\/e108a3dc18766f719b2f797dc5d19093f06a1870c55b553ab6b7563f1f9a5e68?s=96&d=mm&r=g\",\"caption\":\"Tom Sundermann\"},\"sameAs\":[\"https:\/\/twitter.com\/messeticker\"],\"url\":\"https:\/\/blog.zeit.de\/nsu-prozess-blog\/author\/tsundermann\/\"}]}<\/script>\n<!-- \/ Yoast SEO plugin. -->","yoast_head_json":{"title":"Ein Verfassungssch\u00fctzer macht \u00c4rger","description":"Verfassungssch\u00fctzer Reiner G. erschien mit Kaugummi und Maske vor Gericht. Er gab sich unkonzentriert und wollte seine Aussage ablesen.","robots":{"index":"index","follow":"follow","max-snippet":"max-snippet:-1","max-image-preview":"max-image-preview:large","max-video-preview":"max-video-preview:-1"},"canonical":"https:\/\/blog.zeit.de\/nsu-prozess-blog\/2016\/03\/03\/medienlog-piatto-verfassungsschutz-waffe-nsu\/","og_locale":"de_DE","og_type":"article","og_title":"Ein Verfassungssch\u00fctzer macht \u00c4rger","og_description":"Verfassungssch\u00fctzer Reiner G. erschien mit Kaugummi und Maske vor Gericht. Er gab sich unkonzentriert und wollte seine Aussage ablesen.","og_url":"https:\/\/blog.zeit.de\/nsu-prozess-blog\/2016\/03\/03\/medienlog-piatto-verfassungsschutz-waffe-nsu\/","og_site_name":"Das NSU-Prozess-Blog","article_published_time":"2016-03-03T07:24:30+00:00","article_modified_time":"2016-03-03T09:51:00+00:00","author":"Tom Sundermann","twitter_misc":{"Geschrieben von":"Tom Sundermann","Gesch\u00e4tzte Lesezeit":"3\u00a0Minuten"},"schema":{"@context":"https:\/\/schema.org","@graph":[{"@type":"WebPage","@id":"https:\/\/blog.zeit.de\/nsu-prozess-blog\/2016\/03\/03\/medienlog-piatto-verfassungsschutz-waffe-nsu\/","url":"https:\/\/blog.zeit.de\/nsu-prozess-blog\/2016\/03\/03\/medienlog-piatto-verfassungsschutz-waffe-nsu\/","name":"Ein Verfassungssch\u00fctzer macht \u00c4rger","isPartOf":{"@id":"https:\/\/blog.zeit.de\/nsu-prozess-blog\/#website"},"datePublished":"2016-03-03T07:24:30+00:00","dateModified":"2016-03-03T09:51:00+00:00","author":{"@id":"https:\/\/blog.zeit.de\/nsu-prozess-blog\/#\/schema\/person\/553ea9bb5d1fc2ae054c589bd59380a5"},"description":"Verfassungssch\u00fctzer Reiner G. erschien mit Kaugummi und Maske vor Gericht. Er gab sich unkonzentriert und wollte seine Aussage ablesen.","breadcrumb":{"@id":"https:\/\/blog.zeit.de\/nsu-prozess-blog\/2016\/03\/03\/medienlog-piatto-verfassungsschutz-waffe-nsu\/#breadcrumb"},"inLanguage":"de","potentialAction":[{"@type":"ReadAction","target":["https:\/\/blog.zeit.de\/nsu-prozess-blog\/2016\/03\/03\/medienlog-piatto-verfassungsschutz-waffe-nsu\/"]}]},{"@type":"BreadcrumbList","@id":"https:\/\/blog.zeit.de\/nsu-prozess-blog\/2016\/03\/03\/medienlog-piatto-verfassungsschutz-waffe-nsu\/#breadcrumb","itemListElement":[{"@type":"ListItem","position":1,"name":"Startseite","item":"https:\/\/blog.zeit.de\/nsu-prozess-blog\/"},{"@type":"ListItem","position":2,"name":"Ein Verfassungssch\u00fctzer macht \u00c4rger \u2013 Das Medienlog vom Donnerstag, 3. M\u00e4rz 2016"}]},{"@type":"WebSite","@id":"https:\/\/blog.zeit.de\/nsu-prozess-blog\/#website","url":"https:\/\/blog.zeit.de\/nsu-prozess-blog\/","name":"Das NSU-Prozess-Blog","description":"Alle Berichte zum Terrorverfahren in M\u00fcnchen","potentialAction":[{"@type":"SearchAction","target":{"@type":"EntryPoint","urlTemplate":"https:\/\/blog.zeit.de\/nsu-prozess-blog\/?s={search_term_string}"},"query-input":"required name=search_term_string"}],"inLanguage":"de"},{"@type":"Person","@id":"https:\/\/blog.zeit.de\/nsu-prozess-blog\/#\/schema\/person\/553ea9bb5d1fc2ae054c589bd59380a5","name":"Tom Sundermann","image":{"@type":"ImageObject","inLanguage":"de","@id":"https:\/\/blog.zeit.de\/nsu-prozess-blog\/#\/schema\/person\/image\/","url":"https:\/\/secure.gravatar.com\/avatar\/e108a3dc18766f719b2f797dc5d19093f06a1870c55b553ab6b7563f1f9a5e68?s=96&d=mm&r=g","contentUrl":"https:\/\/secure.gravatar.com\/avatar\/e108a3dc18766f719b2f797dc5d19093f06a1870c55b553ab6b7563f1f9a5e68?s=96&d=mm&r=g","caption":"Tom Sundermann"},"sameAs":["https:\/\/twitter.com\/messeticker"],"url":"https:\/\/blog.zeit.de\/nsu-prozess-blog\/author\/tsundermann\/"}]}},"jetpack_featured_media_url":"","jetpack_sharing_enabled":true,"_links":{"self":[{"href":"https:\/\/blog.zeit.de\/nsu-prozess-blog\/wp-json\/wp\/v2\/posts\/11007","targetHints":{"allow":["GET"]}}],"collection":[{"href":"https:\/\/blog.zeit.de\/nsu-prozess-blog\/wp-json\/wp\/v2\/posts"}],"about":[{"href":"https:\/\/blog.zeit.de\/nsu-prozess-blog\/wp-json\/wp\/v2\/types\/post"}],"author":[{"embeddable":true,"href":"https:\/\/blog.zeit.de\/nsu-prozess-blog\/wp-json\/wp\/v2\/users\/435"}],"replies":[{"embeddable":true,"href":"https:\/\/blog.zeit.de\/nsu-prozess-blog\/wp-json\/wp\/v2\/comments?post=11007"}],"version-history":[{"count":8,"href":"https:\/\/blog.zeit.de\/nsu-prozess-blog\/wp-json\/wp\/v2\/posts\/11007\/revisions"}],"predecessor-version":[{"id":11016,"href":"https:\/\/blog.zeit.de\/nsu-prozess-blog\/wp-json\/wp\/v2\/posts\/11007\/revisions\/11016"}],"wp:attachment":[{"href":"https:\/\/blog.zeit.de\/nsu-prozess-blog\/wp-json\/wp\/v2\/media?parent=11007"}],"wp:term":[{"taxonomy":"category","embeddable":true,"href":"https:\/\/blog.zeit.de\/nsu-prozess-blog\/wp-json\/wp\/v2\/categories?post=11007"},{"taxonomy":"post_tag","embeddable":true,"href":"https:\/\/blog.zeit.de\/nsu-prozess-blog\/wp-json\/wp\/v2\/tags?post=11007"}],"curies":[{"name":"wp","href":"https:\/\/api.w.org\/{rel}","templated":true}]}}