{"id":11039,"date":"2016-03-10T08:12:05","date_gmt":"2016-03-10T07:12:05","guid":{"rendered":"http:\/\/blog.zeit.de\/nsu-prozess-blog\/?p=11039"},"modified":"2016-03-10T09:46:55","modified_gmt":"2016-03-10T08:46:55","slug":"ralf-wohlleben-carsten-s-nsu-prozess-beate-zschaepe","status":"publish","type":"post","link":"https:\/\/blog.zeit.de\/nsu-prozess-blog\/2016\/03\/10\/ralf-wohlleben-carsten-s-nsu-prozess-beate-zschaepe\/","title":{"rendered":"Aussage gegen Aussage \u2013 Das Medienlog vom Donnerstag, 10. M\u00e4rz 2016"},"content":{"rendered":"<p>Zu Prozessbeginn <a href=\"http:\/\/www.zeit.de\/gesellschaft\/zeitgeschehen\/2013-06\/nsu-prozess-tag-5\">hatte er bereits ausgesagt<\/a>, am Mittwoch \u00e4u\u00dferte er sich erneut: Carsten S. widersprach der <a href=\"https:\/\/blog.zeit.de\/nsu-prozess-blog\/2015\/12\/16\/aussage-nach-zschapes-vorbild\/\">Aussage seines Mitangeklagten Ralf Wohlleben<\/a>, nachdem er in eigener Verantwortung die Mordpistole Ceska 83 f\u00fcr das NSU-Trio besorgt haben soll. S. stellte klar: Wohlleben habe ihn beauftragt. &#8222;Wessen Aussage glaubw\u00fcrdiger ist, wird am Ende das Gericht entscheiden&#8220;, merkt Ina Krau\u00df vom <a href=\"http:\/\/www.br.de\/nachrichten\/nsu-prozess\/160309-tagebuch-gerichtsreporter-100.html\" target=\"_blank\">Bayerischen Rundfunk<\/a> an. S. habe bei seiner Aussage nerv\u00f6s gewirkt.<\/p>\n<p><!--more--><\/p>\n<p><em>An jedem Werktag sichten wir f\u00fcr das NSU-Prozess-Blog die Medien und stellen wichtige Berichte, Blogs, Videos und Tweets zusammen. Wir freuen uns \u00fcber Hinweise via Twitter mit dem Hashtag #nsublog \u2013 oder per E-Mail an <a href=\"mailto:nsublog@zeit.de\">nsublog@zeit.de<\/a>.<\/em><\/p>\n<p>Entscheidender Punkt der Einlassung: S. sagte, dass ihn nicht das untergetauchte NSU-Trio mit der Beschaffung der Pistole beauftragt habe, sondern Wohlleben. &#8222;Die haben mir nie den Auftrag gegeben&#8220;, formulierte es S. der <a href=\"http:\/\/www.thueringer-allgemeine.de\/startseite\/detail\/-\/specific\/NSU-Prozess-Carsten-S-belastet-erneut-Wohlleben-1016175809\" target=\"_blank\"><em>Th\u00fcringer Allgemeinen<\/em><\/a> zufolge. Zudem habe er das Geld f\u00fcr die Waffe vom heutigen Mitangeklagten erhalten. &#8222;Bei diesen Worten begann Wohlleben erregt mit seinen Anw\u00e4lten zu sprechen&#8220;, schreibt Annette Ramelsberger von der <a href=\"http:\/\/www.sueddeutsche.de\/politik\/rechter-terror-nsu-prozess-carsten-s-versetzt-wohlleben-in-unruhe-1.2899384\" target=\"_blank\"><em>S\u00fcddeutschen Zeitung<\/em><\/a>.<\/p>\n<p>&#8222;S. stellt sich heute eher als eine Art Laufbursche Wohllebens und \u00dcberbringer von Nachrichten dar. War er mehr?&#8220;, fragt Gisela Friedrichsen auf <a href=\"http:\/\/www.spiegel.de\/panorama\/justiz\/a-1081479.html\" target=\"_blank\"><em>Spiegel Online<\/em><\/a>.<\/p>\n<p>Sie berichtet auch vom anderen Komplex des Tages: zwei Kriminalbeamte, die nach dem Auffliegen des NSU Waffen aus dem Wohnmobil sicherten, in dem sich Uwe Mundlos und Uwe B\u00f6hnhardt erschossen hatten. Auch dazu erg\u00e4ben sich Fragen: &#8222;Wozu f\u00fchrten die mutma\u00dflichen T\u00e4ter so viele Waffen mit sich? Wollten sich die beiden Uwes absetzen? Was war geplant? Wusste Beate Zsch\u00e4pe von eventuellen Ausstiegspl\u00e4nen?&#8220; Friedrichsen weist darauf hin, dass der Strafsenat die Hauptangeklagte Beate Zsch\u00e4pe bereits damit konfrontiert habe.<\/p>\n<p>Ramelsberger berichtet in der <a href=\"http:\/\/www.sueddeutsche.de\/politik\/bka-erkenntnisse-zschaepe-schnitt-live-berichte-ueber-nsu-attentat-mit-1.2899628\" target=\"_blank\"><em>S\u00fcddeutschen Zeitung<\/em><\/a> von einer offenbar neuen Erkenntnis: Demnach schnitt Zsch\u00e4pe Berichte \u00fcber die NSU-Taten aus dem Fernsehen mit und beteiligte sich so am Bekennervideo der Gruppe, das sie sp\u00e4ter auf DVD verschickte. Demnach geh\u00f6rten zu den Fernsehausschnitten Livesendungen, die zu Zeiten liefen, als die mutma\u00dflichen T\u00e4ter Uwe Mundlos und Uwe B\u00f6hnhardt noch nicht wieder zu Hause sein konnten, weil sie noch vom Tatort zur\u00fcckfuhren.<\/p>\n<p><em>Das n\u00e4chste Medienlog erscheint am Freitag, 11. M\u00e4rz 2016.<\/em><\/p>\n","protected":false},"excerpt":{"rendered":"<p>Zu Prozessbeginn hatte er bereits ausgesagt, am Mittwoch \u00e4u\u00dferte er sich erneut: Carsten S. widersprach der Aussage seines Mitangeklagten Ralf Wohlleben, nachdem er in eigener Verantwortung die Mordpistole Ceska 83 f\u00fcr das NSU-Trio besorgt haben soll. S. stellte klar: Wohlleben habe ihn beauftragt. &#8222;Wessen Aussage glaubw\u00fcrdiger ist, wird am Ende das Gericht entscheiden&#8220;, merkt Ina [&hellip;]<\/p>\n","protected":false},"author":435,"featured_media":0,"comment_status":"open","ping_status":"open","sticky":false,"template":"","format":"standard","meta":{"_jetpack_memberships_contains_paid_content":false,"footnotes":""},"categories":[27531],"tags":[35361,27541,27568,17772,29492,35393],"class_list":["post-11039","post","type-post","status-publish","format-standard","hentry","category-medienschau","tag-aussage","tag-carsten-s","tag-ceska","tag-ralf-wohlleben","tag-waffe","tag-wohlleben-aussage"],"yoast_head":"<!-- This site is optimized with the Yoast SEO plugin v21.0 - https:\/\/yoast.com\/wordpress\/plugins\/seo\/ -->\n<title>Ralf Wohlleben gegen Carsten S.: Aussage gegen Aussage<\/title>\n<meta name=\"robots\" content=\"index, follow, max-snippet:-1, max-image-preview:large, max-video-preview:-1\" \/>\n<link rel=\"canonical\" href=\"https:\/\/blog.zeit.de\/nsu-prozess-blog\/2016\/03\/10\/ralf-wohlleben-carsten-s-nsu-prozess-beate-zschaepe\/\" \/>\n<meta property=\"og:locale\" content=\"de_DE\" \/>\n<meta property=\"og:type\" content=\"article\" \/>\n<meta property=\"og:title\" content=\"Ralf Wohlleben gegen Carsten S.: Aussage gegen Aussage\" \/>\n<meta property=\"og:description\" content=\"Zu Prozessbeginn hatte er bereits ausgesagt, am Mittwoch \u00e4u\u00dferte er sich erneut: Carsten S. widersprach der Aussage seines Mitangeklagten Ralf Wohlleben, nachdem er in eigener Verantwortung die Mordpistole Ceska 83 f\u00fcr das NSU-Trio besorgt haben soll. S. stellte klar: Wohlleben habe ihn beauftragt. &#8222;Wessen Aussage glaubw\u00fcrdiger ist, wird am Ende das Gericht entscheiden&#8220;, merkt Ina [&hellip;]\" \/>\n<meta property=\"og:url\" content=\"https:\/\/blog.zeit.de\/nsu-prozess-blog\/2016\/03\/10\/ralf-wohlleben-carsten-s-nsu-prozess-beate-zschaepe\/\" \/>\n<meta property=\"og:site_name\" content=\"Das NSU-Prozess-Blog\" \/>\n<meta property=\"article:published_time\" content=\"2016-03-10T07:12:05+00:00\" \/>\n<meta property=\"article:modified_time\" content=\"2016-03-10T08:46:55+00:00\" \/>\n<meta name=\"author\" content=\"Tom Sundermann\" \/>\n<meta name=\"twitter:label1\" content=\"Geschrieben von\" \/>\n\t<meta name=\"twitter:data1\" content=\"Tom Sundermann\" \/>\n\t<meta name=\"twitter:label2\" content=\"Gesch\u00e4tzte Lesezeit\" \/>\n\t<meta name=\"twitter:data2\" content=\"2\u00a0Minuten\" \/>\n<script type=\"application\/ld+json\" class=\"yoast-schema-graph\">{\"@context\":\"https:\/\/schema.org\",\"@graph\":[{\"@type\":\"WebPage\",\"@id\":\"https:\/\/blog.zeit.de\/nsu-prozess-blog\/2016\/03\/10\/ralf-wohlleben-carsten-s-nsu-prozess-beate-zschaepe\/\",\"url\":\"https:\/\/blog.zeit.de\/nsu-prozess-blog\/2016\/03\/10\/ralf-wohlleben-carsten-s-nsu-prozess-beate-zschaepe\/\",\"name\":\"Ralf Wohlleben gegen Carsten S.: Aussage gegen Aussage\",\"isPartOf\":{\"@id\":\"https:\/\/blog.zeit.de\/nsu-prozess-blog\/#website\"},\"datePublished\":\"2016-03-10T07:12:05+00:00\",\"dateModified\":\"2016-03-10T08:46:55+00:00\",\"author\":{\"@id\":\"https:\/\/blog.zeit.de\/nsu-prozess-blog\/#\/schema\/person\/553ea9bb5d1fc2ae054c589bd59380a5\"},\"breadcrumb\":{\"@id\":\"https:\/\/blog.zeit.de\/nsu-prozess-blog\/2016\/03\/10\/ralf-wohlleben-carsten-s-nsu-prozess-beate-zschaepe\/#breadcrumb\"},\"inLanguage\":\"de\",\"potentialAction\":[{\"@type\":\"ReadAction\",\"target\":[\"https:\/\/blog.zeit.de\/nsu-prozess-blog\/2016\/03\/10\/ralf-wohlleben-carsten-s-nsu-prozess-beate-zschaepe\/\"]}]},{\"@type\":\"BreadcrumbList\",\"@id\":\"https:\/\/blog.zeit.de\/nsu-prozess-blog\/2016\/03\/10\/ralf-wohlleben-carsten-s-nsu-prozess-beate-zschaepe\/#breadcrumb\",\"itemListElement\":[{\"@type\":\"ListItem\",\"position\":1,\"name\":\"Startseite\",\"item\":\"https:\/\/blog.zeit.de\/nsu-prozess-blog\/\"},{\"@type\":\"ListItem\",\"position\":2,\"name\":\"Aussage gegen Aussage \u2013 Das Medienlog vom Donnerstag, 10. M\u00e4rz 2016\"}]},{\"@type\":\"WebSite\",\"@id\":\"https:\/\/blog.zeit.de\/nsu-prozess-blog\/#website\",\"url\":\"https:\/\/blog.zeit.de\/nsu-prozess-blog\/\",\"name\":\"Das NSU-Prozess-Blog\",\"description\":\"Alle Berichte zum Terrorverfahren in M\u00fcnchen\",\"potentialAction\":[{\"@type\":\"SearchAction\",\"target\":{\"@type\":\"EntryPoint\",\"urlTemplate\":\"https:\/\/blog.zeit.de\/nsu-prozess-blog\/?s={search_term_string}\"},\"query-input\":\"required name=search_term_string\"}],\"inLanguage\":\"de\"},{\"@type\":\"Person\",\"@id\":\"https:\/\/blog.zeit.de\/nsu-prozess-blog\/#\/schema\/person\/553ea9bb5d1fc2ae054c589bd59380a5\",\"name\":\"Tom Sundermann\",\"image\":{\"@type\":\"ImageObject\",\"inLanguage\":\"de\",\"@id\":\"https:\/\/blog.zeit.de\/nsu-prozess-blog\/#\/schema\/person\/image\/\",\"url\":\"https:\/\/secure.gravatar.com\/avatar\/e108a3dc18766f719b2f797dc5d19093f06a1870c55b553ab6b7563f1f9a5e68?s=96&d=mm&r=g\",\"contentUrl\":\"https:\/\/secure.gravatar.com\/avatar\/e108a3dc18766f719b2f797dc5d19093f06a1870c55b553ab6b7563f1f9a5e68?s=96&d=mm&r=g\",\"caption\":\"Tom Sundermann\"},\"sameAs\":[\"https:\/\/twitter.com\/messeticker\"],\"url\":\"https:\/\/blog.zeit.de\/nsu-prozess-blog\/author\/tsundermann\/\"}]}<\/script>\n<!-- \/ Yoast SEO plugin. -->","yoast_head_json":{"title":"Ralf Wohlleben gegen Carsten S.: Aussage gegen Aussage","robots":{"index":"index","follow":"follow","max-snippet":"max-snippet:-1","max-image-preview":"max-image-preview:large","max-video-preview":"max-video-preview:-1"},"canonical":"https:\/\/blog.zeit.de\/nsu-prozess-blog\/2016\/03\/10\/ralf-wohlleben-carsten-s-nsu-prozess-beate-zschaepe\/","og_locale":"de_DE","og_type":"article","og_title":"Ralf Wohlleben gegen Carsten S.: Aussage gegen Aussage","og_description":"Zu Prozessbeginn hatte er bereits ausgesagt, am Mittwoch \u00e4u\u00dferte er sich erneut: Carsten S. widersprach der Aussage seines Mitangeklagten Ralf Wohlleben, nachdem er in eigener Verantwortung die Mordpistole Ceska 83 f\u00fcr das NSU-Trio besorgt haben soll. S. stellte klar: Wohlleben habe ihn beauftragt. &#8222;Wessen Aussage glaubw\u00fcrdiger ist, wird am Ende das Gericht entscheiden&#8220;, merkt Ina [&hellip;]","og_url":"https:\/\/blog.zeit.de\/nsu-prozess-blog\/2016\/03\/10\/ralf-wohlleben-carsten-s-nsu-prozess-beate-zschaepe\/","og_site_name":"Das NSU-Prozess-Blog","article_published_time":"2016-03-10T07:12:05+00:00","article_modified_time":"2016-03-10T08:46:55+00:00","author":"Tom Sundermann","twitter_misc":{"Geschrieben von":"Tom Sundermann","Gesch\u00e4tzte Lesezeit":"2\u00a0Minuten"},"schema":{"@context":"https:\/\/schema.org","@graph":[{"@type":"WebPage","@id":"https:\/\/blog.zeit.de\/nsu-prozess-blog\/2016\/03\/10\/ralf-wohlleben-carsten-s-nsu-prozess-beate-zschaepe\/","url":"https:\/\/blog.zeit.de\/nsu-prozess-blog\/2016\/03\/10\/ralf-wohlleben-carsten-s-nsu-prozess-beate-zschaepe\/","name":"Ralf Wohlleben gegen Carsten S.: Aussage gegen Aussage","isPartOf":{"@id":"https:\/\/blog.zeit.de\/nsu-prozess-blog\/#website"},"datePublished":"2016-03-10T07:12:05+00:00","dateModified":"2016-03-10T08:46:55+00:00","author":{"@id":"https:\/\/blog.zeit.de\/nsu-prozess-blog\/#\/schema\/person\/553ea9bb5d1fc2ae054c589bd59380a5"},"breadcrumb":{"@id":"https:\/\/blog.zeit.de\/nsu-prozess-blog\/2016\/03\/10\/ralf-wohlleben-carsten-s-nsu-prozess-beate-zschaepe\/#breadcrumb"},"inLanguage":"de","potentialAction":[{"@type":"ReadAction","target":["https:\/\/blog.zeit.de\/nsu-prozess-blog\/2016\/03\/10\/ralf-wohlleben-carsten-s-nsu-prozess-beate-zschaepe\/"]}]},{"@type":"BreadcrumbList","@id":"https:\/\/blog.zeit.de\/nsu-prozess-blog\/2016\/03\/10\/ralf-wohlleben-carsten-s-nsu-prozess-beate-zschaepe\/#breadcrumb","itemListElement":[{"@type":"ListItem","position":1,"name":"Startseite","item":"https:\/\/blog.zeit.de\/nsu-prozess-blog\/"},{"@type":"ListItem","position":2,"name":"Aussage gegen Aussage \u2013 Das Medienlog vom Donnerstag, 10. M\u00e4rz 2016"}]},{"@type":"WebSite","@id":"https:\/\/blog.zeit.de\/nsu-prozess-blog\/#website","url":"https:\/\/blog.zeit.de\/nsu-prozess-blog\/","name":"Das NSU-Prozess-Blog","description":"Alle Berichte zum Terrorverfahren in M\u00fcnchen","potentialAction":[{"@type":"SearchAction","target":{"@type":"EntryPoint","urlTemplate":"https:\/\/blog.zeit.de\/nsu-prozess-blog\/?s={search_term_string}"},"query-input":"required name=search_term_string"}],"inLanguage":"de"},{"@type":"Person","@id":"https:\/\/blog.zeit.de\/nsu-prozess-blog\/#\/schema\/person\/553ea9bb5d1fc2ae054c589bd59380a5","name":"Tom Sundermann","image":{"@type":"ImageObject","inLanguage":"de","@id":"https:\/\/blog.zeit.de\/nsu-prozess-blog\/#\/schema\/person\/image\/","url":"https:\/\/secure.gravatar.com\/avatar\/e108a3dc18766f719b2f797dc5d19093f06a1870c55b553ab6b7563f1f9a5e68?s=96&d=mm&r=g","contentUrl":"https:\/\/secure.gravatar.com\/avatar\/e108a3dc18766f719b2f797dc5d19093f06a1870c55b553ab6b7563f1f9a5e68?s=96&d=mm&r=g","caption":"Tom Sundermann"},"sameAs":["https:\/\/twitter.com\/messeticker"],"url":"https:\/\/blog.zeit.de\/nsu-prozess-blog\/author\/tsundermann\/"}]}},"jetpack_featured_media_url":"","jetpack_sharing_enabled":true,"_links":{"self":[{"href":"https:\/\/blog.zeit.de\/nsu-prozess-blog\/wp-json\/wp\/v2\/posts\/11039","targetHints":{"allow":["GET"]}}],"collection":[{"href":"https:\/\/blog.zeit.de\/nsu-prozess-blog\/wp-json\/wp\/v2\/posts"}],"about":[{"href":"https:\/\/blog.zeit.de\/nsu-prozess-blog\/wp-json\/wp\/v2\/types\/post"}],"author":[{"embeddable":true,"href":"https:\/\/blog.zeit.de\/nsu-prozess-blog\/wp-json\/wp\/v2\/users\/435"}],"replies":[{"embeddable":true,"href":"https:\/\/blog.zeit.de\/nsu-prozess-blog\/wp-json\/wp\/v2\/comments?post=11039"}],"version-history":[{"count":8,"href":"https:\/\/blog.zeit.de\/nsu-prozess-blog\/wp-json\/wp\/v2\/posts\/11039\/revisions"}],"predecessor-version":[{"id":11083,"href":"https:\/\/blog.zeit.de\/nsu-prozess-blog\/wp-json\/wp\/v2\/posts\/11039\/revisions\/11083"}],"wp:attachment":[{"href":"https:\/\/blog.zeit.de\/nsu-prozess-blog\/wp-json\/wp\/v2\/media?parent=11039"}],"wp:term":[{"taxonomy":"category","embeddable":true,"href":"https:\/\/blog.zeit.de\/nsu-prozess-blog\/wp-json\/wp\/v2\/categories?post=11039"},{"taxonomy":"post_tag","embeddable":true,"href":"https:\/\/blog.zeit.de\/nsu-prozess-blog\/wp-json\/wp\/v2\/tags?post=11039"}],"curies":[{"name":"wp","href":"https:\/\/api.w.org\/{rel}","templated":true}]}}