{"id":1110,"date":"2013-06-11T18:19:21","date_gmt":"2013-06-11T16:19:21","guid":{"rendered":"http:\/\/blog.zeit.de\/nsu-prozess-blog\/?p=1110"},"modified":"2013-06-11T18:19:21","modified_gmt":"2013-06-11T16:19:21","slug":"nsu-umfeld-prozess-ueberprueft","status":"publish","type":"post","link":"https:\/\/blog.zeit.de\/nsu-prozess-blog\/2013\/06\/11\/nsu-umfeld-prozess-ueberprueft\/","title":{"rendered":"Ermittler \u00fcberpr\u00fcften Hunderte Menschen aus NSU-Umfeld"},"content":{"rendered":"<p>Neben der <a href=\"http:\/\/www.zeit.de\/gesellschaft\/zeitgeschehen\/2013-06\/nsu-prozess-carsten\" target=\"_blank\">Aussage von Carsten S<\/a>. gab es am Dienstag eine \u00dcberraschung im M\u00fcnchner Gericht: Die Bundesanwaltschaft erl\u00e4uterte auf Anfragen der Nebenkl\u00e4ger, dass insgesamt etwa 500 Menschen aus dem dem m\u00f6glichen Umfeld der Terrorzelle NSU \u00fcberpr\u00fcft wurden \u2013 deutlich mehr, als bisher bekannt.<\/p>\n<p><!--more--><\/p>\n<p>Die Anklagebeh\u00f6rde hatte den Prozessbeteiligten bislang nur eine Liste von 129 Personen aus dem Umfeld vorgelegt.<\/p>\n<p>Laut Oberstaatsanw\u00e4ltin Greger hat das Bundeskriminalamt die 500 Positionen umfassende Liste erstellt. Es handele sich bei den neuen Akten um sogenannte Spurenakten, die f\u00fcr das Verfahren &#8222;null Bedeutung&#8220; h\u00e4tten, sagte Bundesanwalt Diemer. Die Akten k\u00f6nnten jedoch bei der Bundesanwaltschaft eingesehen werden. &#8222;Wir haben nichts zu verheimlichen.&#8220;<\/p>\n<p>Nebenklagevertreter reagierten ver\u00e4rgert. Er verstehe nicht, &#8222;warum wir zuletzt eine Liste mit 129 Personen bekommen, wenn es eine aktuelle mit 500 gibt&#8220;, sagte Nebenklage-Anwalt Sebastian Scharmer. Auch Richter G\u00f6tzl sah Kl\u00e4rungsbedarf. Kurz darauf wurde die Sitzung auf Bitte der Bundesanwaltschaft unterbrochen. Die Bundesanwaltschaft wollte offenbar etwas Zeit gewinnen, die Ver\u00e4nderung zu erkl\u00e4ren.<\/p>\n<p>Prozessbeteiligte und -beobachter sprachen oft von der &#8222;129er-Liste&#8220;, was sich sicher auf die Zahl der darauf befindlichen Personen bezog. Die 129 hat im Bereich der Strafjustiz noch einen andere Bedeutung: Die Zahl erinnert an den <a href=\"http:\/\/dejure.org\/gesetze\/StGB\/129a.html\" target=\"_blank\">Paragrafen 129a des Strafgesetzbuches<\/a>, in dem es um die Bildung einer terroristischen Vereinigung geht.<\/p>\n<p><strong>Auch interessant:<\/strong> Im Rahmen der NSU-Ermittlungen wurden die Daten von 30 Millionen Bundesb\u00fcrgern erhoben, vor allem Funkzellenabfragen, Hotel\u00fcbernachtungen, Bankbewegungen. Das habe keinen einzigen Treffer gebracht, sagte der Gr\u00fcnen-Rechtspolitiker Wolfgang Wieland, der auch im NSU-Untersuchungsausschuss des Bundestages sitzt. F\u00fcr ihn ein Beleg, das massenhafte Datenerhebung und \u2013analyse nicht unbedingt das richtige Mittel ist, um Terroristen zu fangen.<\/p>\n<p><em>Eine Zusammenfassung von Berichten \u00fcber den Verhandlungstag erscheint am Mittwoch im NSU-Medienlog.<\/em><\/p>\n","protected":false},"excerpt":{"rendered":"<p>Neben der Aussage von Carsten S. gab es am Dienstag eine \u00dcberraschung im M\u00fcnchner Gericht: Die Bundesanwaltschaft erl\u00e4uterte auf Anfragen der Nebenkl\u00e4ger, dass insgesamt etwa 500 Menschen aus dem dem m\u00f6glichen Umfeld der Terrorzelle NSU \u00fcberpr\u00fcft wurden \u2013 deutlich mehr, als bisher bekannt.<\/p>\n","protected":false},"author":191,"featured_media":0,"comment_status":"open","ping_status":"open","sticky":false,"template":"","format":"standard","meta":{"_jetpack_memberships_contains_paid_content":false,"footnotes":""},"categories":[16],"tags":[],"class_list":["post-1110","post","type-post","status-publish","format-standard","hentry","category-allgemein"],"yoast_head":"<!-- This site is optimized with the Yoast SEO plugin v21.0 - https:\/\/yoast.com\/wordpress\/plugins\/seo\/ -->\n<title>Ermittler \u00fcberpr\u00fcften Hunderte Menschen aus NSU-Umfeld  - Das NSU-Prozess-Blog<\/title>\n<meta name=\"robots\" content=\"index, follow, max-snippet:-1, max-image-preview:large, max-video-preview:-1\" \/>\n<link rel=\"canonical\" href=\"https:\/\/blog.zeit.de\/nsu-prozess-blog\/2013\/06\/11\/nsu-umfeld-prozess-ueberprueft\/\" \/>\n<meta property=\"og:locale\" content=\"de_DE\" \/>\n<meta property=\"og:type\" content=\"article\" \/>\n<meta property=\"og:title\" content=\"Ermittler \u00fcberpr\u00fcften Hunderte Menschen aus NSU-Umfeld  - Das NSU-Prozess-Blog\" \/>\n<meta property=\"og:description\" content=\"Neben der Aussage von Carsten S. gab es am Dienstag eine \u00dcberraschung im M\u00fcnchner Gericht: Die Bundesanwaltschaft erl\u00e4uterte auf Anfragen der Nebenkl\u00e4ger, dass insgesamt etwa 500 Menschen aus dem dem m\u00f6glichen Umfeld der Terrorzelle NSU \u00fcberpr\u00fcft wurden \u2013 deutlich mehr, als bisher bekannt.\" \/>\n<meta property=\"og:url\" content=\"https:\/\/blog.zeit.de\/nsu-prozess-blog\/2013\/06\/11\/nsu-umfeld-prozess-ueberprueft\/\" \/>\n<meta property=\"og:site_name\" content=\"Das NSU-Prozess-Blog\" \/>\n<meta property=\"article:published_time\" content=\"2013-06-11T16:19:21+00:00\" \/>\n<meta name=\"author\" content=\"Tilman Steffen\" \/>\n<meta name=\"twitter:label1\" content=\"Geschrieben von\" \/>\n\t<meta name=\"twitter:data1\" content=\"Tilman Steffen\" \/>\n\t<meta name=\"twitter:label2\" content=\"Gesch\u00e4tzte Lesezeit\" \/>\n\t<meta name=\"twitter:data2\" content=\"1\u00a0Minute\" \/>\n<script type=\"application\/ld+json\" class=\"yoast-schema-graph\">{\"@context\":\"https:\/\/schema.org\",\"@graph\":[{\"@type\":\"WebPage\",\"@id\":\"https:\/\/blog.zeit.de\/nsu-prozess-blog\/2013\/06\/11\/nsu-umfeld-prozess-ueberprueft\/\",\"url\":\"https:\/\/blog.zeit.de\/nsu-prozess-blog\/2013\/06\/11\/nsu-umfeld-prozess-ueberprueft\/\",\"name\":\"Ermittler \u00fcberpr\u00fcften Hunderte Menschen aus NSU-Umfeld - Das NSU-Prozess-Blog\",\"isPartOf\":{\"@id\":\"https:\/\/blog.zeit.de\/nsu-prozess-blog\/#website\"},\"datePublished\":\"2013-06-11T16:19:21+00:00\",\"dateModified\":\"2013-06-11T16:19:21+00:00\",\"author\":{\"@id\":\"https:\/\/blog.zeit.de\/nsu-prozess-blog\/#\/schema\/person\/110e2fe4d5ec4e01f71931b64f570c54\"},\"breadcrumb\":{\"@id\":\"https:\/\/blog.zeit.de\/nsu-prozess-blog\/2013\/06\/11\/nsu-umfeld-prozess-ueberprueft\/#breadcrumb\"},\"inLanguage\":\"de\",\"potentialAction\":[{\"@type\":\"ReadAction\",\"target\":[\"https:\/\/blog.zeit.de\/nsu-prozess-blog\/2013\/06\/11\/nsu-umfeld-prozess-ueberprueft\/\"]}]},{\"@type\":\"BreadcrumbList\",\"@id\":\"https:\/\/blog.zeit.de\/nsu-prozess-blog\/2013\/06\/11\/nsu-umfeld-prozess-ueberprueft\/#breadcrumb\",\"itemListElement\":[{\"@type\":\"ListItem\",\"position\":1,\"name\":\"Startseite\",\"item\":\"https:\/\/blog.zeit.de\/nsu-prozess-blog\/\"},{\"@type\":\"ListItem\",\"position\":2,\"name\":\"Ermittler \u00fcberpr\u00fcften Hunderte Menschen aus NSU-Umfeld\"}]},{\"@type\":\"WebSite\",\"@id\":\"https:\/\/blog.zeit.de\/nsu-prozess-blog\/#website\",\"url\":\"https:\/\/blog.zeit.de\/nsu-prozess-blog\/\",\"name\":\"Das NSU-Prozess-Blog\",\"description\":\"Alle Berichte zum Terrorverfahren in M\u00fcnchen\",\"potentialAction\":[{\"@type\":\"SearchAction\",\"target\":{\"@type\":\"EntryPoint\",\"urlTemplate\":\"https:\/\/blog.zeit.de\/nsu-prozess-blog\/?s={search_term_string}\"},\"query-input\":\"required name=search_term_string\"}],\"inLanguage\":\"de\"},{\"@type\":\"Person\",\"@id\":\"https:\/\/blog.zeit.de\/nsu-prozess-blog\/#\/schema\/person\/110e2fe4d5ec4e01f71931b64f570c54\",\"name\":\"Tilman Steffen\",\"image\":{\"@type\":\"ImageObject\",\"inLanguage\":\"de\",\"@id\":\"https:\/\/blog.zeit.de\/nsu-prozess-blog\/#\/schema\/person\/image\/\",\"url\":\"https:\/\/secure.gravatar.com\/avatar\/8c4becdd9d412e3bd74354093718744070721ed0cb4054b7a8b7b12fa1a4b347?s=96&d=mm&r=g\",\"contentUrl\":\"https:\/\/secure.gravatar.com\/avatar\/8c4becdd9d412e3bd74354093718744070721ed0cb4054b7a8b7b12fa1a4b347?s=96&d=mm&r=g\",\"caption\":\"Tilman Steffen\"},\"description\":\"Redakteur bei ZEIT ONLINE seit 2009. Zuvor bei der Netzeitung. Nach der Journalistenschule Arbeit als Printautor und Fotograf; Redakteur und Reporter f\u00fcr epd, Beitr\u00e4ge f\u00fcr ZDF, n-tv, XXP, Mitarbeiter bei Reuters TV. \u2013 Orgelbauer, Kulturmanager, Journalist. Geboren, als Willy Brandt die deutsche Teilung anerkannte. Gro\u00df geworden in Deutschlands S\u00fcdosten \u2013 erwachsen seit dem Mauerfall. Drei Berufe gelernt, zwei Kinder gezeugt, ein Kulturzentrum gegr\u00fcndet \u2013 und dabei zum Journalisten geworden.\",\"sameAs\":[\"http:\/\/www.tilmansteffen.de\"],\"url\":\"https:\/\/blog.zeit.de\/nsu-prozess-blog\/author\/tilman-steffen\/\"}]}<\/script>\n<!-- \/ Yoast SEO plugin. -->","yoast_head_json":{"title":"Ermittler \u00fcberpr\u00fcften Hunderte Menschen aus NSU-Umfeld  - Das NSU-Prozess-Blog","robots":{"index":"index","follow":"follow","max-snippet":"max-snippet:-1","max-image-preview":"max-image-preview:large","max-video-preview":"max-video-preview:-1"},"canonical":"https:\/\/blog.zeit.de\/nsu-prozess-blog\/2013\/06\/11\/nsu-umfeld-prozess-ueberprueft\/","og_locale":"de_DE","og_type":"article","og_title":"Ermittler \u00fcberpr\u00fcften Hunderte Menschen aus NSU-Umfeld  - Das NSU-Prozess-Blog","og_description":"Neben der Aussage von Carsten S. gab es am Dienstag eine \u00dcberraschung im M\u00fcnchner Gericht: Die Bundesanwaltschaft erl\u00e4uterte auf Anfragen der Nebenkl\u00e4ger, dass insgesamt etwa 500 Menschen aus dem dem m\u00f6glichen Umfeld der Terrorzelle NSU \u00fcberpr\u00fcft wurden \u2013 deutlich mehr, als bisher bekannt.","og_url":"https:\/\/blog.zeit.de\/nsu-prozess-blog\/2013\/06\/11\/nsu-umfeld-prozess-ueberprueft\/","og_site_name":"Das NSU-Prozess-Blog","article_published_time":"2013-06-11T16:19:21+00:00","author":"Tilman Steffen","twitter_misc":{"Geschrieben von":"Tilman Steffen","Gesch\u00e4tzte Lesezeit":"1\u00a0Minute"},"schema":{"@context":"https:\/\/schema.org","@graph":[{"@type":"WebPage","@id":"https:\/\/blog.zeit.de\/nsu-prozess-blog\/2013\/06\/11\/nsu-umfeld-prozess-ueberprueft\/","url":"https:\/\/blog.zeit.de\/nsu-prozess-blog\/2013\/06\/11\/nsu-umfeld-prozess-ueberprueft\/","name":"Ermittler \u00fcberpr\u00fcften Hunderte Menschen aus NSU-Umfeld - Das NSU-Prozess-Blog","isPartOf":{"@id":"https:\/\/blog.zeit.de\/nsu-prozess-blog\/#website"},"datePublished":"2013-06-11T16:19:21+00:00","dateModified":"2013-06-11T16:19:21+00:00","author":{"@id":"https:\/\/blog.zeit.de\/nsu-prozess-blog\/#\/schema\/person\/110e2fe4d5ec4e01f71931b64f570c54"},"breadcrumb":{"@id":"https:\/\/blog.zeit.de\/nsu-prozess-blog\/2013\/06\/11\/nsu-umfeld-prozess-ueberprueft\/#breadcrumb"},"inLanguage":"de","potentialAction":[{"@type":"ReadAction","target":["https:\/\/blog.zeit.de\/nsu-prozess-blog\/2013\/06\/11\/nsu-umfeld-prozess-ueberprueft\/"]}]},{"@type":"BreadcrumbList","@id":"https:\/\/blog.zeit.de\/nsu-prozess-blog\/2013\/06\/11\/nsu-umfeld-prozess-ueberprueft\/#breadcrumb","itemListElement":[{"@type":"ListItem","position":1,"name":"Startseite","item":"https:\/\/blog.zeit.de\/nsu-prozess-blog\/"},{"@type":"ListItem","position":2,"name":"Ermittler \u00fcberpr\u00fcften Hunderte Menschen aus NSU-Umfeld"}]},{"@type":"WebSite","@id":"https:\/\/blog.zeit.de\/nsu-prozess-blog\/#website","url":"https:\/\/blog.zeit.de\/nsu-prozess-blog\/","name":"Das NSU-Prozess-Blog","description":"Alle Berichte zum Terrorverfahren in M\u00fcnchen","potentialAction":[{"@type":"SearchAction","target":{"@type":"EntryPoint","urlTemplate":"https:\/\/blog.zeit.de\/nsu-prozess-blog\/?s={search_term_string}"},"query-input":"required name=search_term_string"}],"inLanguage":"de"},{"@type":"Person","@id":"https:\/\/blog.zeit.de\/nsu-prozess-blog\/#\/schema\/person\/110e2fe4d5ec4e01f71931b64f570c54","name":"Tilman Steffen","image":{"@type":"ImageObject","inLanguage":"de","@id":"https:\/\/blog.zeit.de\/nsu-prozess-blog\/#\/schema\/person\/image\/","url":"https:\/\/secure.gravatar.com\/avatar\/8c4becdd9d412e3bd74354093718744070721ed0cb4054b7a8b7b12fa1a4b347?s=96&d=mm&r=g","contentUrl":"https:\/\/secure.gravatar.com\/avatar\/8c4becdd9d412e3bd74354093718744070721ed0cb4054b7a8b7b12fa1a4b347?s=96&d=mm&r=g","caption":"Tilman Steffen"},"description":"Redakteur bei ZEIT ONLINE seit 2009. Zuvor bei der Netzeitung. Nach der Journalistenschule Arbeit als Printautor und Fotograf; Redakteur und Reporter f\u00fcr epd, Beitr\u00e4ge f\u00fcr ZDF, n-tv, XXP, Mitarbeiter bei Reuters TV. \u2013 Orgelbauer, Kulturmanager, Journalist. Geboren, als Willy Brandt die deutsche Teilung anerkannte. Gro\u00df geworden in Deutschlands S\u00fcdosten \u2013 erwachsen seit dem Mauerfall. Drei Berufe gelernt, zwei Kinder gezeugt, ein Kulturzentrum gegr\u00fcndet \u2013 und dabei zum Journalisten geworden.","sameAs":["http:\/\/www.tilmansteffen.de"],"url":"https:\/\/blog.zeit.de\/nsu-prozess-blog\/author\/tilman-steffen\/"}]}},"jetpack_featured_media_url":"","jetpack_sharing_enabled":true,"_links":{"self":[{"href":"https:\/\/blog.zeit.de\/nsu-prozess-blog\/wp-json\/wp\/v2\/posts\/1110","targetHints":{"allow":["GET"]}}],"collection":[{"href":"https:\/\/blog.zeit.de\/nsu-prozess-blog\/wp-json\/wp\/v2\/posts"}],"about":[{"href":"https:\/\/blog.zeit.de\/nsu-prozess-blog\/wp-json\/wp\/v2\/types\/post"}],"author":[{"embeddable":true,"href":"https:\/\/blog.zeit.de\/nsu-prozess-blog\/wp-json\/wp\/v2\/users\/191"}],"replies":[{"embeddable":true,"href":"https:\/\/blog.zeit.de\/nsu-prozess-blog\/wp-json\/wp\/v2\/comments?post=1110"}],"version-history":[{"count":1,"href":"https:\/\/blog.zeit.de\/nsu-prozess-blog\/wp-json\/wp\/v2\/posts\/1110\/revisions"}],"predecessor-version":[{"id":1111,"href":"https:\/\/blog.zeit.de\/nsu-prozess-blog\/wp-json\/wp\/v2\/posts\/1110\/revisions\/1111"}],"wp:attachment":[{"href":"https:\/\/blog.zeit.de\/nsu-prozess-blog\/wp-json\/wp\/v2\/media?parent=1110"}],"wp:term":[{"taxonomy":"category","embeddable":true,"href":"https:\/\/blog.zeit.de\/nsu-prozess-blog\/wp-json\/wp\/v2\/categories?post=1110"},{"taxonomy":"post_tag","embeddable":true,"href":"https:\/\/blog.zeit.de\/nsu-prozess-blog\/wp-json\/wp\/v2\/tags?post=1110"}],"curies":[{"name":"wp","href":"https:\/\/api.w.org\/{rel}","templated":true}]}}