{"id":1115,"date":"2013-06-12T06:54:05","date_gmt":"2013-06-12T04:54:05","guid":{"rendered":"http:\/\/blog.zeit.de\/nsu-prozess-blog\/?p=1115"},"modified":"2013-06-12T09:22:57","modified_gmt":"2013-06-12T07:22:57","slug":"noch-ein-nsu-anschlag-das-nsu-medienlog-vom-mittwoch-12-juni-2013","status":"publish","type":"post","link":"https:\/\/blog.zeit.de\/nsu-prozess-blog\/2013\/06\/12\/noch-ein-nsu-anschlag-das-nsu-medienlog-vom-mittwoch-12-juni-2013\/","title":{"rendered":"Noch ein NSU-Anschlag? \u2013 das NSU-Medienlog vom Mittwoch 12. Juni 2013"},"content":{"rendered":"<p>In der Berichterstattung \u00fcber den Prozess geht es haupts\u00e4chlich um die Aussage des Angeklagten Carsten S. und vor allem um dessen indirekten Hinweis, dass noch ein <strong>weiterer Anschlag<\/strong> auf das Konto des NSU gehen k\u00f6nnte. Viele Prozessbeobachter stellen, wohl einem journalistischen Reflex folgend, <strong>die beobachteten Emotionen heraus<\/strong> und thematisieren die Tr\u00e4nen, die S. w\u00e4hrend seiner Aussage kamen, unter anderem\u00a0<a href=\"http:\/\/www.tagesspiegel.de\/politik\/noch-ein-gestaendnis\/8334342.html\" target=\"_blank\"><em> Tagesspiegel<\/em><\/a>, <a href=\"http:\/\/www.focus.de\/politik\/deutschland\/nazi-terror\/tid-31782\/nsu-prozess-angeklagter-carsten-s-packt-unter-traenen-aus_aid_1011165.html\" target=\"_blank\"><em>Focus Online<\/em><\/a>, <a href=\"http:\/\/www.welt.de\/politik\/deutschland\/article117040677\/Begingen-die-Uwes-Anschlag-ohne-Frau-Zschaepe.html\" target=\"_blank\"><em>die Welt<\/em><\/a>, <a href=\"http:\/\/www.sueddeutsche.de\/politik\/nsu-prozess-in-muenchen-carsten-s-entlastet-beate-zschaepe-1.1693616\"><em>S\u00fcddeutsche Zeitung<\/em><\/a>,<a href=\"http:\/\/www.zeit.de\/gesellschaft\/zeitgeschehen\/2013-06\/nsu-prozess-carsten-s-anschlag\"> ZEIT ONLINE<\/a>, <a href=\"http:\/\/www.faz.net\/aktuell\/politik\/inland\/nsu-prozess-aussage-von-carsten-s-koennte-beate-zschaepe-entlasten-12217816.html\"><em>Frankfurter Allgemeine Zeitung <\/em><\/a>und <a href=\"http:\/\/www.berliner-zeitung.de\/neonazi-terror\/nsu-prozess-psst--beate-kommt,11151296,23249000.html\" target=\"_blank\"><em>Berliner Zeitung<\/em><\/a> sowie die t\u00fcrkischsprachigen Medien, <a href=\"http:\/\/www.gazeteport.com.tr\/haber\/136626\/her-seyi-acikca-anlatacagim\" target=\"_blank\"><em>Gazetereport<\/em><\/a>, <a href=\"http:\/\/zaman-online.de\/33622\/sanik-carsten-s-cinayet-silahini-aglayarak-anlatti\" target=\"_blank\"><em>Zaman<\/em><\/a>, <a href=\"http:\/\/www.turkiyegazetesi.com.tr\/dunya\/44383.aspx\" target=\"_blank\"><em>T\u00fcrkiye<\/em><\/a> und <a href=\"http:\/\/www.sabah.de\/zschaepe-hicbirsey-bilmiyormus.html\" target=\"_blank\"><em>Sabah<\/em><\/a>.<\/p>\n<p style=\"padding-left: 30px;\"><!--more--><\/p>\n<p style=\"padding-left: 30px;\"><em>An jedem Werktag fassen wir im NSU-Prozess-Blog die wichtigsten Medienberichte, Blogs, Videos und Tweets zusammen. Wir freuen uns \u00fcber Hinweise via Twitter mit dem Hashtag #nsublog \u2013 oder per E-Mail an nsublog@zeit.de.<\/em><\/p>\n<p>\u00c4rger zog <a href=\"https:\/\/blog.zeit.de\/nsu-prozess-blog\/2013\/06\/11\/nsu-umfeld-prozess-ueberprueft\/\" target=\"_blank\">die sogenannte <strong>129er Liste nach sich<\/strong><\/a>, eine Liste von Personen, von denen die Ermittler mutma\u00dften, dass sie zum Umfeld von Beate Zsch\u00e4pe, Uwe B\u00f6hnhardt und Uwe Mundlos geh\u00f6ren. Die Anklagebeh\u00f6rde hatte die Liste auf Verlangen des NSU-Untersuchungsausschusses erstellt. Am neunten Prozesstag kam heraus, dass nicht nur 129, sondern insgesamt etwa 500 Menschen aus dem NSU-Umfeld \u00fcberpr\u00fcft wurden. Nachzulesen unter anderem in <a href=\"https:\/\/blog.zeit.de\/nsu-prozess-blog\/2013\/06\/11\/nsu-umfeld-prozess-ueberprueft\/\" target=\"_blank\">unserem Blog<\/a> sowie im <a href=\"http:\/\/www.swr.de\/blog\/terrorismus\/2013\/06\/11\/null-bedeutung-wie-beim-gba-die-129er-liste-explodierte\/\" target=\"_blank\">Blog des Rechtsexperten Holger Schmidt<\/a>.<\/p>\n<p>Lena Kampf bringt die Aussage des Angeklagten S. auf <em><a href=\"http:\/\/www.stern.de\/blogs\/nsu-prozess\/weiterer-rohrbombenanschlag-auf-konto-des-nsu\/\" target=\"_blank\">stern.de<\/a><\/em> in Zusammenhang mit einem <strong>Rohrbombenanschlag:<\/strong> 1999 explodierte in N\u00fcrnberg eine Bombe in der Gastst\u00e4tte, die ein T\u00fcrke betrieb. Der Sprengsatz\u00a0 habe wie eine Taschenlampe ausgesehen, schreibt sie. Das w\u00fcrde zur Aussage von Carsten S. passen: Denn S. sagte vor Gericht, Uwe Mundlos und Uwe B\u00f6hnhardt h\u00e4tten von einer Taschenlampe erz\u00e4hlt, die sie in N\u00fcrnberg &#8222;hingestellt&#8220; h\u00e4tten. Sp\u00e4ter sei ihm der Gedanke gekommen, dass dieser Taschenlampe eine Rohrbombe gewesen sein k\u00f6nnte.<\/p>\n<p>Der Anschlag auf die Gastst\u00e4tte in N\u00fcrnberg ist der Bundesanwaltschaft laut <em>stern.de<\/em> nicht bekannt.<\/p>\n<p>Die Stelle der Aussage, an der Carsten S. die Hauptangeklagte Beate Zsch\u00e4pe wom\u00f6glich zum Teil entlastet, beschreibt Giesela Friedrichsen auf <a href=\"http:\/\/www.spiegel.de\/panorama\/justiz\/carsten-s-im-nsu-prozess-im-muenchner-landgericht-a-905159.html\"><em>Spiegel Online<\/em><\/a>: &#8222;Pl\u00f6tzlich wird S. laut, seine Stimme \u00fcberschl\u00e4gt sich. Er weint und schluchzt, schl\u00e4gt die H\u00e4nde vors Gesicht. Das dann folgende Zitat deutet ebenso stark auf eine Gewalttat in N\u00fcrnberg hin: &#8222;Die haben gesagt, dass sie in N\u00fcrnberg jemanden umgeblasen haben \u2013 und haben so spektakul\u00e4r erz\u00e4hlt \u2013 und dann kam Frau Zsch\u00e4pe \u2013 und die sagten:<strong> &#8218;Pssst, die soll das nicht mitbekommen!'&#8220;<\/strong><\/p>\n<blockquote class=\"twitter-tweet\" lang=\"de\"><p><a href=\"https:\/\/twitter.com\/search\/%23nsu\">#nsu<\/a> Lena Kampf, stern, will Anschlag gefunden haben, der auf den angedeuteten passt, BAW will sich noch nicht dazu \u00e4u\u00dfern: <a title=\"http:\/\/www.stern.de\/blogs\/nsu-prozess\/weiterer-rohrbombenanschlag-auf-konto-des-nsu\/\" href=\"http:\/\/t.co\/Ju9ebk7Zgq\">stern.de\/blogs\/nsu-proz\u2026<\/a><\/p>\n<p>\u2014 NSU Watch (@nsuwatch) <a href=\"https:\/\/twitter.com\/nsuwatch\/status\/344478648566444033\">11. Juni 2013<\/a><\/p><\/blockquote>\n<style type=\"text\/css\"><\/style>\n<p><strong>Warum lag der Bundesanwaltschaft der N\u00fcrnberger Fall nicht vor?<\/strong> Sollte sich best\u00e4tigen, dass es sich bei dem Anschlag in N\u00fcrnberg um eine NSU-Tat handelte, w\u00e4re das eine weitere Ermittlungspanne, kommentiert <a href=\"http:\/\/www.tagesschau.de\/ausland\/nsu-prozess226.html\" target=\"_blank\">Tim A\u00dfmann im Bayrischen Rundfunk<\/a> und fragt: &#8222;Wenn es einen weiteren NSU-Anschlag gab, warum konnte er den Rechtsterroristen bisher nicht zugeordnet werden?&#8220;<\/p>\n<p>Eigentlich sollte die Bundesanwaltschaft \u00fcber alle F\u00e4lle informiert werden, die m\u00f6glicherweise vom NSU begangen worden sein k\u00f6nnten. Der N\u00fcrnberger Fall wurde jedoch nicht vorgelegt, sagt A\u00dfmann. Vielmehr liefen die Ermittlungen in Richtung Schutzgelderpressung und wurden eingestellt.<\/p>\n<p>Der Bayrische Rundfunk zitiert einen Sprecher der N\u00fcrnberger Staatsanwaltschaft mit der Information, dass die entsprechende Akte &#8222;mit hoher Wahrscheinlichkeit mittlerweile vernichtet&#8220; sei.<\/p>\n<p style=\"padding-left: 30px;\"><em>Das n\u00e4chste Medienlog erscheint am Donnerstag, den 13. Juni.<\/em><\/p>\n","protected":false},"excerpt":{"rendered":"<p>In der Berichterstattung \u00fcber den Prozess geht es haupts\u00e4chlich um die Aussage des Angeklagten Carsten S. und vor allem um dessen indirekten Hinweis, dass noch ein weiterer Anschlag auf das Konto des NSU gehen k\u00f6nnte. Viele Prozessbeobachter stellen, wohl einem journalistischen Reflex folgend, die beobachteten Emotionen heraus und thematisieren die Tr\u00e4nen, die S. w\u00e4hrend seiner [&hellip;]<\/p>\n","protected":false},"author":410,"featured_media":0,"comment_status":"open","ping_status":"open","sticky":false,"template":"","format":"standard","meta":{"_jetpack_memberships_contains_paid_content":false,"footnotes":""},"categories":[27531],"tags":[17793,27533,27541,27548,12752,27536],"class_list":["post-1115","post","type-post","status-publish","format-standard","hentry","category-medienschau","tag-beate-zschape","tag-bohnhardt","tag-carsten-s","tag-holger-g","tag-nsu","tag-untersuchungsausschuss"],"yoast_head":"<!-- This site is optimized with the Yoast SEO plugin v21.0 - https:\/\/yoast.com\/wordpress\/plugins\/seo\/ -->\n<title>Noch ein NSU-Anschlag? \u2013 das NSU-Medienlog vom Mittwoch 12. Juni 2013 - Das NSU-Prozess-Blog<\/title>\n<meta name=\"robots\" content=\"index, follow, max-snippet:-1, max-image-preview:large, max-video-preview:-1\" \/>\n<link rel=\"canonical\" href=\"https:\/\/blog.zeit.de\/nsu-prozess-blog\/2013\/06\/12\/noch-ein-nsu-anschlag-das-nsu-medienlog-vom-mittwoch-12-juni-2013\/\" \/>\n<meta property=\"og:locale\" content=\"de_DE\" \/>\n<meta property=\"og:type\" content=\"article\" \/>\n<meta property=\"og:title\" content=\"Noch ein NSU-Anschlag? \u2013 das NSU-Medienlog vom Mittwoch 12. Juni 2013 - Das NSU-Prozess-Blog\" \/>\n<meta property=\"og:description\" content=\"In der Berichterstattung \u00fcber den Prozess geht es haupts\u00e4chlich um die Aussage des Angeklagten Carsten S. und vor allem um dessen indirekten Hinweis, dass noch ein weiterer Anschlag auf das Konto des NSU gehen k\u00f6nnte. Viele Prozessbeobachter stellen, wohl einem journalistischen Reflex folgend, die beobachteten Emotionen heraus und thematisieren die Tr\u00e4nen, die S. w\u00e4hrend seiner [&hellip;]\" \/>\n<meta property=\"og:url\" content=\"https:\/\/blog.zeit.de\/nsu-prozess-blog\/2013\/06\/12\/noch-ein-nsu-anschlag-das-nsu-medienlog-vom-mittwoch-12-juni-2013\/\" \/>\n<meta property=\"og:site_name\" content=\"Das NSU-Prozess-Blog\" \/>\n<meta property=\"article:published_time\" content=\"2013-06-12T04:54:05+00:00\" \/>\n<meta property=\"article:modified_time\" content=\"2013-06-12T07:22:57+00:00\" \/>\n<meta name=\"author\" content=\"Mirjam Schmitt\" \/>\n<meta name=\"twitter:label1\" content=\"Geschrieben von\" \/>\n\t<meta name=\"twitter:data1\" content=\"Mirjam Schmitt\" \/>\n\t<meta name=\"twitter:label2\" content=\"Gesch\u00e4tzte Lesezeit\" \/>\n\t<meta name=\"twitter:data2\" content=\"3\u00a0Minuten\" \/>\n<script type=\"application\/ld+json\" class=\"yoast-schema-graph\">{\"@context\":\"https:\/\/schema.org\",\"@graph\":[{\"@type\":\"WebPage\",\"@id\":\"https:\/\/blog.zeit.de\/nsu-prozess-blog\/2013\/06\/12\/noch-ein-nsu-anschlag-das-nsu-medienlog-vom-mittwoch-12-juni-2013\/\",\"url\":\"https:\/\/blog.zeit.de\/nsu-prozess-blog\/2013\/06\/12\/noch-ein-nsu-anschlag-das-nsu-medienlog-vom-mittwoch-12-juni-2013\/\",\"name\":\"Noch ein NSU-Anschlag? \u2013 das NSU-Medienlog vom Mittwoch 12. Juni 2013 - Das NSU-Prozess-Blog\",\"isPartOf\":{\"@id\":\"https:\/\/blog.zeit.de\/nsu-prozess-blog\/#website\"},\"datePublished\":\"2013-06-12T04:54:05+00:00\",\"dateModified\":\"2013-06-12T07:22:57+00:00\",\"author\":{\"@id\":\"https:\/\/blog.zeit.de\/nsu-prozess-blog\/#\/schema\/person\/45acffb344ee326a2ebea3f5c0ad3ae8\"},\"breadcrumb\":{\"@id\":\"https:\/\/blog.zeit.de\/nsu-prozess-blog\/2013\/06\/12\/noch-ein-nsu-anschlag-das-nsu-medienlog-vom-mittwoch-12-juni-2013\/#breadcrumb\"},\"inLanguage\":\"de\",\"potentialAction\":[{\"@type\":\"ReadAction\",\"target\":[\"https:\/\/blog.zeit.de\/nsu-prozess-blog\/2013\/06\/12\/noch-ein-nsu-anschlag-das-nsu-medienlog-vom-mittwoch-12-juni-2013\/\"]}]},{\"@type\":\"BreadcrumbList\",\"@id\":\"https:\/\/blog.zeit.de\/nsu-prozess-blog\/2013\/06\/12\/noch-ein-nsu-anschlag-das-nsu-medienlog-vom-mittwoch-12-juni-2013\/#breadcrumb\",\"itemListElement\":[{\"@type\":\"ListItem\",\"position\":1,\"name\":\"Startseite\",\"item\":\"https:\/\/blog.zeit.de\/nsu-prozess-blog\/\"},{\"@type\":\"ListItem\",\"position\":2,\"name\":\"Noch ein NSU-Anschlag? \u2013 das NSU-Medienlog vom Mittwoch 12. Juni 2013\"}]},{\"@type\":\"WebSite\",\"@id\":\"https:\/\/blog.zeit.de\/nsu-prozess-blog\/#website\",\"url\":\"https:\/\/blog.zeit.de\/nsu-prozess-blog\/\",\"name\":\"Das NSU-Prozess-Blog\",\"description\":\"Alle Berichte zum Terrorverfahren in M\u00fcnchen\",\"potentialAction\":[{\"@type\":\"SearchAction\",\"target\":{\"@type\":\"EntryPoint\",\"urlTemplate\":\"https:\/\/blog.zeit.de\/nsu-prozess-blog\/?s={search_term_string}\"},\"query-input\":\"required name=search_term_string\"}],\"inLanguage\":\"de\"},{\"@type\":\"Person\",\"@id\":\"https:\/\/blog.zeit.de\/nsu-prozess-blog\/#\/schema\/person\/45acffb344ee326a2ebea3f5c0ad3ae8\",\"name\":\"Mirjam Schmitt\",\"image\":{\"@type\":\"ImageObject\",\"inLanguage\":\"de\",\"@id\":\"https:\/\/blog.zeit.de\/nsu-prozess-blog\/#\/schema\/person\/image\/\",\"url\":\"https:\/\/secure.gravatar.com\/avatar\/21ea3e922b6404f0cab7bb919e2b401850e5cef2e7155dba6caa935b66c5688b?s=96&d=mm&r=g\",\"contentUrl\":\"https:\/\/secure.gravatar.com\/avatar\/21ea3e922b6404f0cab7bb919e2b401850e5cef2e7155dba6caa935b66c5688b?s=96&d=mm&r=g\",\"caption\":\"Mirjam Schmitt\"},\"url\":\"https:\/\/blog.zeit.de\/nsu-prozess-blog\/author\/mschmitt\/\"}]}<\/script>\n<!-- \/ Yoast SEO plugin. -->","yoast_head_json":{"title":"Noch ein NSU-Anschlag? \u2013 das NSU-Medienlog vom Mittwoch 12. Juni 2013 - Das NSU-Prozess-Blog","robots":{"index":"index","follow":"follow","max-snippet":"max-snippet:-1","max-image-preview":"max-image-preview:large","max-video-preview":"max-video-preview:-1"},"canonical":"https:\/\/blog.zeit.de\/nsu-prozess-blog\/2013\/06\/12\/noch-ein-nsu-anschlag-das-nsu-medienlog-vom-mittwoch-12-juni-2013\/","og_locale":"de_DE","og_type":"article","og_title":"Noch ein NSU-Anschlag? \u2013 das NSU-Medienlog vom Mittwoch 12. Juni 2013 - Das NSU-Prozess-Blog","og_description":"In der Berichterstattung \u00fcber den Prozess geht es haupts\u00e4chlich um die Aussage des Angeklagten Carsten S. und vor allem um dessen indirekten Hinweis, dass noch ein weiterer Anschlag auf das Konto des NSU gehen k\u00f6nnte. Viele Prozessbeobachter stellen, wohl einem journalistischen Reflex folgend, die beobachteten Emotionen heraus und thematisieren die Tr\u00e4nen, die S. w\u00e4hrend seiner [&hellip;]","og_url":"https:\/\/blog.zeit.de\/nsu-prozess-blog\/2013\/06\/12\/noch-ein-nsu-anschlag-das-nsu-medienlog-vom-mittwoch-12-juni-2013\/","og_site_name":"Das NSU-Prozess-Blog","article_published_time":"2013-06-12T04:54:05+00:00","article_modified_time":"2013-06-12T07:22:57+00:00","author":"Mirjam Schmitt","twitter_misc":{"Geschrieben von":"Mirjam Schmitt","Gesch\u00e4tzte Lesezeit":"3\u00a0Minuten"},"schema":{"@context":"https:\/\/schema.org","@graph":[{"@type":"WebPage","@id":"https:\/\/blog.zeit.de\/nsu-prozess-blog\/2013\/06\/12\/noch-ein-nsu-anschlag-das-nsu-medienlog-vom-mittwoch-12-juni-2013\/","url":"https:\/\/blog.zeit.de\/nsu-prozess-blog\/2013\/06\/12\/noch-ein-nsu-anschlag-das-nsu-medienlog-vom-mittwoch-12-juni-2013\/","name":"Noch ein NSU-Anschlag? \u2013 das NSU-Medienlog vom Mittwoch 12. Juni 2013 - Das NSU-Prozess-Blog","isPartOf":{"@id":"https:\/\/blog.zeit.de\/nsu-prozess-blog\/#website"},"datePublished":"2013-06-12T04:54:05+00:00","dateModified":"2013-06-12T07:22:57+00:00","author":{"@id":"https:\/\/blog.zeit.de\/nsu-prozess-blog\/#\/schema\/person\/45acffb344ee326a2ebea3f5c0ad3ae8"},"breadcrumb":{"@id":"https:\/\/blog.zeit.de\/nsu-prozess-blog\/2013\/06\/12\/noch-ein-nsu-anschlag-das-nsu-medienlog-vom-mittwoch-12-juni-2013\/#breadcrumb"},"inLanguage":"de","potentialAction":[{"@type":"ReadAction","target":["https:\/\/blog.zeit.de\/nsu-prozess-blog\/2013\/06\/12\/noch-ein-nsu-anschlag-das-nsu-medienlog-vom-mittwoch-12-juni-2013\/"]}]},{"@type":"BreadcrumbList","@id":"https:\/\/blog.zeit.de\/nsu-prozess-blog\/2013\/06\/12\/noch-ein-nsu-anschlag-das-nsu-medienlog-vom-mittwoch-12-juni-2013\/#breadcrumb","itemListElement":[{"@type":"ListItem","position":1,"name":"Startseite","item":"https:\/\/blog.zeit.de\/nsu-prozess-blog\/"},{"@type":"ListItem","position":2,"name":"Noch ein NSU-Anschlag? \u2013 das NSU-Medienlog vom Mittwoch 12. Juni 2013"}]},{"@type":"WebSite","@id":"https:\/\/blog.zeit.de\/nsu-prozess-blog\/#website","url":"https:\/\/blog.zeit.de\/nsu-prozess-blog\/","name":"Das NSU-Prozess-Blog","description":"Alle Berichte zum Terrorverfahren in M\u00fcnchen","potentialAction":[{"@type":"SearchAction","target":{"@type":"EntryPoint","urlTemplate":"https:\/\/blog.zeit.de\/nsu-prozess-blog\/?s={search_term_string}"},"query-input":"required name=search_term_string"}],"inLanguage":"de"},{"@type":"Person","@id":"https:\/\/blog.zeit.de\/nsu-prozess-blog\/#\/schema\/person\/45acffb344ee326a2ebea3f5c0ad3ae8","name":"Mirjam Schmitt","image":{"@type":"ImageObject","inLanguage":"de","@id":"https:\/\/blog.zeit.de\/nsu-prozess-blog\/#\/schema\/person\/image\/","url":"https:\/\/secure.gravatar.com\/avatar\/21ea3e922b6404f0cab7bb919e2b401850e5cef2e7155dba6caa935b66c5688b?s=96&d=mm&r=g","contentUrl":"https:\/\/secure.gravatar.com\/avatar\/21ea3e922b6404f0cab7bb919e2b401850e5cef2e7155dba6caa935b66c5688b?s=96&d=mm&r=g","caption":"Mirjam Schmitt"},"url":"https:\/\/blog.zeit.de\/nsu-prozess-blog\/author\/mschmitt\/"}]}},"jetpack_featured_media_url":"","jetpack_sharing_enabled":true,"_links":{"self":[{"href":"https:\/\/blog.zeit.de\/nsu-prozess-blog\/wp-json\/wp\/v2\/posts\/1115","targetHints":{"allow":["GET"]}}],"collection":[{"href":"https:\/\/blog.zeit.de\/nsu-prozess-blog\/wp-json\/wp\/v2\/posts"}],"about":[{"href":"https:\/\/blog.zeit.de\/nsu-prozess-blog\/wp-json\/wp\/v2\/types\/post"}],"author":[{"embeddable":true,"href":"https:\/\/blog.zeit.de\/nsu-prozess-blog\/wp-json\/wp\/v2\/users\/410"}],"replies":[{"embeddable":true,"href":"https:\/\/blog.zeit.de\/nsu-prozess-blog\/wp-json\/wp\/v2\/comments?post=1115"}],"version-history":[{"count":22,"href":"https:\/\/blog.zeit.de\/nsu-prozess-blog\/wp-json\/wp\/v2\/posts\/1115\/revisions"}],"predecessor-version":[{"id":1137,"href":"https:\/\/blog.zeit.de\/nsu-prozess-blog\/wp-json\/wp\/v2\/posts\/1115\/revisions\/1137"}],"wp:attachment":[{"href":"https:\/\/blog.zeit.de\/nsu-prozess-blog\/wp-json\/wp\/v2\/media?parent=1115"}],"wp:term":[{"taxonomy":"category","embeddable":true,"href":"https:\/\/blog.zeit.de\/nsu-prozess-blog\/wp-json\/wp\/v2\/categories?post=1115"},{"taxonomy":"post_tag","embeddable":true,"href":"https:\/\/blog.zeit.de\/nsu-prozess-blog\/wp-json\/wp\/v2\/tags?post=1115"}],"curies":[{"name":"wp","href":"https:\/\/api.w.org\/{rel}","templated":true}]}}