{"id":11152,"date":"2016-03-23T09:49:57","date_gmt":"2016-03-23T08:49:57","guid":{"rendered":"http:\/\/blog.zeit.de\/nsu-prozess-blog\/?p=11152"},"modified":"2016-03-23T09:49:57","modified_gmt":"2016-03-23T08:49:57","slug":"medienlog-zschaepe-mdr-eisenach-nsu","status":"publish","type":"post","link":"https:\/\/blog.zeit.de\/nsu-prozess-blog\/2016\/03\/23\/medienlog-zschaepe-mdr-eisenach-nsu\/","title":{"rendered":"MDR st\u00fctzt Zsch\u00e4pes Aussage \u2013 Das Medienlog vom Mittwoch, 23. M\u00e4rz 2016"},"content":{"rendered":"<p>Wie glaubhaft ist die <a href=\"http:\/\/www.zeit.de\/politik\/ausland\/2015-12\/beate-schaepe-aussage-bewertung\">Aussage von Beate Zsch\u00e4pe<\/a>? Einige ihrer Angaben bed\u00fcrfen der Pr\u00fcfung \u2013 in einem Punkt wird nun deutlich, dass die Hauptangeklagte wahrscheinlich die Wahrheit gesagt hat: Zsch\u00e4pe hatte mitgeteilt, dass sie am 4. November 2011 <a href=\"http:\/\/www.zeit.de\/gesellschaft\/2013-11\/nsu-prozess-menzel\">vom Tod ihrer Komplizen Uwe Mundlos und Uwe B\u00f6hnhardt aus dem Radio erfahren hatte<\/a>. Das ist plausibel, wie <a href=\"http:\/\/www.mdr.de\/thueringen\/nsu-prozess-zschaepe-radio-nachrichten-100_zc-1201c59b_zs-4e0ede05.html\" target=\"_blank\">Recherchen des MDR<\/a> ergeben haben.<\/p>\n<p>Demnach berichteten die MDR-Sender um 14 Uhr von zwei Leichen, die in einem ausgebrannten Wohnmobil in Eisenach gefunden worden waren, auch ein Zusammenhang mit dem vorausgegangenen \u00dcberfall auf eine Sparkasse wurde hergestellt. Eine Stunde sp\u00e4ter, kurz nach 15 Uhr, setzte Zsch\u00e4pe <a href=\"http:\/\/www.zeit.de\/gesellschaft\/zeitgeschehen\/2013-06\/nsu-prozess-wohnung-brand\">die Zwickauer Wohnung des NSU-Trios in Brand<\/a>. Erhebungen der Ermittler zufolge hatte Zsch\u00e4pe auf einem Computer MDR-Th\u00fcringen geh\u00f6rt.<\/p>\n<p><em>An jedem Werktag sichten wir f\u00fcr das NSU-Prozess-Blog die Medien und stellen wichtige Berichte, Blogs, Videos und Tweets zusammen. Wir freuen uns \u00fcber Hinweise via Twitter mit dem Hashtag #nsublog \u2013 oder per E-Mail an <a href=\"mailto:nsublog@zeit.de\">nsublog@zeit.de<\/a>.<\/em><\/p>\n<p><em>Das n\u00e4chste Medienlog erscheint am Donnerstag, 24. M\u00e4rz 2016.<\/em><\/p>\n","protected":false},"excerpt":{"rendered":"<p>Wie glaubhaft ist die Aussage von Beate Zsch\u00e4pe? Einige ihrer Angaben bed\u00fcrfen der Pr\u00fcfung \u2013 in einem Punkt wird nun deutlich, dass die Hauptangeklagte wahrscheinlich die Wahrheit gesagt hat: Zsch\u00e4pe hatte mitgeteilt, dass sie am 4. November 2011 vom Tod ihrer Komplizen Uwe Mundlos und Uwe B\u00f6hnhardt aus dem Radio erfahren hatte. Das ist plausibel, [&hellip;]<\/p>\n","protected":false},"author":435,"featured_media":0,"comment_status":"open","ping_status":"open","sticky":false,"template":"","format":"standard","meta":{"_jetpack_memberships_contains_paid_content":false,"footnotes":""},"categories":[27531],"tags":[17793,27573,24573,22363,27560],"class_list":["post-11152","post","type-post","status-publish","format-standard","hentry","category-medienschau","tag-beate-zschape","tag-brand","tag-eisenach","tag-mdr","tag-zwickau"],"yoast_head":"<!-- This site is optimized with the Yoast SEO plugin v21.0 - https:\/\/yoast.com\/wordpress\/plugins\/seo\/ -->\n<title>MDR st\u00fctzt Zsch\u00e4pes Aussage \u2013 Das Medienlog vom Mittwoch, 23. M\u00e4rz 2016 - Das NSU-Prozess-Blog<\/title>\n<meta name=\"robots\" content=\"index, follow, max-snippet:-1, max-image-preview:large, max-video-preview:-1\" \/>\n<link rel=\"canonical\" href=\"https:\/\/blog.zeit.de\/nsu-prozess-blog\/2016\/03\/23\/medienlog-zschaepe-mdr-eisenach-nsu\/\" \/>\n<meta property=\"og:locale\" content=\"de_DE\" \/>\n<meta property=\"og:type\" content=\"article\" \/>\n<meta property=\"og:title\" content=\"MDR st\u00fctzt Zsch\u00e4pes Aussage \u2013 Das Medienlog vom Mittwoch, 23. M\u00e4rz 2016 - Das NSU-Prozess-Blog\" \/>\n<meta property=\"og:description\" content=\"Wie glaubhaft ist die Aussage von Beate Zsch\u00e4pe? Einige ihrer Angaben bed\u00fcrfen der Pr\u00fcfung \u2013 in einem Punkt wird nun deutlich, dass die Hauptangeklagte wahrscheinlich die Wahrheit gesagt hat: Zsch\u00e4pe hatte mitgeteilt, dass sie am 4. November 2011 vom Tod ihrer Komplizen Uwe Mundlos und Uwe B\u00f6hnhardt aus dem Radio erfahren hatte. Das ist plausibel, [&hellip;]\" \/>\n<meta property=\"og:url\" content=\"https:\/\/blog.zeit.de\/nsu-prozess-blog\/2016\/03\/23\/medienlog-zschaepe-mdr-eisenach-nsu\/\" \/>\n<meta property=\"og:site_name\" content=\"Das NSU-Prozess-Blog\" \/>\n<meta property=\"article:published_time\" content=\"2016-03-23T08:49:57+00:00\" \/>\n<meta name=\"author\" content=\"Tom Sundermann\" \/>\n<meta name=\"twitter:label1\" content=\"Geschrieben von\" \/>\n\t<meta name=\"twitter:data1\" content=\"Tom Sundermann\" \/>\n\t<meta name=\"twitter:label2\" content=\"Gesch\u00e4tzte Lesezeit\" \/>\n\t<meta name=\"twitter:data2\" content=\"1\u00a0Minute\" \/>\n<script type=\"application\/ld+json\" class=\"yoast-schema-graph\">{\"@context\":\"https:\/\/schema.org\",\"@graph\":[{\"@type\":\"WebPage\",\"@id\":\"https:\/\/blog.zeit.de\/nsu-prozess-blog\/2016\/03\/23\/medienlog-zschaepe-mdr-eisenach-nsu\/\",\"url\":\"https:\/\/blog.zeit.de\/nsu-prozess-blog\/2016\/03\/23\/medienlog-zschaepe-mdr-eisenach-nsu\/\",\"name\":\"MDR st\u00fctzt Zsch\u00e4pes Aussage \u2013 Das Medienlog vom Mittwoch, 23. M\u00e4rz 2016 - Das NSU-Prozess-Blog\",\"isPartOf\":{\"@id\":\"https:\/\/blog.zeit.de\/nsu-prozess-blog\/#website\"},\"datePublished\":\"2016-03-23T08:49:57+00:00\",\"dateModified\":\"2016-03-23T08:49:57+00:00\",\"author\":{\"@id\":\"https:\/\/blog.zeit.de\/nsu-prozess-blog\/#\/schema\/person\/553ea9bb5d1fc2ae054c589bd59380a5\"},\"breadcrumb\":{\"@id\":\"https:\/\/blog.zeit.de\/nsu-prozess-blog\/2016\/03\/23\/medienlog-zschaepe-mdr-eisenach-nsu\/#breadcrumb\"},\"inLanguage\":\"de\",\"potentialAction\":[{\"@type\":\"ReadAction\",\"target\":[\"https:\/\/blog.zeit.de\/nsu-prozess-blog\/2016\/03\/23\/medienlog-zschaepe-mdr-eisenach-nsu\/\"]}]},{\"@type\":\"BreadcrumbList\",\"@id\":\"https:\/\/blog.zeit.de\/nsu-prozess-blog\/2016\/03\/23\/medienlog-zschaepe-mdr-eisenach-nsu\/#breadcrumb\",\"itemListElement\":[{\"@type\":\"ListItem\",\"position\":1,\"name\":\"Startseite\",\"item\":\"https:\/\/blog.zeit.de\/nsu-prozess-blog\/\"},{\"@type\":\"ListItem\",\"position\":2,\"name\":\"MDR st\u00fctzt Zsch\u00e4pes Aussage \u2013 Das Medienlog vom Mittwoch, 23. M\u00e4rz 2016\"}]},{\"@type\":\"WebSite\",\"@id\":\"https:\/\/blog.zeit.de\/nsu-prozess-blog\/#website\",\"url\":\"https:\/\/blog.zeit.de\/nsu-prozess-blog\/\",\"name\":\"Das NSU-Prozess-Blog\",\"description\":\"Alle Berichte zum Terrorverfahren in M\u00fcnchen\",\"potentialAction\":[{\"@type\":\"SearchAction\",\"target\":{\"@type\":\"EntryPoint\",\"urlTemplate\":\"https:\/\/blog.zeit.de\/nsu-prozess-blog\/?s={search_term_string}\"},\"query-input\":\"required name=search_term_string\"}],\"inLanguage\":\"de\"},{\"@type\":\"Person\",\"@id\":\"https:\/\/blog.zeit.de\/nsu-prozess-blog\/#\/schema\/person\/553ea9bb5d1fc2ae054c589bd59380a5\",\"name\":\"Tom Sundermann\",\"image\":{\"@type\":\"ImageObject\",\"inLanguage\":\"de\",\"@id\":\"https:\/\/blog.zeit.de\/nsu-prozess-blog\/#\/schema\/person\/image\/\",\"url\":\"https:\/\/secure.gravatar.com\/avatar\/e108a3dc18766f719b2f797dc5d19093f06a1870c55b553ab6b7563f1f9a5e68?s=96&d=mm&r=g\",\"contentUrl\":\"https:\/\/secure.gravatar.com\/avatar\/e108a3dc18766f719b2f797dc5d19093f06a1870c55b553ab6b7563f1f9a5e68?s=96&d=mm&r=g\",\"caption\":\"Tom Sundermann\"},\"sameAs\":[\"https:\/\/twitter.com\/messeticker\"],\"url\":\"https:\/\/blog.zeit.de\/nsu-prozess-blog\/author\/tsundermann\/\"}]}<\/script>\n<!-- \/ Yoast SEO plugin. -->","yoast_head_json":{"title":"MDR st\u00fctzt Zsch\u00e4pes Aussage \u2013 Das Medienlog vom Mittwoch, 23. M\u00e4rz 2016 - Das NSU-Prozess-Blog","robots":{"index":"index","follow":"follow","max-snippet":"max-snippet:-1","max-image-preview":"max-image-preview:large","max-video-preview":"max-video-preview:-1"},"canonical":"https:\/\/blog.zeit.de\/nsu-prozess-blog\/2016\/03\/23\/medienlog-zschaepe-mdr-eisenach-nsu\/","og_locale":"de_DE","og_type":"article","og_title":"MDR st\u00fctzt Zsch\u00e4pes Aussage \u2013 Das Medienlog vom Mittwoch, 23. M\u00e4rz 2016 - Das NSU-Prozess-Blog","og_description":"Wie glaubhaft ist die Aussage von Beate Zsch\u00e4pe? Einige ihrer Angaben bed\u00fcrfen der Pr\u00fcfung \u2013 in einem Punkt wird nun deutlich, dass die Hauptangeklagte wahrscheinlich die Wahrheit gesagt hat: Zsch\u00e4pe hatte mitgeteilt, dass sie am 4. November 2011 vom Tod ihrer Komplizen Uwe Mundlos und Uwe B\u00f6hnhardt aus dem Radio erfahren hatte. Das ist plausibel, [&hellip;]","og_url":"https:\/\/blog.zeit.de\/nsu-prozess-blog\/2016\/03\/23\/medienlog-zschaepe-mdr-eisenach-nsu\/","og_site_name":"Das NSU-Prozess-Blog","article_published_time":"2016-03-23T08:49:57+00:00","author":"Tom Sundermann","twitter_misc":{"Geschrieben von":"Tom Sundermann","Gesch\u00e4tzte Lesezeit":"1\u00a0Minute"},"schema":{"@context":"https:\/\/schema.org","@graph":[{"@type":"WebPage","@id":"https:\/\/blog.zeit.de\/nsu-prozess-blog\/2016\/03\/23\/medienlog-zschaepe-mdr-eisenach-nsu\/","url":"https:\/\/blog.zeit.de\/nsu-prozess-blog\/2016\/03\/23\/medienlog-zschaepe-mdr-eisenach-nsu\/","name":"MDR st\u00fctzt Zsch\u00e4pes Aussage \u2013 Das Medienlog vom Mittwoch, 23. M\u00e4rz 2016 - Das NSU-Prozess-Blog","isPartOf":{"@id":"https:\/\/blog.zeit.de\/nsu-prozess-blog\/#website"},"datePublished":"2016-03-23T08:49:57+00:00","dateModified":"2016-03-23T08:49:57+00:00","author":{"@id":"https:\/\/blog.zeit.de\/nsu-prozess-blog\/#\/schema\/person\/553ea9bb5d1fc2ae054c589bd59380a5"},"breadcrumb":{"@id":"https:\/\/blog.zeit.de\/nsu-prozess-blog\/2016\/03\/23\/medienlog-zschaepe-mdr-eisenach-nsu\/#breadcrumb"},"inLanguage":"de","potentialAction":[{"@type":"ReadAction","target":["https:\/\/blog.zeit.de\/nsu-prozess-blog\/2016\/03\/23\/medienlog-zschaepe-mdr-eisenach-nsu\/"]}]},{"@type":"BreadcrumbList","@id":"https:\/\/blog.zeit.de\/nsu-prozess-blog\/2016\/03\/23\/medienlog-zschaepe-mdr-eisenach-nsu\/#breadcrumb","itemListElement":[{"@type":"ListItem","position":1,"name":"Startseite","item":"https:\/\/blog.zeit.de\/nsu-prozess-blog\/"},{"@type":"ListItem","position":2,"name":"MDR st\u00fctzt Zsch\u00e4pes Aussage \u2013 Das Medienlog vom Mittwoch, 23. M\u00e4rz 2016"}]},{"@type":"WebSite","@id":"https:\/\/blog.zeit.de\/nsu-prozess-blog\/#website","url":"https:\/\/blog.zeit.de\/nsu-prozess-blog\/","name":"Das NSU-Prozess-Blog","description":"Alle Berichte zum Terrorverfahren in M\u00fcnchen","potentialAction":[{"@type":"SearchAction","target":{"@type":"EntryPoint","urlTemplate":"https:\/\/blog.zeit.de\/nsu-prozess-blog\/?s={search_term_string}"},"query-input":"required name=search_term_string"}],"inLanguage":"de"},{"@type":"Person","@id":"https:\/\/blog.zeit.de\/nsu-prozess-blog\/#\/schema\/person\/553ea9bb5d1fc2ae054c589bd59380a5","name":"Tom Sundermann","image":{"@type":"ImageObject","inLanguage":"de","@id":"https:\/\/blog.zeit.de\/nsu-prozess-blog\/#\/schema\/person\/image\/","url":"https:\/\/secure.gravatar.com\/avatar\/e108a3dc18766f719b2f797dc5d19093f06a1870c55b553ab6b7563f1f9a5e68?s=96&d=mm&r=g","contentUrl":"https:\/\/secure.gravatar.com\/avatar\/e108a3dc18766f719b2f797dc5d19093f06a1870c55b553ab6b7563f1f9a5e68?s=96&d=mm&r=g","caption":"Tom Sundermann"},"sameAs":["https:\/\/twitter.com\/messeticker"],"url":"https:\/\/blog.zeit.de\/nsu-prozess-blog\/author\/tsundermann\/"}]}},"jetpack_featured_media_url":"","jetpack_sharing_enabled":true,"_links":{"self":[{"href":"https:\/\/blog.zeit.de\/nsu-prozess-blog\/wp-json\/wp\/v2\/posts\/11152","targetHints":{"allow":["GET"]}}],"collection":[{"href":"https:\/\/blog.zeit.de\/nsu-prozess-blog\/wp-json\/wp\/v2\/posts"}],"about":[{"href":"https:\/\/blog.zeit.de\/nsu-prozess-blog\/wp-json\/wp\/v2\/types\/post"}],"author":[{"embeddable":true,"href":"https:\/\/blog.zeit.de\/nsu-prozess-blog\/wp-json\/wp\/v2\/users\/435"}],"replies":[{"embeddable":true,"href":"https:\/\/blog.zeit.de\/nsu-prozess-blog\/wp-json\/wp\/v2\/comments?post=11152"}],"version-history":[{"count":4,"href":"https:\/\/blog.zeit.de\/nsu-prozess-blog\/wp-json\/wp\/v2\/posts\/11152\/revisions"}],"predecessor-version":[{"id":11156,"href":"https:\/\/blog.zeit.de\/nsu-prozess-blog\/wp-json\/wp\/v2\/posts\/11152\/revisions\/11156"}],"wp:attachment":[{"href":"https:\/\/blog.zeit.de\/nsu-prozess-blog\/wp-json\/wp\/v2\/media?parent=11152"}],"wp:term":[{"taxonomy":"category","embeddable":true,"href":"https:\/\/blog.zeit.de\/nsu-prozess-blog\/wp-json\/wp\/v2\/categories?post=11152"},{"taxonomy":"post_tag","embeddable":true,"href":"https:\/\/blog.zeit.de\/nsu-prozess-blog\/wp-json\/wp\/v2\/tags?post=11152"}],"curies":[{"name":"wp","href":"https:\/\/api.w.org\/{rel}","templated":true}]}}