{"id":11175,"date":"2016-04-06T08:43:59","date_gmt":"2016-04-06T06:43:59","guid":{"rendered":"http:\/\/blog.zeit.de\/nsu-prozess-blog\/?p=11175"},"modified":"2016-04-06T10:08:41","modified_gmt":"2016-04-06T08:08:41","slug":"medienlog-fragen-zschaepe-video-nsu","status":"publish","type":"post","link":"https:\/\/blog.zeit.de\/nsu-prozess-blog\/2016\/04\/06\/medienlog-fragen-zschaepe-video-nsu\/","title":{"rendered":"Neue Fragen an Zsch\u00e4pe \u2013 Das Medienlog vom Mittwoch, 6. April 2016"},"content":{"rendered":"<p>Eigentlich sollte am Dienstag erneut der aus dem kriminellen Milieu stammende <a href=\"https:\/\/blog.zeit.de\/nsu-prozess-blog\/2016\/02\/16\/die-waffen-mafia-von-thuringen\/\">Zeuge Jens L.<\/a> befragt werden. Stattdessen gab es weitgehend Stillstand: Der Zeuge sagte nicht aus, der kommende Prozesstag wurde abgesetzt. Das Gericht lehnte den Antrag des Mitangeklagten Ralf Wohlleben <a href=\"https:\/\/blog.zeit.de\/nsu-prozess-blog\/2016\/03\/18\/medienlog-aufnahme-beate-zschaepe-wohlleben-nsu\/\">auf Aussetzung des Prozesses<\/a> ab. Zudem stellte der Vorsitzende Richter Manfred G\u00f6tzl zehn neue Fragen <a href=\"http:\/\/www.zeit.de\/politik\/ausland\/2015-12\/beate-schaepe-aussage-bewertung\">an Beate Zsch\u00e4pe<\/a> \u2013 &#8222;vor allem eine hat es in sich&#8220;, bemerkt Wiebke Ramm auf <a href=\"http:\/\/www.spiegel.de\/panorama\/justiz\/nsu-prozess-richter-stellt-weitere-fragen-an-beate-zschaepe-a-1085579.html\" target=\"_blank\"><em>Spiegel Online<\/em><\/a>.<\/p>\n<p><!--more--><\/p>\n<p><em>An jedem Werktag sichten wir f\u00fcr das NSU-Prozess-Blog die Medien und stellen wichtige Berichte, Blogs, Videos und Tweets zusammen. Wir freuen uns \u00fcber Hinweise via Twitter mit dem Hashtag #nsublog \u2013 oder per E-Mail an <a href=\"mailto:nsublog@zeit.de\">nsublog@zeit.de<\/a>.<\/em><\/p>\n<p>In den Fragen geht es \u00fcberwiegend um den ebenfalls angeklagten <a href=\"http:\/\/www.zeit.de\/gesellschaft\/zeitgeschehen\/2013-06\/nsu-prozess-aussage-holger-g\">Holger G.<\/a>, der den NSU-Mitgliedern Personaldokumente \u00fcberlassen und Geld f\u00fcr sie aufbewahrt haben soll. Au\u00dferdem erkundigt sich G\u00f6tzl nach einem Detail des <a href=\"https:\/\/blog.zeit.de\/nsu-prozess-blog\/2016\/03\/15\/zschapes-beitrag-zum-terror-video\/\">NSU-Bekennervideos<\/a>: Es geht um eine schriftlich vereinbarte Wette, an der neben einer Liese auch &#8222;Killer&#8220; und &#8222;Cleaner&#8220; teilnehmen. Diese Tarnnamen beschreiben nach Erkenntnis der Ermittler Zsch\u00e4pe sowie ihre Komplizen Uwe Mundlos und Uwe B\u00f6hnhardt. Als Wetteinsatz vereinbart ist unter anderem &#8222;200x Videoclips schneiden&#8220; \u2013 der Anklage zufolge sind damit Szenen f\u00fcr das NSU-Video gemeint. Zsch\u00e4pe selbst sagte aus, es sei um die Aufnahme von Fernsehserien gegangen.<\/p>\n<p>Tim A\u00dfmann vom <a href=\"http:\/\/www.br.de\/nachrichten\/nsu-prozess\/160405-tagebuch-gerichtsreporter-100.html\" target=\"_blank\">Bayerischen Rundfunk<\/a> besch\u00e4ftigt sich mit der Perspektive der Angeh\u00f6rigen der Opfer. Diese warteten &#8222;weiter auf umfassende Aufkl\u00e4rung&#8220;. Er erinnert an das Versprechen von Bundeskanzlerin Angela Merkel, dass alles getan werden solle, um die Taten aufzukl\u00e4ren: &#8222;Bisher wurde dieses Versprechen nicht erf\u00fcllt.&#8220;<\/p>\n<p><em>Das n\u00e4chste Medienlog erscheint am Donnerstag, 7. April 2016.<\/em><\/p>\n","protected":false},"excerpt":{"rendered":"<p>Eigentlich sollte am Dienstag erneut der aus dem kriminellen Milieu stammende Zeuge Jens L. befragt werden. Stattdessen gab es weitgehend Stillstand: Der Zeuge sagte nicht aus, der kommende Prozesstag wurde abgesetzt. Das Gericht lehnte den Antrag des Mitangeklagten Ralf Wohlleben auf Aussetzung des Prozesses ab. Zudem stellte der Vorsitzende Richter Manfred G\u00f6tzl zehn neue Fragen [&hellip;]<\/p>\n","protected":false},"author":435,"featured_media":0,"comment_status":"open","ping_status":"open","sticky":false,"template":"","format":"standard","meta":{"_jetpack_memberships_contains_paid_content":false,"footnotes":""},"categories":[27531],"tags":[35388,17793,29480,17772,28,35391],"class_list":["post-11175","post","type-post","status-publish","format-standard","hentry","category-medienschau","tag-aussetzungsantrag","tag-beate-zschape","tag-opfer","tag-ralf-wohlleben","tag-video","tag-zschape-aussage"],"yoast_head":"<!-- This site is optimized with the Yoast SEO plugin v21.0 - https:\/\/yoast.com\/wordpress\/plugins\/seo\/ -->\n<title>Neue Fragen an Zsch\u00e4pe \u2013 Das Medienlog vom Mittwoch, 6. April 2016 - Das NSU-Prozess-Blog<\/title>\n<meta name=\"robots\" content=\"index, follow, max-snippet:-1, max-image-preview:large, max-video-preview:-1\" \/>\n<link rel=\"canonical\" href=\"https:\/\/blog.zeit.de\/nsu-prozess-blog\/2016\/04\/06\/medienlog-fragen-zschaepe-video-nsu\/\" \/>\n<meta property=\"og:locale\" content=\"de_DE\" \/>\n<meta property=\"og:type\" content=\"article\" \/>\n<meta property=\"og:title\" content=\"Neue Fragen an Zsch\u00e4pe \u2013 Das Medienlog vom Mittwoch, 6. April 2016 - Das NSU-Prozess-Blog\" \/>\n<meta property=\"og:description\" content=\"Eigentlich sollte am Dienstag erneut der aus dem kriminellen Milieu stammende Zeuge Jens L. befragt werden. Stattdessen gab es weitgehend Stillstand: Der Zeuge sagte nicht aus, der kommende Prozesstag wurde abgesetzt. Das Gericht lehnte den Antrag des Mitangeklagten Ralf Wohlleben auf Aussetzung des Prozesses ab. Zudem stellte der Vorsitzende Richter Manfred G\u00f6tzl zehn neue Fragen [&hellip;]\" \/>\n<meta property=\"og:url\" content=\"https:\/\/blog.zeit.de\/nsu-prozess-blog\/2016\/04\/06\/medienlog-fragen-zschaepe-video-nsu\/\" \/>\n<meta property=\"og:site_name\" content=\"Das NSU-Prozess-Blog\" \/>\n<meta property=\"article:published_time\" content=\"2016-04-06T06:43:59+00:00\" \/>\n<meta property=\"article:modified_time\" content=\"2016-04-06T08:08:41+00:00\" \/>\n<meta name=\"author\" content=\"Tom Sundermann\" \/>\n<meta name=\"twitter:label1\" content=\"Geschrieben von\" \/>\n\t<meta name=\"twitter:data1\" content=\"Tom Sundermann\" \/>\n\t<meta name=\"twitter:label2\" content=\"Gesch\u00e4tzte Lesezeit\" \/>\n\t<meta name=\"twitter:data2\" content=\"1\u00a0Minute\" \/>\n<script type=\"application\/ld+json\" class=\"yoast-schema-graph\">{\"@context\":\"https:\/\/schema.org\",\"@graph\":[{\"@type\":\"WebPage\",\"@id\":\"https:\/\/blog.zeit.de\/nsu-prozess-blog\/2016\/04\/06\/medienlog-fragen-zschaepe-video-nsu\/\",\"url\":\"https:\/\/blog.zeit.de\/nsu-prozess-blog\/2016\/04\/06\/medienlog-fragen-zschaepe-video-nsu\/\",\"name\":\"Neue Fragen an Zsch\u00e4pe \u2013 Das Medienlog vom Mittwoch, 6. April 2016 - Das NSU-Prozess-Blog\",\"isPartOf\":{\"@id\":\"https:\/\/blog.zeit.de\/nsu-prozess-blog\/#website\"},\"datePublished\":\"2016-04-06T06:43:59+00:00\",\"dateModified\":\"2016-04-06T08:08:41+00:00\",\"author\":{\"@id\":\"https:\/\/blog.zeit.de\/nsu-prozess-blog\/#\/schema\/person\/553ea9bb5d1fc2ae054c589bd59380a5\"},\"breadcrumb\":{\"@id\":\"https:\/\/blog.zeit.de\/nsu-prozess-blog\/2016\/04\/06\/medienlog-fragen-zschaepe-video-nsu\/#breadcrumb\"},\"inLanguage\":\"de\",\"potentialAction\":[{\"@type\":\"ReadAction\",\"target\":[\"https:\/\/blog.zeit.de\/nsu-prozess-blog\/2016\/04\/06\/medienlog-fragen-zschaepe-video-nsu\/\"]}]},{\"@type\":\"BreadcrumbList\",\"@id\":\"https:\/\/blog.zeit.de\/nsu-prozess-blog\/2016\/04\/06\/medienlog-fragen-zschaepe-video-nsu\/#breadcrumb\",\"itemListElement\":[{\"@type\":\"ListItem\",\"position\":1,\"name\":\"Startseite\",\"item\":\"https:\/\/blog.zeit.de\/nsu-prozess-blog\/\"},{\"@type\":\"ListItem\",\"position\":2,\"name\":\"Neue Fragen an Zsch\u00e4pe \u2013 Das Medienlog vom Mittwoch, 6. April 2016\"}]},{\"@type\":\"WebSite\",\"@id\":\"https:\/\/blog.zeit.de\/nsu-prozess-blog\/#website\",\"url\":\"https:\/\/blog.zeit.de\/nsu-prozess-blog\/\",\"name\":\"Das NSU-Prozess-Blog\",\"description\":\"Alle Berichte zum Terrorverfahren in M\u00fcnchen\",\"potentialAction\":[{\"@type\":\"SearchAction\",\"target\":{\"@type\":\"EntryPoint\",\"urlTemplate\":\"https:\/\/blog.zeit.de\/nsu-prozess-blog\/?s={search_term_string}\"},\"query-input\":\"required name=search_term_string\"}],\"inLanguage\":\"de\"},{\"@type\":\"Person\",\"@id\":\"https:\/\/blog.zeit.de\/nsu-prozess-blog\/#\/schema\/person\/553ea9bb5d1fc2ae054c589bd59380a5\",\"name\":\"Tom Sundermann\",\"image\":{\"@type\":\"ImageObject\",\"inLanguage\":\"de\",\"@id\":\"https:\/\/blog.zeit.de\/nsu-prozess-blog\/#\/schema\/person\/image\/\",\"url\":\"https:\/\/secure.gravatar.com\/avatar\/e108a3dc18766f719b2f797dc5d19093f06a1870c55b553ab6b7563f1f9a5e68?s=96&d=mm&r=g\",\"contentUrl\":\"https:\/\/secure.gravatar.com\/avatar\/e108a3dc18766f719b2f797dc5d19093f06a1870c55b553ab6b7563f1f9a5e68?s=96&d=mm&r=g\",\"caption\":\"Tom Sundermann\"},\"sameAs\":[\"https:\/\/twitter.com\/messeticker\"],\"url\":\"https:\/\/blog.zeit.de\/nsu-prozess-blog\/author\/tsundermann\/\"}]}<\/script>\n<!-- \/ Yoast SEO plugin. -->","yoast_head_json":{"title":"Neue Fragen an Zsch\u00e4pe \u2013 Das Medienlog vom Mittwoch, 6. April 2016 - Das NSU-Prozess-Blog","robots":{"index":"index","follow":"follow","max-snippet":"max-snippet:-1","max-image-preview":"max-image-preview:large","max-video-preview":"max-video-preview:-1"},"canonical":"https:\/\/blog.zeit.de\/nsu-prozess-blog\/2016\/04\/06\/medienlog-fragen-zschaepe-video-nsu\/","og_locale":"de_DE","og_type":"article","og_title":"Neue Fragen an Zsch\u00e4pe \u2013 Das Medienlog vom Mittwoch, 6. April 2016 - Das NSU-Prozess-Blog","og_description":"Eigentlich sollte am Dienstag erneut der aus dem kriminellen Milieu stammende Zeuge Jens L. befragt werden. Stattdessen gab es weitgehend Stillstand: Der Zeuge sagte nicht aus, der kommende Prozesstag wurde abgesetzt. Das Gericht lehnte den Antrag des Mitangeklagten Ralf Wohlleben auf Aussetzung des Prozesses ab. Zudem stellte der Vorsitzende Richter Manfred G\u00f6tzl zehn neue Fragen [&hellip;]","og_url":"https:\/\/blog.zeit.de\/nsu-prozess-blog\/2016\/04\/06\/medienlog-fragen-zschaepe-video-nsu\/","og_site_name":"Das NSU-Prozess-Blog","article_published_time":"2016-04-06T06:43:59+00:00","article_modified_time":"2016-04-06T08:08:41+00:00","author":"Tom Sundermann","twitter_misc":{"Geschrieben von":"Tom Sundermann","Gesch\u00e4tzte Lesezeit":"1\u00a0Minute"},"schema":{"@context":"https:\/\/schema.org","@graph":[{"@type":"WebPage","@id":"https:\/\/blog.zeit.de\/nsu-prozess-blog\/2016\/04\/06\/medienlog-fragen-zschaepe-video-nsu\/","url":"https:\/\/blog.zeit.de\/nsu-prozess-blog\/2016\/04\/06\/medienlog-fragen-zschaepe-video-nsu\/","name":"Neue Fragen an Zsch\u00e4pe \u2013 Das Medienlog vom Mittwoch, 6. April 2016 - Das NSU-Prozess-Blog","isPartOf":{"@id":"https:\/\/blog.zeit.de\/nsu-prozess-blog\/#website"},"datePublished":"2016-04-06T06:43:59+00:00","dateModified":"2016-04-06T08:08:41+00:00","author":{"@id":"https:\/\/blog.zeit.de\/nsu-prozess-blog\/#\/schema\/person\/553ea9bb5d1fc2ae054c589bd59380a5"},"breadcrumb":{"@id":"https:\/\/blog.zeit.de\/nsu-prozess-blog\/2016\/04\/06\/medienlog-fragen-zschaepe-video-nsu\/#breadcrumb"},"inLanguage":"de","potentialAction":[{"@type":"ReadAction","target":["https:\/\/blog.zeit.de\/nsu-prozess-blog\/2016\/04\/06\/medienlog-fragen-zschaepe-video-nsu\/"]}]},{"@type":"BreadcrumbList","@id":"https:\/\/blog.zeit.de\/nsu-prozess-blog\/2016\/04\/06\/medienlog-fragen-zschaepe-video-nsu\/#breadcrumb","itemListElement":[{"@type":"ListItem","position":1,"name":"Startseite","item":"https:\/\/blog.zeit.de\/nsu-prozess-blog\/"},{"@type":"ListItem","position":2,"name":"Neue Fragen an Zsch\u00e4pe \u2013 Das Medienlog vom Mittwoch, 6. April 2016"}]},{"@type":"WebSite","@id":"https:\/\/blog.zeit.de\/nsu-prozess-blog\/#website","url":"https:\/\/blog.zeit.de\/nsu-prozess-blog\/","name":"Das NSU-Prozess-Blog","description":"Alle Berichte zum Terrorverfahren in M\u00fcnchen","potentialAction":[{"@type":"SearchAction","target":{"@type":"EntryPoint","urlTemplate":"https:\/\/blog.zeit.de\/nsu-prozess-blog\/?s={search_term_string}"},"query-input":"required name=search_term_string"}],"inLanguage":"de"},{"@type":"Person","@id":"https:\/\/blog.zeit.de\/nsu-prozess-blog\/#\/schema\/person\/553ea9bb5d1fc2ae054c589bd59380a5","name":"Tom Sundermann","image":{"@type":"ImageObject","inLanguage":"de","@id":"https:\/\/blog.zeit.de\/nsu-prozess-blog\/#\/schema\/person\/image\/","url":"https:\/\/secure.gravatar.com\/avatar\/e108a3dc18766f719b2f797dc5d19093f06a1870c55b553ab6b7563f1f9a5e68?s=96&d=mm&r=g","contentUrl":"https:\/\/secure.gravatar.com\/avatar\/e108a3dc18766f719b2f797dc5d19093f06a1870c55b553ab6b7563f1f9a5e68?s=96&d=mm&r=g","caption":"Tom Sundermann"},"sameAs":["https:\/\/twitter.com\/messeticker"],"url":"https:\/\/blog.zeit.de\/nsu-prozess-blog\/author\/tsundermann\/"}]}},"jetpack_featured_media_url":"","jetpack_sharing_enabled":true,"_links":{"self":[{"href":"https:\/\/blog.zeit.de\/nsu-prozess-blog\/wp-json\/wp\/v2\/posts\/11175","targetHints":{"allow":["GET"]}}],"collection":[{"href":"https:\/\/blog.zeit.de\/nsu-prozess-blog\/wp-json\/wp\/v2\/posts"}],"about":[{"href":"https:\/\/blog.zeit.de\/nsu-prozess-blog\/wp-json\/wp\/v2\/types\/post"}],"author":[{"embeddable":true,"href":"https:\/\/blog.zeit.de\/nsu-prozess-blog\/wp-json\/wp\/v2\/users\/435"}],"replies":[{"embeddable":true,"href":"https:\/\/blog.zeit.de\/nsu-prozess-blog\/wp-json\/wp\/v2\/comments?post=11175"}],"version-history":[{"count":5,"href":"https:\/\/blog.zeit.de\/nsu-prozess-blog\/wp-json\/wp\/v2\/posts\/11175\/revisions"}],"predecessor-version":[{"id":11180,"href":"https:\/\/blog.zeit.de\/nsu-prozess-blog\/wp-json\/wp\/v2\/posts\/11175\/revisions\/11180"}],"wp:attachment":[{"href":"https:\/\/blog.zeit.de\/nsu-prozess-blog\/wp-json\/wp\/v2\/media?parent=11175"}],"wp:term":[{"taxonomy":"category","embeddable":true,"href":"https:\/\/blog.zeit.de\/nsu-prozess-blog\/wp-json\/wp\/v2\/categories?post=11175"},{"taxonomy":"post_tag","embeddable":true,"href":"https:\/\/blog.zeit.de\/nsu-prozess-blog\/wp-json\/wp\/v2\/tags?post=11175"}],"curies":[{"name":"wp","href":"https:\/\/api.w.org\/{rel}","templated":true}]}}