{"id":11246,"date":"2016-04-18T09:09:45","date_gmt":"2016-04-18T07:09:45","guid":{"rendered":"http:\/\/blog.zeit.de\/nsu-prozess-blog\/?p=11246"},"modified":"2016-04-18T10:59:25","modified_gmt":"2016-04-18T08:59:25","slug":"medienlog-bundesanwaltschaft-ermittlungen-nsu","status":"publish","type":"post","link":"https:\/\/blog.zeit.de\/nsu-prozess-blog\/2016\/04\/18\/medienlog-bundesanwaltschaft-ermittlungen-nsu\/","title":{"rendered":"NSU-Ankl\u00e4ger f\u00fchren geheime Ermittlungen \u2013 Das Medienlog vom Montag, 18. April 2016"},"content":{"rendered":"<p>Im NSU-Komplex laufen weiter intensive Ermittlungen der Bundesanwaltschaft \u2013 allerdings im Geheimen: Vor Richtern, Anw\u00e4lten und der \u00d6ffentlichkeit verborgen untersucht die Anklagebeh\u00f6rde unter anderem die Rolle der Geheimdienste im NSU-Fall, wie ein Autorenteam um Stefan Aust in der <em><a href=\"http:\/\/www.welt.de\/print\/wams\/politik\/article154429186\/Black-Box-NSU.html\" target=\"_blank\">Welt am Sonntag<\/a><\/em> berichtete. Vernommen wurden darin auch etliche V-M\u00e4nner mehrerer Verfassungsschutz\u00e4mter. &#8222;Die Verschleierung erscheint systematisch&#8220;, hei\u00dft es in dem Bericht. Die Geheimhaltung habe die Bundesanwaltschaft bewerkstelligt, indem sie das Verfahren &#8222;gegen unbekannt&#8220; einleitete.<\/p>\n<p><!--more--><\/p>\n<p><em>An jedem Werktag sichten wir f\u00fcr das NSU-Prozess-Blog die Medien und stellen wichtige Berichte, Blogs, Videos und Tweets zusammen. Wir freuen uns \u00fcber Hinweise via Twitter mit dem Hashtag #nsublog \u2013 oder per E-Mail an <a href=\"mailto:nsublog@zeit.de\">nsublog@zeit.de<\/a>.<\/em><\/p>\n<p>Die \u00fcbrigen anh\u00e4ngigen Ermittlungsverfahren gegen mutma\u00dfliche NSU-Unterst\u00fctzer sind f\u00fcr die Anw\u00e4lte der Opfer durch Akteneinsicht vergleichsweise transparent angelegt. Aber: &#8222;Wichtige, vielleicht sogar zentrale Ermittlungsakten aus dem NSU-Komplex liegen in den Giftschr\u00e4nken der Bundesanwaltschaft, und diese werden selbst auf ihren Antrag nicht ge\u00f6ffnet&#8220;, hei\u00dft es. Nur vereinzelt w\u00fcrden Ergebnisse herausgegeben. Dabei sei jedoch zweifelhaft, ob diese die Wahrheit korrekt wiedergeben w\u00fcrden.<\/p>\n<p>Auch das Bundeskriminalamt f\u00fchrt weiter Ermittlungen \u2013 im Nachgang zur <a href=\"http:\/\/www.zeit.de\/politik\/ausland\/2015-12\/beate-schaepe-aussage-bewertung\">Aussage von Beate Zsch\u00e4pe<\/a> im Dezember und mehreren nachgereichten Angaben. Das Ergebnis: &#8222;Einiges k\u00f6nnte stimmen. Das BKA muss bisherige Erkenntnisse korrigieren&#8220;, hei\u00dft es in einem <a href=\"http:\/\/www.augsburger-allgemeine.de\/bayern\/Sagt-Beate-Zschaepe-doch-die-Wahrheit-id37506772.html\" target=\"_blank\">dpa-Bericht<\/a> von Christoph Lemmer. So fand sich in der Habe des Trios eine Bilddatei mit einer Art Wettvertrag, in dem als Einsatz <a href=\"https:\/\/blog.zeit.de\/nsu-prozess-blog\/2016\/04\/06\/medienlog-fragen-zschaepe-video-nsu\/\">&#8222;200x Videoclips schneiden&#8220;<\/a> vereinbart ist. Die Bundesanwaltschaft geht davon aus, dass damit Material f\u00fcr das <a href=\"https:\/\/blog.zeit.de\/nsu-prozess-blog\/2016\/03\/15\/zschapes-beitrag-zum-terror-video\/\">NSU-Bekennervideo<\/a> gemeint war, w\u00e4hrend Zsch\u00e4pe aussagte, es sei um Fernsehserien gegangen. Auf DVDs fanden sich nun tats\u00e4chlich Serien mit herausgeschnittenen Werbebl\u00f6cken. In einem anderen Vermerk geht es um die Frage, wann Zsch\u00e4pe Radionachrichten \u00fcber den Tod ihrer Komplizen Uwe Mundlos und Uwe B\u00f6hnhardt h\u00f6rte.<\/p>\n<p><em>Das n\u00e4chste Medienlog erscheint am Dienstag, 19. April 2016.<\/em><\/p>\n","protected":false},"excerpt":{"rendered":"<p>Im NSU-Komplex laufen weiter intensive Ermittlungen der Bundesanwaltschaft \u2013 allerdings im Geheimen: Vor Richtern, Anw\u00e4lten und der \u00d6ffentlichkeit verborgen untersucht die Anklagebeh\u00f6rde unter anderem die Rolle der Geheimdienste im NSU-Fall, wie ein Autorenteam um Stefan Aust in der Welt am Sonntag berichtete. Vernommen wurden darin auch etliche V-M\u00e4nner mehrerer Verfassungsschutz\u00e4mter. &#8222;Die Verschleierung erscheint systematisch&#8220;, hei\u00dft [&hellip;]<\/p>\n","protected":false},"author":435,"featured_media":0,"comment_status":"open","ping_status":"open","sticky":false,"template":"","format":"standard","meta":{"_jetpack_memberships_contains_paid_content":false,"footnotes":""},"categories":[27531],"tags":[17793,27562,29495,26520],"class_list":["post-11246","post","type-post","status-publish","format-standard","hentry","category-medienschau","tag-beate-zschape","tag-bka","tag-bundesanwaltschaft","tag-ermittlungen"],"yoast_head":"<!-- This site is optimized with the Yoast SEO plugin v21.0 - https:\/\/yoast.com\/wordpress\/plugins\/seo\/ -->\n<title>NSU-Ankl\u00e4ger f\u00fchren geheime Ermittlungen \u2013 Das Medienlog vom Montag, 18. April 2016 - Das NSU-Prozess-Blog<\/title>\n<meta name=\"robots\" content=\"index, follow, max-snippet:-1, max-image-preview:large, max-video-preview:-1\" \/>\n<link rel=\"canonical\" href=\"https:\/\/blog.zeit.de\/nsu-prozess-blog\/2016\/04\/18\/medienlog-bundesanwaltschaft-ermittlungen-nsu\/\" \/>\n<meta property=\"og:locale\" content=\"de_DE\" \/>\n<meta property=\"og:type\" content=\"article\" \/>\n<meta property=\"og:title\" content=\"NSU-Ankl\u00e4ger f\u00fchren geheime Ermittlungen \u2013 Das Medienlog vom Montag, 18. April 2016 - Das NSU-Prozess-Blog\" \/>\n<meta property=\"og:description\" content=\"Im NSU-Komplex laufen weiter intensive Ermittlungen der Bundesanwaltschaft \u2013 allerdings im Geheimen: Vor Richtern, Anw\u00e4lten und der \u00d6ffentlichkeit verborgen untersucht die Anklagebeh\u00f6rde unter anderem die Rolle der Geheimdienste im NSU-Fall, wie ein Autorenteam um Stefan Aust in der Welt am Sonntag berichtete. Vernommen wurden darin auch etliche V-M\u00e4nner mehrerer Verfassungsschutz\u00e4mter. &#8222;Die Verschleierung erscheint systematisch&#8220;, hei\u00dft [&hellip;]\" \/>\n<meta property=\"og:url\" content=\"https:\/\/blog.zeit.de\/nsu-prozess-blog\/2016\/04\/18\/medienlog-bundesanwaltschaft-ermittlungen-nsu\/\" \/>\n<meta property=\"og:site_name\" content=\"Das NSU-Prozess-Blog\" \/>\n<meta property=\"article:published_time\" content=\"2016-04-18T07:09:45+00:00\" \/>\n<meta property=\"article:modified_time\" content=\"2016-04-18T08:59:25+00:00\" \/>\n<meta name=\"author\" content=\"Tom Sundermann\" \/>\n<meta name=\"twitter:label1\" content=\"Geschrieben von\" \/>\n\t<meta name=\"twitter:data1\" content=\"Tom Sundermann\" \/>\n\t<meta name=\"twitter:label2\" content=\"Gesch\u00e4tzte Lesezeit\" \/>\n\t<meta name=\"twitter:data2\" content=\"2\u00a0Minuten\" \/>\n<script type=\"application\/ld+json\" class=\"yoast-schema-graph\">{\"@context\":\"https:\/\/schema.org\",\"@graph\":[{\"@type\":\"WebPage\",\"@id\":\"https:\/\/blog.zeit.de\/nsu-prozess-blog\/2016\/04\/18\/medienlog-bundesanwaltschaft-ermittlungen-nsu\/\",\"url\":\"https:\/\/blog.zeit.de\/nsu-prozess-blog\/2016\/04\/18\/medienlog-bundesanwaltschaft-ermittlungen-nsu\/\",\"name\":\"NSU-Ankl\u00e4ger f\u00fchren geheime Ermittlungen \u2013 Das Medienlog vom Montag, 18. April 2016 - Das NSU-Prozess-Blog\",\"isPartOf\":{\"@id\":\"https:\/\/blog.zeit.de\/nsu-prozess-blog\/#website\"},\"datePublished\":\"2016-04-18T07:09:45+00:00\",\"dateModified\":\"2016-04-18T08:59:25+00:00\",\"author\":{\"@id\":\"https:\/\/blog.zeit.de\/nsu-prozess-blog\/#\/schema\/person\/553ea9bb5d1fc2ae054c589bd59380a5\"},\"breadcrumb\":{\"@id\":\"https:\/\/blog.zeit.de\/nsu-prozess-blog\/2016\/04\/18\/medienlog-bundesanwaltschaft-ermittlungen-nsu\/#breadcrumb\"},\"inLanguage\":\"de\",\"potentialAction\":[{\"@type\":\"ReadAction\",\"target\":[\"https:\/\/blog.zeit.de\/nsu-prozess-blog\/2016\/04\/18\/medienlog-bundesanwaltschaft-ermittlungen-nsu\/\"]}]},{\"@type\":\"BreadcrumbList\",\"@id\":\"https:\/\/blog.zeit.de\/nsu-prozess-blog\/2016\/04\/18\/medienlog-bundesanwaltschaft-ermittlungen-nsu\/#breadcrumb\",\"itemListElement\":[{\"@type\":\"ListItem\",\"position\":1,\"name\":\"Startseite\",\"item\":\"https:\/\/blog.zeit.de\/nsu-prozess-blog\/\"},{\"@type\":\"ListItem\",\"position\":2,\"name\":\"NSU-Ankl\u00e4ger f\u00fchren geheime Ermittlungen \u2013 Das Medienlog vom Montag, 18. April 2016\"}]},{\"@type\":\"WebSite\",\"@id\":\"https:\/\/blog.zeit.de\/nsu-prozess-blog\/#website\",\"url\":\"https:\/\/blog.zeit.de\/nsu-prozess-blog\/\",\"name\":\"Das NSU-Prozess-Blog\",\"description\":\"Alle Berichte zum Terrorverfahren in M\u00fcnchen\",\"potentialAction\":[{\"@type\":\"SearchAction\",\"target\":{\"@type\":\"EntryPoint\",\"urlTemplate\":\"https:\/\/blog.zeit.de\/nsu-prozess-blog\/?s={search_term_string}\"},\"query-input\":\"required name=search_term_string\"}],\"inLanguage\":\"de\"},{\"@type\":\"Person\",\"@id\":\"https:\/\/blog.zeit.de\/nsu-prozess-blog\/#\/schema\/person\/553ea9bb5d1fc2ae054c589bd59380a5\",\"name\":\"Tom Sundermann\",\"image\":{\"@type\":\"ImageObject\",\"inLanguage\":\"de\",\"@id\":\"https:\/\/blog.zeit.de\/nsu-prozess-blog\/#\/schema\/person\/image\/\",\"url\":\"https:\/\/secure.gravatar.com\/avatar\/e108a3dc18766f719b2f797dc5d19093f06a1870c55b553ab6b7563f1f9a5e68?s=96&d=mm&r=g\",\"contentUrl\":\"https:\/\/secure.gravatar.com\/avatar\/e108a3dc18766f719b2f797dc5d19093f06a1870c55b553ab6b7563f1f9a5e68?s=96&d=mm&r=g\",\"caption\":\"Tom Sundermann\"},\"sameAs\":[\"https:\/\/twitter.com\/messeticker\"],\"url\":\"https:\/\/blog.zeit.de\/nsu-prozess-blog\/author\/tsundermann\/\"}]}<\/script>\n<!-- \/ Yoast SEO plugin. -->","yoast_head_json":{"title":"NSU-Ankl\u00e4ger f\u00fchren geheime Ermittlungen \u2013 Das Medienlog vom Montag, 18. April 2016 - Das NSU-Prozess-Blog","robots":{"index":"index","follow":"follow","max-snippet":"max-snippet:-1","max-image-preview":"max-image-preview:large","max-video-preview":"max-video-preview:-1"},"canonical":"https:\/\/blog.zeit.de\/nsu-prozess-blog\/2016\/04\/18\/medienlog-bundesanwaltschaft-ermittlungen-nsu\/","og_locale":"de_DE","og_type":"article","og_title":"NSU-Ankl\u00e4ger f\u00fchren geheime Ermittlungen \u2013 Das Medienlog vom Montag, 18. April 2016 - Das NSU-Prozess-Blog","og_description":"Im NSU-Komplex laufen weiter intensive Ermittlungen der Bundesanwaltschaft \u2013 allerdings im Geheimen: Vor Richtern, Anw\u00e4lten und der \u00d6ffentlichkeit verborgen untersucht die Anklagebeh\u00f6rde unter anderem die Rolle der Geheimdienste im NSU-Fall, wie ein Autorenteam um Stefan Aust in der Welt am Sonntag berichtete. Vernommen wurden darin auch etliche V-M\u00e4nner mehrerer Verfassungsschutz\u00e4mter. &#8222;Die Verschleierung erscheint systematisch&#8220;, hei\u00dft [&hellip;]","og_url":"https:\/\/blog.zeit.de\/nsu-prozess-blog\/2016\/04\/18\/medienlog-bundesanwaltschaft-ermittlungen-nsu\/","og_site_name":"Das NSU-Prozess-Blog","article_published_time":"2016-04-18T07:09:45+00:00","article_modified_time":"2016-04-18T08:59:25+00:00","author":"Tom Sundermann","twitter_misc":{"Geschrieben von":"Tom Sundermann","Gesch\u00e4tzte Lesezeit":"2\u00a0Minuten"},"schema":{"@context":"https:\/\/schema.org","@graph":[{"@type":"WebPage","@id":"https:\/\/blog.zeit.de\/nsu-prozess-blog\/2016\/04\/18\/medienlog-bundesanwaltschaft-ermittlungen-nsu\/","url":"https:\/\/blog.zeit.de\/nsu-prozess-blog\/2016\/04\/18\/medienlog-bundesanwaltschaft-ermittlungen-nsu\/","name":"NSU-Ankl\u00e4ger f\u00fchren geheime Ermittlungen \u2013 Das Medienlog vom Montag, 18. April 2016 - Das NSU-Prozess-Blog","isPartOf":{"@id":"https:\/\/blog.zeit.de\/nsu-prozess-blog\/#website"},"datePublished":"2016-04-18T07:09:45+00:00","dateModified":"2016-04-18T08:59:25+00:00","author":{"@id":"https:\/\/blog.zeit.de\/nsu-prozess-blog\/#\/schema\/person\/553ea9bb5d1fc2ae054c589bd59380a5"},"breadcrumb":{"@id":"https:\/\/blog.zeit.de\/nsu-prozess-blog\/2016\/04\/18\/medienlog-bundesanwaltschaft-ermittlungen-nsu\/#breadcrumb"},"inLanguage":"de","potentialAction":[{"@type":"ReadAction","target":["https:\/\/blog.zeit.de\/nsu-prozess-blog\/2016\/04\/18\/medienlog-bundesanwaltschaft-ermittlungen-nsu\/"]}]},{"@type":"BreadcrumbList","@id":"https:\/\/blog.zeit.de\/nsu-prozess-blog\/2016\/04\/18\/medienlog-bundesanwaltschaft-ermittlungen-nsu\/#breadcrumb","itemListElement":[{"@type":"ListItem","position":1,"name":"Startseite","item":"https:\/\/blog.zeit.de\/nsu-prozess-blog\/"},{"@type":"ListItem","position":2,"name":"NSU-Ankl\u00e4ger f\u00fchren geheime Ermittlungen \u2013 Das Medienlog vom Montag, 18. April 2016"}]},{"@type":"WebSite","@id":"https:\/\/blog.zeit.de\/nsu-prozess-blog\/#website","url":"https:\/\/blog.zeit.de\/nsu-prozess-blog\/","name":"Das NSU-Prozess-Blog","description":"Alle Berichte zum Terrorverfahren in M\u00fcnchen","potentialAction":[{"@type":"SearchAction","target":{"@type":"EntryPoint","urlTemplate":"https:\/\/blog.zeit.de\/nsu-prozess-blog\/?s={search_term_string}"},"query-input":"required name=search_term_string"}],"inLanguage":"de"},{"@type":"Person","@id":"https:\/\/blog.zeit.de\/nsu-prozess-blog\/#\/schema\/person\/553ea9bb5d1fc2ae054c589bd59380a5","name":"Tom Sundermann","image":{"@type":"ImageObject","inLanguage":"de","@id":"https:\/\/blog.zeit.de\/nsu-prozess-blog\/#\/schema\/person\/image\/","url":"https:\/\/secure.gravatar.com\/avatar\/e108a3dc18766f719b2f797dc5d19093f06a1870c55b553ab6b7563f1f9a5e68?s=96&d=mm&r=g","contentUrl":"https:\/\/secure.gravatar.com\/avatar\/e108a3dc18766f719b2f797dc5d19093f06a1870c55b553ab6b7563f1f9a5e68?s=96&d=mm&r=g","caption":"Tom Sundermann"},"sameAs":["https:\/\/twitter.com\/messeticker"],"url":"https:\/\/blog.zeit.de\/nsu-prozess-blog\/author\/tsundermann\/"}]}},"jetpack_featured_media_url":"","jetpack_sharing_enabled":true,"_links":{"self":[{"href":"https:\/\/blog.zeit.de\/nsu-prozess-blog\/wp-json\/wp\/v2\/posts\/11246","targetHints":{"allow":["GET"]}}],"collection":[{"href":"https:\/\/blog.zeit.de\/nsu-prozess-blog\/wp-json\/wp\/v2\/posts"}],"about":[{"href":"https:\/\/blog.zeit.de\/nsu-prozess-blog\/wp-json\/wp\/v2\/types\/post"}],"author":[{"embeddable":true,"href":"https:\/\/blog.zeit.de\/nsu-prozess-blog\/wp-json\/wp\/v2\/users\/435"}],"replies":[{"embeddable":true,"href":"https:\/\/blog.zeit.de\/nsu-prozess-blog\/wp-json\/wp\/v2\/comments?post=11246"}],"version-history":[{"count":4,"href":"https:\/\/blog.zeit.de\/nsu-prozess-blog\/wp-json\/wp\/v2\/posts\/11246\/revisions"}],"predecessor-version":[{"id":11250,"href":"https:\/\/blog.zeit.de\/nsu-prozess-blog\/wp-json\/wp\/v2\/posts\/11246\/revisions\/11250"}],"wp:attachment":[{"href":"https:\/\/blog.zeit.de\/nsu-prozess-blog\/wp-json\/wp\/v2\/media?parent=11246"}],"wp:term":[{"taxonomy":"category","embeddable":true,"href":"https:\/\/blog.zeit.de\/nsu-prozess-blog\/wp-json\/wp\/v2\/categories?post=11246"},{"taxonomy":"post_tag","embeddable":true,"href":"https:\/\/blog.zeit.de\/nsu-prozess-blog\/wp-json\/wp\/v2\/tags?post=11246"}],"curies":[{"name":"wp","href":"https:\/\/api.w.org\/{rel}","templated":true}]}}