{"id":11286,"date":"2016-04-22T08:26:45","date_gmt":"2016-04-22T06:26:45","guid":{"rendered":"http:\/\/blog.zeit.de\/nsu-prozess-blog\/?p=11286"},"modified":"2016-04-22T09:21:31","modified_gmt":"2016-04-22T07:21:31","slug":"medienlog-bundesanwaltschaft-verfassungsschutz-nsu","status":"publish","type":"post","link":"https:\/\/blog.zeit.de\/nsu-prozess-blog\/2016\/04\/22\/medienlog-bundesanwaltschaft-verfassungsschutz-nsu\/","title":{"rendered":"Fragen, die der Prozess schuldig bleibt \u2013 Das Medienlog vom Freitag, 22. April 2016"},"content":{"rendered":"<p>Wird es \u00fcberhaupt noch richtige Aufkl\u00e4rung im NSU-Komplex geben? Daran mehren sich berechtigte Zweifel \u2013 gen\u00e4hrt aus Episoden wie dieser im M\u00fcnchner Prozess: Abermals sperrte sich die Bundesanwaltschaft gegen einen Antrag von Nebenklageanw\u00e4lten, Beweise zum Versagen des Verfassungsschutzes einzuf\u00fchren. Zur Rolle der Geheimdienste &#8222;sind weiter viele Fragen offen, der Prozess aber wird sie nicht mehr kl\u00e4ren&#8220;, glaubt Tim A\u00dfmann vom <a href=\"http:\/\/www.br.de\/nachrichten\/nsu-prozess\/160421-tagebuch-gerichtsreporter-100.html\" target=\"_blank\">Bayerischen Rundfunk<\/a>. Bleiben noch die Untersuchungsaussch\u00fcsse.<\/p>\n<p><!--more--><\/p>\n<p><em>An jedem Werktag sichten wir f\u00fcr das NSU-Prozess-Blog die Medien und stellen wichtige Berichte, Blogs, Videos und Tweets zusammen. Wir freuen uns \u00fcber Hinweise via Twitter mit dem Hashtag #nsublog \u2013 oder per E-Mail an <a href=\"mailto:nsublog@zeit.de\">nsublog@zeit.de<\/a>.<\/em><\/p>\n<p>Doch auch bei den von Bund und L\u00e4ndern eingesetzten Gremien sind wom\u00f6glich keine umfangreichen Ermittlungen zu erwarten: &#8222;Zu bef\u00fcrchten ist, dass nach einem Prozessende in M\u00fcnchen auch die weitere Aufkl\u00e4rungsarbeit sukzessive zum Erliegen kommen wird&#8220;, schreibt A\u00dfmann.<\/p>\n<p>Im Raum stand der Antrag, Zeugen und Dokumente zu einem Fall aus dem Brandenburger Verfassungsschutz einzuf\u00fchren. Die Beh\u00f6rde soll <a href=\"https:\/\/blog.zeit.de\/nsu-prozess-blog\/2016\/03\/14\/medienlog-brandenburg-verfassungsschutz-festnahme-nsu\/\">Informationen des V-Manns Piatto zur\u00fcckgehalten haben<\/a>, mit denen das 1998 gefl\u00fcchtete NSU-Trio m\u00f6glicherweise h\u00e4tte gefasst werden k\u00f6nnen.<\/p>\n<p>&#8222;Es w\u00e4re Platz f\u00fcr neue Erkenntnisse im bald drei Jahre dauernden Terrorverfahren \u2013 doch wo die herkommen sollen, ist unklar&#8220;, hei\u00dft es bei uns auf <a href=\"https:\/\/blog.zeit.de\/nsu-prozess-blog\/2016\/04\/21\/alter-streit-im-terrorprozess\/\" target=\"_blank\">ZEIT ONLINE<\/a>. Denn die Bundesanwaltschaft widerspricht derzeit laufend den Antr\u00e4gen der Opferanw\u00e4lte, die versuchen, das Handeln der Geheimdienste auszuleuchten. Damit ist der Prozess an einem Punkt, an dem er bereits vor rund zwei Jahren war: Ankl\u00e4ger und Nebenkl\u00e4ger befinden sich im Streit \u2013 statt gemeinsam an der NSU-Aufkl\u00e4rung zu arbeiten.<\/p>\n<p><em>Das n\u00e4chste Medienlog erscheint am Montag, 25. April 2016.<\/em><\/p>\n","protected":false},"excerpt":{"rendered":"<p>Wird es \u00fcberhaupt noch richtige Aufkl\u00e4rung im NSU-Komplex geben? Daran mehren sich berechtigte Zweifel \u2013 gen\u00e4hrt aus Episoden wie dieser im M\u00fcnchner Prozess: Abermals sperrte sich die Bundesanwaltschaft gegen einen Antrag von Nebenklageanw\u00e4lten, Beweise zum Versagen des Verfassungsschutzes einzuf\u00fchren. Zur Rolle der Geheimdienste &#8222;sind weiter viele Fragen offen, der Prozess aber wird sie nicht mehr [&hellip;]<\/p>\n","protected":false},"author":435,"featured_media":0,"comment_status":"open","ping_status":"open","sticky":false,"template":"","format":"standard","meta":{"_jetpack_memberships_contains_paid_content":false,"footnotes":""},"categories":[27531],"tags":[1451,29495,29426,29554,17899,1836],"class_list":["post-11286","post","type-post","status-publish","format-standard","hentry","category-medienschau","tag-brandenburg","tag-bundesanwaltschaft","tag-nebenklage","tag-piatto","tag-v-mann","tag-verfassungsschutz"],"yoast_head":"<!-- This site is optimized with the Yoast SEO plugin v21.0 - https:\/\/yoast.com\/wordpress\/plugins\/seo\/ -->\n<title>Fragen, die der Prozess schuldig bleibt \u2013 Das Medienlog vom Freitag, 22. April 2016 - Das NSU-Prozess-Blog<\/title>\n<meta name=\"robots\" content=\"index, follow, max-snippet:-1, max-image-preview:large, max-video-preview:-1\" \/>\n<link rel=\"canonical\" href=\"https:\/\/blog.zeit.de\/nsu-prozess-blog\/2016\/04\/22\/medienlog-bundesanwaltschaft-verfassungsschutz-nsu\/\" \/>\n<meta property=\"og:locale\" content=\"de_DE\" \/>\n<meta property=\"og:type\" content=\"article\" \/>\n<meta property=\"og:title\" content=\"Fragen, die der Prozess schuldig bleibt \u2013 Das Medienlog vom Freitag, 22. April 2016 - Das NSU-Prozess-Blog\" \/>\n<meta property=\"og:description\" content=\"Wird es \u00fcberhaupt noch richtige Aufkl\u00e4rung im NSU-Komplex geben? Daran mehren sich berechtigte Zweifel \u2013 gen\u00e4hrt aus Episoden wie dieser im M\u00fcnchner Prozess: Abermals sperrte sich die Bundesanwaltschaft gegen einen Antrag von Nebenklageanw\u00e4lten, Beweise zum Versagen des Verfassungsschutzes einzuf\u00fchren. Zur Rolle der Geheimdienste &#8222;sind weiter viele Fragen offen, der Prozess aber wird sie nicht mehr [&hellip;]\" \/>\n<meta property=\"og:url\" content=\"https:\/\/blog.zeit.de\/nsu-prozess-blog\/2016\/04\/22\/medienlog-bundesanwaltschaft-verfassungsschutz-nsu\/\" \/>\n<meta property=\"og:site_name\" content=\"Das NSU-Prozess-Blog\" \/>\n<meta property=\"article:published_time\" content=\"2016-04-22T06:26:45+00:00\" \/>\n<meta property=\"article:modified_time\" content=\"2016-04-22T07:21:31+00:00\" \/>\n<meta name=\"author\" content=\"Tom Sundermann\" \/>\n<meta name=\"twitter:label1\" content=\"Geschrieben von\" \/>\n\t<meta name=\"twitter:data1\" content=\"Tom Sundermann\" \/>\n\t<meta name=\"twitter:label2\" content=\"Gesch\u00e4tzte Lesezeit\" \/>\n\t<meta name=\"twitter:data2\" content=\"1\u00a0Minute\" \/>\n<script type=\"application\/ld+json\" class=\"yoast-schema-graph\">{\"@context\":\"https:\/\/schema.org\",\"@graph\":[{\"@type\":\"WebPage\",\"@id\":\"https:\/\/blog.zeit.de\/nsu-prozess-blog\/2016\/04\/22\/medienlog-bundesanwaltschaft-verfassungsschutz-nsu\/\",\"url\":\"https:\/\/blog.zeit.de\/nsu-prozess-blog\/2016\/04\/22\/medienlog-bundesanwaltschaft-verfassungsschutz-nsu\/\",\"name\":\"Fragen, die der Prozess schuldig bleibt \u2013 Das Medienlog vom Freitag, 22. April 2016 - Das NSU-Prozess-Blog\",\"isPartOf\":{\"@id\":\"https:\/\/blog.zeit.de\/nsu-prozess-blog\/#website\"},\"datePublished\":\"2016-04-22T06:26:45+00:00\",\"dateModified\":\"2016-04-22T07:21:31+00:00\",\"author\":{\"@id\":\"https:\/\/blog.zeit.de\/nsu-prozess-blog\/#\/schema\/person\/553ea9bb5d1fc2ae054c589bd59380a5\"},\"breadcrumb\":{\"@id\":\"https:\/\/blog.zeit.de\/nsu-prozess-blog\/2016\/04\/22\/medienlog-bundesanwaltschaft-verfassungsschutz-nsu\/#breadcrumb\"},\"inLanguage\":\"de\",\"potentialAction\":[{\"@type\":\"ReadAction\",\"target\":[\"https:\/\/blog.zeit.de\/nsu-prozess-blog\/2016\/04\/22\/medienlog-bundesanwaltschaft-verfassungsschutz-nsu\/\"]}]},{\"@type\":\"BreadcrumbList\",\"@id\":\"https:\/\/blog.zeit.de\/nsu-prozess-blog\/2016\/04\/22\/medienlog-bundesanwaltschaft-verfassungsschutz-nsu\/#breadcrumb\",\"itemListElement\":[{\"@type\":\"ListItem\",\"position\":1,\"name\":\"Startseite\",\"item\":\"https:\/\/blog.zeit.de\/nsu-prozess-blog\/\"},{\"@type\":\"ListItem\",\"position\":2,\"name\":\"Fragen, die der Prozess schuldig bleibt \u2013 Das Medienlog vom Freitag, 22. April 2016\"}]},{\"@type\":\"WebSite\",\"@id\":\"https:\/\/blog.zeit.de\/nsu-prozess-blog\/#website\",\"url\":\"https:\/\/blog.zeit.de\/nsu-prozess-blog\/\",\"name\":\"Das NSU-Prozess-Blog\",\"description\":\"Alle Berichte zum Terrorverfahren in M\u00fcnchen\",\"potentialAction\":[{\"@type\":\"SearchAction\",\"target\":{\"@type\":\"EntryPoint\",\"urlTemplate\":\"https:\/\/blog.zeit.de\/nsu-prozess-blog\/?s={search_term_string}\"},\"query-input\":\"required name=search_term_string\"}],\"inLanguage\":\"de\"},{\"@type\":\"Person\",\"@id\":\"https:\/\/blog.zeit.de\/nsu-prozess-blog\/#\/schema\/person\/553ea9bb5d1fc2ae054c589bd59380a5\",\"name\":\"Tom Sundermann\",\"image\":{\"@type\":\"ImageObject\",\"inLanguage\":\"de\",\"@id\":\"https:\/\/blog.zeit.de\/nsu-prozess-blog\/#\/schema\/person\/image\/\",\"url\":\"https:\/\/secure.gravatar.com\/avatar\/e108a3dc18766f719b2f797dc5d19093f06a1870c55b553ab6b7563f1f9a5e68?s=96&d=mm&r=g\",\"contentUrl\":\"https:\/\/secure.gravatar.com\/avatar\/e108a3dc18766f719b2f797dc5d19093f06a1870c55b553ab6b7563f1f9a5e68?s=96&d=mm&r=g\",\"caption\":\"Tom Sundermann\"},\"sameAs\":[\"https:\/\/twitter.com\/messeticker\"],\"url\":\"https:\/\/blog.zeit.de\/nsu-prozess-blog\/author\/tsundermann\/\"}]}<\/script>\n<!-- \/ Yoast SEO plugin. -->","yoast_head_json":{"title":"Fragen, die der Prozess schuldig bleibt \u2013 Das Medienlog vom Freitag, 22. April 2016 - Das NSU-Prozess-Blog","robots":{"index":"index","follow":"follow","max-snippet":"max-snippet:-1","max-image-preview":"max-image-preview:large","max-video-preview":"max-video-preview:-1"},"canonical":"https:\/\/blog.zeit.de\/nsu-prozess-blog\/2016\/04\/22\/medienlog-bundesanwaltschaft-verfassungsschutz-nsu\/","og_locale":"de_DE","og_type":"article","og_title":"Fragen, die der Prozess schuldig bleibt \u2013 Das Medienlog vom Freitag, 22. April 2016 - Das NSU-Prozess-Blog","og_description":"Wird es \u00fcberhaupt noch richtige Aufkl\u00e4rung im NSU-Komplex geben? Daran mehren sich berechtigte Zweifel \u2013 gen\u00e4hrt aus Episoden wie dieser im M\u00fcnchner Prozess: Abermals sperrte sich die Bundesanwaltschaft gegen einen Antrag von Nebenklageanw\u00e4lten, Beweise zum Versagen des Verfassungsschutzes einzuf\u00fchren. Zur Rolle der Geheimdienste &#8222;sind weiter viele Fragen offen, der Prozess aber wird sie nicht mehr [&hellip;]","og_url":"https:\/\/blog.zeit.de\/nsu-prozess-blog\/2016\/04\/22\/medienlog-bundesanwaltschaft-verfassungsschutz-nsu\/","og_site_name":"Das NSU-Prozess-Blog","article_published_time":"2016-04-22T06:26:45+00:00","article_modified_time":"2016-04-22T07:21:31+00:00","author":"Tom Sundermann","twitter_misc":{"Geschrieben von":"Tom Sundermann","Gesch\u00e4tzte Lesezeit":"1\u00a0Minute"},"schema":{"@context":"https:\/\/schema.org","@graph":[{"@type":"WebPage","@id":"https:\/\/blog.zeit.de\/nsu-prozess-blog\/2016\/04\/22\/medienlog-bundesanwaltschaft-verfassungsschutz-nsu\/","url":"https:\/\/blog.zeit.de\/nsu-prozess-blog\/2016\/04\/22\/medienlog-bundesanwaltschaft-verfassungsschutz-nsu\/","name":"Fragen, die der Prozess schuldig bleibt \u2013 Das Medienlog vom Freitag, 22. April 2016 - Das NSU-Prozess-Blog","isPartOf":{"@id":"https:\/\/blog.zeit.de\/nsu-prozess-blog\/#website"},"datePublished":"2016-04-22T06:26:45+00:00","dateModified":"2016-04-22T07:21:31+00:00","author":{"@id":"https:\/\/blog.zeit.de\/nsu-prozess-blog\/#\/schema\/person\/553ea9bb5d1fc2ae054c589bd59380a5"},"breadcrumb":{"@id":"https:\/\/blog.zeit.de\/nsu-prozess-blog\/2016\/04\/22\/medienlog-bundesanwaltschaft-verfassungsschutz-nsu\/#breadcrumb"},"inLanguage":"de","potentialAction":[{"@type":"ReadAction","target":["https:\/\/blog.zeit.de\/nsu-prozess-blog\/2016\/04\/22\/medienlog-bundesanwaltschaft-verfassungsschutz-nsu\/"]}]},{"@type":"BreadcrumbList","@id":"https:\/\/blog.zeit.de\/nsu-prozess-blog\/2016\/04\/22\/medienlog-bundesanwaltschaft-verfassungsschutz-nsu\/#breadcrumb","itemListElement":[{"@type":"ListItem","position":1,"name":"Startseite","item":"https:\/\/blog.zeit.de\/nsu-prozess-blog\/"},{"@type":"ListItem","position":2,"name":"Fragen, die der Prozess schuldig bleibt \u2013 Das Medienlog vom Freitag, 22. April 2016"}]},{"@type":"WebSite","@id":"https:\/\/blog.zeit.de\/nsu-prozess-blog\/#website","url":"https:\/\/blog.zeit.de\/nsu-prozess-blog\/","name":"Das NSU-Prozess-Blog","description":"Alle Berichte zum Terrorverfahren in M\u00fcnchen","potentialAction":[{"@type":"SearchAction","target":{"@type":"EntryPoint","urlTemplate":"https:\/\/blog.zeit.de\/nsu-prozess-blog\/?s={search_term_string}"},"query-input":"required name=search_term_string"}],"inLanguage":"de"},{"@type":"Person","@id":"https:\/\/blog.zeit.de\/nsu-prozess-blog\/#\/schema\/person\/553ea9bb5d1fc2ae054c589bd59380a5","name":"Tom Sundermann","image":{"@type":"ImageObject","inLanguage":"de","@id":"https:\/\/blog.zeit.de\/nsu-prozess-blog\/#\/schema\/person\/image\/","url":"https:\/\/secure.gravatar.com\/avatar\/e108a3dc18766f719b2f797dc5d19093f06a1870c55b553ab6b7563f1f9a5e68?s=96&d=mm&r=g","contentUrl":"https:\/\/secure.gravatar.com\/avatar\/e108a3dc18766f719b2f797dc5d19093f06a1870c55b553ab6b7563f1f9a5e68?s=96&d=mm&r=g","caption":"Tom Sundermann"},"sameAs":["https:\/\/twitter.com\/messeticker"],"url":"https:\/\/blog.zeit.de\/nsu-prozess-blog\/author\/tsundermann\/"}]}},"jetpack_featured_media_url":"","jetpack_sharing_enabled":true,"_links":{"self":[{"href":"https:\/\/blog.zeit.de\/nsu-prozess-blog\/wp-json\/wp\/v2\/posts\/11286","targetHints":{"allow":["GET"]}}],"collection":[{"href":"https:\/\/blog.zeit.de\/nsu-prozess-blog\/wp-json\/wp\/v2\/posts"}],"about":[{"href":"https:\/\/blog.zeit.de\/nsu-prozess-blog\/wp-json\/wp\/v2\/types\/post"}],"author":[{"embeddable":true,"href":"https:\/\/blog.zeit.de\/nsu-prozess-blog\/wp-json\/wp\/v2\/users\/435"}],"replies":[{"embeddable":true,"href":"https:\/\/blog.zeit.de\/nsu-prozess-blog\/wp-json\/wp\/v2\/comments?post=11286"}],"version-history":[{"count":8,"href":"https:\/\/blog.zeit.de\/nsu-prozess-blog\/wp-json\/wp\/v2\/posts\/11286\/revisions"}],"predecessor-version":[{"id":11294,"href":"https:\/\/blog.zeit.de\/nsu-prozess-blog\/wp-json\/wp\/v2\/posts\/11286\/revisions\/11294"}],"wp:attachment":[{"href":"https:\/\/blog.zeit.de\/nsu-prozess-blog\/wp-json\/wp\/v2\/media?parent=11286"}],"wp:term":[{"taxonomy":"category","embeddable":true,"href":"https:\/\/blog.zeit.de\/nsu-prozess-blog\/wp-json\/wp\/v2\/categories?post=11286"},{"taxonomy":"post_tag","embeddable":true,"href":"https:\/\/blog.zeit.de\/nsu-prozess-blog\/wp-json\/wp\/v2\/tags?post=11286"}],"curies":[{"name":"wp","href":"https:\/\/api.w.org\/{rel}","templated":true}]}}