{"id":11298,"date":"2016-04-26T08:38:25","date_gmt":"2016-04-26T06:38:25","guid":{"rendered":"http:\/\/blog.zeit.de\/nsu-prozess-blog\/?p=11298"},"modified":"2016-04-26T08:38:25","modified_gmt":"2016-04-26T06:38:25","slug":"medienlog-nsu-szenen-beweise","status":"publish","type":"post","link":"https:\/\/blog.zeit.de\/nsu-prozess-blog\/2016\/04\/26\/medienlog-nsu-szenen-beweise\/","title":{"rendered":"Die Schl\u00fcsselszenen des NSU \u2013 Das Medienlog vom Dienstag, 26. April 2016"},"content":{"rendered":"<p>Eine Puppe mit Judenstern, eine Garage mit Rohrbomben, ein <a href=\"http:\/\/www.zeit.de\/gesellschaft\/zeitgeschehen\/2013-06\/nsu-prozess-wohnung-brand\">brennendes Haus<\/a>: Stationen in der Geschichte einer rechtsextremen Terrorgruppe, des NSU. Elf Schl\u00fcsselmomente aus der Zeit von Beate Zsch\u00e4pe, Uwe Mundlos und Uwe B\u00f6hnhardt haben Autoren der <a href=\"http:\/\/gfx.sueddeutsche.de\/politik\/2016-04-25_nsu-prozess\/index.html\" target=\"_blank\"><em>S\u00fcddeutschen Zeitung<\/em><\/a> zusammengetragen. Es sind Elemente, die bei der Urteilsfindung eine Rolle spielen werden. Denn es sind deutliche Indizien auf die Ideologie des Trios, auf die Waffen in seinem Besitz, auf den Zusammenhalt des Trios \u2013 bis hin zum gemeinsamen Urlaub und einem h\u00f6hnischen <a href=\"https:\/\/blog.zeit.de\/nsu-prozess-blog\/2016\/03\/16\/medienlog-bekennervideo-zschaepe-nsu\/\">Bekenntnis in Videoform<\/a>. F\u00fcr das NSU-Spezial stellen die Journalisten die Position von Anklage und Verteidigung gegen\u00fcber, um zu zeigen, wie kompliziert der Fall auch f\u00fcr die Richter ist, die schon bald ein Urteil im Terrorprozess f\u00e4llen m\u00fcssen.<\/p>\n<p><em>An jedem Werktag sichten wir f\u00fcr das NSU-Prozess-Blog die Medien und stellen wichtige Berichte, Blogs, Videos und Tweets zusammen. Wir freuen uns \u00fcber Hinweise via Twitter mit dem Hashtag #nsublog \u2013 oder per E-Mail an <a href=\"mailto:nsublog@zeit.de\">nsublog@zeit.de<\/a>.<\/em><\/p>\n<p><em>Das n\u00e4chste Medienlog erscheint am Mittwoch, 27. April 2016.<\/em><\/p>\n","protected":false},"excerpt":{"rendered":"<p>Eine Puppe mit Judenstern, eine Garage mit Rohrbomben, ein brennendes Haus: Stationen in der Geschichte einer rechtsextremen Terrorgruppe, des NSU. Elf Schl\u00fcsselmomente aus der Zeit von Beate Zsch\u00e4pe, Uwe Mundlos und Uwe B\u00f6hnhardt haben Autoren der S\u00fcddeutschen Zeitung zusammengetragen. Es sind Elemente, die bei der Urteilsfindung eine Rolle spielen werden. Denn es sind deutliche Indizien [&hellip;]<\/p>\n","protected":false},"author":435,"featured_media":0,"comment_status":"open","ping_status":"open","sticky":false,"template":"","format":"standard","meta":{"_jetpack_memberships_contains_paid_content":false,"footnotes":""},"categories":[27531],"tags":[29512,29537,124],"class_list":["post-11298","post","type-post","status-publish","format-standard","hentry","category-medienschau","tag-fruehlingsstrasse","tag-richter","tag-urlaub"],"yoast_head":"<!-- This site is optimized with the Yoast SEO plugin v21.0 - https:\/\/yoast.com\/wordpress\/plugins\/seo\/ -->\n<title>Die Schl\u00fcsselszenen des NSU \u2013 Das Medienlog vom Dienstag, 26. April 2016 - Das NSU-Prozess-Blog<\/title>\n<meta name=\"robots\" content=\"index, follow, max-snippet:-1, max-image-preview:large, max-video-preview:-1\" \/>\n<link rel=\"canonical\" href=\"https:\/\/blog.zeit.de\/nsu-prozess-blog\/2016\/04\/26\/medienlog-nsu-szenen-beweise\/\" \/>\n<meta property=\"og:locale\" content=\"de_DE\" \/>\n<meta property=\"og:type\" content=\"article\" \/>\n<meta property=\"og:title\" content=\"Die Schl\u00fcsselszenen des NSU \u2013 Das Medienlog vom Dienstag, 26. April 2016 - Das NSU-Prozess-Blog\" \/>\n<meta property=\"og:description\" content=\"Eine Puppe mit Judenstern, eine Garage mit Rohrbomben, ein brennendes Haus: Stationen in der Geschichte einer rechtsextremen Terrorgruppe, des NSU. Elf Schl\u00fcsselmomente aus der Zeit von Beate Zsch\u00e4pe, Uwe Mundlos und Uwe B\u00f6hnhardt haben Autoren der S\u00fcddeutschen Zeitung zusammengetragen. Es sind Elemente, die bei der Urteilsfindung eine Rolle spielen werden. Denn es sind deutliche Indizien [&hellip;]\" \/>\n<meta property=\"og:url\" content=\"https:\/\/blog.zeit.de\/nsu-prozess-blog\/2016\/04\/26\/medienlog-nsu-szenen-beweise\/\" \/>\n<meta property=\"og:site_name\" content=\"Das NSU-Prozess-Blog\" \/>\n<meta property=\"article:published_time\" content=\"2016-04-26T06:38:25+00:00\" \/>\n<meta name=\"author\" content=\"Tom Sundermann\" \/>\n<meta name=\"twitter:label1\" content=\"Geschrieben von\" \/>\n\t<meta name=\"twitter:data1\" content=\"Tom Sundermann\" \/>\n\t<meta name=\"twitter:label2\" content=\"Gesch\u00e4tzte Lesezeit\" \/>\n\t<meta name=\"twitter:data2\" content=\"1\u00a0Minute\" \/>\n<script type=\"application\/ld+json\" class=\"yoast-schema-graph\">{\"@context\":\"https:\/\/schema.org\",\"@graph\":[{\"@type\":\"WebPage\",\"@id\":\"https:\/\/blog.zeit.de\/nsu-prozess-blog\/2016\/04\/26\/medienlog-nsu-szenen-beweise\/\",\"url\":\"https:\/\/blog.zeit.de\/nsu-prozess-blog\/2016\/04\/26\/medienlog-nsu-szenen-beweise\/\",\"name\":\"Die Schl\u00fcsselszenen des NSU \u2013 Das Medienlog vom Dienstag, 26. April 2016 - Das NSU-Prozess-Blog\",\"isPartOf\":{\"@id\":\"https:\/\/blog.zeit.de\/nsu-prozess-blog\/#website\"},\"datePublished\":\"2016-04-26T06:38:25+00:00\",\"dateModified\":\"2016-04-26T06:38:25+00:00\",\"author\":{\"@id\":\"https:\/\/blog.zeit.de\/nsu-prozess-blog\/#\/schema\/person\/553ea9bb5d1fc2ae054c589bd59380a5\"},\"breadcrumb\":{\"@id\":\"https:\/\/blog.zeit.de\/nsu-prozess-blog\/2016\/04\/26\/medienlog-nsu-szenen-beweise\/#breadcrumb\"},\"inLanguage\":\"de\",\"potentialAction\":[{\"@type\":\"ReadAction\",\"target\":[\"https:\/\/blog.zeit.de\/nsu-prozess-blog\/2016\/04\/26\/medienlog-nsu-szenen-beweise\/\"]}]},{\"@type\":\"BreadcrumbList\",\"@id\":\"https:\/\/blog.zeit.de\/nsu-prozess-blog\/2016\/04\/26\/medienlog-nsu-szenen-beweise\/#breadcrumb\",\"itemListElement\":[{\"@type\":\"ListItem\",\"position\":1,\"name\":\"Startseite\",\"item\":\"https:\/\/blog.zeit.de\/nsu-prozess-blog\/\"},{\"@type\":\"ListItem\",\"position\":2,\"name\":\"Die Schl\u00fcsselszenen des NSU \u2013 Das Medienlog vom Dienstag, 26. April 2016\"}]},{\"@type\":\"WebSite\",\"@id\":\"https:\/\/blog.zeit.de\/nsu-prozess-blog\/#website\",\"url\":\"https:\/\/blog.zeit.de\/nsu-prozess-blog\/\",\"name\":\"Das NSU-Prozess-Blog\",\"description\":\"Alle Berichte zum Terrorverfahren in M\u00fcnchen\",\"potentialAction\":[{\"@type\":\"SearchAction\",\"target\":{\"@type\":\"EntryPoint\",\"urlTemplate\":\"https:\/\/blog.zeit.de\/nsu-prozess-blog\/?s={search_term_string}\"},\"query-input\":\"required name=search_term_string\"}],\"inLanguage\":\"de\"},{\"@type\":\"Person\",\"@id\":\"https:\/\/blog.zeit.de\/nsu-prozess-blog\/#\/schema\/person\/553ea9bb5d1fc2ae054c589bd59380a5\",\"name\":\"Tom Sundermann\",\"image\":{\"@type\":\"ImageObject\",\"inLanguage\":\"de\",\"@id\":\"https:\/\/blog.zeit.de\/nsu-prozess-blog\/#\/schema\/person\/image\/\",\"url\":\"https:\/\/secure.gravatar.com\/avatar\/e108a3dc18766f719b2f797dc5d19093f06a1870c55b553ab6b7563f1f9a5e68?s=96&d=mm&r=g\",\"contentUrl\":\"https:\/\/secure.gravatar.com\/avatar\/e108a3dc18766f719b2f797dc5d19093f06a1870c55b553ab6b7563f1f9a5e68?s=96&d=mm&r=g\",\"caption\":\"Tom Sundermann\"},\"sameAs\":[\"https:\/\/twitter.com\/messeticker\"],\"url\":\"https:\/\/blog.zeit.de\/nsu-prozess-blog\/author\/tsundermann\/\"}]}<\/script>\n<!-- \/ Yoast SEO plugin. -->","yoast_head_json":{"title":"Die Schl\u00fcsselszenen des NSU \u2013 Das Medienlog vom Dienstag, 26. April 2016 - Das NSU-Prozess-Blog","robots":{"index":"index","follow":"follow","max-snippet":"max-snippet:-1","max-image-preview":"max-image-preview:large","max-video-preview":"max-video-preview:-1"},"canonical":"https:\/\/blog.zeit.de\/nsu-prozess-blog\/2016\/04\/26\/medienlog-nsu-szenen-beweise\/","og_locale":"de_DE","og_type":"article","og_title":"Die Schl\u00fcsselszenen des NSU \u2013 Das Medienlog vom Dienstag, 26. April 2016 - Das NSU-Prozess-Blog","og_description":"Eine Puppe mit Judenstern, eine Garage mit Rohrbomben, ein brennendes Haus: Stationen in der Geschichte einer rechtsextremen Terrorgruppe, des NSU. Elf Schl\u00fcsselmomente aus der Zeit von Beate Zsch\u00e4pe, Uwe Mundlos und Uwe B\u00f6hnhardt haben Autoren der S\u00fcddeutschen Zeitung zusammengetragen. Es sind Elemente, die bei der Urteilsfindung eine Rolle spielen werden. Denn es sind deutliche Indizien [&hellip;]","og_url":"https:\/\/blog.zeit.de\/nsu-prozess-blog\/2016\/04\/26\/medienlog-nsu-szenen-beweise\/","og_site_name":"Das NSU-Prozess-Blog","article_published_time":"2016-04-26T06:38:25+00:00","author":"Tom Sundermann","twitter_misc":{"Geschrieben von":"Tom Sundermann","Gesch\u00e4tzte Lesezeit":"1\u00a0Minute"},"schema":{"@context":"https:\/\/schema.org","@graph":[{"@type":"WebPage","@id":"https:\/\/blog.zeit.de\/nsu-prozess-blog\/2016\/04\/26\/medienlog-nsu-szenen-beweise\/","url":"https:\/\/blog.zeit.de\/nsu-prozess-blog\/2016\/04\/26\/medienlog-nsu-szenen-beweise\/","name":"Die Schl\u00fcsselszenen des NSU \u2013 Das Medienlog vom Dienstag, 26. April 2016 - Das NSU-Prozess-Blog","isPartOf":{"@id":"https:\/\/blog.zeit.de\/nsu-prozess-blog\/#website"},"datePublished":"2016-04-26T06:38:25+00:00","dateModified":"2016-04-26T06:38:25+00:00","author":{"@id":"https:\/\/blog.zeit.de\/nsu-prozess-blog\/#\/schema\/person\/553ea9bb5d1fc2ae054c589bd59380a5"},"breadcrumb":{"@id":"https:\/\/blog.zeit.de\/nsu-prozess-blog\/2016\/04\/26\/medienlog-nsu-szenen-beweise\/#breadcrumb"},"inLanguage":"de","potentialAction":[{"@type":"ReadAction","target":["https:\/\/blog.zeit.de\/nsu-prozess-blog\/2016\/04\/26\/medienlog-nsu-szenen-beweise\/"]}]},{"@type":"BreadcrumbList","@id":"https:\/\/blog.zeit.de\/nsu-prozess-blog\/2016\/04\/26\/medienlog-nsu-szenen-beweise\/#breadcrumb","itemListElement":[{"@type":"ListItem","position":1,"name":"Startseite","item":"https:\/\/blog.zeit.de\/nsu-prozess-blog\/"},{"@type":"ListItem","position":2,"name":"Die Schl\u00fcsselszenen des NSU \u2013 Das Medienlog vom Dienstag, 26. April 2016"}]},{"@type":"WebSite","@id":"https:\/\/blog.zeit.de\/nsu-prozess-blog\/#website","url":"https:\/\/blog.zeit.de\/nsu-prozess-blog\/","name":"Das NSU-Prozess-Blog","description":"Alle Berichte zum Terrorverfahren in M\u00fcnchen","potentialAction":[{"@type":"SearchAction","target":{"@type":"EntryPoint","urlTemplate":"https:\/\/blog.zeit.de\/nsu-prozess-blog\/?s={search_term_string}"},"query-input":"required name=search_term_string"}],"inLanguage":"de"},{"@type":"Person","@id":"https:\/\/blog.zeit.de\/nsu-prozess-blog\/#\/schema\/person\/553ea9bb5d1fc2ae054c589bd59380a5","name":"Tom Sundermann","image":{"@type":"ImageObject","inLanguage":"de","@id":"https:\/\/blog.zeit.de\/nsu-prozess-blog\/#\/schema\/person\/image\/","url":"https:\/\/secure.gravatar.com\/avatar\/e108a3dc18766f719b2f797dc5d19093f06a1870c55b553ab6b7563f1f9a5e68?s=96&d=mm&r=g","contentUrl":"https:\/\/secure.gravatar.com\/avatar\/e108a3dc18766f719b2f797dc5d19093f06a1870c55b553ab6b7563f1f9a5e68?s=96&d=mm&r=g","caption":"Tom Sundermann"},"sameAs":["https:\/\/twitter.com\/messeticker"],"url":"https:\/\/blog.zeit.de\/nsu-prozess-blog\/author\/tsundermann\/"}]}},"jetpack_featured_media_url":"","jetpack_sharing_enabled":true,"_links":{"self":[{"href":"https:\/\/blog.zeit.de\/nsu-prozess-blog\/wp-json\/wp\/v2\/posts\/11298","targetHints":{"allow":["GET"]}}],"collection":[{"href":"https:\/\/blog.zeit.de\/nsu-prozess-blog\/wp-json\/wp\/v2\/posts"}],"about":[{"href":"https:\/\/blog.zeit.de\/nsu-prozess-blog\/wp-json\/wp\/v2\/types\/post"}],"author":[{"embeddable":true,"href":"https:\/\/blog.zeit.de\/nsu-prozess-blog\/wp-json\/wp\/v2\/users\/435"}],"replies":[{"embeddable":true,"href":"https:\/\/blog.zeit.de\/nsu-prozess-blog\/wp-json\/wp\/v2\/comments?post=11298"}],"version-history":[{"count":1,"href":"https:\/\/blog.zeit.de\/nsu-prozess-blog\/wp-json\/wp\/v2\/posts\/11298\/revisions"}],"predecessor-version":[{"id":11299,"href":"https:\/\/blog.zeit.de\/nsu-prozess-blog\/wp-json\/wp\/v2\/posts\/11298\/revisions\/11299"}],"wp:attachment":[{"href":"https:\/\/blog.zeit.de\/nsu-prozess-blog\/wp-json\/wp\/v2\/media?parent=11298"}],"wp:term":[{"taxonomy":"category","embeddable":true,"href":"https:\/\/blog.zeit.de\/nsu-prozess-blog\/wp-json\/wp\/v2\/categories?post=11298"},{"taxonomy":"post_tag","embeddable":true,"href":"https:\/\/blog.zeit.de\/nsu-prozess-blog\/wp-json\/wp\/v2\/tags?post=11298"}],"curies":[{"name":"wp","href":"https:\/\/api.w.org\/{rel}","templated":true}]}}